{"id":2598,"date":"2026-09-04T02:48:32","date_gmt":"2026-09-04T05:48:32","guid":{"rendered":"https:\/\/www.encontraaracaju.com.br\/sobre\/confira-novas-vagas-de-emprego-disponibilizadas-pela-prefeitura-para-esta-quinta-3\/"},"modified":"2026-09-04T02:48:32","modified_gmt":"2026-09-04T05:48:32","slug":"confira-novas-vagas-de-emprego-disponibilizadas-pela-prefeitura-para-esta-quinta-3","status":"publish","type":"post","link":"https:\/\/www.encontraaracaju.com.br\/sobre\/confira-novas-vagas-de-emprego-disponibilizadas-pela-prefeitura-para-esta-quinta-3\/","title":{"rendered":"Confira novas vagas de emprego disponibilizadas pela Prefeitura para esta quinta, 3"},"content":{"rendered":"<div class=\"0de350683d360aa04277a39db0bae410\" data-index=\"1\" style=\"float: none; margin:0px;\">\n<!-- Anuncio display - global -->\r\n<ins class=\"adsbygoogle\"\r\n     style=\"display:block\"\r\n     data-ad-client=\"ca-pub-8585364105181520\"\r\n     data-ad-slot=\"8789329856\"\r\n     data-ad-format=\"auto\"\r\n     data-full-width-responsive=\"true\"><\/ins>\r\n<script>\r\n     (adsbygoogle = window.adsbygoogle || []).push({});\r\n<\/script>\n<\/div>\n<h2>Como se Cadastrar para as Vagas<\/h2>\n<p>Se voc\u00ea est\u00e1 buscando uma oportunidade de emprego, o processo de cadastro para as vagas dispon\u00edveis \u00e9 simples. Inicialmente, acesse o portal oficial onde as oportunidades s\u00e3o divulgadas. A cria\u00e7\u00e3o de uma conta \u00e9 um passo essencial, seguido do preenchimento de informa\u00e7\u00f5es pessoais. Este cadastro deve ser atualizado periodicamente para garantir que suas informa\u00e7\u00f5es estejam sempre corretas e que voc\u00ea tenha acesso \u00e0s novidades.<\/p>\n<h2>Listagem das Vagas Dispon\u00edveis<\/h2>\n<p>As vagas dispon\u00edveis podem ser consultadas diretamente no site da prefeitura ou na plataforma espec\u00edfica para cadastro. Normalmente, as oportunidades est\u00e3o organizadas por setor, cargo e requisitos. \u00c9 importante verificar periodicamente, uma vez que novas vagas podem ser adicionadas de forma cont\u00ednua, permitindo que voc\u00ea encontre a op\u00e7\u00e3o que melhor se encaixa no seu perfil.<\/p>\n<h2>Requisitos para Candidatura<\/h2>\n<p>Cada vaga possui crit\u00e9rios espec\u00edficos que os candidatos precisam atender. Em geral, s\u00e3o exigidos:<\/p>\n<p><img decoding=\"async\" src=\"https:\/\/www.encontraaracaju.com.br\/sobre\/wp-content\/uploads\/2026\/09\/confira-novas-vagas-de-emprego-disponibilizadas-pela-prefeitura-para-esta-quinta-3.webp\" alt=\"vagas de emprego\" loading=\"lazy\" \/><\/p>\n<ul>\n<li><strong>Educa\u00e7\u00e3o:<\/strong> O n\u00edvel de escolaridade pode variar de acordo com o cargo, desde Ensino Fundamental at\u00e9 Gradua\u00e7\u00e3o.<\/li>\n<li><strong>Experi\u00eancia:<\/strong> Algumas posi\u00e7\u00f5es podem requerer experi\u00eancia anterior, que deve ser claramente descrita no seu curr\u00edculo.<\/li>\n<li><strong>Habilidades Espec\u00edficas:<\/strong> Algumas oportunidades podem exigir habilidades ou certifica\u00e7\u00f5es especiais, dependendo do setor.<\/li>\n<\/ul>\n<h2>Documentos Necess\u00e1rios<\/h2>\n<p>Para se candidatar a uma vaga, voc\u00ea precisar\u00e1 preparar uma documenta\u00e7\u00e3o b\u00e1sica, que comumente inclui:<\/p>\n<ul>\n<li>C\u00f3pia do CPF e RG;<\/li>\n<li>Comprovante de resid\u00eancia recente;<\/li>\n<li>Curr\u00edculo atualizado;<\/li>\n<li>Certificados de escolaridade e cursos correlatos;<\/li>\n<li>Documentos que comprovem experi\u00eancia profissional, se aplic\u00e1vel.<\/li>\n<\/ul>\n<h2>Prazos para Inscri\u00e7\u00f5es<\/h2>\n<p>Fique atento aos prazos de inscri\u00e7\u00e3o para cada vaga, que s\u00e3o informados no an\u00fancio das oportunidades. O n\u00e3o cumprimento dessas datas pode resultar na perda da chance de participar do processo seletivo. \u00c9 aconselh\u00e1vel agendar lembretes para n\u00e3o perder nenhuma oportunidade.<\/p>\n<h2>Locais de Atendimento<\/h2>\n<p>As inscri\u00e7\u00f5es podem ser feitas online, mas existem locais f\u00edsicos que oferecem suporte durante o processo de cadastro. Estes pontos de atendimento s\u00e3o \u00fateis para quem necessita de ajuda ao preencher a documenta\u00e7\u00e3o ou tem d\u00favidas sobre o processo. Geralmente, informa\u00e7\u00f5es sobre os locais de atendimento est\u00e3o dispon\u00edveis no site oficial da prefeitura.<\/p>\n<h2>Dicas para Atualizar Seu Curr\u00edculo<\/h2>\n<p>Mantenha seu curr\u00edculo sempre atualizado. Aqui est\u00e3o algumas dicas:<\/p>\n<ul>\n<li><strong>Informa\u00e7\u00f5es de Contato:<\/strong> Assegure-se de que seu telefone e e-mail estejam corretos.<\/li>\n<li><strong>Objetivo Profissional:<\/strong> Inclua um objetivo claro e alinhado ao cargo que deseja.<\/li>\n<li><strong>Experi\u00eancia Relevante:<\/strong> Destaque experi\u00eancias que sejam pertinentes \u00e0 vaga que est\u00e1 se candidatando.<\/li>\n<li><strong>Cursos e Certifica\u00e7\u00f5es:<\/strong> Sempre adicione cursos recentes, isso pode ser um diferencial importante.<\/li>\n<\/ul>\n<h2>Oportunidades em Diferentes Setores<\/h2>\n<p>A variedade de vagas se estende por diversos setores, tornando as oportunidades amplas. Os principais setores incluem:<\/p>\n<ul>\n<li><strong>Sa\u00fade:<\/strong> op\u00e7\u00f5es em hospitais, cl\u00ednicas e unidades de sa\u00fade;<\/li>\n<li><strong>Educa\u00e7\u00e3o:<\/strong> atua\u00e7\u00e3o em escolas e institui\u00e7\u00f5es de ensino;<\/li>\n<li><strong>Infraestrutura:<\/strong> vagas em obras e manuten\u00e7\u00e3o de espa\u00e7o p\u00fablico;<\/li>\n<li><strong>Servi\u00e7os P\u00fablicos:<\/strong> fun\u00e7\u00f5es em diversas secretarias.<\/li>\n<\/ul>\n<h2>Informa\u00e7\u00f5es sobre a Fundat<\/h2>\n<p>A Funda\u00e7\u00e3o de Forma\u00e7\u00e3o e Desenvolvimento do Trabalho (Fundat) desempenha um papel crucial no oferecimento de cursos e capacita\u00e7\u00e3o para a popula\u00e7\u00e3o. Essa institui\u00e7\u00e3o promove diversas iniciativas para preparar os cidad\u00e3os para o mercado de trabalho, facilitando o acesso a conhecimento e habilidades necess\u00e1rias para a atualidade.<\/p>\n<h2>Como Acompanhar o Processo Seletivo<\/h2>\n<p>Ap\u00f3s a inscri\u00e7\u00e3o, \u00e9 fundamental acompanhar o andamento do seu processo seletivo. Geralmente, as informa\u00e7\u00f5es sobre as etapas do processo e resultados s\u00e3o divulgadas no mesmo portal onde as vagas foram anunciadas. Recomendamos que voc\u00ea verifique regularmente, al\u00e9m de ativar notifica\u00e7\u00f5es, caso dispon\u00edvel. Essa pr\u00e1tica ajuda a manter-se informado sobre novas oportunidades e o retorno da sua inscri\u00e7\u00e3o.<\/p>\n\n<div style=\"font-size: 0px; height: 0px; line-height: 0px; margin: 0; padding: 0; clear: both;\"><\/div>","protected":false},"excerpt":{"rendered":"<p>Descubra novas vagas de emprego dispon\u00edveis pela Prefeitura de Aracaju para esta quinta-feira.<\/p>\n","protected":false},"author":1,"featured_media":2597,"comment_status":"closed","ping_status":"closed","sticky":false,"template":"","format":"standard","meta":{"footnotes":""},"categories":[24],"tags":[],"class_list":["post-2598","post","type-post","status-publish","format-standard","has-post-thumbnail","hentry","category-empregos-em-aracaju","has_thumb"],"yoast_head":"<!-- This site is optimized with the Yoast SEO plugin v26.4 - https:\/\/yoast.com\/wordpress\/plugins\/seo\/ -->\n<title>Confira novas vagas de emprego disponibilizadas pela Prefeitura para esta quinta, 3 - Encontra Aracaju<\/title>\n<meta name=\"robots\" content=\"index, follow, max-snippet:-1, max-image-preview:large, max-video-preview:-1\" \/>\n<link rel=\"canonical\" href=\"https:\/\/www.encontraaracaju.com.br\/sobre\/confira-novas-vagas-de-emprego-disponibilizadas-pela-prefeitura-para-esta-quinta-3\/\" \/>\n<meta property=\"og:locale\" content=\"pt_BR\" \/>\n<meta property=\"og:type\" content=\"article\" \/>\n<meta property=\"og:title\" content=\"Confira novas vagas de emprego disponibilizadas pela Prefeitura para esta quinta, 3 - Encontra Aracaju\" \/>\n<meta property=\"og:description\" content=\"Descubra novas vagas de emprego dispon\u00edveis pela Prefeitura de Aracaju para esta quinta-feira.\" \/>\n<meta property=\"og:url\" content=\"https:\/\/www.encontraaracaju.com.br\/sobre\/confira-novas-vagas-de-emprego-disponibilizadas-pela-prefeitura-para-esta-quinta-3\/\" \/>\n<meta property=\"og:site_name\" content=\"Encontra Aracaju\" \/>\n<meta property=\"article:published_time\" content=\"2026-09-04T05:48:32+00:00\" \/>\n<meta property=\"og:image\" content=\"https:\/\/www.encontraaracaju.com.br\/sobre\/wp-content\/uploads\/2026\/09\/confira-novas-vagas-de-emprego-disponibilizadas-pela-prefeitura-para-esta-quinta-3.webp\" \/>\n<meta name=\"author\" content=\"Encontra Aracaju\" \/>\n<meta name=\"twitter:card\" content=\"summary_large_image\" \/>\n<meta name=\"twitter:label1\" content=\"Escrito por\" \/>\n\t<meta name=\"twitter:data1\" content=\"Encontra Aracaju\" \/>\n\t<meta name=\"twitter:label2\" content=\"Est. tempo de leitura\" \/>\n\t<meta name=\"twitter:data2\" content=\"3 minutos\" \/>\n<script type=\"application\/ld+json\" class=\"yoast-schema-graph\">{\"@context\":\"https:\/\/schema.org\",\"@graph\":[{\"@type\":\"WebPage\",\"@id\":\"https:\/\/www.encontraaracaju.com.br\/sobre\/confira-novas-vagas-de-emprego-disponibilizadas-pela-prefeitura-para-esta-quinta-3\/\",\"url\":\"https:\/\/www.encontraaracaju.com.br\/sobre\/confira-novas-vagas-de-emprego-disponibilizadas-pela-prefeitura-para-esta-quinta-3\/\",\"name\":\"Confira novas vagas de emprego disponibilizadas pela Prefeitura para esta quinta, 3 - Encontra Aracaju\",\"isPartOf\":{\"@id\":\"https:\/\/www.encontraaracaju.com.br\/sobre\/#website\"},\"primaryImageOfPage\":{\"@id\":\"https:\/\/www.encontraaracaju.com.br\/sobre\/confira-novas-vagas-de-emprego-disponibilizadas-pela-prefeitura-para-esta-quinta-3\/#primaryimage\"},\"image\":{\"@id\":\"https:\/\/www.encontraaracaju.com.br\/sobre\/confira-novas-vagas-de-emprego-disponibilizadas-pela-prefeitura-para-esta-quinta-3\/#primaryimage\"},\"thumbnailUrl\":\"https:\/\/www.encontraaracaju.com.br\/sobre\/wp-content\/uploads\/2026\/09\/confira-novas-vagas-de-emprego-disponibilizadas-pela-prefeitura-para-esta-quinta-3.webp\",\"datePublished\":\"2026-09-04T05:48:32+00:00\",\"author\":{\"@id\":\"https:\/\/www.encontraaracaju.com.br\/sobre\/#\/schema\/person\/4ffad47e9e50db5f93e67859b297b0be\"},\"breadcrumb\":{\"@id\":\"https:\/\/www.encontraaracaju.com.br\/sobre\/confira-novas-vagas-de-emprego-disponibilizadas-pela-prefeitura-para-esta-quinta-3\/#breadcrumb\"},\"inLanguage\":\"pt-BR\",\"potentialAction\":[{\"@type\":\"ReadAction\",\"target\":[\"https:\/\/www.encontraaracaju.com.br\/sobre\/confira-novas-vagas-de-emprego-disponibilizadas-pela-prefeitura-para-esta-quinta-3\/\"]}]},{\"@type\":\"ImageObject\",\"inLanguage\":\"pt-BR\",\"@id\":\"https:\/\/www.encontraaracaju.com.br\/sobre\/confira-novas-vagas-de-emprego-disponibilizadas-pela-prefeitura-para-esta-quinta-3\/#primaryimage\",\"url\":\"https:\/\/www.encontraaracaju.com.br\/sobre\/wp-content\/uploads\/2026\/09\/confira-novas-vagas-de-emprego-disponibilizadas-pela-prefeitura-para-esta-quinta-3.webp\",\"contentUrl\":\"https:\/\/www.encontraaracaju.com.br\/sobre\/wp-content\/uploads\/2026\/09\/confira-novas-vagas-de-emprego-disponibilizadas-pela-prefeitura-para-esta-quinta-3.webp\",\"width\":280,\"height\":280,\"caption\":\"vagas de emprego\"},{\"@type\":\"BreadcrumbList\",\"@id\":\"https:\/\/www.encontraaracaju.com.br\/sobre\/confira-novas-vagas-de-emprego-disponibilizadas-pela-prefeitura-para-esta-quinta-3\/#breadcrumb\",\"itemListElement\":[{\"@type\":\"ListItem\",\"position\":1,\"name\":\"In\u00edcio\",\"item\":\"https:\/\/www.encontraaracaju.com.br\/sobre\/\"},{\"@type\":\"ListItem\",\"position\":2,\"name\":\"Confira novas vagas de emprego disponibilizadas pela Prefeitura para esta quinta, 3\"}]},{\"@type\":\"WebSite\",\"@id\":\"https:\/\/www.encontraaracaju.com.br\/sobre\/#website\",\"url\":\"https:\/\/www.encontraaracaju.com.br\/sobre\/\",\"name\":\"Encontra Aracaju\",\"description\":\"Not\u00edcias, eventos, informa\u00e7\u00f5es e dicas na cidade Aracaju e regi\u00e3o.\",\"potentialAction\":[{\"@type\":\"SearchAction\",\"target\":{\"@type\":\"EntryPoint\",\"urlTemplate\":\"https:\/\/www.encontraaracaju.com.br\/sobre\/?s={search_term_string}\"},\"query-input\":{\"@type\":\"PropertyValueSpecification\",\"valueRequired\":true,\"valueName\":\"search_term_string\"}}],\"inLanguage\":\"pt-BR\"},{\"@type\":\"Person\",\"@id\":\"https:\/\/www.encontraaracaju.com.br\/sobre\/#\/schema\/person\/4ffad47e9e50db5f93e67859b297b0be\",\"name\":\"Encontra Aracaju\",\"image\":{\"@type\":\"ImageObject\",\"inLanguage\":\"pt-BR\",\"@id\":\"https:\/\/www.encontraaracaju.com.br\/sobre\/#\/schema\/person\/image\/\",\"url\":\"https:\/\/secure.gravatar.com\/avatar\/507340682b8270222e1f208e23198b6ae7e2c6a1033ae84e99bc6bce4f82a387?s=96&d=mm&r=g\",\"contentUrl\":\"https:\/\/secure.gravatar.com\/avatar\/507340682b8270222e1f208e23198b6ae7e2c6a1033ae84e99bc6bce4f82a387?s=96&d=mm&r=g\",\"caption\":\"Encontra Aracaju\"},\"sameAs\":[\"http:\/\/www.encontraaracaju.com.br\"]}]}<\/script>\n<!-- \/ Yoast SEO plugin. -->","yoast_head_json":{"title":"Confira novas vagas de emprego disponibilizadas pela Prefeitura para esta quinta, 3 - Encontra Aracaju","robots":{"index":"index","follow":"follow","max-snippet":"max-snippet:-1","max-image-preview":"max-image-preview:large","max-video-preview":"max-video-preview:-1"},"canonical":"https:\/\/www.encontraaracaju.com.br\/sobre\/confira-novas-vagas-de-emprego-disponibilizadas-pela-prefeitura-para-esta-quinta-3\/","og_locale":"pt_BR","og_type":"article","og_title":"Confira novas vagas de emprego disponibilizadas pela Prefeitura para esta quinta, 3 - Encontra Aracaju","og_description":"Descubra novas vagas de emprego dispon\u00edveis pela Prefeitura de Aracaju para esta quinta-feira.","og_url":"https:\/\/www.encontraaracaju.com.br\/sobre\/confira-novas-vagas-de-emprego-disponibilizadas-pela-prefeitura-para-esta-quinta-3\/","og_site_name":"Encontra Aracaju","article_published_time":"2026-09-04T05:48:32+00:00","og_image":[{"url":"https:\/\/www.encontraaracaju.com.br\/sobre\/wp-content\/uploads\/2026\/09\/confira-novas-vagas-de-emprego-disponibilizadas-pela-prefeitura-para-esta-quinta-3.webp","type":"","width":"","height":""}],"author":"Encontra Aracaju","twitter_card":"summary_large_image","twitter_misc":{"Escrito por":"Encontra Aracaju","Est. tempo de leitura":"3 minutos"},"schema":{"@context":"https:\/\/schema.org","@graph":[{"@type":"WebPage","@id":"https:\/\/www.encontraaracaju.com.br\/sobre\/confira-novas-vagas-de-emprego-disponibilizadas-pela-prefeitura-para-esta-quinta-3\/","url":"https:\/\/www.encontraaracaju.com.br\/sobre\/confira-novas-vagas-de-emprego-disponibilizadas-pela-prefeitura-para-esta-quinta-3\/","name":"Confira novas vagas de emprego disponibilizadas pela Prefeitura para esta quinta, 3 - Encontra Aracaju","isPartOf":{"@id":"https:\/\/www.encontraaracaju.com.br\/sobre\/#website"},"primaryImageOfPage":{"@id":"https:\/\/www.encontraaracaju.com.br\/sobre\/confira-novas-vagas-de-emprego-disponibilizadas-pela-prefeitura-para-esta-quinta-3\/#primaryimage"},"image":{"@id":"https:\/\/www.encontraaracaju.com.br\/sobre\/confira-novas-vagas-de-emprego-disponibilizadas-pela-prefeitura-para-esta-quinta-3\/#primaryimage"},"thumbnailUrl":"https:\/\/www.encontraaracaju.com.br\/sobre\/wp-content\/uploads\/2026\/09\/confira-novas-vagas-de-emprego-disponibilizadas-pela-prefeitura-para-esta-quinta-3.webp","datePublished":"2026-09-04T05:48:32+00:00","author":{"@id":"https:\/\/www.encontraaracaju.com.br\/sobre\/#\/schema\/person\/4ffad47e9e50db5f93e67859b297b0be"},"breadcrumb":{"@id":"https:\/\/www.encontraaracaju.com.br\/sobre\/confira-novas-vagas-de-emprego-disponibilizadas-pela-prefeitura-para-esta-quinta-3\/#breadcrumb"},"inLanguage":"pt-BR","potentialAction":[{"@type":"ReadAction","target":["https:\/\/www.encontraaracaju.com.br\/sobre\/confira-novas-vagas-de-emprego-disponibilizadas-pela-prefeitura-para-esta-quinta-3\/"]}]},{"@type":"ImageObject","inLanguage":"pt-BR","@id":"https:\/\/www.encontraaracaju.com.br\/sobre\/confira-novas-vagas-de-emprego-disponibilizadas-pela-prefeitura-para-esta-quinta-3\/#primaryimage","url":"https:\/\/www.encontraaracaju.com.br\/sobre\/wp-content\/uploads\/2026\/09\/confira-novas-vagas-de-emprego-disponibilizadas-pela-prefeitura-para-esta-quinta-3.webp","contentUrl":"https:\/\/www.encontraaracaju.com.br\/sobre\/wp-content\/uploads\/2026\/09\/confira-novas-vagas-de-emprego-disponibilizadas-pela-prefeitura-para-esta-quinta-3.webp","width":280,"height":280,"caption":"vagas de emprego"},{"@type":"BreadcrumbList","@id":"https:\/\/www.encontraaracaju.com.br\/sobre\/confira-novas-vagas-de-emprego-disponibilizadas-pela-prefeitura-para-esta-quinta-3\/#breadcrumb","itemListElement":[{"@type":"ListItem","position":1,"name":"In\u00edcio","item":"https:\/\/www.encontraaracaju.com.br\/sobre\/"},{"@type":"ListItem","position":2,"name":"Confira novas vagas de emprego disponibilizadas pela Prefeitura para esta quinta, 3"}]},{"@type":"WebSite","@id":"https:\/\/www.encontraaracaju.com.br\/sobre\/#website","url":"https:\/\/www.encontraaracaju.com.br\/sobre\/","name":"Encontra Aracaju","description":"Not\u00edcias, eventos, informa\u00e7\u00f5es e dicas na cidade Aracaju e regi\u00e3o.","potentialAction":[{"@type":"SearchAction","target":{"@type":"EntryPoint","urlTemplate":"https:\/\/www.encontraaracaju.com.br\/sobre\/?s={search_term_string}"},"query-input":{"@type":"PropertyValueSpecification","valueRequired":true,"valueName":"search_term_string"}}],"inLanguage":"pt-BR"},{"@type":"Person","@id":"https:\/\/www.encontraaracaju.com.br\/sobre\/#\/schema\/person\/4ffad47e9e50db5f93e67859b297b0be","name":"Encontra Aracaju","image":{"@type":"ImageObject","inLanguage":"pt-BR","@id":"https:\/\/www.encontraaracaju.com.br\/sobre\/#\/schema\/person\/image\/","url":"https:\/\/secure.gravatar.com\/avatar\/507340682b8270222e1f208e23198b6ae7e2c6a1033ae84e99bc6bce4f82a387?s=96&d=mm&r=g","contentUrl":"https:\/\/secure.gravatar.com\/avatar\/507340682b8270222e1f208e23198b6ae7e2c6a1033ae84e99bc6bce4f82a387?s=96&d=mm&r=g","caption":"Encontra Aracaju"},"sameAs":["http:\/\/www.encontraaracaju.com.br"]}]}},"_links":{"self":[{"href":"https:\/\/www.encontraaracaju.com.br\/sobre\/wp-json\/wp\/v2\/posts\/2598","targetHints":{"allow":["GET"]}}],"collection":[{"href":"https:\/\/www.encontraaracaju.com.br\/sobre\/wp-json\/wp\/v2\/posts"}],"about":[{"href":"https:\/\/www.encontraaracaju.com.br\/sobre\/wp-json\/wp\/v2\/types\/post"}],"author":[{"embeddable":true,"href":"https:\/\/www.encontraaracaju.com.br\/sobre\/wp-json\/wp\/v2\/users\/1"}],"replies":[{"embeddable":true,"href":"https:\/\/www.encontraaracaju.com.br\/sobre\/wp-json\/wp\/v2\/comments?post=2598"}],"version-history":[{"count":0,"href":"https:\/\/www.encontraaracaju.com.br\/sobre\/wp-json\/wp\/v2\/posts\/2598\/revisions"}],"wp:featuredmedia":[{"embeddable":true,"href":"https:\/\/www.encontraaracaju.com.br\/sobre\/wp-json\/wp\/v2\/media\/2597"}],"wp:attachment":[{"href":"https:\/\/www.encontraaracaju.com.br\/sobre\/wp-json\/wp\/v2\/media?parent=2598"}],"wp:term":[{"taxonomy":"category","embeddable":true,"href":"https:\/\/www.encontraaracaju.com.br\/sobre\/wp-json\/wp\/v2\/categories?post=2598"},{"taxonomy":"post_tag","embeddable":true,"href":"https:\/\/www.encontraaracaju.com.br\/sobre\/wp-json\/wp\/v2\/tags?post=2598"}],"curies":[{"name":"wp","href":"https:\/\/api.w.org\/{rel}","templated":true}]}}