{"id":2586,"date":"2026-09-02T02:48:38","date_gmt":"2026-09-02T05:48:38","guid":{"rendered":"https:\/\/www.encontraaracaju.com.br\/sobre\/procedimento-cardiaco-da-prefeita-emilia-correa-e-concluido-com-sucesso\/"},"modified":"2026-09-02T02:48:38","modified_gmt":"2026-09-02T05:48:38","slug":"procedimento-cardiaco-da-prefeita-emilia-correa-e-concluido-com-sucesso","status":"publish","type":"post","link":"https:\/\/www.encontraaracaju.com.br\/sobre\/procedimento-cardiaco-da-prefeita-emilia-correa-e-concluido-com-sucesso\/","title":{"rendered":"Procedimento card\u00edaco da prefeita Em\u00edlia Corr\u00eaa \u00e9 conclu\u00eddo com sucesso"},"content":{"rendered":"<div class=\"0de350683d360aa04277a39db0bae410\" data-index=\"1\" style=\"float: none; margin:0px;\">\n<!-- Anuncio display - global -->\r\n<ins class=\"adsbygoogle\"\r\n     style=\"display:block\"\r\n     data-ad-client=\"ca-pub-8585364105181520\"\r\n     data-ad-slot=\"8789329856\"\r\n     data-ad-format=\"auto\"\r\n     data-full-width-responsive=\"true\"><\/ins>\r\n<script>\r\n     (adsbygoogle = window.adsbygoogle || []).push({});\r\n<\/script>\n<\/div>\n<h2>Introdu\u00e7\u00e3o \u00e0 Prefeitura de Aracaju<\/h2>\n<p>A Prefeitura de Aracaju \u00e9 a entidade respons\u00e1vel pela administra\u00e7\u00e3o da capital do estado de Sergipe. Seu objetivo \u00e9 melhorar a qualidade de vida dos cidad\u00e3os por meio de servi\u00e7os p\u00fablicos eficientes e pol\u00edticas direcionadas ao desenvolvimento urbano, social e econ\u00f4mico.<\/p>\n<h2>Sobre a Prefeitura de Aracaju<\/h2>\n<p>A gest\u00e3o da Prefeitura \u00e9 conduzida por uma equipe de profissionais qualificados, sob a lideran\u00e7a da prefeita e do vice-prefeito. Juntos, eles implementam diversas iniciativas que visam atender \u00e0s necessidades da popula\u00e7\u00e3o e promover uma cidade mais justa e acess\u00edvel. As a\u00e7\u00f5es desenvolvidas abrangem \u00e1reas como sa\u00fade, educa\u00e7\u00e3o, infraestrutura, seguran\u00e7a e assist\u00eancia social.<\/p>\n<h2>Secretarias Municipais e Seus Pap\u00e9is<\/h2>\n<p>A estrutura da Prefeitura de Aracaju \u00e9 composta por v\u00e1rias secretarias, cada uma com fun\u00e7\u00f5es espec\u00edficas para garantir o bom funcionamento dos servi\u00e7os oferecidos \u00e0 comunidade. Abaixo est\u00e3o algumas das principais secretarias e suas atribui\u00e7\u00f5es:<\/p>\n<p><img decoding=\"async\" src=\"https:\/\/www.encontraaracaju.com.br\/sobre\/wp-content\/uploads\/2026\/09\/procedimento-cardiaco-da-prefeita-emilia-correa-e-concluido-com-sucesso.webp\" alt=\"Prefeitura de Aracaju\" loading=\"lazy\" \/><\/p>\n<ul>\n<li><strong>Secretaria Municipal de Governo:<\/strong> Respons\u00e1vel pela gest\u00e3o interna e pela articula\u00e7\u00e3o entre as diversas secretarias.<\/li>\n<li><strong>Secretaria Municipal de Comunica\u00e7\u00e3o Social:<\/strong> Foca na transpar\u00eancia e na divulga\u00e7\u00e3o das atividades da Prefeitura.<\/li>\n<li><strong>Procuradoria-Geral do Munic\u00edpio:<\/strong> Oferece apoio jur\u00eddico e defende os interesses da Prefeitura.<\/li>\n<li><strong>Controladoria Geral do Munic\u00edpio:<\/strong> Assegura a transpar\u00eancia e a correta aplica\u00e7\u00e3o dos recursos p\u00fablicos.<\/li>\n<li><strong>Secretaria Municipal da Fazenda:<\/strong> Encarregada da administra\u00e7\u00e3o financeira e arrecada\u00e7\u00e3o de tributos.<\/li>\n<li><strong>Secretaria Municipal de Planejamento, Or\u00e7amento e Gest\u00e3o:<\/strong> Planeja e coordena as pol\u00edticas p\u00fablicas do munic\u00edpio.<\/li>\n<li><strong>Secretaria Municipal de Educa\u00e7\u00e3o:<\/strong> Coordena as a\u00e7\u00f5es relacionadas \u00e0 educa\u00e7\u00e3o e forma\u00e7\u00e3o dos cidad\u00e3os.<\/li>\n<li><strong>Secretaria Municipal de Sa\u00fade:<\/strong> Respons\u00e1vel pelos servi\u00e7os de sa\u00fade e cuidado com a popula\u00e7\u00e3o.<\/li>\n<li><strong>Secretaria Municipal de Fam\u00edlia e Assist\u00eancia Social:<\/strong> Foca em pol\u00edticas sociais e de assist\u00eancia \u00e0s fam\u00edlias em situa\u00e7\u00e3o de vulnerabilidade.<\/li>\n<li><strong>Secretaria Municipal de Juventude e Esporte:<\/strong> Promove atividades voltadas para jovens e atividades esportivas.<\/li>\n<li><strong>Secretaria Municipal do Meio Ambiente:<\/strong> Atua na preserva\u00e7\u00e3o ambiental e sustentabilidade.<\/li>\n<li><strong>Secretaria Municipal de Turismo:<\/strong> Incentiva e desenvolve o turismo local.<\/li>\n<li><strong>Secretaria Municipal de Infraestrutura:<\/strong> Cuidando da manuten\u00e7\u00e3o e planejamento da infraestrutura urbana.<\/li>\n<li><strong>Secretaria Municipal de Seguran\u00e7a Municipal e Cidadania:<\/strong> Gerencia a seguran\u00e7a p\u00fablica e a\u00e7\u00f5es de cidadania.<\/li>\n<li><strong>Secretaria Municipal de Desenvolvimento Econ\u00f4mico e Inova\u00e7\u00e3o:<\/strong> Fomenta o desenvolvimento econ\u00f4mico e projetos de inova\u00e7\u00e3o.<\/li>\n<li><strong>Secretaria Municipal da Articula\u00e7\u00e3o, Parcerias e Investimentos:<\/strong> Busca parcerias para melhorias e investimentos no munic\u00edpio.<\/li>\n<li><strong>Secretaria Municipal de Cultura:<\/strong> Promove a\u00e7\u00f5es culturais e preserva\u00e7\u00e3o do patrim\u00f4nio cultural.<\/li>\n<li><strong>Secretaria Municipal dos Direitos da Pessoa com Defici\u00eancia:<\/strong> Trabalha pela inclus\u00e3o e direitos das pessoas com defici\u00eancias.<\/li>\n<li><strong>Secretaria Municipal de Respeito \u00e0s Pol\u00edticas para as Mulheres:<\/strong> Foca na promo\u00e7\u00e3o de direitos e a\u00e7\u00f5es para mulheres na sociedade.<\/li>\n<\/ul>\n<h2>Empresas e Funda\u00e7\u00f5es Ligadas \u00e0 Prefeitura<\/h2>\n<p>A Prefeitura tamb\u00e9m \u00e9 vinculada a v\u00e1rias empresas e funda\u00e7\u00f5es, que ajudam na execu\u00e7\u00e3o de servi\u00e7os essenciais:<\/p>\n<ul>\n<li><strong>Instituto de Previd\u00eancia de Aracaju:<\/strong> Administra\u00e7\u00e3o da previd\u00eancia dos servidores municipais.<\/li>\n<li><strong>Superintend\u00eancia Municipal de Transportes e Tr\u00e2nsito:<\/strong> Regula o tr\u00e2nsito e transportes na cidade.<\/li>\n<li><strong>Funda\u00e7\u00e3o Municipal de Forma\u00e7\u00e3o para o Trabalho:<\/strong> Oferece capacita\u00e7\u00e3o e forma\u00e7\u00e3o profissional.<\/li>\n<li><strong>Funda\u00e7\u00e3o Cultural Cidade de Aracaju:<\/strong> Promove a cultura e eventos art\u00edsticos.<\/li>\n<li><strong>Empresa Municipal de Servi\u00e7os Urbanos:<\/strong> Respons\u00e1vel pela limpeza urbana e servi\u00e7os de manuten\u00e7\u00e3o.<\/li>\n<li><strong>Empresa Municipal de Obras e Urbaniza\u00e7\u00e3o:<\/strong> Foca na execu\u00e7\u00e3o de obras e melhoramentos urban\u00edsticos.<\/li>\n<\/ul>\n<h2>Como Acessar a Escola de Forma\u00e7\u00e3o para o Trabalho<\/h2>\n<p>A Escola de Forma\u00e7\u00e3o para o Trabalho oferece cursos e capacita\u00e7\u00e3o para cidad\u00e3os que desejam melhorar suas habilidades profissionais. Para se inscrever, os interessados devem acompanhar as divulga\u00e7\u00f5es feitas pela Prefeitura e pelo instituto respons\u00e1vel, dispon\u00edveis nos canais oficiais da administra\u00e7\u00e3o p\u00fablica.<\/p>\n<h2>Informa\u00e7\u00f5es de Contato da Prefeitura<\/h2>\n<p>Para se comunicar com a Prefeitura de Aracaju, diversas op\u00e7\u00f5es est\u00e3o dispon\u00edveis:<\/p>\n<ul>\n<li><strong>Endere\u00e7o:<\/strong> O endere\u00e7o central \u00e9 o ponto de partida para quem deseja tratar assuntos diretamente na sede.<\/li>\n<li><strong>Telefone:<\/strong> Disque para o n\u00famero indicado nos canais de atendimento para esclarecer d\u00favidas ou solicitar servi\u00e7os.<\/li>\n<li><strong>Site Oficial:<\/strong> Acesse www.aracaju.se.gov.br para mais informa\u00e7\u00f5es e servi\u00e7os.<\/li>\n<\/ul>\n<h2>Ag\u00eancia de Not\u00edcias: Mantenha-se Informado<\/h2>\n<p>A Prefeitura mant\u00e9m uma Ag\u00eancia de Not\u00edcias que divulga informa\u00e7\u00f5es sobre suas a\u00e7\u00f5es, eventos e servi\u00e7os dispon\u00edveis. \u00c9 importante acompanhar essas novidades para estar sempre por dentro das iniciativas da administra\u00e7\u00e3o.\u201d<\/p>\n<p>Para isso, s\u00e3o utilizados canais como:<\/p>\n<ul>\n<li><strong>R\u00e1dio Ag\u00eancia:<\/strong> Informa\u00e7\u00f5es em formato de r\u00e1dio para quem prefere ouvir.<\/li>\n<li><strong>Redes Sociais:<\/strong> Perfis oficiais mantidos em plataformas como Instagram, Facebook e Twitter.<\/li>\n<li><strong>Youtube:<\/strong> Canal dedicado \u00e0 divulga\u00e7\u00e3o de v\u00eddeos e informa\u00e7\u00f5es visuais.<\/li>\n<\/ul>\n<h2>A Import\u00e2ncia da Comunica\u00e7\u00e3o Social<\/h2>\n<p>A comunica\u00e7\u00e3o social \u00e9 uma ferramenta essencial para a gest\u00e3o p\u00fablica. Uma boa comunica\u00e7\u00e3o promove a transpar\u00eancia das a\u00e7\u00f5es governamentais e permite que o cidad\u00e3o esteja sempre informado sobre os servi\u00e7os e pol\u00edticas em andamento na cidade.<\/p>\n<h2>Transpar\u00eancia e Acesso \u00e0 Informa\u00e7\u00e3o<\/h2>\n<p>A Prefeitura de Aracaju busca garantir o acesso \u00e0 informa\u00e7\u00e3o como um direito fundamental. Os cidad\u00e3os podem acessar documentos, dados e informa\u00e7\u00f5es sobre a administra\u00e7\u00e3o e os gastos p\u00fablicos, contribuindo assim para a fiscaliza\u00e7\u00e3o e participa\u00e7\u00e3o ativa.<\/p>\n<h2>Projetos e Iniciativas da Prefeitura<\/h2>\n<p>V\u00e1rios projetos s\u00e3o desenvolvidos pela Prefeitura de Aracaju com o intuito de melhorar a qualidade de vida da popula\u00e7\u00e3o. Algumas iniciativas incluem programas nas \u00e1reas de sa\u00fade, educa\u00e7\u00e3o, seguran\u00e7a e assist\u00eancia social, visando atender \u00e0s demandas e necessidades mais urgentes dos cidad\u00e3os.<\/p>\n<h2>Acessibilidade e Inclus\u00e3o em Aracaju<\/h2>\n<p>A Prefeitura se dedica a promover a acessibilidade e inclus\u00e3o de todas as pessoas, independentemente de suas condi\u00e7\u00f5es. Isso envolve a adapta\u00e7\u00e3o de espa\u00e7os p\u00fablicos, dissemina\u00e7\u00e3o de informa\u00e7\u00f5es e oferta de servi\u00e7os que respeitem e promovam os direitos de todos. S\u00e3o desenvolvidas pol\u00edticas voltadas para pessoas com defici\u00eancia, garantindo acesso \u00e0 educa\u00e7\u00e3o, sa\u00fade e oportunidades de emprego.<\/p>\n<p>Dessa forma, Aracaju se reafirma como uma cidade que busca o pleno respeito e dignidade para todos os cidad\u00e3os.<\/p>\n\n<div style=\"font-size: 0px; height: 0px; line-height: 0px; margin: 0; padding: 0; clear: both;\"><\/div>","protected":false},"excerpt":{"rendered":"<p>Prefeitura de Aracaju traz informa\u00e7\u00f5es essenciais sobre os servi\u00e7os oferecidos.<\/p>\n","protected":false},"author":1,"featured_media":2585,"comment_status":"closed","ping_status":"closed","sticky":false,"template":"","format":"standard","meta":{"footnotes":""},"categories":[32],"tags":[],"class_list":["post-2586","post","type-post","status-publish","format-standard","has-post-thumbnail","hentry","category-saude-em-aracaju","has_thumb"],"yoast_head":"<!-- This site is optimized with the Yoast SEO plugin v26.4 - https:\/\/yoast.com\/wordpress\/plugins\/seo\/ -->\n<title>Procedimento card\u00edaco da prefeita Em\u00edlia Corr\u00eaa \u00e9 conclu\u00eddo com sucesso - Encontra Aracaju<\/title>\n<meta name=\"robots\" content=\"index, follow, max-snippet:-1, max-image-preview:large, max-video-preview:-1\" \/>\n<link rel=\"canonical\" href=\"https:\/\/www.encontraaracaju.com.br\/sobre\/procedimento-cardiaco-da-prefeita-emilia-correa-e-concluido-com-sucesso\/\" \/>\n<meta property=\"og:locale\" content=\"pt_BR\" \/>\n<meta property=\"og:type\" content=\"article\" \/>\n<meta property=\"og:title\" content=\"Procedimento card\u00edaco da prefeita Em\u00edlia Corr\u00eaa \u00e9 conclu\u00eddo com sucesso - Encontra Aracaju\" \/>\n<meta property=\"og:description\" content=\"Prefeitura de Aracaju traz informa\u00e7\u00f5es essenciais sobre os servi\u00e7os oferecidos.\" \/>\n<meta property=\"og:url\" content=\"https:\/\/www.encontraaracaju.com.br\/sobre\/procedimento-cardiaco-da-prefeita-emilia-correa-e-concluido-com-sucesso\/\" \/>\n<meta property=\"og:site_name\" content=\"Encontra Aracaju\" \/>\n<meta property=\"article:published_time\" content=\"2026-09-02T05:48:38+00:00\" \/>\n<meta property=\"og:image\" content=\"https:\/\/www.encontraaracaju.com.br\/sobre\/wp-content\/uploads\/2026\/09\/procedimento-cardiaco-da-prefeita-emilia-correa-e-concluido-com-sucesso.webp\" \/>\n<meta name=\"author\" content=\"Encontra Aracaju\" \/>\n<meta name=\"twitter:card\" content=\"summary_large_image\" \/>\n<meta name=\"twitter:label1\" content=\"Escrito por\" \/>\n\t<meta name=\"twitter:data1\" content=\"Encontra Aracaju\" \/>\n\t<meta name=\"twitter:label2\" content=\"Est. tempo de leitura\" \/>\n\t<meta name=\"twitter:data2\" content=\"5 minutos\" \/>\n<script type=\"application\/ld+json\" class=\"yoast-schema-graph\">{\"@context\":\"https:\/\/schema.org\",\"@graph\":[{\"@type\":\"WebPage\",\"@id\":\"https:\/\/www.encontraaracaju.com.br\/sobre\/procedimento-cardiaco-da-prefeita-emilia-correa-e-concluido-com-sucesso\/\",\"url\":\"https:\/\/www.encontraaracaju.com.br\/sobre\/procedimento-cardiaco-da-prefeita-emilia-correa-e-concluido-com-sucesso\/\",\"name\":\"Procedimento card\u00edaco da prefeita Em\u00edlia Corr\u00eaa \u00e9 conclu\u00eddo com sucesso - Encontra Aracaju\",\"isPartOf\":{\"@id\":\"https:\/\/www.encontraaracaju.com.br\/sobre\/#website\"},\"primaryImageOfPage\":{\"@id\":\"https:\/\/www.encontraaracaju.com.br\/sobre\/procedimento-cardiaco-da-prefeita-emilia-correa-e-concluido-com-sucesso\/#primaryimage\"},\"image\":{\"@id\":\"https:\/\/www.encontraaracaju.com.br\/sobre\/procedimento-cardiaco-da-prefeita-emilia-correa-e-concluido-com-sucesso\/#primaryimage\"},\"thumbnailUrl\":\"https:\/\/www.encontraaracaju.com.br\/sobre\/wp-content\/uploads\/2026\/09\/procedimento-cardiaco-da-prefeita-emilia-correa-e-concluido-com-sucesso.webp\",\"datePublished\":\"2026-09-02T05:48:38+00:00\",\"author\":{\"@id\":\"https:\/\/www.encontraaracaju.com.br\/sobre\/#\/schema\/person\/4ffad47e9e50db5f93e67859b297b0be\"},\"breadcrumb\":{\"@id\":\"https:\/\/www.encontraaracaju.com.br\/sobre\/procedimento-cardiaco-da-prefeita-emilia-correa-e-concluido-com-sucesso\/#breadcrumb\"},\"inLanguage\":\"pt-BR\",\"potentialAction\":[{\"@type\":\"ReadAction\",\"target\":[\"https:\/\/www.encontraaracaju.com.br\/sobre\/procedimento-cardiaco-da-prefeita-emilia-correa-e-concluido-com-sucesso\/\"]}]},{\"@type\":\"ImageObject\",\"inLanguage\":\"pt-BR\",\"@id\":\"https:\/\/www.encontraaracaju.com.br\/sobre\/procedimento-cardiaco-da-prefeita-emilia-correa-e-concluido-com-sucesso\/#primaryimage\",\"url\":\"https:\/\/www.encontraaracaju.com.br\/sobre\/wp-content\/uploads\/2026\/09\/procedimento-cardiaco-da-prefeita-emilia-correa-e-concluido-com-sucesso.webp\",\"contentUrl\":\"https:\/\/www.encontraaracaju.com.br\/sobre\/wp-content\/uploads\/2026\/09\/procedimento-cardiaco-da-prefeita-emilia-correa-e-concluido-com-sucesso.webp\",\"width\":280,\"height\":280,\"caption\":\"Prefeitura de Aracaju\"},{\"@type\":\"BreadcrumbList\",\"@id\":\"https:\/\/www.encontraaracaju.com.br\/sobre\/procedimento-cardiaco-da-prefeita-emilia-correa-e-concluido-com-sucesso\/#breadcrumb\",\"itemListElement\":[{\"@type\":\"ListItem\",\"position\":1,\"name\":\"In\u00edcio\",\"item\":\"https:\/\/www.encontraaracaju.com.br\/sobre\/\"},{\"@type\":\"ListItem\",\"position\":2,\"name\":\"Procedimento card\u00edaco da prefeita Em\u00edlia Corr\u00eaa \u00e9 conclu\u00eddo com sucesso\"}]},{\"@type\":\"WebSite\",\"@id\":\"https:\/\/www.encontraaracaju.com.br\/sobre\/#website\",\"url\":\"https:\/\/www.encontraaracaju.com.br\/sobre\/\",\"name\":\"Encontra Aracaju\",\"description\":\"Not\u00edcias, eventos, informa\u00e7\u00f5es e dicas na cidade Aracaju e regi\u00e3o.\",\"potentialAction\":[{\"@type\":\"SearchAction\",\"target\":{\"@type\":\"EntryPoint\",\"urlTemplate\":\"https:\/\/www.encontraaracaju.com.br\/sobre\/?s={search_term_string}\"},\"query-input\":{\"@type\":\"PropertyValueSpecification\",\"valueRequired\":true,\"valueName\":\"search_term_string\"}}],\"inLanguage\":\"pt-BR\"},{\"@type\":\"Person\",\"@id\":\"https:\/\/www.encontraaracaju.com.br\/sobre\/#\/schema\/person\/4ffad47e9e50db5f93e67859b297b0be\",\"name\":\"Encontra Aracaju\",\"image\":{\"@type\":\"ImageObject\",\"inLanguage\":\"pt-BR\",\"@id\":\"https:\/\/www.encontraaracaju.com.br\/sobre\/#\/schema\/person\/image\/\",\"url\":\"https:\/\/secure.gravatar.com\/avatar\/507340682b8270222e1f208e23198b6ae7e2c6a1033ae84e99bc6bce4f82a387?s=96&d=mm&r=g\",\"contentUrl\":\"https:\/\/secure.gravatar.com\/avatar\/507340682b8270222e1f208e23198b6ae7e2c6a1033ae84e99bc6bce4f82a387?s=96&d=mm&r=g\",\"caption\":\"Encontra Aracaju\"},\"sameAs\":[\"http:\/\/www.encontraaracaju.com.br\"]}]}<\/script>\n<!-- \/ Yoast SEO plugin. -->","yoast_head_json":{"title":"Procedimento card\u00edaco da prefeita Em\u00edlia Corr\u00eaa \u00e9 conclu\u00eddo com sucesso - Encontra Aracaju","robots":{"index":"index","follow":"follow","max-snippet":"max-snippet:-1","max-image-preview":"max-image-preview:large","max-video-preview":"max-video-preview:-1"},"canonical":"https:\/\/www.encontraaracaju.com.br\/sobre\/procedimento-cardiaco-da-prefeita-emilia-correa-e-concluido-com-sucesso\/","og_locale":"pt_BR","og_type":"article","og_title":"Procedimento card\u00edaco da prefeita Em\u00edlia Corr\u00eaa \u00e9 conclu\u00eddo com sucesso - Encontra Aracaju","og_description":"Prefeitura de Aracaju traz informa\u00e7\u00f5es essenciais sobre os servi\u00e7os oferecidos.","og_url":"https:\/\/www.encontraaracaju.com.br\/sobre\/procedimento-cardiaco-da-prefeita-emilia-correa-e-concluido-com-sucesso\/","og_site_name":"Encontra Aracaju","article_published_time":"2026-09-02T05:48:38+00:00","og_image":[{"url":"https:\/\/www.encontraaracaju.com.br\/sobre\/wp-content\/uploads\/2026\/09\/procedimento-cardiaco-da-prefeita-emilia-correa-e-concluido-com-sucesso.webp","type":"","width":"","height":""}],"author":"Encontra Aracaju","twitter_card":"summary_large_image","twitter_misc":{"Escrito por":"Encontra Aracaju","Est. tempo de leitura":"5 minutos"},"schema":{"@context":"https:\/\/schema.org","@graph":[{"@type":"WebPage","@id":"https:\/\/www.encontraaracaju.com.br\/sobre\/procedimento-cardiaco-da-prefeita-emilia-correa-e-concluido-com-sucesso\/","url":"https:\/\/www.encontraaracaju.com.br\/sobre\/procedimento-cardiaco-da-prefeita-emilia-correa-e-concluido-com-sucesso\/","name":"Procedimento card\u00edaco da prefeita Em\u00edlia Corr\u00eaa \u00e9 conclu\u00eddo com sucesso - Encontra Aracaju","isPartOf":{"@id":"https:\/\/www.encontraaracaju.com.br\/sobre\/#website"},"primaryImageOfPage":{"@id":"https:\/\/www.encontraaracaju.com.br\/sobre\/procedimento-cardiaco-da-prefeita-emilia-correa-e-concluido-com-sucesso\/#primaryimage"},"image":{"@id":"https:\/\/www.encontraaracaju.com.br\/sobre\/procedimento-cardiaco-da-prefeita-emilia-correa-e-concluido-com-sucesso\/#primaryimage"},"thumbnailUrl":"https:\/\/www.encontraaracaju.com.br\/sobre\/wp-content\/uploads\/2026\/09\/procedimento-cardiaco-da-prefeita-emilia-correa-e-concluido-com-sucesso.webp","datePublished":"2026-09-02T05:48:38+00:00","author":{"@id":"https:\/\/www.encontraaracaju.com.br\/sobre\/#\/schema\/person\/4ffad47e9e50db5f93e67859b297b0be"},"breadcrumb":{"@id":"https:\/\/www.encontraaracaju.com.br\/sobre\/procedimento-cardiaco-da-prefeita-emilia-correa-e-concluido-com-sucesso\/#breadcrumb"},"inLanguage":"pt-BR","potentialAction":[{"@type":"ReadAction","target":["https:\/\/www.encontraaracaju.com.br\/sobre\/procedimento-cardiaco-da-prefeita-emilia-correa-e-concluido-com-sucesso\/"]}]},{"@type":"ImageObject","inLanguage":"pt-BR","@id":"https:\/\/www.encontraaracaju.com.br\/sobre\/procedimento-cardiaco-da-prefeita-emilia-correa-e-concluido-com-sucesso\/#primaryimage","url":"https:\/\/www.encontraaracaju.com.br\/sobre\/wp-content\/uploads\/2026\/09\/procedimento-cardiaco-da-prefeita-emilia-correa-e-concluido-com-sucesso.webp","contentUrl":"https:\/\/www.encontraaracaju.com.br\/sobre\/wp-content\/uploads\/2026\/09\/procedimento-cardiaco-da-prefeita-emilia-correa-e-concluido-com-sucesso.webp","width":280,"height":280,"caption":"Prefeitura de Aracaju"},{"@type":"BreadcrumbList","@id":"https:\/\/www.encontraaracaju.com.br\/sobre\/procedimento-cardiaco-da-prefeita-emilia-correa-e-concluido-com-sucesso\/#breadcrumb","itemListElement":[{"@type":"ListItem","position":1,"name":"In\u00edcio","item":"https:\/\/www.encontraaracaju.com.br\/sobre\/"},{"@type":"ListItem","position":2,"name":"Procedimento card\u00edaco da prefeita Em\u00edlia Corr\u00eaa \u00e9 conclu\u00eddo com sucesso"}]},{"@type":"WebSite","@id":"https:\/\/www.encontraaracaju.com.br\/sobre\/#website","url":"https:\/\/www.encontraaracaju.com.br\/sobre\/","name":"Encontra Aracaju","description":"Not\u00edcias, eventos, informa\u00e7\u00f5es e dicas na cidade Aracaju e regi\u00e3o.","potentialAction":[{"@type":"SearchAction","target":{"@type":"EntryPoint","urlTemplate":"https:\/\/www.encontraaracaju.com.br\/sobre\/?s={search_term_string}"},"query-input":{"@type":"PropertyValueSpecification","valueRequired":true,"valueName":"search_term_string"}}],"inLanguage":"pt-BR"},{"@type":"Person","@id":"https:\/\/www.encontraaracaju.com.br\/sobre\/#\/schema\/person\/4ffad47e9e50db5f93e67859b297b0be","name":"Encontra Aracaju","image":{"@type":"ImageObject","inLanguage":"pt-BR","@id":"https:\/\/www.encontraaracaju.com.br\/sobre\/#\/schema\/person\/image\/","url":"https:\/\/secure.gravatar.com\/avatar\/507340682b8270222e1f208e23198b6ae7e2c6a1033ae84e99bc6bce4f82a387?s=96&d=mm&r=g","contentUrl":"https:\/\/secure.gravatar.com\/avatar\/507340682b8270222e1f208e23198b6ae7e2c6a1033ae84e99bc6bce4f82a387?s=96&d=mm&r=g","caption":"Encontra Aracaju"},"sameAs":["http:\/\/www.encontraaracaju.com.br"]}]}},"_links":{"self":[{"href":"https:\/\/www.encontraaracaju.com.br\/sobre\/wp-json\/wp\/v2\/posts\/2586","targetHints":{"allow":["GET"]}}],"collection":[{"href":"https:\/\/www.encontraaracaju.com.br\/sobre\/wp-json\/wp\/v2\/posts"}],"about":[{"href":"https:\/\/www.encontraaracaju.com.br\/sobre\/wp-json\/wp\/v2\/types\/post"}],"author":[{"embeddable":true,"href":"https:\/\/www.encontraaracaju.com.br\/sobre\/wp-json\/wp\/v2\/users\/1"}],"replies":[{"embeddable":true,"href":"https:\/\/www.encontraaracaju.com.br\/sobre\/wp-json\/wp\/v2\/comments?post=2586"}],"version-history":[{"count":0,"href":"https:\/\/www.encontraaracaju.com.br\/sobre\/wp-json\/wp\/v2\/posts\/2586\/revisions"}],"wp:featuredmedia":[{"embeddable":true,"href":"https:\/\/www.encontraaracaju.com.br\/sobre\/wp-json\/wp\/v2\/media\/2585"}],"wp:attachment":[{"href":"https:\/\/www.encontraaracaju.com.br\/sobre\/wp-json\/wp\/v2\/media?parent=2586"}],"wp:term":[{"taxonomy":"category","embeddable":true,"href":"https:\/\/www.encontraaracaju.com.br\/sobre\/wp-json\/wp\/v2\/categories?post=2586"},{"taxonomy":"post_tag","embeddable":true,"href":"https:\/\/www.encontraaracaju.com.br\/sobre\/wp-json\/wp\/v2\/tags?post=2586"}],"curies":[{"name":"wp","href":"https:\/\/api.w.org\/{rel}","templated":true}]}}