{"id":2578,"date":"2026-09-01T02:49:45","date_gmt":"2026-09-01T05:49:45","guid":{"rendered":"https:\/\/www.encontraaracaju.com.br\/sobre\/prefeita-emilia-se-reune-com-sepuma-e-reforca-empenho-para-garantir-ipesaude-aos-servidores\/"},"modified":"2026-09-01T02:49:45","modified_gmt":"2026-09-01T05:49:45","slug":"prefeita-emilia-se-reune-com-sepuma-e-reforca-empenho-para-garantir-ipesaude-aos-servidores","status":"publish","type":"post","link":"https:\/\/www.encontraaracaju.com.br\/sobre\/prefeita-emilia-se-reune-com-sepuma-e-reforca-empenho-para-garantir-ipesaude-aos-servidores\/","title":{"rendered":"Prefeita Em\u00edlia se re\u00fane com Sepuma e refor\u00e7a empenho para garantir Ipesa\u00fade aos servidores"},"content":{"rendered":"<div class=\"0de350683d360aa04277a39db0bae410\" data-index=\"1\" style=\"float: none; margin:0px;\">\n<!-- Anuncio display - global -->\r\n<ins class=\"adsbygoogle\"\r\n     style=\"display:block\"\r\n     data-ad-client=\"ca-pub-8585364105181520\"\r\n     data-ad-slot=\"8789329856\"\r\n     data-ad-format=\"auto\"\r\n     data-full-width-responsive=\"true\"><\/ins>\r\n<script>\r\n     (adsbygoogle = window.adsbygoogle || []).push({});\r\n<\/script>\n<\/div>\n<h2>Conhe\u00e7a a Hist\u00f3ria da Prefeitura de Aracaju<\/h2>\n<p>A Prefeitura de Aracaju tem uma trajet\u00f3ria rica desde sua funda\u00e7\u00e3o, refletindo o desenvolvimento e as transforma\u00e7\u00f5es da capital sergipana. Seus prim\u00f3rdios est\u00e3o entrela\u00e7ados com a cria\u00e7\u00e3o da cidade em 1855, quando Aracaju foi escolhida como a nova sede do governo do estado. Desde ent\u00e3o, a administra\u00e7\u00e3o municipal tem trabalhado para atender \u00e0s necessidades da popula\u00e7\u00e3o, promovendo melhorias em diversas \u00e1reas, como infraestrutura, sa\u00fade e educa\u00e7\u00e3o.<\/p>\n<p>A gest\u00e3o p\u00fablica de Aracaju evoluiu com a implementa\u00e7\u00e3o de pol\u00edticas que visam a acessibilidade e a inclus\u00e3o social. Com o passar dos anos, a Prefeitura tem se esfor\u00e7ado para integrar a participa\u00e7\u00e3o da sociedade nas decis\u00f5es e discutir os rumos da cidade, evidenciando a import\u00e2ncia da coopera\u00e7\u00e3o entre cidad\u00e3os e governo.<\/p>\n<h2>As Principais Secretarias e Seus Pap\u00e9is<\/h2>\n<p>Em Aracaju, a estrutura administrativa \u00e9 composta por diversas secretarias que desempenham fun\u00e7\u00f5es fundamentais para o bom funcionamento da cidade. Veja abaixo algumas das principais secretarias:<\/p>\n<p><img decoding=\"async\" src=\"https:\/\/www.encontraaracaju.com.br\/sobre\/wp-content\/uploads\/2026\/09\/prefeita-emilia-se-reune-com-sepuma-e-reforca-empenho-para-garantir-ipesaude-aos-servidores.webp\" alt=\"Prefeitura de Aracaju\" loading=\"lazy\" \/><\/p>\n<ul>\n<li><strong>Secretaria Municipal da Sa\u00fade:<\/strong> Respons\u00e1vel por formular e implementar pol\u00edticas de sa\u00fade, garantindo o acesso aos servi\u00e7os m\u00e9dicos e promovendo campanhas de conscientiza\u00e7\u00e3o.<\/li>\n<li><strong>Secretaria Municipal de Educa\u00e7\u00e3o:<\/strong> Focada no desenvolvimento educacional, fornece as diretrizes para a educa\u00e7\u00e3o b\u00e1sica e promove a melhoria da qualidade do ensino.<\/li>\n<li><strong>Secretaria Municipal de Infraestrutura:<\/strong> Cuidando da manuten\u00e7\u00e3o e constru\u00e7\u00e3o de obras p\u00fablicas, essa secretaria \u00e9 vital para a urbaniza\u00e7\u00e3o e o planejamento da cidade.<\/li>\n<li><strong>Secretaria Municipal do Meio Ambiente:<\/strong> Tem como miss\u00e3o preservar os recursos naturais e promover a\u00e7\u00f5es de sustentabilidade, visando \u00e0 melhoria da qualidade de vida da popula\u00e7\u00e3o.<\/li>\n<li><strong>Secretaria Municipal de Desenvolvimento Econ\u00f4mico e Inova\u00e7\u00e3o:<\/strong> Focada em fomentar a economia local e atrair investimentos, buscando inova\u00e7\u00e3o e a cria\u00e7\u00e3o de novas oportunidades de trabalho.<\/li>\n<\/ul>\n<h2>Servi\u00e7os Oferecidos aos Cidad\u00e3os<\/h2>\n<p>A Prefeitura de Aracaju oferece uma gama de servi\u00e7os essenciais para atender aos cidad\u00e3os. Entre os principais servi\u00e7os est\u00e3o:<\/p>\n<ul>\n<li><strong>Atendimento \u00e0 Sa\u00fade:<\/strong> Hospitais, cl\u00ednicas e postos de sa\u00fade disponibilizam uma variedade de servi\u00e7os, desde consultas m\u00e9dicas at\u00e9 campanhas de vacina\u00e7\u00e3o.<\/li>\n<li><strong>Educa\u00e7\u00e3o:<\/strong> Escolas p\u00fablicas que oferecem educa\u00e7\u00e3o b\u00e1sica de qualidade e programas de capacita\u00e7\u00e3o profissional para jovens e adultos.<\/li>\n<li><strong>Transporte P\u00fablico:<\/strong> A gest\u00e3o do transporte urbano \u00e9 controlada pela Superintend\u00eancia Municipal de Transportes e Tr\u00e2nsito, que trabalha para garantir a mobilidade justa e eficiente.<\/li>\n<li><strong>Assist\u00eancia Social:<\/strong> Programas voltados para a assist\u00eancia \u00e0 fam\u00edlia e \u00e0 popula\u00e7\u00e3o em situa\u00e7\u00e3o vulner\u00e1vel s\u00e3o promovidos pela Secretaria Municipal de Fam\u00edlia e Assist\u00eancia Social.<\/li>\n<li><strong>Turismo:<\/strong> A secretaria respons\u00e1vel pela promo\u00e7\u00e3o do turismo desenvolve eventos e atividades que valorizam a cultura local e atraem visitantes para a cidade.<\/li>\n<\/ul>\n<h2>Import\u00e2ncia da Comunica\u00e7\u00e3o na Gest\u00e3o Municipal<\/h2>\n<p>A comunica\u00e7\u00e3o eficaz \u00e9 crucial para a transpar\u00eancia e o envolvimento da popula\u00e7\u00e3o nas quest\u00f5es municipais. A Prefeitura de Aracaju investe em canais de comunica\u00e7\u00e3o, como redes sociais e ve\u00edculos de imprensa, para manter a popula\u00e7\u00e3o informada sobre a\u00e7\u00f5es e eventos. Esse di\u00e1logo direto facilita a intera\u00e7\u00e3o entre cidad\u00e3os e administra\u00e7\u00e3o, permitindo que a popula\u00e7\u00e3o participe ativamente no processo de gest\u00e3o p\u00fablica.<\/p>\n<h2>Como A Prefeitura Facilita a Vida do Cidad\u00e3o<\/h2>\n<p>A Prefeitura de Aracaju busca constantemente simplificar a rela\u00e7\u00e3o dos cidad\u00e3os com os servi\u00e7os p\u00fablicos. Atrav\u00e9s da digitaliza\u00e7\u00e3o de processos, \u00e9 poss\u00edvel acessar servi\u00e7os online, como solicita\u00e7\u00f5es de documentos e agendamentos de atendimentos. Al\u00e9m disso, a cria\u00e7\u00e3o de canais de den\u00fancias e sugest\u00f5es para a popula\u00e7\u00e3o contribui para uma gest\u00e3o mais participativa e transparente.<\/p>\n<h2>Aracaju e Seus Projetos de Inova\u00e7\u00e3o<\/h2>\n<p>Iniciativas inovadoras marcam a gest\u00e3o da Prefeitura, visando a moderniza\u00e7\u00e3o dos servi\u00e7os e a melhoria da qualidade de vida. Projetos como a implementa\u00e7\u00e3o de tecnologia na educa\u00e7\u00e3o e na sa\u00fade, al\u00e9m de plataformas digitais para intera\u00e7\u00e3o com o cidad\u00e3o, demonstram o compromisso da gest\u00e3o municipal em proporcionar um futuro mais eficiente e conectado.<\/p>\n<h2>Participa\u00e7\u00e3o Popular nas Decis\u00f5es da Prefeitura<\/h2>\n<p>A mobiliza\u00e7\u00e3o social \u00e9 incentivada por meio de audi\u00eancias p\u00fablicas, onde a popula\u00e7\u00e3o pode esclarecer d\u00favidas, fazer sugest\u00f5es e participar ativamente do processo de tomada de decis\u00e3o da Prefeitura. Essa abertura para o di\u00e1logo \u00e9 fundamental para a constru\u00e7\u00e3o de uma cidade mais democr\u00e1tica e justa.<\/p>\n<h2>Transpar\u00eancia e Acesso \u00e0 Informa\u00e7\u00e3o<\/h2>\n<p>A transpar\u00eancia \u00e9 um dos pilares da gest\u00e3o p\u00fablica em Aracaju. A Prefeitura mant\u00e9m um portal de transpar\u00eancia onde \u00e9 poss\u00edvel acessar informa\u00e7\u00f5es sobre receitas, despesas e a\u00e7\u00f5es do governo municipal. Isso fortalece a confian\u00e7a da popula\u00e7\u00e3o na administra\u00e7\u00e3o p\u00fablica e garante que os recursos sejam utilizados de forma respons\u00e1vel.<\/p>\n<h2>Preserva\u00e7\u00e3o do Meio Ambiente por Parte da Prefeitura<\/h2>\n<p>A preserva\u00e7\u00e3o ambiental \u00e9 uma prioridade para a Prefeitura de Aracaju. Diversas a\u00e7\u00f5es s\u00e3o realizadas para proteger o patrim\u00f4nio natural da cidade, como programas de reflorestamento, campanhas de educa\u00e7\u00e3o ambiental e a\u00e7\u00f5es de coleta seletiva. Essas iniciativas n\u00e3o apenas promovem a sustentabilidade, mas tamb\u00e9m melhoram a qualidade de vida da popula\u00e7\u00e3o.<\/p>\n<h2>A Cultura Sergipana e o Trabalho da Prefeitura<\/h2>\n<p>A Prefeitura tem um papel significativo na valoriza\u00e7\u00e3o da cultura sergipana, apoiando eventos, festivais e atividades que celebram a identidade local. Atrav\u00e9s da Secretaria Municipal de Cultura, s\u00e3o promovidas iniciativas que incentivam a arte e as tradi\u00e7\u00f5es, aproximando a popula\u00e7\u00e3o de suas ra\u00edzes e fomentando a inclus\u00e3o cultural.<\/p>\n\n<div style=\"font-size: 0px; height: 0px; line-height: 0px; margin: 0; padding: 0; clear: both;\"><\/div>","protected":false},"excerpt":{"rendered":"<p>Prefeitura de Aracaju e suas diversas secretarias e servi\u00e7os dispon\u00edveis.<\/p>\n","protected":false},"author":1,"featured_media":2577,"comment_status":"closed","ping_status":"closed","sticky":false,"template":"","format":"standard","meta":{"footnotes":""},"categories":[32],"tags":[],"class_list":["post-2578","post","type-post","status-publish","format-standard","has-post-thumbnail","hentry","category-saude-em-aracaju","has_thumb"],"yoast_head":"<!-- This site is optimized with the Yoast SEO plugin v26.4 - https:\/\/yoast.com\/wordpress\/plugins\/seo\/ -->\n<title>Prefeita Em\u00edlia se re\u00fane com Sepuma e refor\u00e7a empenho para garantir Ipesa\u00fade aos servidores - Encontra Aracaju<\/title>\n<meta name=\"robots\" content=\"index, follow, max-snippet:-1, max-image-preview:large, max-video-preview:-1\" \/>\n<link rel=\"canonical\" href=\"https:\/\/www.encontraaracaju.com.br\/sobre\/prefeita-emilia-se-reune-com-sepuma-e-reforca-empenho-para-garantir-ipesaude-aos-servidores\/\" \/>\n<meta property=\"og:locale\" content=\"pt_BR\" \/>\n<meta property=\"og:type\" content=\"article\" \/>\n<meta property=\"og:title\" content=\"Prefeita Em\u00edlia se re\u00fane com Sepuma e refor\u00e7a empenho para garantir Ipesa\u00fade aos servidores - Encontra Aracaju\" \/>\n<meta property=\"og:description\" content=\"Prefeitura de Aracaju e suas diversas secretarias e servi\u00e7os dispon\u00edveis.\" \/>\n<meta property=\"og:url\" content=\"https:\/\/www.encontraaracaju.com.br\/sobre\/prefeita-emilia-se-reune-com-sepuma-e-reforca-empenho-para-garantir-ipesaude-aos-servidores\/\" \/>\n<meta property=\"og:site_name\" content=\"Encontra Aracaju\" \/>\n<meta property=\"article:published_time\" content=\"2026-09-01T05:49:45+00:00\" \/>\n<meta property=\"og:image\" content=\"https:\/\/www.encontraaracaju.com.br\/sobre\/wp-content\/uploads\/2026\/09\/prefeita-emilia-se-reune-com-sepuma-e-reforca-empenho-para-garantir-ipesaude-aos-servidores.webp\" \/>\n<meta name=\"author\" content=\"Encontra Aracaju\" \/>\n<meta name=\"twitter:card\" content=\"summary_large_image\" \/>\n<meta name=\"twitter:label1\" content=\"Escrito por\" \/>\n\t<meta name=\"twitter:data1\" content=\"Encontra Aracaju\" \/>\n\t<meta name=\"twitter:label2\" content=\"Est. tempo de leitura\" \/>\n\t<meta name=\"twitter:data2\" content=\"5 minutos\" \/>\n<script type=\"application\/ld+json\" class=\"yoast-schema-graph\">{\"@context\":\"https:\/\/schema.org\",\"@graph\":[{\"@type\":\"WebPage\",\"@id\":\"https:\/\/www.encontraaracaju.com.br\/sobre\/prefeita-emilia-se-reune-com-sepuma-e-reforca-empenho-para-garantir-ipesaude-aos-servidores\/\",\"url\":\"https:\/\/www.encontraaracaju.com.br\/sobre\/prefeita-emilia-se-reune-com-sepuma-e-reforca-empenho-para-garantir-ipesaude-aos-servidores\/\",\"name\":\"Prefeita Em\u00edlia se re\u00fane com Sepuma e refor\u00e7a empenho para garantir Ipesa\u00fade aos servidores - Encontra Aracaju\",\"isPartOf\":{\"@id\":\"https:\/\/www.encontraaracaju.com.br\/sobre\/#website\"},\"primaryImageOfPage\":{\"@id\":\"https:\/\/www.encontraaracaju.com.br\/sobre\/prefeita-emilia-se-reune-com-sepuma-e-reforca-empenho-para-garantir-ipesaude-aos-servidores\/#primaryimage\"},\"image\":{\"@id\":\"https:\/\/www.encontraaracaju.com.br\/sobre\/prefeita-emilia-se-reune-com-sepuma-e-reforca-empenho-para-garantir-ipesaude-aos-servidores\/#primaryimage\"},\"thumbnailUrl\":\"https:\/\/www.encontraaracaju.com.br\/sobre\/wp-content\/uploads\/2026\/09\/prefeita-emilia-se-reune-com-sepuma-e-reforca-empenho-para-garantir-ipesaude-aos-servidores.webp\",\"datePublished\":\"2026-09-01T05:49:45+00:00\",\"author\":{\"@id\":\"https:\/\/www.encontraaracaju.com.br\/sobre\/#\/schema\/person\/4ffad47e9e50db5f93e67859b297b0be\"},\"breadcrumb\":{\"@id\":\"https:\/\/www.encontraaracaju.com.br\/sobre\/prefeita-emilia-se-reune-com-sepuma-e-reforca-empenho-para-garantir-ipesaude-aos-servidores\/#breadcrumb\"},\"inLanguage\":\"pt-BR\",\"potentialAction\":[{\"@type\":\"ReadAction\",\"target\":[\"https:\/\/www.encontraaracaju.com.br\/sobre\/prefeita-emilia-se-reune-com-sepuma-e-reforca-empenho-para-garantir-ipesaude-aos-servidores\/\"]}]},{\"@type\":\"ImageObject\",\"inLanguage\":\"pt-BR\",\"@id\":\"https:\/\/www.encontraaracaju.com.br\/sobre\/prefeita-emilia-se-reune-com-sepuma-e-reforca-empenho-para-garantir-ipesaude-aos-servidores\/#primaryimage\",\"url\":\"https:\/\/www.encontraaracaju.com.br\/sobre\/wp-content\/uploads\/2026\/09\/prefeita-emilia-se-reune-com-sepuma-e-reforca-empenho-para-garantir-ipesaude-aos-servidores.webp\",\"contentUrl\":\"https:\/\/www.encontraaracaju.com.br\/sobre\/wp-content\/uploads\/2026\/09\/prefeita-emilia-se-reune-com-sepuma-e-reforca-empenho-para-garantir-ipesaude-aos-servidores.webp\",\"width\":280,\"height\":280,\"caption\":\"Prefeitura de Aracaju\"},{\"@type\":\"BreadcrumbList\",\"@id\":\"https:\/\/www.encontraaracaju.com.br\/sobre\/prefeita-emilia-se-reune-com-sepuma-e-reforca-empenho-para-garantir-ipesaude-aos-servidores\/#breadcrumb\",\"itemListElement\":[{\"@type\":\"ListItem\",\"position\":1,\"name\":\"In\u00edcio\",\"item\":\"https:\/\/www.encontraaracaju.com.br\/sobre\/\"},{\"@type\":\"ListItem\",\"position\":2,\"name\":\"Prefeita Em\u00edlia se re\u00fane com Sepuma e refor\u00e7a empenho para garantir Ipesa\u00fade aos servidores\"}]},{\"@type\":\"WebSite\",\"@id\":\"https:\/\/www.encontraaracaju.com.br\/sobre\/#website\",\"url\":\"https:\/\/www.encontraaracaju.com.br\/sobre\/\",\"name\":\"Encontra Aracaju\",\"description\":\"Not\u00edcias, eventos, informa\u00e7\u00f5es e dicas na cidade Aracaju e regi\u00e3o.\",\"potentialAction\":[{\"@type\":\"SearchAction\",\"target\":{\"@type\":\"EntryPoint\",\"urlTemplate\":\"https:\/\/www.encontraaracaju.com.br\/sobre\/?s={search_term_string}\"},\"query-input\":{\"@type\":\"PropertyValueSpecification\",\"valueRequired\":true,\"valueName\":\"search_term_string\"}}],\"inLanguage\":\"pt-BR\"},{\"@type\":\"Person\",\"@id\":\"https:\/\/www.encontraaracaju.com.br\/sobre\/#\/schema\/person\/4ffad47e9e50db5f93e67859b297b0be\",\"name\":\"Encontra Aracaju\",\"image\":{\"@type\":\"ImageObject\",\"inLanguage\":\"pt-BR\",\"@id\":\"https:\/\/www.encontraaracaju.com.br\/sobre\/#\/schema\/person\/image\/\",\"url\":\"https:\/\/secure.gravatar.com\/avatar\/507340682b8270222e1f208e23198b6ae7e2c6a1033ae84e99bc6bce4f82a387?s=96&d=mm&r=g\",\"contentUrl\":\"https:\/\/secure.gravatar.com\/avatar\/507340682b8270222e1f208e23198b6ae7e2c6a1033ae84e99bc6bce4f82a387?s=96&d=mm&r=g\",\"caption\":\"Encontra Aracaju\"},\"sameAs\":[\"http:\/\/www.encontraaracaju.com.br\"]}]}<\/script>\n<!-- \/ Yoast SEO plugin. -->","yoast_head_json":{"title":"Prefeita Em\u00edlia se re\u00fane com Sepuma e refor\u00e7a empenho para garantir Ipesa\u00fade aos servidores - Encontra Aracaju","robots":{"index":"index","follow":"follow","max-snippet":"max-snippet:-1","max-image-preview":"max-image-preview:large","max-video-preview":"max-video-preview:-1"},"canonical":"https:\/\/www.encontraaracaju.com.br\/sobre\/prefeita-emilia-se-reune-com-sepuma-e-reforca-empenho-para-garantir-ipesaude-aos-servidores\/","og_locale":"pt_BR","og_type":"article","og_title":"Prefeita Em\u00edlia se re\u00fane com Sepuma e refor\u00e7a empenho para garantir Ipesa\u00fade aos servidores - Encontra Aracaju","og_description":"Prefeitura de Aracaju e suas diversas secretarias e servi\u00e7os dispon\u00edveis.","og_url":"https:\/\/www.encontraaracaju.com.br\/sobre\/prefeita-emilia-se-reune-com-sepuma-e-reforca-empenho-para-garantir-ipesaude-aos-servidores\/","og_site_name":"Encontra Aracaju","article_published_time":"2026-09-01T05:49:45+00:00","og_image":[{"url":"https:\/\/www.encontraaracaju.com.br\/sobre\/wp-content\/uploads\/2026\/09\/prefeita-emilia-se-reune-com-sepuma-e-reforca-empenho-para-garantir-ipesaude-aos-servidores.webp","type":"","width":"","height":""}],"author":"Encontra Aracaju","twitter_card":"summary_large_image","twitter_misc":{"Escrito por":"Encontra Aracaju","Est. tempo de leitura":"5 minutos"},"schema":{"@context":"https:\/\/schema.org","@graph":[{"@type":"WebPage","@id":"https:\/\/www.encontraaracaju.com.br\/sobre\/prefeita-emilia-se-reune-com-sepuma-e-reforca-empenho-para-garantir-ipesaude-aos-servidores\/","url":"https:\/\/www.encontraaracaju.com.br\/sobre\/prefeita-emilia-se-reune-com-sepuma-e-reforca-empenho-para-garantir-ipesaude-aos-servidores\/","name":"Prefeita Em\u00edlia se re\u00fane com Sepuma e refor\u00e7a empenho para garantir Ipesa\u00fade aos servidores - Encontra Aracaju","isPartOf":{"@id":"https:\/\/www.encontraaracaju.com.br\/sobre\/#website"},"primaryImageOfPage":{"@id":"https:\/\/www.encontraaracaju.com.br\/sobre\/prefeita-emilia-se-reune-com-sepuma-e-reforca-empenho-para-garantir-ipesaude-aos-servidores\/#primaryimage"},"image":{"@id":"https:\/\/www.encontraaracaju.com.br\/sobre\/prefeita-emilia-se-reune-com-sepuma-e-reforca-empenho-para-garantir-ipesaude-aos-servidores\/#primaryimage"},"thumbnailUrl":"https:\/\/www.encontraaracaju.com.br\/sobre\/wp-content\/uploads\/2026\/09\/prefeita-emilia-se-reune-com-sepuma-e-reforca-empenho-para-garantir-ipesaude-aos-servidores.webp","datePublished":"2026-09-01T05:49:45+00:00","author":{"@id":"https:\/\/www.encontraaracaju.com.br\/sobre\/#\/schema\/person\/4ffad47e9e50db5f93e67859b297b0be"},"breadcrumb":{"@id":"https:\/\/www.encontraaracaju.com.br\/sobre\/prefeita-emilia-se-reune-com-sepuma-e-reforca-empenho-para-garantir-ipesaude-aos-servidores\/#breadcrumb"},"inLanguage":"pt-BR","potentialAction":[{"@type":"ReadAction","target":["https:\/\/www.encontraaracaju.com.br\/sobre\/prefeita-emilia-se-reune-com-sepuma-e-reforca-empenho-para-garantir-ipesaude-aos-servidores\/"]}]},{"@type":"ImageObject","inLanguage":"pt-BR","@id":"https:\/\/www.encontraaracaju.com.br\/sobre\/prefeita-emilia-se-reune-com-sepuma-e-reforca-empenho-para-garantir-ipesaude-aos-servidores\/#primaryimage","url":"https:\/\/www.encontraaracaju.com.br\/sobre\/wp-content\/uploads\/2026\/09\/prefeita-emilia-se-reune-com-sepuma-e-reforca-empenho-para-garantir-ipesaude-aos-servidores.webp","contentUrl":"https:\/\/www.encontraaracaju.com.br\/sobre\/wp-content\/uploads\/2026\/09\/prefeita-emilia-se-reune-com-sepuma-e-reforca-empenho-para-garantir-ipesaude-aos-servidores.webp","width":280,"height":280,"caption":"Prefeitura de Aracaju"},{"@type":"BreadcrumbList","@id":"https:\/\/www.encontraaracaju.com.br\/sobre\/prefeita-emilia-se-reune-com-sepuma-e-reforca-empenho-para-garantir-ipesaude-aos-servidores\/#breadcrumb","itemListElement":[{"@type":"ListItem","position":1,"name":"In\u00edcio","item":"https:\/\/www.encontraaracaju.com.br\/sobre\/"},{"@type":"ListItem","position":2,"name":"Prefeita Em\u00edlia se re\u00fane com Sepuma e refor\u00e7a empenho para garantir Ipesa\u00fade aos servidores"}]},{"@type":"WebSite","@id":"https:\/\/www.encontraaracaju.com.br\/sobre\/#website","url":"https:\/\/www.encontraaracaju.com.br\/sobre\/","name":"Encontra Aracaju","description":"Not\u00edcias, eventos, informa\u00e7\u00f5es e dicas na cidade Aracaju e regi\u00e3o.","potentialAction":[{"@type":"SearchAction","target":{"@type":"EntryPoint","urlTemplate":"https:\/\/www.encontraaracaju.com.br\/sobre\/?s={search_term_string}"},"query-input":{"@type":"PropertyValueSpecification","valueRequired":true,"valueName":"search_term_string"}}],"inLanguage":"pt-BR"},{"@type":"Person","@id":"https:\/\/www.encontraaracaju.com.br\/sobre\/#\/schema\/person\/4ffad47e9e50db5f93e67859b297b0be","name":"Encontra Aracaju","image":{"@type":"ImageObject","inLanguage":"pt-BR","@id":"https:\/\/www.encontraaracaju.com.br\/sobre\/#\/schema\/person\/image\/","url":"https:\/\/secure.gravatar.com\/avatar\/507340682b8270222e1f208e23198b6ae7e2c6a1033ae84e99bc6bce4f82a387?s=96&d=mm&r=g","contentUrl":"https:\/\/secure.gravatar.com\/avatar\/507340682b8270222e1f208e23198b6ae7e2c6a1033ae84e99bc6bce4f82a387?s=96&d=mm&r=g","caption":"Encontra Aracaju"},"sameAs":["http:\/\/www.encontraaracaju.com.br"]}]}},"_links":{"self":[{"href":"https:\/\/www.encontraaracaju.com.br\/sobre\/wp-json\/wp\/v2\/posts\/2578","targetHints":{"allow":["GET"]}}],"collection":[{"href":"https:\/\/www.encontraaracaju.com.br\/sobre\/wp-json\/wp\/v2\/posts"}],"about":[{"href":"https:\/\/www.encontraaracaju.com.br\/sobre\/wp-json\/wp\/v2\/types\/post"}],"author":[{"embeddable":true,"href":"https:\/\/www.encontraaracaju.com.br\/sobre\/wp-json\/wp\/v2\/users\/1"}],"replies":[{"embeddable":true,"href":"https:\/\/www.encontraaracaju.com.br\/sobre\/wp-json\/wp\/v2\/comments?post=2578"}],"version-history":[{"count":0,"href":"https:\/\/www.encontraaracaju.com.br\/sobre\/wp-json\/wp\/v2\/posts\/2578\/revisions"}],"wp:featuredmedia":[{"embeddable":true,"href":"https:\/\/www.encontraaracaju.com.br\/sobre\/wp-json\/wp\/v2\/media\/2577"}],"wp:attachment":[{"href":"https:\/\/www.encontraaracaju.com.br\/sobre\/wp-json\/wp\/v2\/media?parent=2578"}],"wp:term":[{"taxonomy":"category","embeddable":true,"href":"https:\/\/www.encontraaracaju.com.br\/sobre\/wp-json\/wp\/v2\/categories?post=2578"},{"taxonomy":"post_tag","embeddable":true,"href":"https:\/\/www.encontraaracaju.com.br\/sobre\/wp-json\/wp\/v2\/tags?post=2578"}],"curies":[{"name":"wp","href":"https:\/\/api.w.org\/{rel}","templated":true}]}}