{"id":2568,"date":"2026-08-31T20:32:12","date_gmt":"2026-08-31T23:32:12","guid":{"rendered":"https:\/\/www.encontraaracaju.com.br\/sobre\/prefeitura-de-aracaju-abre-inscricoes-para-preenchimento-de-horas-suplementares-na-rede-municipal-de-ensino\/"},"modified":"2026-08-31T20:32:12","modified_gmt":"2026-08-31T23:32:12","slug":"prefeitura-de-aracaju-abre-inscricoes-para-preenchimento-de-horas-suplementares-na-rede-municipal-de-ensino","status":"publish","type":"post","link":"https:\/\/www.encontraaracaju.com.br\/sobre\/prefeitura-de-aracaju-abre-inscricoes-para-preenchimento-de-horas-suplementares-na-rede-municipal-de-ensino\/","title":{"rendered":"Prefeitura de Aracaju abre inscri\u00e7\u00f5es para preenchimento de horas suplementares na rede municipal de ensino"},"content":{"rendered":"<div class=\"0de350683d360aa04277a39db0bae410\" data-index=\"1\" style=\"float: none; margin:0px;\">\n<!-- Anuncio display - global -->\r\n<ins class=\"adsbygoogle\"\r\n     style=\"display:block\"\r\n     data-ad-client=\"ca-pub-8585364105181520\"\r\n     data-ad-slot=\"8789329856\"\r\n     data-ad-format=\"auto\"\r\n     data-full-width-responsive=\"true\"><\/ins>\r\n<script>\r\n     (adsbygoogle = window.adsbygoogle || []).push({});\r\n<\/script>\n<\/div>\n<h2>Hist\u00f3ria da Prefeitura de Aracaju<\/h2>\n<p>A hist\u00f3ria da <strong>Prefeitura de Aracaju<\/strong> est\u00e1 intrinsecamente ligada ao desenvolvimento da cidade e \u00e0 evolu\u00e7\u00e3o das suas institui\u00e7\u00f5es. Aracaju foi fundada em 17 de mar\u00e7o de 1855 e, desde ent\u00e3o, a administra\u00e7\u00e3o municipal come\u00e7ou a moldar a infraestrutura e os servi\u00e7os da capital sergipana. Os primeiros prefeitos enfrentaram desafios significativos, como a organiza\u00e7\u00e3o urbana e a implementa\u00e7\u00e3o de pol\u00edticas p\u00fablicas que atendiam as necessidades da popula\u00e7\u00e3o.<\/p>\n<p>Ao longo dos anos, a prefeitura passou por v\u00e1rias administra\u00e7\u00f5es, cada uma trazendo inova\u00e7\u00f5es e melhorias na governan\u00e7a, sempre buscando atender os anseios dos cidad\u00e3os de Aracaju. Desde o fortalecimento da secretaria de sa\u00fade at\u00e9 iniciativas de inclus\u00e3o social, a gest\u00e3o p\u00fablica tem evolu\u00eddo ao longo dos anos.<\/p>\n<h2>Organiza\u00e7\u00e3o das Secretarias Municipais<\/h2>\n<p>A Prefeitura de Aracaju conta com diversas secretarias, cada uma respons\u00e1vel por \u00e1reas espec\u00edficas da administra\u00e7\u00e3o p\u00fablica. Essa organiza\u00e7\u00e3o permite uma gest\u00e3o mais eficiente e focada nas necessidades da popula\u00e7\u00e3o. As principais secretarias incluem:<\/p>\n<p><img decoding=\"async\" src=\"https:\/\/www.encontraaracaju.com.br\/sobre\/wp-content\/uploads\/2026\/08\/prefeitura-de-aracaju-abre-inscricoes-para-preenchimento-de-horas-suplementares-na-rede-municipal-de.webp\" alt=\"Prefeitura de Aracaju\" loading=\"lazy\" \/><\/p>\n<ul>\n<li><strong>Secretaria Municipal de Governo<\/strong><\/li>\n<li><strong>Secretaria Municipal de Comunica\u00e7\u00e3o Social<\/strong><\/li>\n<li><strong>Procuradoria-Geral do Munic\u00edpio<\/strong><\/li>\n<li><strong>Controladoria Geral do Munic\u00edpio<\/strong><\/li>\n<li><strong>Secretaria Municipal da Fazenda<\/strong><\/li>\n<li><strong>Secretaria Municipal de Planejamento, Or\u00e7amento e Gest\u00e3o<\/strong><\/li>\n<li><strong>Secretaria Municipal de Educa\u00e7\u00e3o<\/strong><\/li>\n<li><strong>Secretaria Municipal de Sa\u00fade<\/strong><\/li>\n<li><strong>Secretaria Municipal de Fam\u00edlia e Assist\u00eancia Social<\/strong><\/li>\n<li><strong>Secretaria Municipal de Juventude e Esporte<\/strong><\/li>\n<li><strong>Secretaria Municipal do Meio Ambiente<\/strong><\/li>\n<li><strong>Secretaria Municipal de Turismo<\/strong><\/li>\n<li><strong>Secretaria Municipal de Infraestrutura<\/strong><\/li>\n<li><strong>Secretaria Municipal de Seguran\u00e7a Municipal e Cidadania<\/strong><\/li>\n<li><strong>Secretaria Municipal de Desenvolvimento Econ\u00f4mico e Inova\u00e7\u00e3o<\/strong><\/li>\n<li><strong>Secretaria Municipal de Articula\u00e7\u00e3o Pol\u00edtica e Rela\u00e7\u00f5es Institucionais<\/strong><\/li>\n<li><strong>Secretaria Municipal de Cultura<\/strong><\/li>\n<li><strong>Secretaria Municipal dos Direitos da Pessoa com Defici\u00eancia<\/strong><\/li>\n<li><strong>Secretaria Municipal de Respeito \u00e0s Pol\u00edticas para as Mulheres<\/strong><\/li>\n<\/ul>\n<p>Cada secretaria atua de forma integrada, promovendo um trabalho colaborativo que visa o bem-estar da popula\u00e7\u00e3o e a melhoria da qualidade de vida na cidade.<\/p>\n<h2>Servi\u00e7os Oferecidos pela Prefeitura<\/h2>\n<p>A Prefeitura de Aracaju disponibiliza uma gama diversificada de servi\u00e7os para atender \u00e0s necessidades da popula\u00e7\u00e3o. Esses servi\u00e7os variam desde a sa\u00fade p\u00fablica at\u00e9 o urbanismo e meio ambiente. Entre os principais servi\u00e7os est\u00e3o:<\/p>\n<ul>\n<li><strong>Sa\u00fade:<\/strong> Acesso a unidades de sa\u00fade, campanhas de vacina\u00e7\u00e3o, atendimento especializado.<\/li>\n<li><strong>Educa\u00e7\u00e3o:<\/strong> Escolas municipais com programas de educa\u00e7\u00e3o infantil e fundamental.<\/li>\n<li><strong>Assist\u00eancia Social:<\/strong> Programas de apoio a fam\u00edlias em situa\u00e7\u00e3o de vulnerabilidade.<\/li>\n<li><strong>Transporte:<\/strong> Gest\u00e3o do transporte p\u00fablico e infraestrutura vi\u00e1ria.<\/li>\n<li><strong>Cultura:<\/strong> Incentivo a manifesta\u00e7\u00f5es culturais e promo\u00e7\u00e3o de eventos.<\/li>\n<li><strong>Meio Ambiente:<\/strong> A\u00e7\u00f5es para a preserva\u00e7\u00e3o ambiental e desenvolvimento sustent\u00e1vel.<\/li>\n<\/ul>\n<p>Esses servi\u00e7os fazem parte de uma pol\u00edtica p\u00fablica que visa garantir qualidade de vida e desenvolvimento social aos cidad\u00e3os aracajuanos.<\/p>\n<h2>Como Funciona a Comunica\u00e7\u00e3o Municipal<\/h2>\n<p>A comunica\u00e7\u00e3o da Prefeitura de Aracaju \u00e9 estruturada para garantir transpar\u00eancia e acesso \u00e0 informa\u00e7\u00e3o. A administra\u00e7\u00e3o utiliza diversos canais para disseminar informa\u00e7\u00f5es importantes, como:<\/p>\n<ul>\n<li><strong>Redes sociais:<\/strong> A prefeitura mant\u00e9m perfis ativos em plataformas como <a href=\"https:\/\/www.instagram.com\/prefaracaju\">Instagram<\/a>, <a href=\"https:\/\/www.facebook.com\/PrefeituraDeAracaju\">Facebook<\/a> e <a href=\"https:\/\/www.youtube.com\/@PrefeituradeAracajuOficial\">YouTube<\/a>.<\/li>\n<li><strong>Site oficial:<\/strong> O portal da prefeitura oferece not\u00edcias, informa\u00e7\u00f5es sobre servi\u00e7os e acesso a servi\u00e7os online.<\/li>\n<li><strong>Radioag\u00eancia:<\/strong> Utiliza\u00e7\u00e3o de r\u00e1dio para veicular informa\u00e7\u00f5es e comunicados \u00e0 popula\u00e7\u00e3o.<\/li>\n<\/ul>\n<p>Esses canais s\u00e3o fundamentais para fomentar a intera\u00e7\u00e3o entre a popula\u00e7\u00e3o e a gest\u00e3o municipal, promovendo um di\u00e1logo aberto.<\/p>\n<h2>Import\u00e2ncia da Acessibilidade nas Iniciativas<\/h2>\n<p>A acessibilidade \u00e9 um elemento essencial nas pol\u00edticas p\u00fablicas de Aracaju. A Prefeitura tem se empenhado em criar um ambiente inclusivo para todas as pessoas, considerando especialmente aquelas com defici\u00eancia. A\u00e7\u00f5es incluem:<\/p>\n<ul>\n<li><strong>Adapta\u00e7\u00e3o de espa\u00e7os p\u00fablicos:<\/strong> Melhoria na infraestrutura para garantir que pra\u00e7as, cal\u00e7adas e edifica\u00e7\u00f5es sejam acess\u00edveis.<\/li>\n<li><strong>Programas de inclus\u00e3o:<\/strong> Projetos voltados para promover a participa\u00e7\u00e3o de pessoas com defici\u00eancia em atividades culturais e sociais.<\/li>\n<li><strong>Campanhas de conscientiza\u00e7\u00e3o:<\/strong> Atividades educativas para sensibilizar a popula\u00e7\u00e3o sobre a import\u00e2ncia da inclus\u00e3o.<\/li>\n<\/ul>\n<p>Essas iniciativas refletem o compromisso da gest\u00e3o p\u00fablica com a igualdade de oportunidades e a dignidade de todos os cidad\u00e3os.<\/p>\n<h2>O Papel da Cultura na Cidade<\/h2>\n<p>A cultura \u00e9 um pilar fundamental na constru\u00e7\u00e3o da identidade de Aracaju. A Prefeitura investe em iniciativas culturais que promovem a valoriza\u00e7\u00e3o das tradi\u00e7\u00f5es locais e incentivam a criatividade da popula\u00e7\u00e3o. Os principais aspectos incluem:<\/p>\n<ul>\n<li><strong>Eventos culturais:<\/strong> Realiza\u00e7\u00e3o de festivais, feiras e mostras que celebram a diversidade cultural da cidade.<\/li>\n<li><strong>Apoio a artistas:<\/strong> Programas de fomento para artistas locais, incluindo incentivos financeiros e estrat\u00e9gias de divulga\u00e7\u00e3o.<\/li>\n<li><strong>Forma\u00e7\u00e3o cultural:<\/strong> Oferecimento de cursos e oficinas para o desenvolvimento art\u00edstico da popula\u00e7\u00e3o.<\/li>\n<\/ul>\n<p>Essas a\u00e7\u00f5es buscam fortalecer a cena cultural e criar um ambiente onde a arte e a cultura possam prosperar.<\/p>\n<h2>Projetos de Desenvolvimento Econ\u00f4mico<\/h2>\n<p>O desenvolvimento econ\u00f4mico \u00e9 uma prioridade para a gest\u00e3o municipal. A Prefeitura de Aracaju tem implementado diversas estrat\u00e9gias para fomentar o crescimento da cidade e promover a gera\u00e7\u00e3o de emprego e renda. As iniciativas incluem:<\/p>\n<ul>\n<li><strong>Incentivo a pequenos neg\u00f3cios:<\/strong> Cria\u00e7\u00e3o de programas e feiras que apoiam empreendedores locais.<\/li>\n<li><strong>Parcerias com institui\u00e7\u00f5es:<\/strong> Colabora\u00e7\u00e3o com universidades e associa\u00e7\u00f5es para capacita\u00e7\u00e3o profissional.<\/li>\n<li><strong>Promo\u00e7\u00e3o de investimentos:<\/strong> Atra\u00e7\u00e3o de empresas que promovam o desenvolvimento sustent\u00e1vel e a inova\u00e7\u00e3o.<\/li>\n<\/ul>\n<p>Atrav\u00e9s dessas a\u00e7\u00f5es, Aracaju busca criar um ambiente econ\u00f4mico din\u00e2mico que beneficie toda a popula\u00e7\u00e3o.<\/p>\n<h2>Iniciativas em Sa\u00fade e Assist\u00eancia Social<\/h2>\n<p>A \u00e1rea da sa\u00fade e assist\u00eancia social \u00e9 uma das mais relevantes na atua\u00e7\u00e3o da prefeitura. Diversos programas e campanhas t\u00eam sido implementados para melhorar a qualidade de vida da popula\u00e7\u00e3o. Os destaques incluem:<\/p>\n<ul>\n<li><strong>Unidades de Sa\u00fade:<\/strong> Expans\u00e3o das unidades de atendimento m\u00e9dico nas diversas regi\u00f5es da cidade.<\/li>\n<li><strong>Programas de preven\u00e7\u00e3o:<\/strong> Campanhas de conscientiza\u00e7\u00e3o sobre doen\u00e7as e promo\u00e7\u00e3o da sa\u00fade.<\/li>\n<li><strong>Assist\u00eancia social:<\/strong> Apoio a fam\u00edlias em situa\u00e7\u00e3o de vulnerabilidade, incluindo programas habitacionais e de transfer\u00eancia de renda.<\/li>\n<\/ul>\n<p>Essas iniciativas t\u00eam como objetivo garantir o bem-estar e a sa\u00fade da popula\u00e7\u00e3o aracajuana.<\/p>\n<h2>Transporte e Mobilidade Urbana<\/h2>\n<p>A mobilidade urbana \u00e9 um aspecto crucial para o desenvolvimento da cidade. A Prefeitura de Aracaju busca melhorar o sistema de transporte p\u00fablico e a infraestrutura vi\u00e1ria para facilitar o deslocamento dos cidad\u00e3os. As principais a\u00e7\u00f5es incluem:<\/p>\n<ul>\n<li><strong>Moderniza\u00e7\u00e3o do transporte p\u00fablico:<\/strong> Substitui\u00e7\u00e3o da frota e melhoria no servi\u00e7o de transporte coletivo.<\/li>\n<li><strong>Infraestrutura vi\u00e1ria:<\/strong> Renova\u00e7\u00e3o e constru\u00e7\u00e3o de ruas e avenidas, visando maior fluidez no tr\u00e1fego.<\/li>\n<li><strong>Incentivo ao transporte sustent\u00e1vel:<\/strong> Cria\u00e7\u00e3o de ciclovias e promo\u00e7\u00e3o de m\u00e9todos de transporte alternativos.<\/li>\n<\/ul>\n<p>Essas medidas s\u00e3o essenciais para garantir uma mobilidade eficiente e sustent\u00e1vel para todos.<\/p>\n<h2>Envolvimento da Comunidade nas A\u00e7\u00f5es da Prefeitura<\/h2>\n<p>A participa\u00e7\u00e3o da comunidade nas a\u00e7\u00f5es da Prefeitura de Aracaju \u00e9 incentivada por meio de consultas p\u00fablicas e f\u00f3runs de discuss\u00e3o. A gest\u00e3o municipal entende que \u00e9 fundamental ouvir os cidad\u00e3os para desenvolver pol\u00edticas que realmente atendam \u00e0s suas necessidades. As principais formas de participa\u00e7\u00e3o incluem:<\/p>\n<ul>\n<li><strong>Consultas p\u00fablicas:<\/strong> Reuni\u00f5es para discutir projetos e ouvir sugest\u00f5es da popula\u00e7\u00e3o.<\/li>\n<li><strong>Conselhos municipais:<\/strong> Cria\u00e7\u00e3o de conselhos compostos por cidad\u00e3os para garantir representatividade nas decis\u00f5es.<\/li>\n<li><strong>Eventos comunit\u00e1rios:<\/strong> A\u00e7\u00f5es que promovem a integra\u00e7\u00e3o da popula\u00e7\u00e3o com a administra\u00e7\u00e3o p\u00fablica.<\/li>\n<\/ul>\n<p>Dessa forma, a gest\u00e3o municipal busca garantir a transpar\u00eancia e a efetividade das a\u00e7\u00f5es implementadas na cidade.<\/p>\n\n<div style=\"font-size: 0px; height: 0px; line-height: 0px; margin: 0; padding: 0; clear: both;\"><\/div>","protected":false},"excerpt":{"rendered":"<p>Entenda como a Prefeitura de Aracaju pode ajudar voc\u00ea e sua comunidade.<\/p>\n","protected":false},"author":1,"featured_media":2567,"comment_status":"closed","ping_status":"closed","sticky":false,"template":"","format":"standard","meta":{"footnotes":""},"categories":[23],"tags":[],"class_list":["post-2568","post","type-post","status-publish","format-standard","has-post-thumbnail","hentry","category-educacao-em-aracaju","has_thumb"],"yoast_head":"<!-- This site is optimized with the Yoast SEO plugin v26.4 - https:\/\/yoast.com\/wordpress\/plugins\/seo\/ -->\n<title>Prefeitura de Aracaju abre inscri\u00e7\u00f5es para preenchimento de horas suplementares na rede municipal de ensino - Encontra Aracaju<\/title>\n<meta name=\"robots\" content=\"index, follow, max-snippet:-1, max-image-preview:large, max-video-preview:-1\" \/>\n<link rel=\"canonical\" href=\"https:\/\/www.encontraaracaju.com.br\/sobre\/prefeitura-de-aracaju-abre-inscricoes-para-preenchimento-de-horas-suplementares-na-rede-municipal-de-ensino\/\" \/>\n<meta property=\"og:locale\" content=\"pt_BR\" \/>\n<meta property=\"og:type\" content=\"article\" \/>\n<meta property=\"og:title\" content=\"Prefeitura de Aracaju abre inscri\u00e7\u00f5es para preenchimento de horas suplementares na rede municipal de ensino - Encontra Aracaju\" \/>\n<meta property=\"og:description\" content=\"Entenda como a Prefeitura de Aracaju pode ajudar voc\u00ea e sua comunidade.\" \/>\n<meta property=\"og:url\" content=\"https:\/\/www.encontraaracaju.com.br\/sobre\/prefeitura-de-aracaju-abre-inscricoes-para-preenchimento-de-horas-suplementares-na-rede-municipal-de-ensino\/\" \/>\n<meta property=\"og:site_name\" content=\"Encontra Aracaju\" \/>\n<meta property=\"article:published_time\" content=\"2026-08-31T23:32:12+00:00\" \/>\n<meta property=\"og:image\" content=\"https:\/\/www.encontraaracaju.com.br\/sobre\/wp-content\/uploads\/2026\/08\/prefeitura-de-aracaju-abre-inscricoes-para-preenchimento-de-horas-suplementares-na-rede-municipal-de.webp\" \/>\n<meta name=\"author\" content=\"Encontra Aracaju\" \/>\n<meta name=\"twitter:card\" content=\"summary_large_image\" \/>\n<meta name=\"twitter:label1\" content=\"Escrito por\" \/>\n\t<meta name=\"twitter:data1\" content=\"Encontra Aracaju\" \/>\n\t<meta name=\"twitter:label2\" content=\"Est. tempo de leitura\" \/>\n\t<meta name=\"twitter:data2\" content=\"6 minutos\" \/>\n<script type=\"application\/ld+json\" class=\"yoast-schema-graph\">{\"@context\":\"https:\/\/schema.org\",\"@graph\":[{\"@type\":\"WebPage\",\"@id\":\"https:\/\/www.encontraaracaju.com.br\/sobre\/prefeitura-de-aracaju-abre-inscricoes-para-preenchimento-de-horas-suplementares-na-rede-municipal-de-ensino\/\",\"url\":\"https:\/\/www.encontraaracaju.com.br\/sobre\/prefeitura-de-aracaju-abre-inscricoes-para-preenchimento-de-horas-suplementares-na-rede-municipal-de-ensino\/\",\"name\":\"Prefeitura de Aracaju abre inscri\u00e7\u00f5es para preenchimento de horas suplementares na rede municipal de ensino - Encontra Aracaju\",\"isPartOf\":{\"@id\":\"https:\/\/www.encontraaracaju.com.br\/sobre\/#website\"},\"primaryImageOfPage\":{\"@id\":\"https:\/\/www.encontraaracaju.com.br\/sobre\/prefeitura-de-aracaju-abre-inscricoes-para-preenchimento-de-horas-suplementares-na-rede-municipal-de-ensino\/#primaryimage\"},\"image\":{\"@id\":\"https:\/\/www.encontraaracaju.com.br\/sobre\/prefeitura-de-aracaju-abre-inscricoes-para-preenchimento-de-horas-suplementares-na-rede-municipal-de-ensino\/#primaryimage\"},\"thumbnailUrl\":\"https:\/\/www.encontraaracaju.com.br\/sobre\/wp-content\/uploads\/2026\/08\/prefeitura-de-aracaju-abre-inscricoes-para-preenchimento-de-horas-suplementares-na-rede-municipal-de.webp\",\"datePublished\":\"2026-08-31T23:32:12+00:00\",\"author\":{\"@id\":\"https:\/\/www.encontraaracaju.com.br\/sobre\/#\/schema\/person\/4ffad47e9e50db5f93e67859b297b0be\"},\"breadcrumb\":{\"@id\":\"https:\/\/www.encontraaracaju.com.br\/sobre\/prefeitura-de-aracaju-abre-inscricoes-para-preenchimento-de-horas-suplementares-na-rede-municipal-de-ensino\/#breadcrumb\"},\"inLanguage\":\"pt-BR\",\"potentialAction\":[{\"@type\":\"ReadAction\",\"target\":[\"https:\/\/www.encontraaracaju.com.br\/sobre\/prefeitura-de-aracaju-abre-inscricoes-para-preenchimento-de-horas-suplementares-na-rede-municipal-de-ensino\/\"]}]},{\"@type\":\"ImageObject\",\"inLanguage\":\"pt-BR\",\"@id\":\"https:\/\/www.encontraaracaju.com.br\/sobre\/prefeitura-de-aracaju-abre-inscricoes-para-preenchimento-de-horas-suplementares-na-rede-municipal-de-ensino\/#primaryimage\",\"url\":\"https:\/\/www.encontraaracaju.com.br\/sobre\/wp-content\/uploads\/2026\/08\/prefeitura-de-aracaju-abre-inscricoes-para-preenchimento-de-horas-suplementares-na-rede-municipal-de.webp\",\"contentUrl\":\"https:\/\/www.encontraaracaju.com.br\/sobre\/wp-content\/uploads\/2026\/08\/prefeitura-de-aracaju-abre-inscricoes-para-preenchimento-de-horas-suplementares-na-rede-municipal-de.webp\",\"width\":280,\"height\":280,\"caption\":\"Prefeitura de Aracaju\"},{\"@type\":\"BreadcrumbList\",\"@id\":\"https:\/\/www.encontraaracaju.com.br\/sobre\/prefeitura-de-aracaju-abre-inscricoes-para-preenchimento-de-horas-suplementares-na-rede-municipal-de-ensino\/#breadcrumb\",\"itemListElement\":[{\"@type\":\"ListItem\",\"position\":1,\"name\":\"In\u00edcio\",\"item\":\"https:\/\/www.encontraaracaju.com.br\/sobre\/\"},{\"@type\":\"ListItem\",\"position\":2,\"name\":\"Prefeitura de Aracaju abre inscri\u00e7\u00f5es para preenchimento de horas suplementares na rede municipal de ensino\"}]},{\"@type\":\"WebSite\",\"@id\":\"https:\/\/www.encontraaracaju.com.br\/sobre\/#website\",\"url\":\"https:\/\/www.encontraaracaju.com.br\/sobre\/\",\"name\":\"Encontra Aracaju\",\"description\":\"Not\u00edcias, eventos, informa\u00e7\u00f5es e dicas na cidade Aracaju e regi\u00e3o.\",\"potentialAction\":[{\"@type\":\"SearchAction\",\"target\":{\"@type\":\"EntryPoint\",\"urlTemplate\":\"https:\/\/www.encontraaracaju.com.br\/sobre\/?s={search_term_string}\"},\"query-input\":{\"@type\":\"PropertyValueSpecification\",\"valueRequired\":true,\"valueName\":\"search_term_string\"}}],\"inLanguage\":\"pt-BR\"},{\"@type\":\"Person\",\"@id\":\"https:\/\/www.encontraaracaju.com.br\/sobre\/#\/schema\/person\/4ffad47e9e50db5f93e67859b297b0be\",\"name\":\"Encontra Aracaju\",\"image\":{\"@type\":\"ImageObject\",\"inLanguage\":\"pt-BR\",\"@id\":\"https:\/\/www.encontraaracaju.com.br\/sobre\/#\/schema\/person\/image\/\",\"url\":\"https:\/\/secure.gravatar.com\/avatar\/507340682b8270222e1f208e23198b6ae7e2c6a1033ae84e99bc6bce4f82a387?s=96&d=mm&r=g\",\"contentUrl\":\"https:\/\/secure.gravatar.com\/avatar\/507340682b8270222e1f208e23198b6ae7e2c6a1033ae84e99bc6bce4f82a387?s=96&d=mm&r=g\",\"caption\":\"Encontra Aracaju\"},\"sameAs\":[\"http:\/\/www.encontraaracaju.com.br\"]}]}<\/script>\n<!-- \/ Yoast SEO plugin. -->","yoast_head_json":{"title":"Prefeitura de Aracaju abre inscri\u00e7\u00f5es para preenchimento de horas suplementares na rede municipal de ensino - Encontra Aracaju","robots":{"index":"index","follow":"follow","max-snippet":"max-snippet:-1","max-image-preview":"max-image-preview:large","max-video-preview":"max-video-preview:-1"},"canonical":"https:\/\/www.encontraaracaju.com.br\/sobre\/prefeitura-de-aracaju-abre-inscricoes-para-preenchimento-de-horas-suplementares-na-rede-municipal-de-ensino\/","og_locale":"pt_BR","og_type":"article","og_title":"Prefeitura de Aracaju abre inscri\u00e7\u00f5es para preenchimento de horas suplementares na rede municipal de ensino - Encontra Aracaju","og_description":"Entenda como a Prefeitura de Aracaju pode ajudar voc\u00ea e sua comunidade.","og_url":"https:\/\/www.encontraaracaju.com.br\/sobre\/prefeitura-de-aracaju-abre-inscricoes-para-preenchimento-de-horas-suplementares-na-rede-municipal-de-ensino\/","og_site_name":"Encontra Aracaju","article_published_time":"2026-08-31T23:32:12+00:00","og_image":[{"url":"https:\/\/www.encontraaracaju.com.br\/sobre\/wp-content\/uploads\/2026\/08\/prefeitura-de-aracaju-abre-inscricoes-para-preenchimento-de-horas-suplementares-na-rede-municipal-de.webp","type":"","width":"","height":""}],"author":"Encontra Aracaju","twitter_card":"summary_large_image","twitter_misc":{"Escrito por":"Encontra Aracaju","Est. tempo de leitura":"6 minutos"},"schema":{"@context":"https:\/\/schema.org","@graph":[{"@type":"WebPage","@id":"https:\/\/www.encontraaracaju.com.br\/sobre\/prefeitura-de-aracaju-abre-inscricoes-para-preenchimento-de-horas-suplementares-na-rede-municipal-de-ensino\/","url":"https:\/\/www.encontraaracaju.com.br\/sobre\/prefeitura-de-aracaju-abre-inscricoes-para-preenchimento-de-horas-suplementares-na-rede-municipal-de-ensino\/","name":"Prefeitura de Aracaju abre inscri\u00e7\u00f5es para preenchimento de horas suplementares na rede municipal de ensino - Encontra Aracaju","isPartOf":{"@id":"https:\/\/www.encontraaracaju.com.br\/sobre\/#website"},"primaryImageOfPage":{"@id":"https:\/\/www.encontraaracaju.com.br\/sobre\/prefeitura-de-aracaju-abre-inscricoes-para-preenchimento-de-horas-suplementares-na-rede-municipal-de-ensino\/#primaryimage"},"image":{"@id":"https:\/\/www.encontraaracaju.com.br\/sobre\/prefeitura-de-aracaju-abre-inscricoes-para-preenchimento-de-horas-suplementares-na-rede-municipal-de-ensino\/#primaryimage"},"thumbnailUrl":"https:\/\/www.encontraaracaju.com.br\/sobre\/wp-content\/uploads\/2026\/08\/prefeitura-de-aracaju-abre-inscricoes-para-preenchimento-de-horas-suplementares-na-rede-municipal-de.webp","datePublished":"2026-08-31T23:32:12+00:00","author":{"@id":"https:\/\/www.encontraaracaju.com.br\/sobre\/#\/schema\/person\/4ffad47e9e50db5f93e67859b297b0be"},"breadcrumb":{"@id":"https:\/\/www.encontraaracaju.com.br\/sobre\/prefeitura-de-aracaju-abre-inscricoes-para-preenchimento-de-horas-suplementares-na-rede-municipal-de-ensino\/#breadcrumb"},"inLanguage":"pt-BR","potentialAction":[{"@type":"ReadAction","target":["https:\/\/www.encontraaracaju.com.br\/sobre\/prefeitura-de-aracaju-abre-inscricoes-para-preenchimento-de-horas-suplementares-na-rede-municipal-de-ensino\/"]}]},{"@type":"ImageObject","inLanguage":"pt-BR","@id":"https:\/\/www.encontraaracaju.com.br\/sobre\/prefeitura-de-aracaju-abre-inscricoes-para-preenchimento-de-horas-suplementares-na-rede-municipal-de-ensino\/#primaryimage","url":"https:\/\/www.encontraaracaju.com.br\/sobre\/wp-content\/uploads\/2026\/08\/prefeitura-de-aracaju-abre-inscricoes-para-preenchimento-de-horas-suplementares-na-rede-municipal-de.webp","contentUrl":"https:\/\/www.encontraaracaju.com.br\/sobre\/wp-content\/uploads\/2026\/08\/prefeitura-de-aracaju-abre-inscricoes-para-preenchimento-de-horas-suplementares-na-rede-municipal-de.webp","width":280,"height":280,"caption":"Prefeitura de Aracaju"},{"@type":"BreadcrumbList","@id":"https:\/\/www.encontraaracaju.com.br\/sobre\/prefeitura-de-aracaju-abre-inscricoes-para-preenchimento-de-horas-suplementares-na-rede-municipal-de-ensino\/#breadcrumb","itemListElement":[{"@type":"ListItem","position":1,"name":"In\u00edcio","item":"https:\/\/www.encontraaracaju.com.br\/sobre\/"},{"@type":"ListItem","position":2,"name":"Prefeitura de Aracaju abre inscri\u00e7\u00f5es para preenchimento de horas suplementares na rede municipal de ensino"}]},{"@type":"WebSite","@id":"https:\/\/www.encontraaracaju.com.br\/sobre\/#website","url":"https:\/\/www.encontraaracaju.com.br\/sobre\/","name":"Encontra Aracaju","description":"Not\u00edcias, eventos, informa\u00e7\u00f5es e dicas na cidade Aracaju e regi\u00e3o.","potentialAction":[{"@type":"SearchAction","target":{"@type":"EntryPoint","urlTemplate":"https:\/\/www.encontraaracaju.com.br\/sobre\/?s={search_term_string}"},"query-input":{"@type":"PropertyValueSpecification","valueRequired":true,"valueName":"search_term_string"}}],"inLanguage":"pt-BR"},{"@type":"Person","@id":"https:\/\/www.encontraaracaju.com.br\/sobre\/#\/schema\/person\/4ffad47e9e50db5f93e67859b297b0be","name":"Encontra Aracaju","image":{"@type":"ImageObject","inLanguage":"pt-BR","@id":"https:\/\/www.encontraaracaju.com.br\/sobre\/#\/schema\/person\/image\/","url":"https:\/\/secure.gravatar.com\/avatar\/507340682b8270222e1f208e23198b6ae7e2c6a1033ae84e99bc6bce4f82a387?s=96&d=mm&r=g","contentUrl":"https:\/\/secure.gravatar.com\/avatar\/507340682b8270222e1f208e23198b6ae7e2c6a1033ae84e99bc6bce4f82a387?s=96&d=mm&r=g","caption":"Encontra Aracaju"},"sameAs":["http:\/\/www.encontraaracaju.com.br"]}]}},"_links":{"self":[{"href":"https:\/\/www.encontraaracaju.com.br\/sobre\/wp-json\/wp\/v2\/posts\/2568","targetHints":{"allow":["GET"]}}],"collection":[{"href":"https:\/\/www.encontraaracaju.com.br\/sobre\/wp-json\/wp\/v2\/posts"}],"about":[{"href":"https:\/\/www.encontraaracaju.com.br\/sobre\/wp-json\/wp\/v2\/types\/post"}],"author":[{"embeddable":true,"href":"https:\/\/www.encontraaracaju.com.br\/sobre\/wp-json\/wp\/v2\/users\/1"}],"replies":[{"embeddable":true,"href":"https:\/\/www.encontraaracaju.com.br\/sobre\/wp-json\/wp\/v2\/comments?post=2568"}],"version-history":[{"count":0,"href":"https:\/\/www.encontraaracaju.com.br\/sobre\/wp-json\/wp\/v2\/posts\/2568\/revisions"}],"wp:featuredmedia":[{"embeddable":true,"href":"https:\/\/www.encontraaracaju.com.br\/sobre\/wp-json\/wp\/v2\/media\/2567"}],"wp:attachment":[{"href":"https:\/\/www.encontraaracaju.com.br\/sobre\/wp-json\/wp\/v2\/media?parent=2568"}],"wp:term":[{"taxonomy":"category","embeddable":true,"href":"https:\/\/www.encontraaracaju.com.br\/sobre\/wp-json\/wp\/v2\/categories?post=2568"},{"taxonomy":"post_tag","embeddable":true,"href":"https:\/\/www.encontraaracaju.com.br\/sobre\/wp-json\/wp\/v2\/tags?post=2568"}],"curies":[{"name":"wp","href":"https:\/\/api.w.org\/{rel}","templated":true}]}}