{"id":2566,"date":"2026-08-31T20:31:03","date_gmt":"2026-08-31T23:31:03","guid":{"rendered":"https:\/\/www.encontraaracaju.com.br\/sobre\/horto-municipal-de-aracaju-fortalece-educacao-ambiental-e-acoes-voltadas-a-primeira-infancia\/"},"modified":"2026-08-31T20:31:03","modified_gmt":"2026-08-31T23:31:03","slug":"horto-municipal-de-aracaju-fortalece-educacao-ambiental-e-acoes-voltadas-a-primeira-infancia","status":"publish","type":"post","link":"https:\/\/www.encontraaracaju.com.br\/sobre\/horto-municipal-de-aracaju-fortalece-educacao-ambiental-e-acoes-voltadas-a-primeira-infancia\/","title":{"rendered":"Horto Municipal de Aracaju fortalece educa\u00e7\u00e3o ambiental e a\u00e7\u00f5es voltadas \u00e0 primeira inf\u00e2ncia"},"content":{"rendered":"<div class=\"0de350683d360aa04277a39db0bae410\" data-index=\"1\" style=\"float: none; margin:0px;\">\n<!-- Anuncio display - global -->\r\n<ins class=\"adsbygoogle\"\r\n     style=\"display:block\"\r\n     data-ad-client=\"ca-pub-8585364105181520\"\r\n     data-ad-slot=\"8789329856\"\r\n     data-ad-format=\"auto\"\r\n     data-full-width-responsive=\"true\"><\/ins>\r\n<script>\r\n     (adsbygoogle = window.adsbygoogle || []).push({});\r\n<\/script>\n<\/div>\n<h2>Conhe\u00e7a a Estrutura da Prefeitura de Aracaju<\/h2>\n<p>A Prefeitura de Aracaju \u00e9 a institui\u00e7\u00e3o respons\u00e1vel pela gest\u00e3o da cidade de Aracaju, localizada no estado de Sergipe. A organiza\u00e7\u00e3o se divide em diversas secretarias, cada uma com fun\u00e7\u00f5es espec\u00edficas para atender \u00e0s necessidades da popula\u00e7\u00e3o e promover o desenvolvimento local. Essa estrutura \u00e9 fundamental para facilitar a administra\u00e7\u00e3o e garantir que os servi\u00e7os p\u00fablicos sejam prestados de forma eficiente. A lideran\u00e7a \u00e9 composta pela Prefeita e pelo Vice-Prefeito, que trabalham juntos para implementar pol\u00edticas e iniciativas que melhorem a qualidade de vida dos cidad\u00e3os.<\/p>\n<h2>As Secretarias e Seus Pap\u00e9is<\/h2>\n<p>A Prefeitura de Aracaju conta com uma ampla gama de secretarias, cada uma desempenhando pap\u00e9is cruciais no funcionamento da administra\u00e7\u00e3o municipal. Aqui est\u00e3o algumas delas:<\/p>\n<ul>\n<li><strong>Secretaria Municipal de Educa\u00e7\u00e3o:<\/strong> Respons\u00e1vel por garantir a educa\u00e7\u00e3o de qualidade nas escolas municipais.<\/li>\n<li><strong>Secretaria Municipal de Sa\u00fade:<\/strong> Foca em servi\u00e7os de sa\u00fade e bem-estar da popula\u00e7\u00e3o.<\/li>\n<li><strong>Secretaria Municipal de Infraestrutura:<\/strong> Cuida das obras p\u00fablicas e manuten\u00e7\u00e3o de estruturas urbanas.<\/li>\n<li><strong>Secretaria Municipal de Turismo:<\/strong> Promove Aracaju como destino tur\u00edstico e desenvolve iniciativas para atrair visitantes.<\/li>\n<li><strong>Secretaria Municipal de Seguran\u00e7a Municipal e Cidadania:<\/strong> Trabalha para proporcionar seguran\u00e7a e promover a cidadania entre os habitantes.<\/li>\n<\/ul>\n<p>Al\u00e9m dessas, h\u00e1 outras secretarias que atuam em \u00e1reas como desenvolvimento econ\u00f4mico, cultura, direitos da pessoa com defici\u00eancia e muito mais, refletindo a diversidade de servi\u00e7os oferecidos \u00e0 popula\u00e7\u00e3o.<\/p>\n<p><img decoding=\"async\" src=\"https:\/\/www.encontraaracaju.com.br\/sobre\/wp-content\/uploads\/2026\/08\/horto-municipal-de-aracaju-fortalece-educacao-ambiental-e-acoes-voltadas-a-primeira-infancia.webp\" alt=\"Prefeitura de Aracaju\" loading=\"lazy\" \/><\/p>\n<h2>Como a Prefeitura Garante a Sa\u00fade da Comunidade<\/h2>\n<p>A sa\u00fade da popula\u00e7\u00e3o de Aracaju \u00e9 uma prioridade para a administra\u00e7\u00e3o municipal. A Secretaria Municipal de Sa\u00fade atua em diversas frentes, como:<\/p>\n<ul>\n<li><strong>Unidades de Sa\u00fade:<\/strong> Existem v\u00e1rias unidades de sa\u00fade espalhadas pela cidade, oferecendo atendimentos de emerg\u00eancia e consultas.<\/li>\n<li><strong>Programas de Vacina\u00e7\u00e3o:<\/strong> A prefeitura realiza campanhas de vacina\u00e7\u00e3o para prevenir doen\u00e7as e garantir a sa\u00fade da popula\u00e7\u00e3o.<\/li>\n<li><strong>Promo\u00e7\u00e3o de Sa\u00fade:<\/strong> A\u00e7\u00f5es educativas e preventivas s\u00e3o promovidas para conscientizar a popula\u00e7\u00e3o sobre cuidados com a sa\u00fade.<\/li>\n<\/ul>\n<p>Com essas iniciativas, a prefeitura busca n\u00e3o apenas tratar doen\u00e7as, mas tamb\u00e9m promover condi\u00e7\u00f5es para que os cidad\u00e3os tenham uma vida saud\u00e1vel e ativa.<\/p>\n<h2>Educa\u00e7\u00e3o em Aracaju: Um Compromisso da Prefeitura<\/h2>\n<p>A educa\u00e7\u00e3o \u00e9 um pilar fundamental na gest\u00e3o da Prefeitura de Aracaju. Atrav\u00e9s da Secretaria Municipal de Educa\u00e7\u00e3o, h\u00e1 um compromisso com a melhoria cont\u00ednua do ensino nas escolas da cidade. As a\u00e7\u00f5es incluem:<\/p>\n<ul>\n<li><strong>Forma\u00e7\u00e3o de Professores:<\/strong> Programas de capacita\u00e7\u00e3o s\u00e3o oferecidos para aprimorar as habilidades dos educadores.<\/li>\n<li><strong>Infraestrutura Escolar:<\/strong> Investimentos em reformas e melhorias nas escolas para garantir um ambiente adequado ao aprendizado.<\/li>\n<li><strong>Diversidade de Metodologias:<\/strong> A implementa\u00e7\u00e3o de novas metodologias de ensino que atendam \u00e0s necessidades dos alunos.\n<li>\n<\/ul>\n<p>Atrav\u00e9s dessas iniciativas, a Prefeitura busca garantir que todas as crian\u00e7as tenham acesso a uma educa\u00e7\u00e3o de qualidade, desde a educa\u00e7\u00e3o infantil at\u00e9 o ensino fundamental.<\/p>\n<h2>Desenvolvimento Econ\u00f4mico e Inova\u00e7\u00e3o na Cidade<\/h2>\n<p>O desenvolvimento econ\u00f4mico \u00e9 tamb\u00e9m uma das metas da administra\u00e7\u00e3o municipal. A Secretaria Municipal de Desenvolvimento Econ\u00f4mico e Inova\u00e7\u00e3o atua em v\u00e1rias frentes para impulsionar a economia local:<\/p>\n<ul>\n<li><strong>Incentivos a Empreendedores:<\/strong> Programas que oferecem suporte e incentivo a novos neg\u00f3cios e startups.<\/li>\n<li><strong>Feiras e Eventos:<\/strong> Organiza\u00e7\u00e3o de feiras que promovem produtos locais e incentivam o com\u00e9rcio.<\/li>\n<li><strong>Parcerias com Universidades:<\/strong> Coopera\u00e7\u00e3o com institui\u00e7\u00f5es de ensino para estimular a inova\u00e7\u00e3o e o conhecimento no setor empresarial.<\/li>\n<\/ul>\n<p>Atrav\u00e9s de a\u00e7\u00f5es eficazes, a Prefeitura busca criar um ambiente favor\u00e1vel para o crescimento econ\u00f4mico e a gera\u00e7\u00e3o de empregos.<\/p>\n<h2>A Import\u00e2ncia da Cultura na Gest\u00e3o Municipal<\/h2>\n<p>A cultura \u00e9 um aspecto essencial na vida da cidade e sua promo\u00e7\u00e3o \u00e9 responsabilidade da Secretaria Municipal de Cultura. Entre as a\u00e7\u00f5es realizadas, destacam-se:<\/p>\n<ul>\n<li><strong>Eventos Culturais:<\/strong> Organiza\u00e7\u00e3o de festivais e eventos que celebram a cultura local e promovem artistas da regi\u00e3o.<\/li>\n<li><strong>Patrim\u00f4nio Hist\u00f3rico:<\/strong> A preserva\u00e7\u00e3o e valoriza\u00e7\u00e3o do patrim\u00f4nio cultural de Aracaju s\u00e3o prioridades.<\/li>\n<li><strong>Educa\u00e7\u00e3o Cultural:<\/strong> Programas que ensinam a popula\u00e7\u00e3o sobre a import\u00e2ncia da cultura e incentivam a participa\u00e7\u00e3o em atividades culturais.<\/li>\n<\/ul>\n<p>Essas iniciativas n\u00e3o apenas valorizam a identidade cultural, mas tamb\u00e9m fortalecem a comunidade e atraem visitantes.<\/p>\n<h2>Servi\u00e7os de Assist\u00eancia Social em Aracaju<\/h2>\n<p>A Secretaria Municipal de Fam\u00edlia e Assist\u00eancia Social desempenha um papel vital no atendimento \u00e0s pessoas em situa\u00e7\u00e3o de vulnerabilidade. Entre as suas principais a\u00e7\u00f5es est\u00e3o:<\/p>\n<ul>\n<li><strong>Programas de Apoio:<\/strong> Desenvolve pol\u00edticas e projetos que oferecem apoio \u00e0s fam\u00edlias necessitadas.<\/li>\n<li><strong>Centros de Refer\u00eancia:<\/strong> Instala\u00e7\u00e3o de centros que oferecem servi\u00e7os de assist\u00eancia e prote\u00e7\u00e3o social.<\/li>\n<li><strong>A\u00e7\u00f5es de Inclus\u00e3o:<\/strong> Programas que buscam integrar pessoas com defici\u00eancia e promover a igualdade de oportunidades.<\/li>\n<\/ul>\n<p>Com um foco na inclus\u00e3o e na prote\u00e7\u00e3o social, a Prefeitura se esfor\u00e7a para assegurar que todos os cidad\u00e3os tenham acesso a direitos e servi\u00e7os fundamentais.<\/p>\n<h2>Sustentabilidade e Meio Ambiente na Prefeitura<\/h2>\n<p>A preserva\u00e7\u00e3o do meio ambiente e a sustentabilidade s\u00e3o t\u00f3picos em foco na gest\u00e3o p\u00fablica de Aracaju. A Secretaria Municipal do Meio Ambiente trabalha em v\u00e1rias iniciativas, como:<\/p>\n<ul>\n<li><strong>Projetos de Arboriza\u00e7\u00e3o:<\/strong> Plantio de \u00e1rvores em \u00e1reas urbanas para melhorar a qualidade do ar e proporcionar sombra.<\/li>\n<li><strong>Campanhas de Conscientiza\u00e7\u00e3o:<\/strong> Iniciativas para educar a popula\u00e7\u00e3o sobre a import\u00e2ncia da preserva\u00e7\u00e3o ambiental.<\/li>\n<li><strong>Gerenciamento de Res\u00edduos:<\/strong> Implementa\u00e7\u00e3o de sistemas eficientes para a coleta e reciclagem de lixo.<\/li>\n<\/ul>\n<p>Essas a\u00e7\u00f5es visam garantir uma cidade mais limpa e sustent\u00e1vel para as gera\u00e7\u00f5es futuras, promovendo o respeito ao meio ambiente.<\/p>\n<h2>Como Entrar em Contato com a Prefeitura<\/h2>\n<p>Para facilitar o acesso da popula\u00e7\u00e3o aos servi\u00e7os oferecidos, a Prefeitura de Aracaju disponibiliza diferentes canais de comunica\u00e7\u00e3o. Os cidad\u00e3os podem:<\/p>\n<ul>\n<li>Visitar o site oficial da prefeitura para acessar informa\u00e7\u00f5es e servi\u00e7os online.<\/li>\n<li>Entrar em contato atrav\u00e9s das redes sociais, como Facebook e Instagram, onde se pode obter informa\u00e7\u00f5es atualizadas.<\/li>\n<li>Utilizar o telefone para atendimento direto, onde d\u00favidas e solicita\u00e7\u00f5es podem ser feitas.<\/li>\n<\/ul>\n<p>Esse alcance \u00e9 importante para manter um di\u00e1logo aberto e transparente entre a administra\u00e7\u00e3o e a popula\u00e7\u00e3o.<\/p>\n<h2>Atra\u00e7\u00f5es e Projetos Futuros da Prefeitura de Aracaju<\/h2>\n<p>A Prefeitura de Aracaju est\u00e1 sempre pensando em inova\u00e7\u00f5es e melhorias para a cidade. Entre os projetos futuros est\u00e3o:<\/p>\n<ul>\n<li><strong>Revitaliza\u00e7\u00e3o de Espa\u00e7os P\u00fablicos:<\/strong> Projetos para revitalizar pra\u00e7as e \u00e1reas de lazer, tornando a cidade mais acolhedora.<\/li>\n<li><strong>Desenvolvimento de Infraestrutura:<\/strong> Investimentos em melhorias na infraestrutura urbana, como pavimenta\u00e7\u00e3o e saneamento.<\/li>\n<li><strong>Cultura e Lazer:<\/strong> Amplia\u00e7\u00e3o de eventos culturais e esportivos para envolver a comunidade e atrair visitantes.\n<\/ul>\n<p>Com estas e outras a\u00e7\u00f5es, a Prefeitura busca sempre o melhor para os cidad\u00e3os e para o desenvolvimento de Aracaju.<\/p>\n\n<div style=\"font-size: 0px; height: 0px; line-height: 0px; margin: 0; padding: 0; clear: both;\"><\/div>","protected":false},"excerpt":{"rendered":"<p>A Prefeitura de Aracaju oferece diversos servi\u00e7os essenciais para a comunidade.<\/p>\n","protected":false},"author":1,"featured_media":2565,"comment_status":"closed","ping_status":"closed","sticky":false,"template":"","format":"standard","meta":{"footnotes":""},"categories":[23],"tags":[],"class_list":["post-2566","post","type-post","status-publish","format-standard","has-post-thumbnail","hentry","category-educacao-em-aracaju","has_thumb"],"yoast_head":"<!-- This site is optimized with the Yoast SEO plugin v26.4 - https:\/\/yoast.com\/wordpress\/plugins\/seo\/ -->\n<title>Horto Municipal de Aracaju fortalece educa\u00e7\u00e3o ambiental e a\u00e7\u00f5es voltadas \u00e0 primeira inf\u00e2ncia - Encontra Aracaju<\/title>\n<meta name=\"robots\" content=\"index, follow, max-snippet:-1, max-image-preview:large, max-video-preview:-1\" \/>\n<link rel=\"canonical\" href=\"https:\/\/www.encontraaracaju.com.br\/sobre\/horto-municipal-de-aracaju-fortalece-educacao-ambiental-e-acoes-voltadas-a-primeira-infancia\/\" \/>\n<meta property=\"og:locale\" content=\"pt_BR\" \/>\n<meta property=\"og:type\" content=\"article\" \/>\n<meta property=\"og:title\" content=\"Horto Municipal de Aracaju fortalece educa\u00e7\u00e3o ambiental e a\u00e7\u00f5es voltadas \u00e0 primeira inf\u00e2ncia - Encontra Aracaju\" \/>\n<meta property=\"og:description\" content=\"A Prefeitura de Aracaju oferece diversos servi\u00e7os essenciais para a comunidade.\" \/>\n<meta property=\"og:url\" content=\"https:\/\/www.encontraaracaju.com.br\/sobre\/horto-municipal-de-aracaju-fortalece-educacao-ambiental-e-acoes-voltadas-a-primeira-infancia\/\" \/>\n<meta property=\"og:site_name\" content=\"Encontra Aracaju\" \/>\n<meta property=\"article:published_time\" content=\"2026-08-31T23:31:03+00:00\" \/>\n<meta property=\"og:image\" content=\"https:\/\/www.encontraaracaju.com.br\/sobre\/wp-content\/uploads\/2026\/08\/horto-municipal-de-aracaju-fortalece-educacao-ambiental-e-acoes-voltadas-a-primeira-infancia.webp\" \/>\n<meta name=\"author\" content=\"Encontra Aracaju\" \/>\n<meta name=\"twitter:card\" content=\"summary_large_image\" \/>\n<meta name=\"twitter:label1\" content=\"Escrito por\" \/>\n\t<meta name=\"twitter:data1\" content=\"Encontra Aracaju\" \/>\n\t<meta name=\"twitter:label2\" content=\"Est. tempo de leitura\" \/>\n\t<meta name=\"twitter:data2\" content=\"6 minutos\" \/>\n<script type=\"application\/ld+json\" class=\"yoast-schema-graph\">{\"@context\":\"https:\/\/schema.org\",\"@graph\":[{\"@type\":\"WebPage\",\"@id\":\"https:\/\/www.encontraaracaju.com.br\/sobre\/horto-municipal-de-aracaju-fortalece-educacao-ambiental-e-acoes-voltadas-a-primeira-infancia\/\",\"url\":\"https:\/\/www.encontraaracaju.com.br\/sobre\/horto-municipal-de-aracaju-fortalece-educacao-ambiental-e-acoes-voltadas-a-primeira-infancia\/\",\"name\":\"Horto Municipal de Aracaju fortalece educa\u00e7\u00e3o ambiental e a\u00e7\u00f5es voltadas \u00e0 primeira inf\u00e2ncia - Encontra Aracaju\",\"isPartOf\":{\"@id\":\"https:\/\/www.encontraaracaju.com.br\/sobre\/#website\"},\"primaryImageOfPage\":{\"@id\":\"https:\/\/www.encontraaracaju.com.br\/sobre\/horto-municipal-de-aracaju-fortalece-educacao-ambiental-e-acoes-voltadas-a-primeira-infancia\/#primaryimage\"},\"image\":{\"@id\":\"https:\/\/www.encontraaracaju.com.br\/sobre\/horto-municipal-de-aracaju-fortalece-educacao-ambiental-e-acoes-voltadas-a-primeira-infancia\/#primaryimage\"},\"thumbnailUrl\":\"https:\/\/www.encontraaracaju.com.br\/sobre\/wp-content\/uploads\/2026\/08\/horto-municipal-de-aracaju-fortalece-educacao-ambiental-e-acoes-voltadas-a-primeira-infancia.webp\",\"datePublished\":\"2026-08-31T23:31:03+00:00\",\"author\":{\"@id\":\"https:\/\/www.encontraaracaju.com.br\/sobre\/#\/schema\/person\/4ffad47e9e50db5f93e67859b297b0be\"},\"breadcrumb\":{\"@id\":\"https:\/\/www.encontraaracaju.com.br\/sobre\/horto-municipal-de-aracaju-fortalece-educacao-ambiental-e-acoes-voltadas-a-primeira-infancia\/#breadcrumb\"},\"inLanguage\":\"pt-BR\",\"potentialAction\":[{\"@type\":\"ReadAction\",\"target\":[\"https:\/\/www.encontraaracaju.com.br\/sobre\/horto-municipal-de-aracaju-fortalece-educacao-ambiental-e-acoes-voltadas-a-primeira-infancia\/\"]}]},{\"@type\":\"ImageObject\",\"inLanguage\":\"pt-BR\",\"@id\":\"https:\/\/www.encontraaracaju.com.br\/sobre\/horto-municipal-de-aracaju-fortalece-educacao-ambiental-e-acoes-voltadas-a-primeira-infancia\/#primaryimage\",\"url\":\"https:\/\/www.encontraaracaju.com.br\/sobre\/wp-content\/uploads\/2026\/08\/horto-municipal-de-aracaju-fortalece-educacao-ambiental-e-acoes-voltadas-a-primeira-infancia.webp\",\"contentUrl\":\"https:\/\/www.encontraaracaju.com.br\/sobre\/wp-content\/uploads\/2026\/08\/horto-municipal-de-aracaju-fortalece-educacao-ambiental-e-acoes-voltadas-a-primeira-infancia.webp\",\"width\":280,\"height\":280,\"caption\":\"Prefeitura de Aracaju\"},{\"@type\":\"BreadcrumbList\",\"@id\":\"https:\/\/www.encontraaracaju.com.br\/sobre\/horto-municipal-de-aracaju-fortalece-educacao-ambiental-e-acoes-voltadas-a-primeira-infancia\/#breadcrumb\",\"itemListElement\":[{\"@type\":\"ListItem\",\"position\":1,\"name\":\"In\u00edcio\",\"item\":\"https:\/\/www.encontraaracaju.com.br\/sobre\/\"},{\"@type\":\"ListItem\",\"position\":2,\"name\":\"Horto Municipal de Aracaju fortalece educa\u00e7\u00e3o ambiental e a\u00e7\u00f5es voltadas \u00e0 primeira inf\u00e2ncia\"}]},{\"@type\":\"WebSite\",\"@id\":\"https:\/\/www.encontraaracaju.com.br\/sobre\/#website\",\"url\":\"https:\/\/www.encontraaracaju.com.br\/sobre\/\",\"name\":\"Encontra Aracaju\",\"description\":\"Not\u00edcias, eventos, informa\u00e7\u00f5es e dicas na cidade Aracaju e regi\u00e3o.\",\"potentialAction\":[{\"@type\":\"SearchAction\",\"target\":{\"@type\":\"EntryPoint\",\"urlTemplate\":\"https:\/\/www.encontraaracaju.com.br\/sobre\/?s={search_term_string}\"},\"query-input\":{\"@type\":\"PropertyValueSpecification\",\"valueRequired\":true,\"valueName\":\"search_term_string\"}}],\"inLanguage\":\"pt-BR\"},{\"@type\":\"Person\",\"@id\":\"https:\/\/www.encontraaracaju.com.br\/sobre\/#\/schema\/person\/4ffad47e9e50db5f93e67859b297b0be\",\"name\":\"Encontra Aracaju\",\"image\":{\"@type\":\"ImageObject\",\"inLanguage\":\"pt-BR\",\"@id\":\"https:\/\/www.encontraaracaju.com.br\/sobre\/#\/schema\/person\/image\/\",\"url\":\"https:\/\/secure.gravatar.com\/avatar\/507340682b8270222e1f208e23198b6ae7e2c6a1033ae84e99bc6bce4f82a387?s=96&d=mm&r=g\",\"contentUrl\":\"https:\/\/secure.gravatar.com\/avatar\/507340682b8270222e1f208e23198b6ae7e2c6a1033ae84e99bc6bce4f82a387?s=96&d=mm&r=g\",\"caption\":\"Encontra Aracaju\"},\"sameAs\":[\"http:\/\/www.encontraaracaju.com.br\"]}]}<\/script>\n<!-- \/ Yoast SEO plugin. -->","yoast_head_json":{"title":"Horto Municipal de Aracaju fortalece educa\u00e7\u00e3o ambiental e a\u00e7\u00f5es voltadas \u00e0 primeira inf\u00e2ncia - Encontra Aracaju","robots":{"index":"index","follow":"follow","max-snippet":"max-snippet:-1","max-image-preview":"max-image-preview:large","max-video-preview":"max-video-preview:-1"},"canonical":"https:\/\/www.encontraaracaju.com.br\/sobre\/horto-municipal-de-aracaju-fortalece-educacao-ambiental-e-acoes-voltadas-a-primeira-infancia\/","og_locale":"pt_BR","og_type":"article","og_title":"Horto Municipal de Aracaju fortalece educa\u00e7\u00e3o ambiental e a\u00e7\u00f5es voltadas \u00e0 primeira inf\u00e2ncia - Encontra Aracaju","og_description":"A Prefeitura de Aracaju oferece diversos servi\u00e7os essenciais para a comunidade.","og_url":"https:\/\/www.encontraaracaju.com.br\/sobre\/horto-municipal-de-aracaju-fortalece-educacao-ambiental-e-acoes-voltadas-a-primeira-infancia\/","og_site_name":"Encontra Aracaju","article_published_time":"2026-08-31T23:31:03+00:00","og_image":[{"url":"https:\/\/www.encontraaracaju.com.br\/sobre\/wp-content\/uploads\/2026\/08\/horto-municipal-de-aracaju-fortalece-educacao-ambiental-e-acoes-voltadas-a-primeira-infancia.webp","type":"","width":"","height":""}],"author":"Encontra Aracaju","twitter_card":"summary_large_image","twitter_misc":{"Escrito por":"Encontra Aracaju","Est. tempo de leitura":"6 minutos"},"schema":{"@context":"https:\/\/schema.org","@graph":[{"@type":"WebPage","@id":"https:\/\/www.encontraaracaju.com.br\/sobre\/horto-municipal-de-aracaju-fortalece-educacao-ambiental-e-acoes-voltadas-a-primeira-infancia\/","url":"https:\/\/www.encontraaracaju.com.br\/sobre\/horto-municipal-de-aracaju-fortalece-educacao-ambiental-e-acoes-voltadas-a-primeira-infancia\/","name":"Horto Municipal de Aracaju fortalece educa\u00e7\u00e3o ambiental e a\u00e7\u00f5es voltadas \u00e0 primeira inf\u00e2ncia - Encontra Aracaju","isPartOf":{"@id":"https:\/\/www.encontraaracaju.com.br\/sobre\/#website"},"primaryImageOfPage":{"@id":"https:\/\/www.encontraaracaju.com.br\/sobre\/horto-municipal-de-aracaju-fortalece-educacao-ambiental-e-acoes-voltadas-a-primeira-infancia\/#primaryimage"},"image":{"@id":"https:\/\/www.encontraaracaju.com.br\/sobre\/horto-municipal-de-aracaju-fortalece-educacao-ambiental-e-acoes-voltadas-a-primeira-infancia\/#primaryimage"},"thumbnailUrl":"https:\/\/www.encontraaracaju.com.br\/sobre\/wp-content\/uploads\/2026\/08\/horto-municipal-de-aracaju-fortalece-educacao-ambiental-e-acoes-voltadas-a-primeira-infancia.webp","datePublished":"2026-08-31T23:31:03+00:00","author":{"@id":"https:\/\/www.encontraaracaju.com.br\/sobre\/#\/schema\/person\/4ffad47e9e50db5f93e67859b297b0be"},"breadcrumb":{"@id":"https:\/\/www.encontraaracaju.com.br\/sobre\/horto-municipal-de-aracaju-fortalece-educacao-ambiental-e-acoes-voltadas-a-primeira-infancia\/#breadcrumb"},"inLanguage":"pt-BR","potentialAction":[{"@type":"ReadAction","target":["https:\/\/www.encontraaracaju.com.br\/sobre\/horto-municipal-de-aracaju-fortalece-educacao-ambiental-e-acoes-voltadas-a-primeira-infancia\/"]}]},{"@type":"ImageObject","inLanguage":"pt-BR","@id":"https:\/\/www.encontraaracaju.com.br\/sobre\/horto-municipal-de-aracaju-fortalece-educacao-ambiental-e-acoes-voltadas-a-primeira-infancia\/#primaryimage","url":"https:\/\/www.encontraaracaju.com.br\/sobre\/wp-content\/uploads\/2026\/08\/horto-municipal-de-aracaju-fortalece-educacao-ambiental-e-acoes-voltadas-a-primeira-infancia.webp","contentUrl":"https:\/\/www.encontraaracaju.com.br\/sobre\/wp-content\/uploads\/2026\/08\/horto-municipal-de-aracaju-fortalece-educacao-ambiental-e-acoes-voltadas-a-primeira-infancia.webp","width":280,"height":280,"caption":"Prefeitura de Aracaju"},{"@type":"BreadcrumbList","@id":"https:\/\/www.encontraaracaju.com.br\/sobre\/horto-municipal-de-aracaju-fortalece-educacao-ambiental-e-acoes-voltadas-a-primeira-infancia\/#breadcrumb","itemListElement":[{"@type":"ListItem","position":1,"name":"In\u00edcio","item":"https:\/\/www.encontraaracaju.com.br\/sobre\/"},{"@type":"ListItem","position":2,"name":"Horto Municipal de Aracaju fortalece educa\u00e7\u00e3o ambiental e a\u00e7\u00f5es voltadas \u00e0 primeira inf\u00e2ncia"}]},{"@type":"WebSite","@id":"https:\/\/www.encontraaracaju.com.br\/sobre\/#website","url":"https:\/\/www.encontraaracaju.com.br\/sobre\/","name":"Encontra Aracaju","description":"Not\u00edcias, eventos, informa\u00e7\u00f5es e dicas na cidade Aracaju e regi\u00e3o.","potentialAction":[{"@type":"SearchAction","target":{"@type":"EntryPoint","urlTemplate":"https:\/\/www.encontraaracaju.com.br\/sobre\/?s={search_term_string}"},"query-input":{"@type":"PropertyValueSpecification","valueRequired":true,"valueName":"search_term_string"}}],"inLanguage":"pt-BR"},{"@type":"Person","@id":"https:\/\/www.encontraaracaju.com.br\/sobre\/#\/schema\/person\/4ffad47e9e50db5f93e67859b297b0be","name":"Encontra Aracaju","image":{"@type":"ImageObject","inLanguage":"pt-BR","@id":"https:\/\/www.encontraaracaju.com.br\/sobre\/#\/schema\/person\/image\/","url":"https:\/\/secure.gravatar.com\/avatar\/507340682b8270222e1f208e23198b6ae7e2c6a1033ae84e99bc6bce4f82a387?s=96&d=mm&r=g","contentUrl":"https:\/\/secure.gravatar.com\/avatar\/507340682b8270222e1f208e23198b6ae7e2c6a1033ae84e99bc6bce4f82a387?s=96&d=mm&r=g","caption":"Encontra Aracaju"},"sameAs":["http:\/\/www.encontraaracaju.com.br"]}]}},"_links":{"self":[{"href":"https:\/\/www.encontraaracaju.com.br\/sobre\/wp-json\/wp\/v2\/posts\/2566","targetHints":{"allow":["GET"]}}],"collection":[{"href":"https:\/\/www.encontraaracaju.com.br\/sobre\/wp-json\/wp\/v2\/posts"}],"about":[{"href":"https:\/\/www.encontraaracaju.com.br\/sobre\/wp-json\/wp\/v2\/types\/post"}],"author":[{"embeddable":true,"href":"https:\/\/www.encontraaracaju.com.br\/sobre\/wp-json\/wp\/v2\/users\/1"}],"replies":[{"embeddable":true,"href":"https:\/\/www.encontraaracaju.com.br\/sobre\/wp-json\/wp\/v2\/comments?post=2566"}],"version-history":[{"count":0,"href":"https:\/\/www.encontraaracaju.com.br\/sobre\/wp-json\/wp\/v2\/posts\/2566\/revisions"}],"wp:featuredmedia":[{"embeddable":true,"href":"https:\/\/www.encontraaracaju.com.br\/sobre\/wp-json\/wp\/v2\/media\/2565"}],"wp:attachment":[{"href":"https:\/\/www.encontraaracaju.com.br\/sobre\/wp-json\/wp\/v2\/media?parent=2566"}],"wp:term":[{"taxonomy":"category","embeddable":true,"href":"https:\/\/www.encontraaracaju.com.br\/sobre\/wp-json\/wp\/v2\/categories?post=2566"},{"taxonomy":"post_tag","embeddable":true,"href":"https:\/\/www.encontraaracaju.com.br\/sobre\/wp-json\/wp\/v2\/tags?post=2566"}],"curies":[{"name":"wp","href":"https:\/\/api.w.org\/{rel}","templated":true}]}}