{"id":2564,"date":"2026-08-31T20:29:44","date_gmt":"2026-08-31T23:29:44","guid":{"rendered":"https:\/\/www.encontraaracaju.com.br\/sobre\/defesa-civil-nas-escolas-alerta-sobre-problemas-gerados-pelo-descarte-irregular-de-lixo\/"},"modified":"2026-08-31T20:29:44","modified_gmt":"2026-08-31T23:29:44","slug":"defesa-civil-nas-escolas-alerta-sobre-problemas-gerados-pelo-descarte-irregular-de-lixo","status":"publish","type":"post","link":"https:\/\/www.encontraaracaju.com.br\/sobre\/defesa-civil-nas-escolas-alerta-sobre-problemas-gerados-pelo-descarte-irregular-de-lixo\/","title":{"rendered":"Defesa Civil nas escolas alerta sobre problemas gerados pelo descarte irregular de lixo"},"content":{"rendered":"<div class=\"0de350683d360aa04277a39db0bae410\" data-index=\"1\" style=\"float: none; margin:0px;\">\n<!-- Anuncio display - global -->\r\n<ins class=\"adsbygoogle\"\r\n     style=\"display:block\"\r\n     data-ad-client=\"ca-pub-8585364105181520\"\r\n     data-ad-slot=\"8789329856\"\r\n     data-ad-format=\"auto\"\r\n     data-full-width-responsive=\"true\"><\/ins>\r\n<script>\r\n     (adsbygoogle = window.adsbygoogle || []).push({});\r\n<\/script>\n<\/div>\n<h2>Informa\u00e7\u00f5es gerais sobre a Prefeitura de Aracaju<\/h2>\n<p>A Prefeitura de Aracaju, a capital do estado de Sergipe, desempenha um papel fundamental na governan\u00e7a e desenvolvimento da cidade. Com a miss\u00e3o de promover o bem-estar e a qualidade de vida dos cidad\u00e3os, a administra\u00e7\u00e3o municipal disponibiliza uma variedade de servi\u00e7os \u00e0 popula\u00e7\u00e3o e trabalha em diversas \u00e1reas de atua\u00e7\u00e3o.<\/p>\n<h2>Secretarias e suas Fun\u00e7\u00f5es<\/h2>\n<p>A gest\u00e3o da Prefeitura \u00e9 composta por diversas secretarias, cada uma com atribui\u00e7\u00f5es espec\u00edficas que visam atender diferentes demandas da sociedade. Abaixo, apresentamos uma lista das principais secretarias e suas responsabilidades.<\/p>\n<ul>\n<li><strong>Secretaria Municipal de Governo:<\/strong> Coordena as a\u00e7\u00f5es governamentais e articula\u00e7\u00f5es pol\u00edticas.<\/li>\n<li><strong>Secretaria Municipal de Comunica\u00e7\u00e3o Social:<\/strong> Respons\u00e1vel pela comunica\u00e7\u00e3o da Prefeitura com a popula\u00e7\u00e3o e a imprensa.<\/li>\n<li><strong>Procuradoria-Geral do Munic\u00edpio:<\/strong> Atua na defesa dos interesses jur\u00eddicos do munic\u00edpio.<\/li>\n<li><strong>Controladoria Geral do Munic\u00edpio:<\/strong> Fiscaliza e garante a transpar\u00eancia nas a\u00e7\u00f5es administrativas.<\/li>\n<li><strong>Secretaria Municipal da Fazenda:<\/strong> Administra as finan\u00e7as p\u00fablicas e a arrecada\u00e7\u00e3o de impostos.<\/li>\n<li><strong>Secretaria Municipal de Planejamento, Or\u00e7amento e Gest\u00e3o:<\/strong> Elabora e executa o plano diretor e or\u00e7amento da cidade.<\/li>\n<li><strong>Secretaria Municipal de Educa\u00e7\u00e3o:<\/strong> Supervisiona a educa\u00e7\u00e3o p\u00fablica e as escolas municipais.<\/li>\n<li><strong>Secretaria Municipal de Sa\u00fade:<\/strong> Cuida da sa\u00fade p\u00fablica, implementando programas e servi\u00e7os de sa\u00fade.<\/li>\n<li><strong>Secretaria Municipal de Fam\u00edlia e Assist\u00eancia Social:<\/strong> Promove a\u00e7\u00f5es de assist\u00eancia social e prote\u00e7\u00e3o \u00e0 fam\u00edlia.<\/li>\n<li><strong>Secretaria Municipal de Juventude e Esporte:<\/strong> Fomenta pol\u00edticas para a juventude e a pr\u00e1tica de esportes.<\/li>\n<li><strong>Secretaria Municipal do Meio Ambiente:<\/strong> Realiza a\u00e7\u00f5es voltadas para a preserva\u00e7\u00e3o ambiental e conserva\u00e7\u00e3o dos recursos naturais.<\/li>\n<li><strong>Secretaria Municipal de Turismo:<\/strong> Trabalha na promo\u00e7\u00e3o do turismo e fortalecimento da economia local.<\/li>\n<li><strong>Secretaria Municipal de Infraestrutura:<\/strong> Respons\u00e1vel pela manuten\u00e7\u00e3o e desenvolvimento das obras p\u00fablicas na cidade.<\/li>\n<li><strong>Secretaria Municipal de Seguran\u00e7a Municipal e Cidadania:<\/strong> Atua em pol\u00edticas de seguran\u00e7a e promo\u00e7\u00e3o da cidadania.<\/li>\n<li><strong>Secretaria Municipal de Desenvolvimento Econ\u00f4mico e Inova\u00e7\u00e3o:<\/strong> Promove o crescimento econ\u00f4mico e a inova\u00e7\u00e3o na cidade.<\/li>\n<li><strong>Secretaria Municipal de Articula\u00e7\u00e3o Pol\u00edtica e Rela\u00e7\u00f5es Institucionais:<\/strong> Fortalece parcerias e di\u00e1logos com outras esferas de governo e sociedade civil.<\/li>\n<li><strong>Secretaria Municipal de Cultura:<\/strong> Apoia e promove a cultura e as artes locais.<\/li>\n<li><strong>Secretaria Municipal dos Direitos da Pessoa com Defici\u00eancia:<\/strong> Garante os direitos e a inclus\u00e3o das pessoas com defici\u00eancia.<\/li>\n<li><strong>Secretaria Municipal de Respeito \u00e0s Pol\u00edticas para as Mulheres:<\/strong> Trata de quest\u00f5es de g\u00eanero e promove direitos das mulheres.<\/li>\n<\/ul>\n<h2>Empresas e Funda\u00e7\u00f5es Municipais<\/h2>\n<p>Al\u00e9m das secretarias, a Prefeitura de Aracaju tamb\u00e9m \u00e9 respons\u00e1vel pela gest\u00e3o de v\u00e1rias empresas e funda\u00e7\u00f5es que prestam servi\u00e7os essenciais \u00e0 popula\u00e7\u00e3o. Veja a seguir algumas dessas entidades:<\/p>\n<p><img decoding=\"async\" src=\"https:\/\/www.encontraaracaju.com.br\/sobre\/wp-content\/uploads\/2026\/08\/defesa-civil-nas-escolas-alerta-sobre-problemas-gerados-pelo-descarte-irregular-de-lixo.webp\" alt=\"Prefeitura de Aracaju\" loading=\"lazy\" \/><\/p>\n<ul>\n<li><strong>Instituto de Previd\u00eancia de Aracaju:<\/strong> Gerencia a previd\u00eancia dos servidores municipais.<\/li>\n<li><strong>Superintend\u00eancia Municipal de Transportes e Tr\u00e2nsito:<\/strong> Cuida da mobilidade urbana e gerenciamento do tr\u00e1fego.<\/li>\n<li><strong>Funda\u00e7\u00e3o Municipal de Forma\u00e7\u00e3o para o Trabalho:<\/strong> Oferece cursos e capacita\u00e7\u00e3o profissional.<\/li>\n<li><strong>Funda\u00e7\u00e3o Cultural Cidade de Aracaju:<\/strong> Promove atividades culturais e eventos na cidade.<\/li>\n<li><strong>Empresa Municipal de Servi\u00e7os Urbanos:<\/strong> Realiza a coleta de lixo e servi\u00e7os de limpeza urbana.<\/li>\n<li><strong>Empresa Municipal de Obras e Urbaniza\u00e7\u00e3o:<\/strong> Encabe\u00e7a projetos de urbaniza\u00e7\u00e3o e obras p\u00fablicas.<\/li>\n<\/ul>\n<h2>Como Acompanhar as Not\u00edcias<\/h2>\n<p>Para se manter informado sobre as iniciativas e servi\u00e7os oferecidos pela Prefeitura, a popula\u00e7\u00e3o pode acompanhar as atualiza\u00e7\u00f5es atrav\u00e9s da se\u00e7\u00e3o de not\u00edcias do site oficial e das diversas plataformas digitais dispon\u00edveis. Al\u00e9m disso, a Prefeitura mant\u00e9m uma <strong>Ag\u00eancia de Not\u00edcias<\/strong>, que fornece informa\u00e7\u00f5es sobre eventos, projetos e a\u00e7\u00f5es implementadas na cidade.<\/p>\n<h2>Acesso \u00e0 \u00c1rea do Servidor<\/h2>\n<p>Depois de logar na plataforma, os servidores municipais podem acessar seu WebMail funcional, facilitando a comunica\u00e7\u00e3o interna e o gerenciamento de informa\u00e7\u00f5es. Isso \u00e9 essencial para a fluidez do trabalho dentro da administra\u00e7\u00e3o p\u00fablica.<\/p>\n<h2>Contatos e Comunica\u00e7\u00f5es<\/h2>\n<p>A Prefeitura de Aracaju disponibiliza v\u00e1rias formas de contato para que os cidad\u00e3os possam expressar suas d\u00favidas, sugest\u00f5es e reivindica\u00e7\u00f5es. Os canais incluem telefones, e-mails e formul\u00e1rios dispon\u00edveis no site oficial. Uma comunica\u00e7\u00e3o eficaz entre a popula\u00e7\u00e3o e a administra\u00e7\u00e3o \u00e9 crucial para atender \u00e0s necessidades da comunidade.<\/p>\n<h2>Iniciativas de Acessibilidade<\/h2>\n<p>Com o objetivo de tornar a cidade mais inclusiva, a Prefeitura de Aracaju implementa diversas iniciativas de acessibilidade. Isso inclui a adapta\u00e7\u00e3o de espa\u00e7os p\u00fablicos e servi\u00e7os para garantir que todos os cidad\u00e3os, independentemente de suas condi\u00e7\u00f5es f\u00edsicas, possam usufruir dos recursos e servi\u00e7os oferecidos.<\/p>\n<h2>Engajamento nas Redes Sociais<\/h2>\n<p>A Prefeitura de Aracaju tamb\u00e9m est\u00e1 presente nas m\u00eddias sociais, onde compartilha informa\u00e7\u00f5es, novidades e eventos com a comunidade. Atrav\u00e9s de plataformas como Instagram, Facebook e YouTube, os cidad\u00e3os podem interagir diretamente com a administra\u00e7\u00e3o e acompanhar de perto as a\u00e7\u00f5es do governo municipal.<\/p>\n<h2>Programas da Secretaria de Sa\u00fade<\/h2>\n<p>A Secretaria Municipal de Sa\u00fade desenvolve uma variedade de programas que visam melhorar a sa\u00fade da popula\u00e7\u00e3o. Entre as a\u00e7\u00f5es est\u00e3o campanhas de vacina\u00e7\u00e3o, preven\u00e7\u00e3o de doen\u00e7as, al\u00e9m de atendimento em unidades de sa\u00fade. Essas iniciativas buscam promover uma vida saud\u00e1vel e o bem-estar dos cidad\u00e3os.<\/p>\n<h2>Cultura e Eventos em Aracaju<\/h2>\n<p>Aracaju, conhecida por sua rica cultura, conta com uma diversidade de eventos promovidos pela Secretaria Municipal de Cultura. Festivais, exposi\u00e7\u00f5es e apresenta\u00e7\u00f5es art\u00edsticas s\u00e3o algumas das atividades que valorizam o patrim\u00f4nio cultural da cidade e envolvem a participa\u00e7\u00e3o popular, fortalecendo a identidade local.<\/p>\n\n<div style=\"font-size: 0px; height: 0px; line-height: 0px; margin: 0; padding: 0; clear: both;\"><\/div>","protected":false},"excerpt":{"rendered":"<p>Conhe\u00e7a os servi\u00e7os e a estrutura da Prefeitura de Aracaju.<\/p>\n","protected":false},"author":1,"featured_media":2563,"comment_status":"closed","ping_status":"closed","sticky":false,"template":"","format":"standard","meta":{"footnotes":""},"categories":[23],"tags":[],"class_list":["post-2564","post","type-post","status-publish","format-standard","has-post-thumbnail","hentry","category-educacao-em-aracaju","has_thumb"],"yoast_head":"<!-- This site is optimized with the Yoast SEO plugin v26.4 - https:\/\/yoast.com\/wordpress\/plugins\/seo\/ -->\n<title>Defesa Civil nas escolas alerta sobre problemas gerados pelo descarte irregular de lixo - Encontra Aracaju<\/title>\n<meta name=\"robots\" content=\"index, follow, max-snippet:-1, max-image-preview:large, max-video-preview:-1\" \/>\n<link rel=\"canonical\" href=\"https:\/\/www.encontraaracaju.com.br\/sobre\/defesa-civil-nas-escolas-alerta-sobre-problemas-gerados-pelo-descarte-irregular-de-lixo\/\" \/>\n<meta property=\"og:locale\" content=\"pt_BR\" \/>\n<meta property=\"og:type\" content=\"article\" \/>\n<meta property=\"og:title\" content=\"Defesa Civil nas escolas alerta sobre problemas gerados pelo descarte irregular de lixo - Encontra Aracaju\" \/>\n<meta property=\"og:description\" content=\"Conhe\u00e7a os servi\u00e7os e a estrutura da Prefeitura de Aracaju.\" \/>\n<meta property=\"og:url\" content=\"https:\/\/www.encontraaracaju.com.br\/sobre\/defesa-civil-nas-escolas-alerta-sobre-problemas-gerados-pelo-descarte-irregular-de-lixo\/\" \/>\n<meta property=\"og:site_name\" content=\"Encontra Aracaju\" \/>\n<meta property=\"article:published_time\" content=\"2026-08-31T23:29:44+00:00\" \/>\n<meta property=\"og:image\" content=\"https:\/\/www.encontraaracaju.com.br\/sobre\/wp-content\/uploads\/2026\/08\/defesa-civil-nas-escolas-alerta-sobre-problemas-gerados-pelo-descarte-irregular-de-lixo.webp\" \/>\n<meta name=\"author\" content=\"Encontra Aracaju\" \/>\n<meta name=\"twitter:card\" content=\"summary_large_image\" \/>\n<meta name=\"twitter:label1\" content=\"Escrito por\" \/>\n\t<meta name=\"twitter:data1\" content=\"Encontra Aracaju\" \/>\n\t<meta name=\"twitter:label2\" content=\"Est. tempo de leitura\" \/>\n\t<meta name=\"twitter:data2\" content=\"5 minutos\" \/>\n<script type=\"application\/ld+json\" class=\"yoast-schema-graph\">{\"@context\":\"https:\/\/schema.org\",\"@graph\":[{\"@type\":\"WebPage\",\"@id\":\"https:\/\/www.encontraaracaju.com.br\/sobre\/defesa-civil-nas-escolas-alerta-sobre-problemas-gerados-pelo-descarte-irregular-de-lixo\/\",\"url\":\"https:\/\/www.encontraaracaju.com.br\/sobre\/defesa-civil-nas-escolas-alerta-sobre-problemas-gerados-pelo-descarte-irregular-de-lixo\/\",\"name\":\"Defesa Civil nas escolas alerta sobre problemas gerados pelo descarte irregular de lixo - Encontra Aracaju\",\"isPartOf\":{\"@id\":\"https:\/\/www.encontraaracaju.com.br\/sobre\/#website\"},\"primaryImageOfPage\":{\"@id\":\"https:\/\/www.encontraaracaju.com.br\/sobre\/defesa-civil-nas-escolas-alerta-sobre-problemas-gerados-pelo-descarte-irregular-de-lixo\/#primaryimage\"},\"image\":{\"@id\":\"https:\/\/www.encontraaracaju.com.br\/sobre\/defesa-civil-nas-escolas-alerta-sobre-problemas-gerados-pelo-descarte-irregular-de-lixo\/#primaryimage\"},\"thumbnailUrl\":\"https:\/\/www.encontraaracaju.com.br\/sobre\/wp-content\/uploads\/2026\/08\/defesa-civil-nas-escolas-alerta-sobre-problemas-gerados-pelo-descarte-irregular-de-lixo.webp\",\"datePublished\":\"2026-08-31T23:29:44+00:00\",\"author\":{\"@id\":\"https:\/\/www.encontraaracaju.com.br\/sobre\/#\/schema\/person\/4ffad47e9e50db5f93e67859b297b0be\"},\"breadcrumb\":{\"@id\":\"https:\/\/www.encontraaracaju.com.br\/sobre\/defesa-civil-nas-escolas-alerta-sobre-problemas-gerados-pelo-descarte-irregular-de-lixo\/#breadcrumb\"},\"inLanguage\":\"pt-BR\",\"potentialAction\":[{\"@type\":\"ReadAction\",\"target\":[\"https:\/\/www.encontraaracaju.com.br\/sobre\/defesa-civil-nas-escolas-alerta-sobre-problemas-gerados-pelo-descarte-irregular-de-lixo\/\"]}]},{\"@type\":\"ImageObject\",\"inLanguage\":\"pt-BR\",\"@id\":\"https:\/\/www.encontraaracaju.com.br\/sobre\/defesa-civil-nas-escolas-alerta-sobre-problemas-gerados-pelo-descarte-irregular-de-lixo\/#primaryimage\",\"url\":\"https:\/\/www.encontraaracaju.com.br\/sobre\/wp-content\/uploads\/2026\/08\/defesa-civil-nas-escolas-alerta-sobre-problemas-gerados-pelo-descarte-irregular-de-lixo.webp\",\"contentUrl\":\"https:\/\/www.encontraaracaju.com.br\/sobre\/wp-content\/uploads\/2026\/08\/defesa-civil-nas-escolas-alerta-sobre-problemas-gerados-pelo-descarte-irregular-de-lixo.webp\",\"width\":280,\"height\":280,\"caption\":\"Prefeitura de Aracaju\"},{\"@type\":\"BreadcrumbList\",\"@id\":\"https:\/\/www.encontraaracaju.com.br\/sobre\/defesa-civil-nas-escolas-alerta-sobre-problemas-gerados-pelo-descarte-irregular-de-lixo\/#breadcrumb\",\"itemListElement\":[{\"@type\":\"ListItem\",\"position\":1,\"name\":\"In\u00edcio\",\"item\":\"https:\/\/www.encontraaracaju.com.br\/sobre\/\"},{\"@type\":\"ListItem\",\"position\":2,\"name\":\"Defesa Civil nas escolas alerta sobre problemas gerados pelo descarte irregular de lixo\"}]},{\"@type\":\"WebSite\",\"@id\":\"https:\/\/www.encontraaracaju.com.br\/sobre\/#website\",\"url\":\"https:\/\/www.encontraaracaju.com.br\/sobre\/\",\"name\":\"Encontra Aracaju\",\"description\":\"Not\u00edcias, eventos, informa\u00e7\u00f5es e dicas na cidade Aracaju e regi\u00e3o.\",\"potentialAction\":[{\"@type\":\"SearchAction\",\"target\":{\"@type\":\"EntryPoint\",\"urlTemplate\":\"https:\/\/www.encontraaracaju.com.br\/sobre\/?s={search_term_string}\"},\"query-input\":{\"@type\":\"PropertyValueSpecification\",\"valueRequired\":true,\"valueName\":\"search_term_string\"}}],\"inLanguage\":\"pt-BR\"},{\"@type\":\"Person\",\"@id\":\"https:\/\/www.encontraaracaju.com.br\/sobre\/#\/schema\/person\/4ffad47e9e50db5f93e67859b297b0be\",\"name\":\"Encontra Aracaju\",\"image\":{\"@type\":\"ImageObject\",\"inLanguage\":\"pt-BR\",\"@id\":\"https:\/\/www.encontraaracaju.com.br\/sobre\/#\/schema\/person\/image\/\",\"url\":\"https:\/\/secure.gravatar.com\/avatar\/507340682b8270222e1f208e23198b6ae7e2c6a1033ae84e99bc6bce4f82a387?s=96&d=mm&r=g\",\"contentUrl\":\"https:\/\/secure.gravatar.com\/avatar\/507340682b8270222e1f208e23198b6ae7e2c6a1033ae84e99bc6bce4f82a387?s=96&d=mm&r=g\",\"caption\":\"Encontra Aracaju\"},\"sameAs\":[\"http:\/\/www.encontraaracaju.com.br\"]}]}<\/script>\n<!-- \/ Yoast SEO plugin. -->","yoast_head_json":{"title":"Defesa Civil nas escolas alerta sobre problemas gerados pelo descarte irregular de lixo - Encontra Aracaju","robots":{"index":"index","follow":"follow","max-snippet":"max-snippet:-1","max-image-preview":"max-image-preview:large","max-video-preview":"max-video-preview:-1"},"canonical":"https:\/\/www.encontraaracaju.com.br\/sobre\/defesa-civil-nas-escolas-alerta-sobre-problemas-gerados-pelo-descarte-irregular-de-lixo\/","og_locale":"pt_BR","og_type":"article","og_title":"Defesa Civil nas escolas alerta sobre problemas gerados pelo descarte irregular de lixo - Encontra Aracaju","og_description":"Conhe\u00e7a os servi\u00e7os e a estrutura da Prefeitura de Aracaju.","og_url":"https:\/\/www.encontraaracaju.com.br\/sobre\/defesa-civil-nas-escolas-alerta-sobre-problemas-gerados-pelo-descarte-irregular-de-lixo\/","og_site_name":"Encontra Aracaju","article_published_time":"2026-08-31T23:29:44+00:00","og_image":[{"url":"https:\/\/www.encontraaracaju.com.br\/sobre\/wp-content\/uploads\/2026\/08\/defesa-civil-nas-escolas-alerta-sobre-problemas-gerados-pelo-descarte-irregular-de-lixo.webp","type":"","width":"","height":""}],"author":"Encontra Aracaju","twitter_card":"summary_large_image","twitter_misc":{"Escrito por":"Encontra Aracaju","Est. tempo de leitura":"5 minutos"},"schema":{"@context":"https:\/\/schema.org","@graph":[{"@type":"WebPage","@id":"https:\/\/www.encontraaracaju.com.br\/sobre\/defesa-civil-nas-escolas-alerta-sobre-problemas-gerados-pelo-descarte-irregular-de-lixo\/","url":"https:\/\/www.encontraaracaju.com.br\/sobre\/defesa-civil-nas-escolas-alerta-sobre-problemas-gerados-pelo-descarte-irregular-de-lixo\/","name":"Defesa Civil nas escolas alerta sobre problemas gerados pelo descarte irregular de lixo - Encontra Aracaju","isPartOf":{"@id":"https:\/\/www.encontraaracaju.com.br\/sobre\/#website"},"primaryImageOfPage":{"@id":"https:\/\/www.encontraaracaju.com.br\/sobre\/defesa-civil-nas-escolas-alerta-sobre-problemas-gerados-pelo-descarte-irregular-de-lixo\/#primaryimage"},"image":{"@id":"https:\/\/www.encontraaracaju.com.br\/sobre\/defesa-civil-nas-escolas-alerta-sobre-problemas-gerados-pelo-descarte-irregular-de-lixo\/#primaryimage"},"thumbnailUrl":"https:\/\/www.encontraaracaju.com.br\/sobre\/wp-content\/uploads\/2026\/08\/defesa-civil-nas-escolas-alerta-sobre-problemas-gerados-pelo-descarte-irregular-de-lixo.webp","datePublished":"2026-08-31T23:29:44+00:00","author":{"@id":"https:\/\/www.encontraaracaju.com.br\/sobre\/#\/schema\/person\/4ffad47e9e50db5f93e67859b297b0be"},"breadcrumb":{"@id":"https:\/\/www.encontraaracaju.com.br\/sobre\/defesa-civil-nas-escolas-alerta-sobre-problemas-gerados-pelo-descarte-irregular-de-lixo\/#breadcrumb"},"inLanguage":"pt-BR","potentialAction":[{"@type":"ReadAction","target":["https:\/\/www.encontraaracaju.com.br\/sobre\/defesa-civil-nas-escolas-alerta-sobre-problemas-gerados-pelo-descarte-irregular-de-lixo\/"]}]},{"@type":"ImageObject","inLanguage":"pt-BR","@id":"https:\/\/www.encontraaracaju.com.br\/sobre\/defesa-civil-nas-escolas-alerta-sobre-problemas-gerados-pelo-descarte-irregular-de-lixo\/#primaryimage","url":"https:\/\/www.encontraaracaju.com.br\/sobre\/wp-content\/uploads\/2026\/08\/defesa-civil-nas-escolas-alerta-sobre-problemas-gerados-pelo-descarte-irregular-de-lixo.webp","contentUrl":"https:\/\/www.encontraaracaju.com.br\/sobre\/wp-content\/uploads\/2026\/08\/defesa-civil-nas-escolas-alerta-sobre-problemas-gerados-pelo-descarte-irregular-de-lixo.webp","width":280,"height":280,"caption":"Prefeitura de Aracaju"},{"@type":"BreadcrumbList","@id":"https:\/\/www.encontraaracaju.com.br\/sobre\/defesa-civil-nas-escolas-alerta-sobre-problemas-gerados-pelo-descarte-irregular-de-lixo\/#breadcrumb","itemListElement":[{"@type":"ListItem","position":1,"name":"In\u00edcio","item":"https:\/\/www.encontraaracaju.com.br\/sobre\/"},{"@type":"ListItem","position":2,"name":"Defesa Civil nas escolas alerta sobre problemas gerados pelo descarte irregular de lixo"}]},{"@type":"WebSite","@id":"https:\/\/www.encontraaracaju.com.br\/sobre\/#website","url":"https:\/\/www.encontraaracaju.com.br\/sobre\/","name":"Encontra Aracaju","description":"Not\u00edcias, eventos, informa\u00e7\u00f5es e dicas na cidade Aracaju e regi\u00e3o.","potentialAction":[{"@type":"SearchAction","target":{"@type":"EntryPoint","urlTemplate":"https:\/\/www.encontraaracaju.com.br\/sobre\/?s={search_term_string}"},"query-input":{"@type":"PropertyValueSpecification","valueRequired":true,"valueName":"search_term_string"}}],"inLanguage":"pt-BR"},{"@type":"Person","@id":"https:\/\/www.encontraaracaju.com.br\/sobre\/#\/schema\/person\/4ffad47e9e50db5f93e67859b297b0be","name":"Encontra Aracaju","image":{"@type":"ImageObject","inLanguage":"pt-BR","@id":"https:\/\/www.encontraaracaju.com.br\/sobre\/#\/schema\/person\/image\/","url":"https:\/\/secure.gravatar.com\/avatar\/507340682b8270222e1f208e23198b6ae7e2c6a1033ae84e99bc6bce4f82a387?s=96&d=mm&r=g","contentUrl":"https:\/\/secure.gravatar.com\/avatar\/507340682b8270222e1f208e23198b6ae7e2c6a1033ae84e99bc6bce4f82a387?s=96&d=mm&r=g","caption":"Encontra Aracaju"},"sameAs":["http:\/\/www.encontraaracaju.com.br"]}]}},"_links":{"self":[{"href":"https:\/\/www.encontraaracaju.com.br\/sobre\/wp-json\/wp\/v2\/posts\/2564","targetHints":{"allow":["GET"]}}],"collection":[{"href":"https:\/\/www.encontraaracaju.com.br\/sobre\/wp-json\/wp\/v2\/posts"}],"about":[{"href":"https:\/\/www.encontraaracaju.com.br\/sobre\/wp-json\/wp\/v2\/types\/post"}],"author":[{"embeddable":true,"href":"https:\/\/www.encontraaracaju.com.br\/sobre\/wp-json\/wp\/v2\/users\/1"}],"replies":[{"embeddable":true,"href":"https:\/\/www.encontraaracaju.com.br\/sobre\/wp-json\/wp\/v2\/comments?post=2564"}],"version-history":[{"count":0,"href":"https:\/\/www.encontraaracaju.com.br\/sobre\/wp-json\/wp\/v2\/posts\/2564\/revisions"}],"wp:featuredmedia":[{"embeddable":true,"href":"https:\/\/www.encontraaracaju.com.br\/sobre\/wp-json\/wp\/v2\/media\/2563"}],"wp:attachment":[{"href":"https:\/\/www.encontraaracaju.com.br\/sobre\/wp-json\/wp\/v2\/media?parent=2564"}],"wp:term":[{"taxonomy":"category","embeddable":true,"href":"https:\/\/www.encontraaracaju.com.br\/sobre\/wp-json\/wp\/v2\/categories?post=2564"},{"taxonomy":"post_tag","embeddable":true,"href":"https:\/\/www.encontraaracaju.com.br\/sobre\/wp-json\/wp\/v2\/tags?post=2564"}],"curies":[{"name":"wp","href":"https:\/\/api.w.org\/{rel}","templated":true}]}}