{"id":2562,"date":"2026-08-31T20:28:41","date_gmt":"2026-08-31T23:28:41","guid":{"rendered":"https:\/\/www.encontraaracaju.com.br\/sobre\/obras-do-complexo-maria-do-carmo-alteram-circulacao-e-fecham-retorno-na-avenida-tancredo-neves\/"},"modified":"2026-08-31T20:28:41","modified_gmt":"2026-08-31T23:28:41","slug":"obras-do-complexo-maria-do-carmo-alteram-circulacao-e-fecham-retorno-na-avenida-tancredo-neves","status":"publish","type":"post","link":"https:\/\/www.encontraaracaju.com.br\/sobre\/obras-do-complexo-maria-do-carmo-alteram-circulacao-e-fecham-retorno-na-avenida-tancredo-neves\/","title":{"rendered":"Obras do Complexo Maria do Carmo alteram circula\u00e7\u00e3o e fecham retorno na avenida Tancredo Neves"},"content":{"rendered":"<div class=\"0de350683d360aa04277a39db0bae410\" data-index=\"1\" style=\"float: none; margin:0px;\">\n<!-- Anuncio display - global -->\r\n<ins class=\"adsbygoogle\"\r\n     style=\"display:block\"\r\n     data-ad-client=\"ca-pub-8585364105181520\"\r\n     data-ad-slot=\"8789329856\"\r\n     data-ad-format=\"auto\"\r\n     data-full-width-responsive=\"true\"><\/ins>\r\n<script>\r\n     (adsbygoogle = window.adsbygoogle || []).push({});\r\n<\/script>\n<\/div>\n<h2>Conhe\u00e7a a Estrutura da Prefeitura de Aracaju<\/h2>\n<p>A Prefeitura de Aracaju \u00e9 a institui\u00e7\u00e3o respons\u00e1vel pela administra\u00e7\u00e3o da capital sergipana. Com um organograma estruturado, a gest\u00e3o \u00e9 dividida entre a Prefeita, o Vice-Prefeito e v\u00e1rias secretarias que atuam em \u00e1reas espec\u00edficas, visando atender \u00e0s necessidades da popula\u00e7\u00e3o e promover o desenvolvimento do munic\u00edpio. Esta estrutura permite uma abordagem focada em cada setor, assegurando que os servi\u00e7os oferecidos sejam de qualidade e eficientes.<\/p>\n<h2>Servi\u00e7os Oferecidos pela Prefeitura<\/h2>\n<p>A Prefeitura de Aracaju disponibiliza uma ampla gama de servi\u00e7os essenciais aos cidad\u00e3os. Entre os principais servi\u00e7os, est\u00e3o:<\/p>\n<ul>\n<li><strong>Sa\u00fade:<\/strong> Atrav\u00e9s das unidades de sa\u00fade, a prefeitura oferece atendimentos m\u00e9dicos, vacina\u00e7\u00e3o e campanhas de conscientiza\u00e7\u00e3o.<\/li>\n<li><strong>Educa\u00e7\u00e3o:<\/strong> Promove a educa\u00e7\u00e3o infantil, fundamental e programas de capacita\u00e7\u00e3o para jovens.<\/li>\n<li><strong>Infraestrutura:<\/strong> Respons\u00e1vel pela manuten\u00e7\u00e3o e constru\u00e7\u00e3o de vias, pra\u00e7as e servi\u00e7os de saneamento.<\/li>\n<li><strong>Assist\u00eancia Social:<\/strong> A\u00e7\u00f5es voltadas para o apoio \u00e0s fam\u00edlias em situa\u00e7\u00e3o de vulnerabilidade.<\/li>\n<li><strong>Meio Ambiente:<\/strong> Iniciativas de conserva\u00e7\u00e3o e prote\u00e7\u00e3o ambiental.<\/li>\n<\/ul>\n<h2>Transpar\u00eancia e Acesso \u00e0 Informa\u00e7\u00e3o<\/h2>\n<p>A Prefeitura de Aracaju se compromete com a transpar\u00eancia das suas a\u00e7\u00f5es. O acesso \u00e0 informa\u00e7\u00e3o \u00e9 garantido por meio de plataformas digitais, onde a popula\u00e7\u00e3o pode consultar dados sobre a gest\u00e3o, gastos p\u00fablicos e investimentos. Esta iniciativa \u00e9 fundamental para promover a cidadania e garantir que os cidad\u00e3os tenham conhecimento sobre os atos administrativos.<\/p>\n<p><img decoding=\"async\" src=\"https:\/\/www.encontraaracaju.com.br\/sobre\/wp-content\/uploads\/2026\/08\/obras-do-complexo-maria-do-carmo-alteram-circulacao-e-fecham-retorno-na-avenida-tancredo-neves.webp\" alt=\"Prefeitura de Aracaju\" loading=\"lazy\" \/><\/p>\n<h2>Secretarias e Suas Fun\u00e7\u00f5es<\/h2>\n<p>As secretarias municipais desempenham pap\u00e9is cruciais na implementa\u00e7\u00e3o das pol\u00edticas p\u00fablicas. Confira algumas das principais:<\/p>\n<ul>\n<li><strong>Secretaria Municipal de Sa\u00fade:<\/strong> Gerencia os servi\u00e7os de sa\u00fade p\u00fablica, incluindo hospitais e postos de sa\u00fade.<\/li>\n<li><strong>Secretaria Municipal de Educa\u00e7\u00e3o:<\/strong> Respons\u00e1vel pela gest\u00e3o das escolas e pela promo\u00e7\u00e3o de pol\u00edticas educacionais.<\/li>\n<li><strong>Secretaria Municipal da Fazenda:<\/strong> Cuida da gest\u00e3o financeira do munic\u00edpio, tributa\u00e7\u00e3o e or\u00e7amento.<\/li>\n<li><strong>Secretaria Municipal de Infraestrutura:<\/strong> Foca na constru\u00e7\u00e3o e manuten\u00e7\u00e3o das infraestruturas urbanas.<\/li>\n<li><strong>Secretaria Municipal de Assist\u00eancia Social:<\/strong> Elabora e executa pol\u00edticas para atender as necessidades sociais da popula\u00e7\u00e3o.<\/li>\n<\/ul>\n<h2>Iniciativas para a Comunidade<\/h2>\n<p>Aracaju promove diversas iniciativas voltadas para a comunidade, sempre buscando melhorar a qualidade de vida dos cidad\u00e3os. Entre as iniciativas est\u00e3o:<\/p>\n<ul>\n<li><strong>Programas de Habita\u00e7\u00e3o:<\/strong> Projetos destinados a garantir moradia digna para as fam\u00edlias.<\/li>\n<li><strong>Projetos Culturais:<\/strong> Incentivo \u00e0 cultura local atrav\u00e9s de eventos e a\u00e7\u00f5es que valorizam os artistas da cidade.<\/li>\n<li><strong>Campanhas Educativas:<\/strong> A\u00e7\u00f5es de conscientiza\u00e7\u00e3o em \u00e1reas como sa\u00fade, meio ambiente e seguran\u00e7a.<\/li>\n<\/ul>\n<h2>Projetos de Desenvolvimento Urbano<\/h2>\n<p>A Prefeitura de Aracaju tem se dedicado a projetos de urbaniza\u00e7\u00e3o e revitaliza\u00e7\u00e3o de espa\u00e7os p\u00fablicos. Algumas iniciativas incluem:<\/p>\n<ul>\n<li><strong>Pavimenta\u00e7\u00e3o de Vias:<\/strong> Obras de asfaltamento e drenagem para melhorar a transitabilidade.<\/li>\n<li><strong>Revitaliza\u00e7\u00e3o de Pra\u00e7as:<\/strong> Recupera\u00e7\u00e3o de \u00e1reas de lazer e conviv\u00eancia.<\/li>\n<li><strong>Implanta\u00e7\u00e3o de Ciclovias:<\/strong> Incentivo ao transporte sustent\u00e1vel atrav\u00e9s da constru\u00e7\u00e3o de ciclovias.<\/li>\n<\/ul>\n<h2>Canal de Comunica\u00e7\u00e3o com o Cidad\u00e3o<\/h2>\n<p>A Prefeitura disponibiliza diferentes canais de comunica\u00e7\u00e3o para que o cidad\u00e3o possa interagir e opinar sobre os servi\u00e7os prestados. Isso inclui:<\/p>\n<ul>\n<li><strong>Ouvidoria:<\/strong> Um espa\u00e7o para o registro de reivindica\u00e7\u00f5es, sugest\u00f5es e elogios.<\/li>\n<li><strong>Redes Sociais:<\/strong> Acompanhamento das a\u00e7\u00f5es da Prefeitura em plataformas como Instagram, Facebook e Twitter.<\/li>\n<li><strong>Site Oficial:<\/strong> Informa\u00e7\u00f5es atualizadas sobre os servi\u00e7os e eventos da cidade.<\/li>\n<\/ul>\n<h2>Eventos e Atra\u00e7\u00f5es em Aracaju<\/h2>\n<p>Aracaju possui um calend\u00e1rio cultural rico, repleto de eventos e atra\u00e7\u00f5es que promovem a identidade local. Alguns dos eventos marcantes s\u00e3o:<\/p>\n<ul>\n<li><strong>Festas Juninas:<\/strong> Celebra\u00e7\u00f5es tradicionais que atraem turistas e valorizam a cultura nordestina.<\/li>\n<li><strong>Festival de Ver\u00e3o:<\/strong> Um evento que re\u00fane grandes artistas e oferece uma programa\u00e7\u00e3o variada voltada para todas as idades.<\/li>\n<li><strong>Feiras Gastron\u00f4micas:<\/strong> Eventos que destacam a culin\u00e1ria sergipana e atraem apreciadores da boa mesa.<\/li>\n<\/ul>\n<h2>Campanhas de Sa\u00fade e Bem-Estar<\/h2>\n<p>A sa\u00fade da popula\u00e7\u00e3o \u00e9 uma prioridade e, por isso, a Prefeitura realiza campanhas voltadas \u00e0 promo\u00e7\u00e3o do bem-estar. Entre elas, destacam-se:<\/p>\n<ul>\n<li><strong>Campanha de Vacina\u00e7\u00e3o:<\/strong> Iniciativas anuais para imuniza\u00e7\u00e3o contra diversas doen\u00e7as.<\/li>\n<li><strong>Atividades F\u00edsicas:<\/strong> Programas de incentivo \u00e0 pr\u00e1tica de exerc\u00edcios em parques e pra\u00e7as.<\/li>\n<li><strong>Conscientiza\u00e7\u00e3o sobre Sa\u00fade Mental:<\/strong> A\u00e7\u00f5es educativas que visam promover o cuidado com a sa\u00fade mental da popula\u00e7\u00e3o.<\/li>\n<\/ul>\n<h2>Acesso \u00e0 Cultura e Lazer<\/h2>\n<p>A Prefeitura de Aracaju tamb\u00e9m tem um papel fundamental na promo\u00e7\u00e3o da cultura e do lazer. Alguns programas incluem:<\/p>\n<ul>\n<li><strong>Cinema ao Ar Livre:<\/strong> Exibi\u00e7\u00f5es gratuitas em espa\u00e7os p\u00fablicos como pra\u00e7as e parques.<\/li>\n<li><strong>Atividades Culturais nas Escolas:<\/strong> Projetos que incentivam a arte e a cultura dentro do ambiente escolar.<\/li>\n<li><strong>Espa\u00e7os Culturais:<\/strong> Incentivo \u00e0 cria\u00e7\u00e3o de bibliotecas e centros culturais para acesso \u00e0 leitura e \u00e0 arte.<\/li>\n<\/ul>\n\n<div style=\"font-size: 0px; height: 0px; line-height: 0px; margin: 0; padding: 0; clear: both;\"><\/div>","protected":false},"excerpt":{"rendered":"<p>Prefeitura de Aracaju traz informa\u00e7\u00f5es atualizadas sobre servi\u00e7os e not\u00edcias.<\/p>\n","protected":false},"author":1,"featured_media":2561,"comment_status":"closed","ping_status":"closed","sticky":false,"template":"","format":"standard","meta":{"footnotes":""},"categories":[1],"tags":[],"class_list":["post-2562","post","type-post","status-publish","format-standard","has-post-thumbnail","hentry","category-noticias-em-aracaju","has_thumb"],"yoast_head":"<!-- This site is optimized with the Yoast SEO plugin v26.4 - https:\/\/yoast.com\/wordpress\/plugins\/seo\/ -->\n<title>Obras do Complexo Maria do Carmo alteram circula\u00e7\u00e3o e fecham retorno na avenida Tancredo Neves - Encontra Aracaju<\/title>\n<meta name=\"robots\" content=\"index, follow, max-snippet:-1, max-image-preview:large, max-video-preview:-1\" \/>\n<link rel=\"canonical\" href=\"https:\/\/www.encontraaracaju.com.br\/sobre\/obras-do-complexo-maria-do-carmo-alteram-circulacao-e-fecham-retorno-na-avenida-tancredo-neves\/\" \/>\n<meta property=\"og:locale\" content=\"pt_BR\" \/>\n<meta property=\"og:type\" content=\"article\" \/>\n<meta property=\"og:title\" content=\"Obras do Complexo Maria do Carmo alteram circula\u00e7\u00e3o e fecham retorno na avenida Tancredo Neves - Encontra Aracaju\" \/>\n<meta property=\"og:description\" content=\"Prefeitura de Aracaju traz informa\u00e7\u00f5es atualizadas sobre servi\u00e7os e not\u00edcias.\" \/>\n<meta property=\"og:url\" content=\"https:\/\/www.encontraaracaju.com.br\/sobre\/obras-do-complexo-maria-do-carmo-alteram-circulacao-e-fecham-retorno-na-avenida-tancredo-neves\/\" \/>\n<meta property=\"og:site_name\" content=\"Encontra Aracaju\" \/>\n<meta property=\"article:published_time\" content=\"2026-08-31T23:28:41+00:00\" \/>\n<meta property=\"og:image\" content=\"https:\/\/www.encontraaracaju.com.br\/sobre\/wp-content\/uploads\/2026\/08\/obras-do-complexo-maria-do-carmo-alteram-circulacao-e-fecham-retorno-na-avenida-tancredo-neves.webp\" \/>\n<meta name=\"author\" content=\"Encontra Aracaju\" \/>\n<meta name=\"twitter:card\" content=\"summary_large_image\" \/>\n<meta name=\"twitter:label1\" content=\"Escrito por\" \/>\n\t<meta name=\"twitter:data1\" content=\"Encontra Aracaju\" \/>\n\t<meta name=\"twitter:label2\" content=\"Est. tempo de leitura\" \/>\n\t<meta name=\"twitter:data2\" content=\"4 minutos\" \/>\n<script type=\"application\/ld+json\" class=\"yoast-schema-graph\">{\"@context\":\"https:\/\/schema.org\",\"@graph\":[{\"@type\":\"WebPage\",\"@id\":\"https:\/\/www.encontraaracaju.com.br\/sobre\/obras-do-complexo-maria-do-carmo-alteram-circulacao-e-fecham-retorno-na-avenida-tancredo-neves\/\",\"url\":\"https:\/\/www.encontraaracaju.com.br\/sobre\/obras-do-complexo-maria-do-carmo-alteram-circulacao-e-fecham-retorno-na-avenida-tancredo-neves\/\",\"name\":\"Obras do Complexo Maria do Carmo alteram circula\u00e7\u00e3o e fecham retorno na avenida Tancredo Neves - Encontra Aracaju\",\"isPartOf\":{\"@id\":\"https:\/\/www.encontraaracaju.com.br\/sobre\/#website\"},\"primaryImageOfPage\":{\"@id\":\"https:\/\/www.encontraaracaju.com.br\/sobre\/obras-do-complexo-maria-do-carmo-alteram-circulacao-e-fecham-retorno-na-avenida-tancredo-neves\/#primaryimage\"},\"image\":{\"@id\":\"https:\/\/www.encontraaracaju.com.br\/sobre\/obras-do-complexo-maria-do-carmo-alteram-circulacao-e-fecham-retorno-na-avenida-tancredo-neves\/#primaryimage\"},\"thumbnailUrl\":\"https:\/\/www.encontraaracaju.com.br\/sobre\/wp-content\/uploads\/2026\/08\/obras-do-complexo-maria-do-carmo-alteram-circulacao-e-fecham-retorno-na-avenida-tancredo-neves.webp\",\"datePublished\":\"2026-08-31T23:28:41+00:00\",\"author\":{\"@id\":\"https:\/\/www.encontraaracaju.com.br\/sobre\/#\/schema\/person\/4ffad47e9e50db5f93e67859b297b0be\"},\"breadcrumb\":{\"@id\":\"https:\/\/www.encontraaracaju.com.br\/sobre\/obras-do-complexo-maria-do-carmo-alteram-circulacao-e-fecham-retorno-na-avenida-tancredo-neves\/#breadcrumb\"},\"inLanguage\":\"pt-BR\",\"potentialAction\":[{\"@type\":\"ReadAction\",\"target\":[\"https:\/\/www.encontraaracaju.com.br\/sobre\/obras-do-complexo-maria-do-carmo-alteram-circulacao-e-fecham-retorno-na-avenida-tancredo-neves\/\"]}]},{\"@type\":\"ImageObject\",\"inLanguage\":\"pt-BR\",\"@id\":\"https:\/\/www.encontraaracaju.com.br\/sobre\/obras-do-complexo-maria-do-carmo-alteram-circulacao-e-fecham-retorno-na-avenida-tancredo-neves\/#primaryimage\",\"url\":\"https:\/\/www.encontraaracaju.com.br\/sobre\/wp-content\/uploads\/2026\/08\/obras-do-complexo-maria-do-carmo-alteram-circulacao-e-fecham-retorno-na-avenida-tancredo-neves.webp\",\"contentUrl\":\"https:\/\/www.encontraaracaju.com.br\/sobre\/wp-content\/uploads\/2026\/08\/obras-do-complexo-maria-do-carmo-alteram-circulacao-e-fecham-retorno-na-avenida-tancredo-neves.webp\",\"width\":280,\"height\":280,\"caption\":\"Prefeitura de Aracaju\"},{\"@type\":\"BreadcrumbList\",\"@id\":\"https:\/\/www.encontraaracaju.com.br\/sobre\/obras-do-complexo-maria-do-carmo-alteram-circulacao-e-fecham-retorno-na-avenida-tancredo-neves\/#breadcrumb\",\"itemListElement\":[{\"@type\":\"ListItem\",\"position\":1,\"name\":\"In\u00edcio\",\"item\":\"https:\/\/www.encontraaracaju.com.br\/sobre\/\"},{\"@type\":\"ListItem\",\"position\":2,\"name\":\"Obras do Complexo Maria do Carmo alteram circula\u00e7\u00e3o e fecham retorno na avenida Tancredo Neves\"}]},{\"@type\":\"WebSite\",\"@id\":\"https:\/\/www.encontraaracaju.com.br\/sobre\/#website\",\"url\":\"https:\/\/www.encontraaracaju.com.br\/sobre\/\",\"name\":\"Encontra Aracaju\",\"description\":\"Not\u00edcias, eventos, informa\u00e7\u00f5es e dicas na cidade Aracaju e regi\u00e3o.\",\"potentialAction\":[{\"@type\":\"SearchAction\",\"target\":{\"@type\":\"EntryPoint\",\"urlTemplate\":\"https:\/\/www.encontraaracaju.com.br\/sobre\/?s={search_term_string}\"},\"query-input\":{\"@type\":\"PropertyValueSpecification\",\"valueRequired\":true,\"valueName\":\"search_term_string\"}}],\"inLanguage\":\"pt-BR\"},{\"@type\":\"Person\",\"@id\":\"https:\/\/www.encontraaracaju.com.br\/sobre\/#\/schema\/person\/4ffad47e9e50db5f93e67859b297b0be\",\"name\":\"Encontra Aracaju\",\"image\":{\"@type\":\"ImageObject\",\"inLanguage\":\"pt-BR\",\"@id\":\"https:\/\/www.encontraaracaju.com.br\/sobre\/#\/schema\/person\/image\/\",\"url\":\"https:\/\/secure.gravatar.com\/avatar\/507340682b8270222e1f208e23198b6ae7e2c6a1033ae84e99bc6bce4f82a387?s=96&d=mm&r=g\",\"contentUrl\":\"https:\/\/secure.gravatar.com\/avatar\/507340682b8270222e1f208e23198b6ae7e2c6a1033ae84e99bc6bce4f82a387?s=96&d=mm&r=g\",\"caption\":\"Encontra Aracaju\"},\"sameAs\":[\"http:\/\/www.encontraaracaju.com.br\"]}]}<\/script>\n<!-- \/ Yoast SEO plugin. -->","yoast_head_json":{"title":"Obras do Complexo Maria do Carmo alteram circula\u00e7\u00e3o e fecham retorno na avenida Tancredo Neves - Encontra Aracaju","robots":{"index":"index","follow":"follow","max-snippet":"max-snippet:-1","max-image-preview":"max-image-preview:large","max-video-preview":"max-video-preview:-1"},"canonical":"https:\/\/www.encontraaracaju.com.br\/sobre\/obras-do-complexo-maria-do-carmo-alteram-circulacao-e-fecham-retorno-na-avenida-tancredo-neves\/","og_locale":"pt_BR","og_type":"article","og_title":"Obras do Complexo Maria do Carmo alteram circula\u00e7\u00e3o e fecham retorno na avenida Tancredo Neves - Encontra Aracaju","og_description":"Prefeitura de Aracaju traz informa\u00e7\u00f5es atualizadas sobre servi\u00e7os e not\u00edcias.","og_url":"https:\/\/www.encontraaracaju.com.br\/sobre\/obras-do-complexo-maria-do-carmo-alteram-circulacao-e-fecham-retorno-na-avenida-tancredo-neves\/","og_site_name":"Encontra Aracaju","article_published_time":"2026-08-31T23:28:41+00:00","og_image":[{"url":"https:\/\/www.encontraaracaju.com.br\/sobre\/wp-content\/uploads\/2026\/08\/obras-do-complexo-maria-do-carmo-alteram-circulacao-e-fecham-retorno-na-avenida-tancredo-neves.webp","type":"","width":"","height":""}],"author":"Encontra Aracaju","twitter_card":"summary_large_image","twitter_misc":{"Escrito por":"Encontra Aracaju","Est. tempo de leitura":"4 minutos"},"schema":{"@context":"https:\/\/schema.org","@graph":[{"@type":"WebPage","@id":"https:\/\/www.encontraaracaju.com.br\/sobre\/obras-do-complexo-maria-do-carmo-alteram-circulacao-e-fecham-retorno-na-avenida-tancredo-neves\/","url":"https:\/\/www.encontraaracaju.com.br\/sobre\/obras-do-complexo-maria-do-carmo-alteram-circulacao-e-fecham-retorno-na-avenida-tancredo-neves\/","name":"Obras do Complexo Maria do Carmo alteram circula\u00e7\u00e3o e fecham retorno na avenida Tancredo Neves - Encontra Aracaju","isPartOf":{"@id":"https:\/\/www.encontraaracaju.com.br\/sobre\/#website"},"primaryImageOfPage":{"@id":"https:\/\/www.encontraaracaju.com.br\/sobre\/obras-do-complexo-maria-do-carmo-alteram-circulacao-e-fecham-retorno-na-avenida-tancredo-neves\/#primaryimage"},"image":{"@id":"https:\/\/www.encontraaracaju.com.br\/sobre\/obras-do-complexo-maria-do-carmo-alteram-circulacao-e-fecham-retorno-na-avenida-tancredo-neves\/#primaryimage"},"thumbnailUrl":"https:\/\/www.encontraaracaju.com.br\/sobre\/wp-content\/uploads\/2026\/08\/obras-do-complexo-maria-do-carmo-alteram-circulacao-e-fecham-retorno-na-avenida-tancredo-neves.webp","datePublished":"2026-08-31T23:28:41+00:00","author":{"@id":"https:\/\/www.encontraaracaju.com.br\/sobre\/#\/schema\/person\/4ffad47e9e50db5f93e67859b297b0be"},"breadcrumb":{"@id":"https:\/\/www.encontraaracaju.com.br\/sobre\/obras-do-complexo-maria-do-carmo-alteram-circulacao-e-fecham-retorno-na-avenida-tancredo-neves\/#breadcrumb"},"inLanguage":"pt-BR","potentialAction":[{"@type":"ReadAction","target":["https:\/\/www.encontraaracaju.com.br\/sobre\/obras-do-complexo-maria-do-carmo-alteram-circulacao-e-fecham-retorno-na-avenida-tancredo-neves\/"]}]},{"@type":"ImageObject","inLanguage":"pt-BR","@id":"https:\/\/www.encontraaracaju.com.br\/sobre\/obras-do-complexo-maria-do-carmo-alteram-circulacao-e-fecham-retorno-na-avenida-tancredo-neves\/#primaryimage","url":"https:\/\/www.encontraaracaju.com.br\/sobre\/wp-content\/uploads\/2026\/08\/obras-do-complexo-maria-do-carmo-alteram-circulacao-e-fecham-retorno-na-avenida-tancredo-neves.webp","contentUrl":"https:\/\/www.encontraaracaju.com.br\/sobre\/wp-content\/uploads\/2026\/08\/obras-do-complexo-maria-do-carmo-alteram-circulacao-e-fecham-retorno-na-avenida-tancredo-neves.webp","width":280,"height":280,"caption":"Prefeitura de Aracaju"},{"@type":"BreadcrumbList","@id":"https:\/\/www.encontraaracaju.com.br\/sobre\/obras-do-complexo-maria-do-carmo-alteram-circulacao-e-fecham-retorno-na-avenida-tancredo-neves\/#breadcrumb","itemListElement":[{"@type":"ListItem","position":1,"name":"In\u00edcio","item":"https:\/\/www.encontraaracaju.com.br\/sobre\/"},{"@type":"ListItem","position":2,"name":"Obras do Complexo Maria do Carmo alteram circula\u00e7\u00e3o e fecham retorno na avenida Tancredo Neves"}]},{"@type":"WebSite","@id":"https:\/\/www.encontraaracaju.com.br\/sobre\/#website","url":"https:\/\/www.encontraaracaju.com.br\/sobre\/","name":"Encontra Aracaju","description":"Not\u00edcias, eventos, informa\u00e7\u00f5es e dicas na cidade Aracaju e regi\u00e3o.","potentialAction":[{"@type":"SearchAction","target":{"@type":"EntryPoint","urlTemplate":"https:\/\/www.encontraaracaju.com.br\/sobre\/?s={search_term_string}"},"query-input":{"@type":"PropertyValueSpecification","valueRequired":true,"valueName":"search_term_string"}}],"inLanguage":"pt-BR"},{"@type":"Person","@id":"https:\/\/www.encontraaracaju.com.br\/sobre\/#\/schema\/person\/4ffad47e9e50db5f93e67859b297b0be","name":"Encontra Aracaju","image":{"@type":"ImageObject","inLanguage":"pt-BR","@id":"https:\/\/www.encontraaracaju.com.br\/sobre\/#\/schema\/person\/image\/","url":"https:\/\/secure.gravatar.com\/avatar\/507340682b8270222e1f208e23198b6ae7e2c6a1033ae84e99bc6bce4f82a387?s=96&d=mm&r=g","contentUrl":"https:\/\/secure.gravatar.com\/avatar\/507340682b8270222e1f208e23198b6ae7e2c6a1033ae84e99bc6bce4f82a387?s=96&d=mm&r=g","caption":"Encontra Aracaju"},"sameAs":["http:\/\/www.encontraaracaju.com.br"]}]}},"_links":{"self":[{"href":"https:\/\/www.encontraaracaju.com.br\/sobre\/wp-json\/wp\/v2\/posts\/2562","targetHints":{"allow":["GET"]}}],"collection":[{"href":"https:\/\/www.encontraaracaju.com.br\/sobre\/wp-json\/wp\/v2\/posts"}],"about":[{"href":"https:\/\/www.encontraaracaju.com.br\/sobre\/wp-json\/wp\/v2\/types\/post"}],"author":[{"embeddable":true,"href":"https:\/\/www.encontraaracaju.com.br\/sobre\/wp-json\/wp\/v2\/users\/1"}],"replies":[{"embeddable":true,"href":"https:\/\/www.encontraaracaju.com.br\/sobre\/wp-json\/wp\/v2\/comments?post=2562"}],"version-history":[{"count":0,"href":"https:\/\/www.encontraaracaju.com.br\/sobre\/wp-json\/wp\/v2\/posts\/2562\/revisions"}],"wp:featuredmedia":[{"embeddable":true,"href":"https:\/\/www.encontraaracaju.com.br\/sobre\/wp-json\/wp\/v2\/media\/2561"}],"wp:attachment":[{"href":"https:\/\/www.encontraaracaju.com.br\/sobre\/wp-json\/wp\/v2\/media?parent=2562"}],"wp:term":[{"taxonomy":"category","embeddable":true,"href":"https:\/\/www.encontraaracaju.com.br\/sobre\/wp-json\/wp\/v2\/categories?post=2562"},{"taxonomy":"post_tag","embeddable":true,"href":"https:\/\/www.encontraaracaju.com.br\/sobre\/wp-json\/wp\/v2\/tags?post=2562"}],"curies":[{"name":"wp","href":"https:\/\/api.w.org\/{rel}","templated":true}]}}