{"id":2560,"date":"2026-08-31T20:27:25","date_gmt":"2026-08-31T23:27:25","guid":{"rendered":"https:\/\/www.encontraaracaju.com.br\/sobre\/obra-de-substituicao-do-letreiro-eu-amo-aracaju-comeca-nesta-segunda-24\/"},"modified":"2026-08-31T20:27:25","modified_gmt":"2026-08-31T23:27:25","slug":"obra-de-substituicao-do-letreiro-eu-amo-aracaju-comeca-nesta-segunda-24","status":"publish","type":"post","link":"https:\/\/www.encontraaracaju.com.br\/sobre\/obra-de-substituicao-do-letreiro-eu-amo-aracaju-comeca-nesta-segunda-24\/","title":{"rendered":"Obra de substitui\u00e7\u00e3o do letreiro Eu Amo Aracaju come\u00e7a nesta segunda, 24"},"content":{"rendered":"<div class=\"0de350683d360aa04277a39db0bae410\" data-index=\"1\" style=\"float: none; margin:0px;\">\n<!-- Anuncio display - global -->\r\n<ins class=\"adsbygoogle\"\r\n     style=\"display:block\"\r\n     data-ad-client=\"ca-pub-8585364105181520\"\r\n     data-ad-slot=\"8789329856\"\r\n     data-ad-format=\"auto\"\r\n     data-full-width-responsive=\"true\"><\/ins>\r\n<script>\r\n     (adsbygoogle = window.adsbygoogle || []).push({});\r\n<\/script>\n<\/div>\n<h2>Conhe\u00e7a a Estrutura da Prefeitura de Aracaju<\/h2>\n<p>A Prefeitura de Aracaju \u00e9 o \u00f3rg\u00e3o respons\u00e1vel pela administra\u00e7\u00e3o da capital sergipana, organizada em diversas secretarias e funda\u00e7\u00f5es que visam atender \u00e0s demandas da popula\u00e7\u00e3o. Essa estrutura permite uma gest\u00e3o eficiente de servi\u00e7os p\u00fablicos essenciais, promovendo desenvolvimento e bem-estar social.<\/p>\n<p>Na estrutura administrativa da prefeitura, podemos observar uma variedade de secretarias que cuidam de \u00e1reas espec\u00edficas, assegurando que as necessidades dos cidad\u00e3os sejam atendidas de forma eficaz e abrangente.<\/p>\n<h2>Os Pap\u00e9is da Prefeita e do Vice-Prefeito<\/h2>\n<p>A atual prefeita desempenha um papel crucial na dire\u00e7\u00e3o e na implementa\u00e7\u00e3o de pol\u00edticas municipais, liderando sua equipe na busca por melhorias e no desenvolvimento de Aracaju. Ela \u00e9 respons\u00e1vel por definir prioridades, estabelecer metas e supervisionar a execu\u00e7\u00e3o dos programas administrativos.<\/p>\n<p><img decoding=\"async\" src=\"https:\/\/www.encontraaracaju.com.br\/sobre\/wp-content\/uploads\/2026\/08\/obra-de-substituicao-do-letreiro-eu-amo-aracaju-comeca-nesta-segunda-24.webp\" alt=\"Prefeitura de Aracaju\" loading=\"lazy\" \/><\/p>\n<p>Por outro lado, o vice-prefeito tem como fun\u00e7\u00e3o apoiar a prefeita em suas atividades e, em algumas situa\u00e7\u00f5es, assumir suas responsabilidades na sua aus\u00eancia. Juntos, eles constituem a lideran\u00e7a que busca promover uma governan\u00e7a participativa, ouvindo as demandas da popula\u00e7\u00e3o e promovendo a\u00e7\u00f5es nas mais diversas \u00e1reas.<\/p>\n<h2>Servi\u00e7os Oferecidos pelas Secretarias Municipais<\/h2>\n<p>As secretarias municipais da Prefeitura de Aracaju s\u00e3o fundamentais para o oferecimento de uma gama diversificada de servi\u00e7os \u00e0 popula\u00e7\u00e3o. Abaixo, est\u00e3o algumas das principais secretarias e suas respectivas fun\u00e7\u00f5es:<\/p>\n<ul>\n<li><strong>Secretaria Municipal de Educa\u00e7\u00e3o:<\/strong> Respons\u00e1vel pela regulamenta\u00e7\u00e3o das institui\u00e7\u00f5es de ensino e pela qualidade da educa\u00e7\u00e3o no munic\u00edpio.<\/li>\n<li><strong>Secretaria Municipal de Sa\u00fade:<\/strong> Cuida da sa\u00fade p\u00fablica, implementando a\u00e7\u00f5es de preven\u00e7\u00e3o e promovendo pol\u00edticas de sa\u00fade.<\/li>\n<li><strong>Secretaria Municipal de Infraestrutura:<\/strong> Encarregada de obras e manuten\u00e7\u00e3o de espa\u00e7os p\u00fablicos e servi\u00e7os urbanos.<\/li>\n<li><strong>Secretaria Municipal de Meio Ambiente:<\/strong> Fomenta a\u00e7\u00f5es ambientais que visam \u00e0 sustentabilidade e prote\u00e7\u00e3o do patrim\u00f4nio natural.<\/li>\n<\/ul>\n<h2>Como a Prefeitura de Aracaju Promove a Educa\u00e7\u00e3o<\/h2>\n<p>A educa\u00e7\u00e3o \u00e9 uma das prioridades da gest\u00e3o municipal, e a Prefeitura de Aracaju investe em iniciativas que garantem acesso e qualidade \u00e0s escolas p\u00fablicas. Entre as a\u00e7\u00f5es destacam-se:<\/p>\n<ul>\n<li><strong>Programas de Forma\u00e7\u00e3o de Professores:<\/strong> Capacita\u00e7\u00e3o cont\u00ednua para garantir que os educadores estejam sempre atualizados.<\/li>\n<li><strong>Infraestrutura Escolar:<\/strong> Melhoria e constru\u00e7\u00e3o de unidades de ensino para atender adequadamente os alunos.<\/li>\n<li><strong>Projetos de Inclus\u00e3o:<\/strong> A\u00e7\u00f5es que buscam proporcionar educa\u00e7\u00e3o de qualidade para todos, incluindo crian\u00e7as com defici\u00eancia.<\/li>\n<\/ul>\n<h2>Iniciativas de Sa\u00fade da Prefeitura<\/h2>\n<p>A sa\u00fade p\u00fablica \u00e9 abordada pela Prefeitura de Aracaju com diversas iniciativas que visam melhorar a qualidade de vida dos cidad\u00e3os. As principais a\u00e7\u00f5es incluem:<\/p>\n<ul>\n<li><strong>Campanhas de Vacina\u00e7\u00e3o:<\/strong> Programas regulares para imunizar a popula\u00e7\u00e3o contra diversas doen\u00e7as.<\/li>\n<li><strong>Aten\u00e7\u00e3o B\u00e1sica:<\/strong> Estruturas de sa\u00fade que oferecem atendimento b\u00e1sico e preventivo em diversos bairros.<\/li>\n<li><strong>Programas de Sa\u00fade Mental:<\/strong> Iniciativas que visam atender e apoiar a sa\u00fade mental da popula\u00e7\u00e3o.<\/li>\n<\/ul>\n<h2>Secretarias de Cultura e Esporte: Compromisso com o Cidad\u00e3o<\/h2>\n<p>As secretarias respons\u00e1veis pela cultura e esporte promovem atividades que enriquecem a vida social e cultural da cidade. Elas organizam eventos culturais, festivais e competi\u00e7\u00f5es esportivas, buscando incentivar a participa\u00e7\u00e3o da comunidade. Al\u00e9m disso, oferecem oportunidades para diferentes grupos, estimulando a express\u00e3o art\u00edstica e a pr\u00e1tica esportiva inclusiva.<\/p>\n<h2>A Import\u00e2ncia das Empresas e Funda\u00e7\u00f5es Municipais<\/h2>\n<p>Ao lado das secretarias, as empresas e funda\u00e7\u00f5es municipais desempenham um papel vital na manuten\u00e7\u00e3o e opera\u00e7\u00e3o de servi\u00e7os p\u00fablicos. O Instituto de Previd\u00eancia, por exemplo, assegura a aposentadoria dos servidores, enquanto a Superintend\u00eancia Municipal de Transportes e Tr\u00e2nsito cuida das quest\u00f5es de mobilidade urbana. Essas institui\u00e7\u00f5es s\u00e3o fundamentais para o funcionamento efetivo da administra\u00e7\u00e3o p\u00fablica e para o bem-estar da popula\u00e7\u00e3o.<\/p>\n<h2>Comunica\u00e7\u00e3o e Acessibilidade da Prefeitura<\/h2>\n<p>A Prefeitura de Aracaju tamb\u00e9m se preocupa com a comunica\u00e7\u00e3o efetiva e o acesso da popula\u00e7\u00e3o \u00e0 informa\u00e7\u00e3o. Por meio de suas redes sociais e canais de informa\u00e7\u00e3o, como o site oficial e o atendimento ao cidad\u00e3o, a gest\u00e3o busca facilitar o acesso a servi\u00e7os e informa\u00e7\u00f5es essenciais. Al\u00e9m disso, a acessibilidade nas plataformas digitais \u00e9 uma prioridade para garantir que todos, independentes de suas limita\u00e7\u00f5es, possam usufruir dos servi\u00e7os p\u00fablicos.<\/p>\n<h2>Como Falar com a Prefeitura: Canais de Contato<\/h2>\n<p>Se voc\u00ea deseja entrar em contato com a Prefeitura de Aracaju, existem v\u00e1rias op\u00e7\u00f5es dispon\u00edveis:<\/p>\n<ul>\n<li><strong>Site Oficial:<\/strong> Acesse [aqui](https:\/\/www.aracaju.se.gov.br) para informa\u00e7\u00f5es detalhadas.<\/li>\n<li><strong>Redes Sociais:<\/strong> Siga a prefeitura nas plataformas como Instagram e Facebook para atualiza\u00e7\u00f5es e not\u00edcias.<\/li>\n<li><strong>Atendimento Presencial:<\/strong> Dirija-se \u00e0 sede da Prefeitura para atendimento direto e esclarecimento de d\u00favidas.<\/li>\n<\/ul>\n<h2>Aprimorando a Cidade: Obras e Infraestrutura<\/h2>\n<p>A manuten\u00e7\u00e3o e a melhoria da infraestrutura urbana s\u00e3o priorit\u00e1rias para a gest\u00e3o municipal, que constantemente investe em obras p\u00fablicas que visam modernizar a cidade. Isso inclui:<\/p>\n<ul>\n<li><strong>Reforma de Espa\u00e7os P\u00fablicos:<\/strong> Revitaliza\u00e7\u00e3o de pra\u00e7as e parques para garantir lazer e conviv\u00eancia.<\/li>\n<li><strong>Melhorias em Estradas:<\/strong> Obras para garanti a qualidade das vias urbanas e de acesso.<\/li>\n<li><strong>Sistemas de Saneamento:<\/strong> Investimentos em infraestrutura de saneamento b\u00e1sico para sa\u00fade e qualidade de vida.<\/li>\n<\/ul>\n<p>Com uma gest\u00e3o comprometida e uma estrutura eficiente, a Prefeitura de Aracaju tem se mostrado ativa na busca por solu\u00e7\u00f5es que melhorem a vida dos cidad\u00e3os e promovam o desenvolvimento sustent\u00e1vel desta capital sergipana.<\/p>\n\n<div style=\"font-size: 0px; height: 0px; line-height: 0px; margin: 0; padding: 0; clear: both;\"><\/div>","protected":false},"excerpt":{"rendered":"<p>Saiba mais sobre a Prefeitura de Aracaju e seus servi\u00e7os dispon\u00edveis.<\/p>\n","protected":false},"author":1,"featured_media":2559,"comment_status":"closed","ping_status":"closed","sticky":false,"template":"","format":"standard","meta":{"footnotes":""},"categories":[1],"tags":[],"class_list":["post-2560","post","type-post","status-publish","format-standard","has-post-thumbnail","hentry","category-noticias-em-aracaju","has_thumb"],"yoast_head":"<!-- This site is optimized with the Yoast SEO plugin v26.4 - https:\/\/yoast.com\/wordpress\/plugins\/seo\/ -->\n<title>Obra de substitui\u00e7\u00e3o do letreiro Eu Amo Aracaju come\u00e7a nesta segunda, 24 - Encontra Aracaju<\/title>\n<meta name=\"robots\" content=\"index, follow, max-snippet:-1, max-image-preview:large, max-video-preview:-1\" \/>\n<link rel=\"canonical\" href=\"https:\/\/www.encontraaracaju.com.br\/sobre\/obra-de-substituicao-do-letreiro-eu-amo-aracaju-comeca-nesta-segunda-24\/\" \/>\n<meta property=\"og:locale\" content=\"pt_BR\" \/>\n<meta property=\"og:type\" content=\"article\" \/>\n<meta property=\"og:title\" content=\"Obra de substitui\u00e7\u00e3o do letreiro Eu Amo Aracaju come\u00e7a nesta segunda, 24 - Encontra Aracaju\" \/>\n<meta property=\"og:description\" content=\"Saiba mais sobre a Prefeitura de Aracaju e seus servi\u00e7os dispon\u00edveis.\" \/>\n<meta property=\"og:url\" content=\"https:\/\/www.encontraaracaju.com.br\/sobre\/obra-de-substituicao-do-letreiro-eu-amo-aracaju-comeca-nesta-segunda-24\/\" \/>\n<meta property=\"og:site_name\" content=\"Encontra Aracaju\" \/>\n<meta property=\"article:published_time\" content=\"2026-08-31T23:27:25+00:00\" \/>\n<meta property=\"og:image\" content=\"https:\/\/www.encontraaracaju.com.br\/sobre\/wp-content\/uploads\/2026\/08\/obra-de-substituicao-do-letreiro-eu-amo-aracaju-comeca-nesta-segunda-24.webp\" \/>\n<meta name=\"author\" content=\"Encontra Aracaju\" \/>\n<meta name=\"twitter:card\" content=\"summary_large_image\" \/>\n<meta name=\"twitter:label1\" content=\"Escrito por\" \/>\n\t<meta name=\"twitter:data1\" content=\"Encontra Aracaju\" \/>\n\t<meta name=\"twitter:label2\" content=\"Est. tempo de leitura\" \/>\n\t<meta name=\"twitter:data2\" content=\"5 minutos\" \/>\n<script type=\"application\/ld+json\" class=\"yoast-schema-graph\">{\"@context\":\"https:\/\/schema.org\",\"@graph\":[{\"@type\":\"WebPage\",\"@id\":\"https:\/\/www.encontraaracaju.com.br\/sobre\/obra-de-substituicao-do-letreiro-eu-amo-aracaju-comeca-nesta-segunda-24\/\",\"url\":\"https:\/\/www.encontraaracaju.com.br\/sobre\/obra-de-substituicao-do-letreiro-eu-amo-aracaju-comeca-nesta-segunda-24\/\",\"name\":\"Obra de substitui\u00e7\u00e3o do letreiro Eu Amo Aracaju come\u00e7a nesta segunda, 24 - Encontra Aracaju\",\"isPartOf\":{\"@id\":\"https:\/\/www.encontraaracaju.com.br\/sobre\/#website\"},\"primaryImageOfPage\":{\"@id\":\"https:\/\/www.encontraaracaju.com.br\/sobre\/obra-de-substituicao-do-letreiro-eu-amo-aracaju-comeca-nesta-segunda-24\/#primaryimage\"},\"image\":{\"@id\":\"https:\/\/www.encontraaracaju.com.br\/sobre\/obra-de-substituicao-do-letreiro-eu-amo-aracaju-comeca-nesta-segunda-24\/#primaryimage\"},\"thumbnailUrl\":\"https:\/\/www.encontraaracaju.com.br\/sobre\/wp-content\/uploads\/2026\/08\/obra-de-substituicao-do-letreiro-eu-amo-aracaju-comeca-nesta-segunda-24.webp\",\"datePublished\":\"2026-08-31T23:27:25+00:00\",\"author\":{\"@id\":\"https:\/\/www.encontraaracaju.com.br\/sobre\/#\/schema\/person\/4ffad47e9e50db5f93e67859b297b0be\"},\"breadcrumb\":{\"@id\":\"https:\/\/www.encontraaracaju.com.br\/sobre\/obra-de-substituicao-do-letreiro-eu-amo-aracaju-comeca-nesta-segunda-24\/#breadcrumb\"},\"inLanguage\":\"pt-BR\",\"potentialAction\":[{\"@type\":\"ReadAction\",\"target\":[\"https:\/\/www.encontraaracaju.com.br\/sobre\/obra-de-substituicao-do-letreiro-eu-amo-aracaju-comeca-nesta-segunda-24\/\"]}]},{\"@type\":\"ImageObject\",\"inLanguage\":\"pt-BR\",\"@id\":\"https:\/\/www.encontraaracaju.com.br\/sobre\/obra-de-substituicao-do-letreiro-eu-amo-aracaju-comeca-nesta-segunda-24\/#primaryimage\",\"url\":\"https:\/\/www.encontraaracaju.com.br\/sobre\/wp-content\/uploads\/2026\/08\/obra-de-substituicao-do-letreiro-eu-amo-aracaju-comeca-nesta-segunda-24.webp\",\"contentUrl\":\"https:\/\/www.encontraaracaju.com.br\/sobre\/wp-content\/uploads\/2026\/08\/obra-de-substituicao-do-letreiro-eu-amo-aracaju-comeca-nesta-segunda-24.webp\",\"width\":280,\"height\":280,\"caption\":\"Prefeitura de Aracaju\"},{\"@type\":\"BreadcrumbList\",\"@id\":\"https:\/\/www.encontraaracaju.com.br\/sobre\/obra-de-substituicao-do-letreiro-eu-amo-aracaju-comeca-nesta-segunda-24\/#breadcrumb\",\"itemListElement\":[{\"@type\":\"ListItem\",\"position\":1,\"name\":\"In\u00edcio\",\"item\":\"https:\/\/www.encontraaracaju.com.br\/sobre\/\"},{\"@type\":\"ListItem\",\"position\":2,\"name\":\"Obra de substitui\u00e7\u00e3o do letreiro Eu Amo Aracaju come\u00e7a nesta segunda, 24\"}]},{\"@type\":\"WebSite\",\"@id\":\"https:\/\/www.encontraaracaju.com.br\/sobre\/#website\",\"url\":\"https:\/\/www.encontraaracaju.com.br\/sobre\/\",\"name\":\"Encontra Aracaju\",\"description\":\"Not\u00edcias, eventos, informa\u00e7\u00f5es e dicas na cidade Aracaju e regi\u00e3o.\",\"potentialAction\":[{\"@type\":\"SearchAction\",\"target\":{\"@type\":\"EntryPoint\",\"urlTemplate\":\"https:\/\/www.encontraaracaju.com.br\/sobre\/?s={search_term_string}\"},\"query-input\":{\"@type\":\"PropertyValueSpecification\",\"valueRequired\":true,\"valueName\":\"search_term_string\"}}],\"inLanguage\":\"pt-BR\"},{\"@type\":\"Person\",\"@id\":\"https:\/\/www.encontraaracaju.com.br\/sobre\/#\/schema\/person\/4ffad47e9e50db5f93e67859b297b0be\",\"name\":\"Encontra Aracaju\",\"image\":{\"@type\":\"ImageObject\",\"inLanguage\":\"pt-BR\",\"@id\":\"https:\/\/www.encontraaracaju.com.br\/sobre\/#\/schema\/person\/image\/\",\"url\":\"https:\/\/secure.gravatar.com\/avatar\/507340682b8270222e1f208e23198b6ae7e2c6a1033ae84e99bc6bce4f82a387?s=96&d=mm&r=g\",\"contentUrl\":\"https:\/\/secure.gravatar.com\/avatar\/507340682b8270222e1f208e23198b6ae7e2c6a1033ae84e99bc6bce4f82a387?s=96&d=mm&r=g\",\"caption\":\"Encontra Aracaju\"},\"sameAs\":[\"http:\/\/www.encontraaracaju.com.br\"]}]}<\/script>\n<!-- \/ Yoast SEO plugin. -->","yoast_head_json":{"title":"Obra de substitui\u00e7\u00e3o do letreiro Eu Amo Aracaju come\u00e7a nesta segunda, 24 - Encontra Aracaju","robots":{"index":"index","follow":"follow","max-snippet":"max-snippet:-1","max-image-preview":"max-image-preview:large","max-video-preview":"max-video-preview:-1"},"canonical":"https:\/\/www.encontraaracaju.com.br\/sobre\/obra-de-substituicao-do-letreiro-eu-amo-aracaju-comeca-nesta-segunda-24\/","og_locale":"pt_BR","og_type":"article","og_title":"Obra de substitui\u00e7\u00e3o do letreiro Eu Amo Aracaju come\u00e7a nesta segunda, 24 - Encontra Aracaju","og_description":"Saiba mais sobre a Prefeitura de Aracaju e seus servi\u00e7os dispon\u00edveis.","og_url":"https:\/\/www.encontraaracaju.com.br\/sobre\/obra-de-substituicao-do-letreiro-eu-amo-aracaju-comeca-nesta-segunda-24\/","og_site_name":"Encontra Aracaju","article_published_time":"2026-08-31T23:27:25+00:00","og_image":[{"url":"https:\/\/www.encontraaracaju.com.br\/sobre\/wp-content\/uploads\/2026\/08\/obra-de-substituicao-do-letreiro-eu-amo-aracaju-comeca-nesta-segunda-24.webp","type":"","width":"","height":""}],"author":"Encontra Aracaju","twitter_card":"summary_large_image","twitter_misc":{"Escrito por":"Encontra Aracaju","Est. tempo de leitura":"5 minutos"},"schema":{"@context":"https:\/\/schema.org","@graph":[{"@type":"WebPage","@id":"https:\/\/www.encontraaracaju.com.br\/sobre\/obra-de-substituicao-do-letreiro-eu-amo-aracaju-comeca-nesta-segunda-24\/","url":"https:\/\/www.encontraaracaju.com.br\/sobre\/obra-de-substituicao-do-letreiro-eu-amo-aracaju-comeca-nesta-segunda-24\/","name":"Obra de substitui\u00e7\u00e3o do letreiro Eu Amo Aracaju come\u00e7a nesta segunda, 24 - Encontra Aracaju","isPartOf":{"@id":"https:\/\/www.encontraaracaju.com.br\/sobre\/#website"},"primaryImageOfPage":{"@id":"https:\/\/www.encontraaracaju.com.br\/sobre\/obra-de-substituicao-do-letreiro-eu-amo-aracaju-comeca-nesta-segunda-24\/#primaryimage"},"image":{"@id":"https:\/\/www.encontraaracaju.com.br\/sobre\/obra-de-substituicao-do-letreiro-eu-amo-aracaju-comeca-nesta-segunda-24\/#primaryimage"},"thumbnailUrl":"https:\/\/www.encontraaracaju.com.br\/sobre\/wp-content\/uploads\/2026\/08\/obra-de-substituicao-do-letreiro-eu-amo-aracaju-comeca-nesta-segunda-24.webp","datePublished":"2026-08-31T23:27:25+00:00","author":{"@id":"https:\/\/www.encontraaracaju.com.br\/sobre\/#\/schema\/person\/4ffad47e9e50db5f93e67859b297b0be"},"breadcrumb":{"@id":"https:\/\/www.encontraaracaju.com.br\/sobre\/obra-de-substituicao-do-letreiro-eu-amo-aracaju-comeca-nesta-segunda-24\/#breadcrumb"},"inLanguage":"pt-BR","potentialAction":[{"@type":"ReadAction","target":["https:\/\/www.encontraaracaju.com.br\/sobre\/obra-de-substituicao-do-letreiro-eu-amo-aracaju-comeca-nesta-segunda-24\/"]}]},{"@type":"ImageObject","inLanguage":"pt-BR","@id":"https:\/\/www.encontraaracaju.com.br\/sobre\/obra-de-substituicao-do-letreiro-eu-amo-aracaju-comeca-nesta-segunda-24\/#primaryimage","url":"https:\/\/www.encontraaracaju.com.br\/sobre\/wp-content\/uploads\/2026\/08\/obra-de-substituicao-do-letreiro-eu-amo-aracaju-comeca-nesta-segunda-24.webp","contentUrl":"https:\/\/www.encontraaracaju.com.br\/sobre\/wp-content\/uploads\/2026\/08\/obra-de-substituicao-do-letreiro-eu-amo-aracaju-comeca-nesta-segunda-24.webp","width":280,"height":280,"caption":"Prefeitura de Aracaju"},{"@type":"BreadcrumbList","@id":"https:\/\/www.encontraaracaju.com.br\/sobre\/obra-de-substituicao-do-letreiro-eu-amo-aracaju-comeca-nesta-segunda-24\/#breadcrumb","itemListElement":[{"@type":"ListItem","position":1,"name":"In\u00edcio","item":"https:\/\/www.encontraaracaju.com.br\/sobre\/"},{"@type":"ListItem","position":2,"name":"Obra de substitui\u00e7\u00e3o do letreiro Eu Amo Aracaju come\u00e7a nesta segunda, 24"}]},{"@type":"WebSite","@id":"https:\/\/www.encontraaracaju.com.br\/sobre\/#website","url":"https:\/\/www.encontraaracaju.com.br\/sobre\/","name":"Encontra Aracaju","description":"Not\u00edcias, eventos, informa\u00e7\u00f5es e dicas na cidade Aracaju e regi\u00e3o.","potentialAction":[{"@type":"SearchAction","target":{"@type":"EntryPoint","urlTemplate":"https:\/\/www.encontraaracaju.com.br\/sobre\/?s={search_term_string}"},"query-input":{"@type":"PropertyValueSpecification","valueRequired":true,"valueName":"search_term_string"}}],"inLanguage":"pt-BR"},{"@type":"Person","@id":"https:\/\/www.encontraaracaju.com.br\/sobre\/#\/schema\/person\/4ffad47e9e50db5f93e67859b297b0be","name":"Encontra Aracaju","image":{"@type":"ImageObject","inLanguage":"pt-BR","@id":"https:\/\/www.encontraaracaju.com.br\/sobre\/#\/schema\/person\/image\/","url":"https:\/\/secure.gravatar.com\/avatar\/507340682b8270222e1f208e23198b6ae7e2c6a1033ae84e99bc6bce4f82a387?s=96&d=mm&r=g","contentUrl":"https:\/\/secure.gravatar.com\/avatar\/507340682b8270222e1f208e23198b6ae7e2c6a1033ae84e99bc6bce4f82a387?s=96&d=mm&r=g","caption":"Encontra Aracaju"},"sameAs":["http:\/\/www.encontraaracaju.com.br"]}]}},"_links":{"self":[{"href":"https:\/\/www.encontraaracaju.com.br\/sobre\/wp-json\/wp\/v2\/posts\/2560","targetHints":{"allow":["GET"]}}],"collection":[{"href":"https:\/\/www.encontraaracaju.com.br\/sobre\/wp-json\/wp\/v2\/posts"}],"about":[{"href":"https:\/\/www.encontraaracaju.com.br\/sobre\/wp-json\/wp\/v2\/types\/post"}],"author":[{"embeddable":true,"href":"https:\/\/www.encontraaracaju.com.br\/sobre\/wp-json\/wp\/v2\/users\/1"}],"replies":[{"embeddable":true,"href":"https:\/\/www.encontraaracaju.com.br\/sobre\/wp-json\/wp\/v2\/comments?post=2560"}],"version-history":[{"count":0,"href":"https:\/\/www.encontraaracaju.com.br\/sobre\/wp-json\/wp\/v2\/posts\/2560\/revisions"}],"wp:featuredmedia":[{"embeddable":true,"href":"https:\/\/www.encontraaracaju.com.br\/sobre\/wp-json\/wp\/v2\/media\/2559"}],"wp:attachment":[{"href":"https:\/\/www.encontraaracaju.com.br\/sobre\/wp-json\/wp\/v2\/media?parent=2560"}],"wp:term":[{"taxonomy":"category","embeddable":true,"href":"https:\/\/www.encontraaracaju.com.br\/sobre\/wp-json\/wp\/v2\/categories?post=2560"},{"taxonomy":"post_tag","embeddable":true,"href":"https:\/\/www.encontraaracaju.com.br\/sobre\/wp-json\/wp\/v2\/tags?post=2560"}],"curies":[{"name":"wp","href":"https:\/\/api.w.org\/{rel}","templated":true}]}}