{"id":2558,"date":"2026-08-31T20:26:35","date_gmt":"2026-08-31T23:26:35","guid":{"rendered":"https:\/\/www.encontraaracaju.com.br\/sobre\/prefeita-emilia-reune-comite-de-acompanhamento-da-igua-para-reforcar-fiscalizacao-e-abastecimento-de-agua\/"},"modified":"2026-08-31T20:26:35","modified_gmt":"2026-08-31T23:26:35","slug":"prefeita-emilia-reune-comite-de-acompanhamento-da-igua-para-reforcar-fiscalizacao-e-abastecimento-de-agua","status":"publish","type":"post","link":"https:\/\/www.encontraaracaju.com.br\/sobre\/prefeita-emilia-reune-comite-de-acompanhamento-da-igua-para-reforcar-fiscalizacao-e-abastecimento-de-agua\/","title":{"rendered":"Prefeita Em\u00edlia re\u00fane Comit\u00ea de Acompanhamento da Igu\u00e1 para refor\u00e7ar fiscaliza\u00e7\u00e3o e abastecimento de \u00e1gua"},"content":{"rendered":"<div class=\"0de350683d360aa04277a39db0bae410\" data-index=\"1\" style=\"float: none; margin:0px;\">\n<!-- Anuncio display - global -->\r\n<ins class=\"adsbygoogle\"\r\n     style=\"display:block\"\r\n     data-ad-client=\"ca-pub-8585364105181520\"\r\n     data-ad-slot=\"8789329856\"\r\n     data-ad-format=\"auto\"\r\n     data-full-width-responsive=\"true\"><\/ins>\r\n<script>\r\n     (adsbygoogle = window.adsbygoogle || []).push({});\r\n<\/script>\n<\/div>\n<h2>Conhe\u00e7a a Hist\u00f3ria da Prefeitura de Aracaju<\/h2>\n<p>A Prefeitura de Aracaju \u00e9 a entidade respons\u00e1vel pela administra\u00e7\u00e3o do munic\u00edpio de Aracaju, situado no estado de Sergipe. Desde sua funda\u00e7\u00e3o, a Prefeitura tem atuado em diversas frentes para promover o desenvolvimento social, econ\u00f4mico e cultural da cidade. Ao longo dos anos, a gest\u00e3o municipal passou por diferentes fases, sempre buscando melhorar a qualidade de vida de seus cidad\u00e3os.<\/p>\n<p>Fundada oficialmente em 1855, Aracaju foi planejada para ser a nova capital do estado de Sergipe, substituindo S\u00e3o Crist\u00f3v\u00e3o. A escolha do local se deu por sua localiza\u00e7\u00e3o estrat\u00e9gica, favorecendo o com\u00e9rcio e a comunica\u00e7\u00e3o com outras regi\u00f5es. Desde ent\u00e3o, a Prefeitura se dedicou a transformar a cidade em um centro urbano din\u00e2mico e acolhedor.<\/p>\n<p>No s\u00e9culo XX, Aracaju passou por um intenso processo de urbaniza\u00e7\u00e3o e crescimento populacional, o que exigiu uma maior atua\u00e7\u00e3o da Prefeitura em termos de infraestrutura, sa\u00fade e educa\u00e7\u00e3o. Atualmente, a gest\u00e3o municipal se empenha em manter um compromisso com a transpar\u00eancia e a participa\u00e7\u00e3o da popula\u00e7\u00e3o, promovendo uma administra\u00e7\u00e3o mais democr\u00e1tica.<\/p>\n<p><img decoding=\"async\" src=\"https:\/\/www.encontraaracaju.com.br\/sobre\/wp-content\/uploads\/2026\/08\/prefeita-emilia-reune-comite-de-acompanhamento-da-igua-para-reforcar-fiscalizacao-e-abastecimento-de.webp\" alt=\"Prefeitura de Aracaju\" loading=\"lazy\" \/><\/p>\n<h2>Secretarias e Seus Pap\u00e9is na Gest\u00e3o Municipal<\/h2>\n<p>A Prefeitura de Aracaju conta com diversas secretarias, cada uma delas com atribui\u00e7\u00f5es espec\u00edficas voltadas para \u00e1reas essenciais da administra\u00e7\u00e3o p\u00fablica. Essas secretarias s\u00e3o fundamentais para o funcionamento eficaz da m\u00e1quina p\u00fablica e para a implementa\u00e7\u00e3o de pol\u00edticas p\u00fablicas que atendam \u00e0s necessidades da popula\u00e7\u00e3o.<\/p>\n<ul>\n<li><strong>Secretaria Municipal de Governo:<\/strong> Coordena as atividades administrativas da Prefeitura e garante a integra\u00e7\u00e3o entre as diversas secretarias.<\/li>\n<li><strong>Secretaria Municipal de Comunica\u00e7\u00e3o Social:<\/strong> Respons\u00e1vel pela divulga\u00e7\u00e3o das a\u00e7\u00f5es da Prefeitura e pela intera\u00e7\u00e3o com a popula\u00e7\u00e3o atrav\u00e9s das m\u00eddias sociais.<\/li>\n<li><strong>Procuradoria-Geral do Munic\u00edpio:<\/strong> Cuida dos assuntos jur\u00eddicos da Prefeitura, garantindo a legalidade das a\u00e7\u00f5es administrativas.<\/li>\n<li><strong>Controladoria Geral do Munic\u00edpio:<\/strong> Acompanha e fiscaliza a execu\u00e7\u00e3o or\u00e7ament\u00e1ria, buscando a melhoria da transpar\u00eancia nas finan\u00e7as p\u00fablicas.<\/li>\n<li><strong>Secretaria Municipal da Fazenda:<\/strong> Administra as receitas e despesas do munic\u00edpio, planejando e executando a pol\u00edtica fiscal.<\/li>\n<li><strong>Secretaria Municipal de Planejamento, Or\u00e7amento e Gest\u00e3o:<\/strong> Elabora o planejamento estrat\u00e9gico da cidade e coordena o or\u00e7amento municipal.<\/li>\n<li><strong>Secretaria Municipal de Educa\u00e7\u00e3o:<\/strong> Foca na melhoria da qualidade da educa\u00e7\u00e3o oferecida na rede p\u00fablica.<\/li>\n<li><strong>Secretaria Municipal de Sa\u00fade:<\/strong> Respons\u00e1vel pelos servi\u00e7os de sa\u00fade e pela implementa\u00e7\u00e3o de pol\u00edticas p\u00fablicas voltadas para a sa\u00fade da popula\u00e7\u00e3o.<\/li>\n<li><strong>Secretaria Municipal de Fam\u00edlia e Assist\u00eancia Social:<\/strong> Trabalha em a\u00e7\u00f5es de assist\u00eancia social e forma\u00e7\u00e3o de pol\u00edticas de apoio \u00e0s fam\u00edlias mais vulner\u00e1veis.<\/li>\n<li><strong>Secretaria Municipal de Juventude e Esporte:<\/strong> Promove atividades e projetos voltados para os jovens e o incentivo ao esporte.<\/li>\n<li><strong>Secretaria Municipal do Meio Ambiente:<\/strong> Foca na preserva\u00e7\u00e3o ambiental e na sustentabilidade da cidade.<\/li>\n<li><strong>Secretaria Municipal de Turismo:<\/strong> Desenvolve estrat\u00e9gias para fomentar o turismo local.<\/li>\n<li><strong>Secretaria Municipal de Infraestrutura:<\/strong> Cuida da manuten\u00e7\u00e3o e constru\u00e7\u00e3o de obras p\u00fablicas essenciais para a cidade.<\/li>\n<li><strong>Secretaria Municipal de Seguran\u00e7a Municipal e Cidadania:<\/strong> Implementa pol\u00edticas de seguran\u00e7a e cidadania, buscando a prote\u00e7\u00e3o da popula\u00e7\u00e3o.<\/li>\n<li><strong>Secretaria Municipal de Desenvolvimento Econ\u00f4mico e Inova\u00e7\u00e3o:<\/strong> Promove o crescimento econ\u00f4mico e a inova\u00e7\u00e3o no setor municipal.<\/li>\n<li><strong>Secretaria Municipal de Articula\u00e7\u00e3o Pol\u00edtica e Rela\u00e7\u00f5es Institucionais:<\/strong> Cuida das rela\u00e7\u00f5es da Prefeitura com outros \u00f3rg\u00e3os e entidades.<\/li>\n<li><strong>Secretaria Municipal de Cultura:<\/strong> Incentiva a produ\u00e7\u00e3o cultural e a valoriza\u00e7\u00e3o da cultura local.<\/li>\n<li><strong>Secretaria Municipal dos Direitos da Pessoa com Defici\u00eancia:<\/strong> Busca garantir os direitos e a inclus\u00e3o de pessoas com defici\u00eancia.<\/li>\n<li><strong>Secretaria Municipal de Respeito \u00e0s Pol\u00edticas para as Mulheres:<\/strong> Promove a\u00e7\u00f5es voltadas para a equidade e direitos das mulheres.<\/li>\n<\/ul>\n<h2>Programas e A\u00e7\u00f5es da Prefeitura para a Comunidade<\/h2>\n<p>A Prefeitura de Aracaju desenvolve uma s\u00e9rie de programas e a\u00e7\u00f5es que visam atender \u00e0s demandas da comunidade e melhorar a qualidade de vida dos cidad\u00e3os. Essas iniciativas cobrem diversas \u00e1reas, como sa\u00fade, educa\u00e7\u00e3o, cultura e assist\u00eancia social.<\/p>\n<p>Um dos programas destacados \u00e9 o &#8220;Sa\u00fade na Comunidade&#8221;, que leva servi\u00e7os de sa\u00fade para as regi\u00f5es mais carentes de Aracaju, facilitando o acesso a cuidados m\u00e9dicos e preventivos. Al\u00e9m disso, a Prefeitura realiza campanhas de vacina\u00e7\u00e3o e eventos de conscientiza\u00e7\u00e3o sobre sa\u00fade p\u00fablica.<\/p>\n<p>No \u00e2mbito da educa\u00e7\u00e3o, a Prefeitura tem executado projetos que buscam melhorar a infraestrutura das escolas e ampliar o acesso \u00e0 educa\u00e7\u00e3o de qualidade. O &#8220;Educa\u00e7\u00e3o para Todos&#8221; \u00e9 um programa que visa atender crian\u00e7as em situa\u00e7\u00e3o de vulnerabilidade e garantir transporte e alimenta\u00e7\u00e3o escolar adequados.<\/p>\n<h2>Transpar\u00eancia e Acesso \u00e0 Informa\u00e7\u00e3o<\/h2>\n<p>A transpar\u00eancia \u00e9 um dos pilares da gest\u00e3o municipal em Aracaju. A Prefeitura busca garantir que a popula\u00e7\u00e3o tenha acesso \u00e0s informa\u00e7\u00f5es sobre suas a\u00e7\u00f5es e gastos p\u00fablicos. Para isso, disponibiliza diversos canais e plataformas onde informa\u00e7\u00f5es podem ser consultadas.<\/p>\n<p>O Portal da Transpar\u00eancia \u00e9 uma ferramenta essencial nesse processo, permitindo que os cidad\u00e3os acompanhem a execu\u00e7\u00e3o or\u00e7ament\u00e1ria e fiscal da Prefeitura. Al\u00e9m disso, a Prefeitura realiza audi\u00eancias p\u00fablicas e consulta popular, promovendo o envolvimento da comunidade nas decis\u00f5es que impactam a cidade.<\/p>\n<h2>Eventos da Prefeitura: Participe e Fique por Dentro<\/h2>\n<p>A Prefeitura de Aracaju organiza e apoia diversos eventos ao longo do ano, promovendo cultura, entretenimento e intera\u00e7\u00e3o entre os cidad\u00e3os. Esses eventos s\u00e3o oportunidades para a popula\u00e7\u00e3o se reunir e participar de atividades que valorizam a cultura local.<\/p>\n<p>Entre os eventos mais populares est\u00e3o as festividades de S\u00e3o Jo\u00e3o e o carnaval, que atraem turistas e promovem a cultura sergipana. Al\u00e9m disso, a Prefeitura realiza feiras de artesanato e gastronomia, onde os moradores podem conhecer os produtos locais e se engajar no com\u00e9rcio da cidade.<\/p>\n<h2>Como Falar com a Prefeitura: Canais de Comunica\u00e7\u00e3o<\/h2>\n<p>A comunica\u00e7\u00e3o entre a popula\u00e7\u00e3o e a gest\u00e3o municipal \u00e9 fundamental para o funcionamento da democracia. A Prefeitura de Aracaju disponibiliza diversos canais para que o cidad\u00e3o possa se manifestar, fazer reclama\u00e7\u00f5es ou solicitar informa\u00e7\u00f5es.<\/p>\n<p>Al\u00e9m do site oficial, onde \u00e9 poss\u00edvel acessar informa\u00e7\u00f5es e servi\u00e7os, a Prefeitura tamb\u00e9m utiliza as redes sociais para se comunicar com a popula\u00e7\u00e3o. O contato pode ser feito por telefone, e-mail ou atrav\u00e9s do formul\u00e1rio de contato dispon\u00edvel no portal da Prefeitura.<\/p>\n<h2>Projetos de Desenvolvimento Sustent\u00e1vel na Cidade<\/h2>\n<p>A sustentabilidade \u00e9 uma prioridade para a Prefeitura de Aracaju. Em busca de preservar o meio ambiente e melhorar a qualidade de vida da popula\u00e7\u00e3o, a gest\u00e3o municipal implementa projetos que promovem o desenvolvimento sustent\u00e1vel. <\/p>\n<p>Entre as iniciativas est\u00e3o programas de coleta seletiva, energias renov\u00e1veis e preserva\u00e7\u00e3o de \u00e1reas verdes. A Prefeitura tamb\u00e9m desenvolve parcerias com ONGs e institui\u00e7\u00f5es para promover atividades de educa\u00e7\u00e3o ambiental e conscientiza\u00e7\u00e3o sobre o uso respons\u00e1vel dos recursos naturais.<\/p>\n<h2>Iniciativas em Sa\u00fade P\u00fablica atrav\u00e9s da Prefeitura<\/h2>\n<p>A sa\u00fade p\u00fablica \u00e9 uma das \u00e1reas priorit\u00e1rias para a Prefeitura de Aracaju, que tem investido em a\u00e7\u00f5es e programas que visam garantir o bem-estar da popula\u00e7\u00e3o. O Sistema \u00danico de Sa\u00fade (SUS) \u00e9 a base para a presta\u00e7\u00e3o de servi\u00e7os de sa\u00fade, e a Prefeitura trabalha para ampliar o acesso e a qualidade dos atendimentos.<\/p>\n<p>Programas de preven\u00e7\u00e3o a doen\u00e7as, campanhas de vacina\u00e7\u00e3o e a\u00e7\u00f5es voltadas para a sa\u00fade da mulher e da crian\u00e7a s\u00e3o algumas das iniciativas que est\u00e3o em andamento. A Prefeitura tamb\u00e9m promove eventos de sa\u00fade, como feiras de sa\u00fade e atividades f\u00edsicas ao ar livre, incentivando a pr\u00e1tica de h\u00e1bitos saud\u00e1veis entre os cidad\u00e3os.<\/p>\n<h2>Cultura e Lazer: O Papel da Prefeitura<\/h2>\n<p>A cultura e o lazer desempenham um papel fundamental na vida da cidade, e a Prefeitura de Aracaju busca fomentar essas \u00e1reas atrav\u00e9s de eventos, projetos e espa\u00e7os culturais. A valoriza\u00e7\u00e3o da cultura local \u00e9 uma das prioridades, promovendo encontros e atividades que celebrem as tradi\u00e7\u00f5es sergipanas.<\/p>\n<p>O incentivo a artistas locais, a realiza\u00e7\u00e3o de festivais e o apoio a institui\u00e7\u00f5es culturais s\u00e3o algumas das maneiras pelas quais a Prefeitura contribui para o enriquecimento cultural da cidade. A oferta de espa\u00e7os p\u00fablicos para lazer, como pra\u00e7as e parques, tamb\u00e9m \u00e9 uma forma de proporcionar momentos de descanso e intera\u00e7\u00e3o para a popula\u00e7\u00e3o.<\/p>\n<h2>Dicas para Acompanhar as News da Prefeitura<\/h2>\n<p>Mantendo-se informado sobre as a\u00e7\u00f5es e novidades da Prefeitura de Aracaju \u00e9 importante para participar ativamente da vida da cidade. Existem v\u00e1rias maneiras de acompanhar as not\u00edcias e informa\u00e7\u00f5es da gest\u00e3o municipal:<\/p>\n<ul>\n<li><strong>Siga as Redes Sociais:<\/strong> Acompanhe os perfis oficiais da Prefeitura no Instagram, Facebook e Twitter para atualiza\u00e7\u00f5es di\u00e1rias.<\/li>\n<li><strong>Acesse o Site Oficial:<\/strong> Visite o portal da Prefeitura regularmente para conferir not\u00edcias, publica\u00e7\u00f5es e editais.<\/li>\n<li><strong>Inscreva-se em Newsletters:<\/strong> Cadastre-se para receber boletins informativos diretamente no seu e-mail sobre as atividades da gest\u00e3o.<\/li>\n<li><strong>Participe de Audi\u00eancias P\u00fablicas:<\/strong> Mantenha-se perto da gest\u00e3o participando de encontros e discuss\u00f5es promovidas pela Prefeitura.<\/li>\n<\/ul>\n<p>Com essas dicas, voc\u00ea pode se manter atualizado e engajado nas quest\u00f5es municipais, contribuindo para o desenvolvimento de Aracaju.<\/p>\n\n<div style=\"font-size: 0px; height: 0px; line-height: 0px; margin: 0; padding: 0; clear: both;\"><\/div>","protected":false},"excerpt":{"rendered":"<p>Prefeitura de Aracaju oferece informa\u00e7\u00f5es essenciais sobre servi\u00e7os e transpar\u00eancia.<\/p>\n","protected":false},"author":1,"featured_media":2557,"comment_status":"closed","ping_status":"closed","sticky":false,"template":"","format":"standard","meta":{"footnotes":""},"categories":[37],"tags":[],"class_list":["post-2558","post","type-post","status-publish","format-standard","has-post-thumbnail","hentry","category-autorizadas-aracaju","has_thumb"],"yoast_head":"<!-- This site is optimized with the Yoast SEO plugin v26.4 - https:\/\/yoast.com\/wordpress\/plugins\/seo\/ -->\n<title>Prefeita Em\u00edlia re\u00fane Comit\u00ea de Acompanhamento da Igu\u00e1 para refor\u00e7ar fiscaliza\u00e7\u00e3o e abastecimento de \u00e1gua - Encontra Aracaju<\/title>\n<meta name=\"robots\" content=\"index, follow, max-snippet:-1, max-image-preview:large, max-video-preview:-1\" \/>\n<link rel=\"canonical\" href=\"https:\/\/www.encontraaracaju.com.br\/sobre\/prefeita-emilia-reune-comite-de-acompanhamento-da-igua-para-reforcar-fiscalizacao-e-abastecimento-de-agua\/\" \/>\n<meta property=\"og:locale\" content=\"pt_BR\" \/>\n<meta property=\"og:type\" content=\"article\" \/>\n<meta property=\"og:title\" content=\"Prefeita Em\u00edlia re\u00fane Comit\u00ea de Acompanhamento da Igu\u00e1 para refor\u00e7ar fiscaliza\u00e7\u00e3o e abastecimento de \u00e1gua - Encontra Aracaju\" \/>\n<meta property=\"og:description\" content=\"Prefeitura de Aracaju oferece informa\u00e7\u00f5es essenciais sobre servi\u00e7os e transpar\u00eancia.\" \/>\n<meta property=\"og:url\" content=\"https:\/\/www.encontraaracaju.com.br\/sobre\/prefeita-emilia-reune-comite-de-acompanhamento-da-igua-para-reforcar-fiscalizacao-e-abastecimento-de-agua\/\" \/>\n<meta property=\"og:site_name\" content=\"Encontra Aracaju\" \/>\n<meta property=\"article:published_time\" content=\"2026-08-31T23:26:35+00:00\" \/>\n<meta property=\"og:image\" content=\"https:\/\/www.encontraaracaju.com.br\/sobre\/wp-content\/uploads\/2026\/08\/prefeita-emilia-reune-comite-de-acompanhamento-da-igua-para-reforcar-fiscalizacao-e-abastecimento-de.webp\" \/>\n<meta name=\"author\" content=\"Encontra Aracaju\" \/>\n<meta name=\"twitter:card\" content=\"summary_large_image\" \/>\n<meta name=\"twitter:label1\" content=\"Escrito por\" \/>\n\t<meta name=\"twitter:data1\" content=\"Encontra Aracaju\" \/>\n\t<meta name=\"twitter:label2\" content=\"Est. tempo de leitura\" \/>\n\t<meta name=\"twitter:data2\" content=\"8 minutos\" \/>\n<script type=\"application\/ld+json\" class=\"yoast-schema-graph\">{\"@context\":\"https:\/\/schema.org\",\"@graph\":[{\"@type\":\"WebPage\",\"@id\":\"https:\/\/www.encontraaracaju.com.br\/sobre\/prefeita-emilia-reune-comite-de-acompanhamento-da-igua-para-reforcar-fiscalizacao-e-abastecimento-de-agua\/\",\"url\":\"https:\/\/www.encontraaracaju.com.br\/sobre\/prefeita-emilia-reune-comite-de-acompanhamento-da-igua-para-reforcar-fiscalizacao-e-abastecimento-de-agua\/\",\"name\":\"Prefeita Em\u00edlia re\u00fane Comit\u00ea de Acompanhamento da Igu\u00e1 para refor\u00e7ar fiscaliza\u00e7\u00e3o e abastecimento de \u00e1gua - Encontra Aracaju\",\"isPartOf\":{\"@id\":\"https:\/\/www.encontraaracaju.com.br\/sobre\/#website\"},\"primaryImageOfPage\":{\"@id\":\"https:\/\/www.encontraaracaju.com.br\/sobre\/prefeita-emilia-reune-comite-de-acompanhamento-da-igua-para-reforcar-fiscalizacao-e-abastecimento-de-agua\/#primaryimage\"},\"image\":{\"@id\":\"https:\/\/www.encontraaracaju.com.br\/sobre\/prefeita-emilia-reune-comite-de-acompanhamento-da-igua-para-reforcar-fiscalizacao-e-abastecimento-de-agua\/#primaryimage\"},\"thumbnailUrl\":\"https:\/\/www.encontraaracaju.com.br\/sobre\/wp-content\/uploads\/2026\/08\/prefeita-emilia-reune-comite-de-acompanhamento-da-igua-para-reforcar-fiscalizacao-e-abastecimento-de.webp\",\"datePublished\":\"2026-08-31T23:26:35+00:00\",\"author\":{\"@id\":\"https:\/\/www.encontraaracaju.com.br\/sobre\/#\/schema\/person\/4ffad47e9e50db5f93e67859b297b0be\"},\"breadcrumb\":{\"@id\":\"https:\/\/www.encontraaracaju.com.br\/sobre\/prefeita-emilia-reune-comite-de-acompanhamento-da-igua-para-reforcar-fiscalizacao-e-abastecimento-de-agua\/#breadcrumb\"},\"inLanguage\":\"pt-BR\",\"potentialAction\":[{\"@type\":\"ReadAction\",\"target\":[\"https:\/\/www.encontraaracaju.com.br\/sobre\/prefeita-emilia-reune-comite-de-acompanhamento-da-igua-para-reforcar-fiscalizacao-e-abastecimento-de-agua\/\"]}]},{\"@type\":\"ImageObject\",\"inLanguage\":\"pt-BR\",\"@id\":\"https:\/\/www.encontraaracaju.com.br\/sobre\/prefeita-emilia-reune-comite-de-acompanhamento-da-igua-para-reforcar-fiscalizacao-e-abastecimento-de-agua\/#primaryimage\",\"url\":\"https:\/\/www.encontraaracaju.com.br\/sobre\/wp-content\/uploads\/2026\/08\/prefeita-emilia-reune-comite-de-acompanhamento-da-igua-para-reforcar-fiscalizacao-e-abastecimento-de.webp\",\"contentUrl\":\"https:\/\/www.encontraaracaju.com.br\/sobre\/wp-content\/uploads\/2026\/08\/prefeita-emilia-reune-comite-de-acompanhamento-da-igua-para-reforcar-fiscalizacao-e-abastecimento-de.webp\",\"width\":280,\"height\":280,\"caption\":\"Prefeitura de Aracaju\"},{\"@type\":\"BreadcrumbList\",\"@id\":\"https:\/\/www.encontraaracaju.com.br\/sobre\/prefeita-emilia-reune-comite-de-acompanhamento-da-igua-para-reforcar-fiscalizacao-e-abastecimento-de-agua\/#breadcrumb\",\"itemListElement\":[{\"@type\":\"ListItem\",\"position\":1,\"name\":\"In\u00edcio\",\"item\":\"https:\/\/www.encontraaracaju.com.br\/sobre\/\"},{\"@type\":\"ListItem\",\"position\":2,\"name\":\"Prefeita Em\u00edlia re\u00fane Comit\u00ea de Acompanhamento da Igu\u00e1 para refor\u00e7ar fiscaliza\u00e7\u00e3o e abastecimento de \u00e1gua\"}]},{\"@type\":\"WebSite\",\"@id\":\"https:\/\/www.encontraaracaju.com.br\/sobre\/#website\",\"url\":\"https:\/\/www.encontraaracaju.com.br\/sobre\/\",\"name\":\"Encontra Aracaju\",\"description\":\"Not\u00edcias, eventos, informa\u00e7\u00f5es e dicas na cidade Aracaju e regi\u00e3o.\",\"potentialAction\":[{\"@type\":\"SearchAction\",\"target\":{\"@type\":\"EntryPoint\",\"urlTemplate\":\"https:\/\/www.encontraaracaju.com.br\/sobre\/?s={search_term_string}\"},\"query-input\":{\"@type\":\"PropertyValueSpecification\",\"valueRequired\":true,\"valueName\":\"search_term_string\"}}],\"inLanguage\":\"pt-BR\"},{\"@type\":\"Person\",\"@id\":\"https:\/\/www.encontraaracaju.com.br\/sobre\/#\/schema\/person\/4ffad47e9e50db5f93e67859b297b0be\",\"name\":\"Encontra Aracaju\",\"image\":{\"@type\":\"ImageObject\",\"inLanguage\":\"pt-BR\",\"@id\":\"https:\/\/www.encontraaracaju.com.br\/sobre\/#\/schema\/person\/image\/\",\"url\":\"https:\/\/secure.gravatar.com\/avatar\/507340682b8270222e1f208e23198b6ae7e2c6a1033ae84e99bc6bce4f82a387?s=96&d=mm&r=g\",\"contentUrl\":\"https:\/\/secure.gravatar.com\/avatar\/507340682b8270222e1f208e23198b6ae7e2c6a1033ae84e99bc6bce4f82a387?s=96&d=mm&r=g\",\"caption\":\"Encontra Aracaju\"},\"sameAs\":[\"http:\/\/www.encontraaracaju.com.br\"]}]}<\/script>\n<!-- \/ Yoast SEO plugin. -->","yoast_head_json":{"title":"Prefeita Em\u00edlia re\u00fane Comit\u00ea de Acompanhamento da Igu\u00e1 para refor\u00e7ar fiscaliza\u00e7\u00e3o e abastecimento de \u00e1gua - Encontra Aracaju","robots":{"index":"index","follow":"follow","max-snippet":"max-snippet:-1","max-image-preview":"max-image-preview:large","max-video-preview":"max-video-preview:-1"},"canonical":"https:\/\/www.encontraaracaju.com.br\/sobre\/prefeita-emilia-reune-comite-de-acompanhamento-da-igua-para-reforcar-fiscalizacao-e-abastecimento-de-agua\/","og_locale":"pt_BR","og_type":"article","og_title":"Prefeita Em\u00edlia re\u00fane Comit\u00ea de Acompanhamento da Igu\u00e1 para refor\u00e7ar fiscaliza\u00e7\u00e3o e abastecimento de \u00e1gua - Encontra Aracaju","og_description":"Prefeitura de Aracaju oferece informa\u00e7\u00f5es essenciais sobre servi\u00e7os e transpar\u00eancia.","og_url":"https:\/\/www.encontraaracaju.com.br\/sobre\/prefeita-emilia-reune-comite-de-acompanhamento-da-igua-para-reforcar-fiscalizacao-e-abastecimento-de-agua\/","og_site_name":"Encontra Aracaju","article_published_time":"2026-08-31T23:26:35+00:00","og_image":[{"url":"https:\/\/www.encontraaracaju.com.br\/sobre\/wp-content\/uploads\/2026\/08\/prefeita-emilia-reune-comite-de-acompanhamento-da-igua-para-reforcar-fiscalizacao-e-abastecimento-de.webp","type":"","width":"","height":""}],"author":"Encontra Aracaju","twitter_card":"summary_large_image","twitter_misc":{"Escrito por":"Encontra Aracaju","Est. tempo de leitura":"8 minutos"},"schema":{"@context":"https:\/\/schema.org","@graph":[{"@type":"WebPage","@id":"https:\/\/www.encontraaracaju.com.br\/sobre\/prefeita-emilia-reune-comite-de-acompanhamento-da-igua-para-reforcar-fiscalizacao-e-abastecimento-de-agua\/","url":"https:\/\/www.encontraaracaju.com.br\/sobre\/prefeita-emilia-reune-comite-de-acompanhamento-da-igua-para-reforcar-fiscalizacao-e-abastecimento-de-agua\/","name":"Prefeita Em\u00edlia re\u00fane Comit\u00ea de Acompanhamento da Igu\u00e1 para refor\u00e7ar fiscaliza\u00e7\u00e3o e abastecimento de \u00e1gua - Encontra Aracaju","isPartOf":{"@id":"https:\/\/www.encontraaracaju.com.br\/sobre\/#website"},"primaryImageOfPage":{"@id":"https:\/\/www.encontraaracaju.com.br\/sobre\/prefeita-emilia-reune-comite-de-acompanhamento-da-igua-para-reforcar-fiscalizacao-e-abastecimento-de-agua\/#primaryimage"},"image":{"@id":"https:\/\/www.encontraaracaju.com.br\/sobre\/prefeita-emilia-reune-comite-de-acompanhamento-da-igua-para-reforcar-fiscalizacao-e-abastecimento-de-agua\/#primaryimage"},"thumbnailUrl":"https:\/\/www.encontraaracaju.com.br\/sobre\/wp-content\/uploads\/2026\/08\/prefeita-emilia-reune-comite-de-acompanhamento-da-igua-para-reforcar-fiscalizacao-e-abastecimento-de.webp","datePublished":"2026-08-31T23:26:35+00:00","author":{"@id":"https:\/\/www.encontraaracaju.com.br\/sobre\/#\/schema\/person\/4ffad47e9e50db5f93e67859b297b0be"},"breadcrumb":{"@id":"https:\/\/www.encontraaracaju.com.br\/sobre\/prefeita-emilia-reune-comite-de-acompanhamento-da-igua-para-reforcar-fiscalizacao-e-abastecimento-de-agua\/#breadcrumb"},"inLanguage":"pt-BR","potentialAction":[{"@type":"ReadAction","target":["https:\/\/www.encontraaracaju.com.br\/sobre\/prefeita-emilia-reune-comite-de-acompanhamento-da-igua-para-reforcar-fiscalizacao-e-abastecimento-de-agua\/"]}]},{"@type":"ImageObject","inLanguage":"pt-BR","@id":"https:\/\/www.encontraaracaju.com.br\/sobre\/prefeita-emilia-reune-comite-de-acompanhamento-da-igua-para-reforcar-fiscalizacao-e-abastecimento-de-agua\/#primaryimage","url":"https:\/\/www.encontraaracaju.com.br\/sobre\/wp-content\/uploads\/2026\/08\/prefeita-emilia-reune-comite-de-acompanhamento-da-igua-para-reforcar-fiscalizacao-e-abastecimento-de.webp","contentUrl":"https:\/\/www.encontraaracaju.com.br\/sobre\/wp-content\/uploads\/2026\/08\/prefeita-emilia-reune-comite-de-acompanhamento-da-igua-para-reforcar-fiscalizacao-e-abastecimento-de.webp","width":280,"height":280,"caption":"Prefeitura de Aracaju"},{"@type":"BreadcrumbList","@id":"https:\/\/www.encontraaracaju.com.br\/sobre\/prefeita-emilia-reune-comite-de-acompanhamento-da-igua-para-reforcar-fiscalizacao-e-abastecimento-de-agua\/#breadcrumb","itemListElement":[{"@type":"ListItem","position":1,"name":"In\u00edcio","item":"https:\/\/www.encontraaracaju.com.br\/sobre\/"},{"@type":"ListItem","position":2,"name":"Prefeita Em\u00edlia re\u00fane Comit\u00ea de Acompanhamento da Igu\u00e1 para refor\u00e7ar fiscaliza\u00e7\u00e3o e abastecimento de \u00e1gua"}]},{"@type":"WebSite","@id":"https:\/\/www.encontraaracaju.com.br\/sobre\/#website","url":"https:\/\/www.encontraaracaju.com.br\/sobre\/","name":"Encontra Aracaju","description":"Not\u00edcias, eventos, informa\u00e7\u00f5es e dicas na cidade Aracaju e regi\u00e3o.","potentialAction":[{"@type":"SearchAction","target":{"@type":"EntryPoint","urlTemplate":"https:\/\/www.encontraaracaju.com.br\/sobre\/?s={search_term_string}"},"query-input":{"@type":"PropertyValueSpecification","valueRequired":true,"valueName":"search_term_string"}}],"inLanguage":"pt-BR"},{"@type":"Person","@id":"https:\/\/www.encontraaracaju.com.br\/sobre\/#\/schema\/person\/4ffad47e9e50db5f93e67859b297b0be","name":"Encontra Aracaju","image":{"@type":"ImageObject","inLanguage":"pt-BR","@id":"https:\/\/www.encontraaracaju.com.br\/sobre\/#\/schema\/person\/image\/","url":"https:\/\/secure.gravatar.com\/avatar\/507340682b8270222e1f208e23198b6ae7e2c6a1033ae84e99bc6bce4f82a387?s=96&d=mm&r=g","contentUrl":"https:\/\/secure.gravatar.com\/avatar\/507340682b8270222e1f208e23198b6ae7e2c6a1033ae84e99bc6bce4f82a387?s=96&d=mm&r=g","caption":"Encontra Aracaju"},"sameAs":["http:\/\/www.encontraaracaju.com.br"]}]}},"_links":{"self":[{"href":"https:\/\/www.encontraaracaju.com.br\/sobre\/wp-json\/wp\/v2\/posts\/2558","targetHints":{"allow":["GET"]}}],"collection":[{"href":"https:\/\/www.encontraaracaju.com.br\/sobre\/wp-json\/wp\/v2\/posts"}],"about":[{"href":"https:\/\/www.encontraaracaju.com.br\/sobre\/wp-json\/wp\/v2\/types\/post"}],"author":[{"embeddable":true,"href":"https:\/\/www.encontraaracaju.com.br\/sobre\/wp-json\/wp\/v2\/users\/1"}],"replies":[{"embeddable":true,"href":"https:\/\/www.encontraaracaju.com.br\/sobre\/wp-json\/wp\/v2\/comments?post=2558"}],"version-history":[{"count":0,"href":"https:\/\/www.encontraaracaju.com.br\/sobre\/wp-json\/wp\/v2\/posts\/2558\/revisions"}],"wp:featuredmedia":[{"embeddable":true,"href":"https:\/\/www.encontraaracaju.com.br\/sobre\/wp-json\/wp\/v2\/media\/2557"}],"wp:attachment":[{"href":"https:\/\/www.encontraaracaju.com.br\/sobre\/wp-json\/wp\/v2\/media?parent=2558"}],"wp:term":[{"taxonomy":"category","embeddable":true,"href":"https:\/\/www.encontraaracaju.com.br\/sobre\/wp-json\/wp\/v2\/categories?post=2558"},{"taxonomy":"post_tag","embeddable":true,"href":"https:\/\/www.encontraaracaju.com.br\/sobre\/wp-json\/wp\/v2\/tags?post=2558"}],"curies":[{"name":"wp","href":"https:\/\/api.w.org\/{rel}","templated":true}]}}