{"id":2554,"date":"2026-08-31T20:24:28","date_gmt":"2026-08-31T23:24:28","guid":{"rendered":"https:\/\/www.encontraaracaju.com.br\/sobre\/prefeitura-conclui-capacitacoes-e-amplia-perspectivas-profissionais-nas-areas-administrativa-e-gastronomica\/"},"modified":"2026-08-31T20:24:28","modified_gmt":"2026-08-31T23:24:28","slug":"prefeitura-conclui-capacitacoes-e-amplia-perspectivas-profissionais-nas-areas-administrativa-e-gastronomica","status":"publish","type":"post","link":"https:\/\/www.encontraaracaju.com.br\/sobre\/prefeitura-conclui-capacitacoes-e-amplia-perspectivas-profissionais-nas-areas-administrativa-e-gastronomica\/","title":{"rendered":"Prefeitura conclui capacita\u00e7\u00f5es e amplia perspectivas profissionais nas \u00e1reas administrativa e gastron\u00f4mica"},"content":{"rendered":"<div class=\"0de350683d360aa04277a39db0bae410\" data-index=\"1\" style=\"float: none; margin:0px;\">\n<!-- Anuncio display - global -->\r\n<ins class=\"adsbygoogle\"\r\n     style=\"display:block\"\r\n     data-ad-client=\"ca-pub-8585364105181520\"\r\n     data-ad-slot=\"8789329856\"\r\n     data-ad-format=\"auto\"\r\n     data-full-width-responsive=\"true\"><\/ins>\r\n<script>\r\n     (adsbygoogle = window.adsbygoogle || []).push({});\r\n<\/script>\n<\/div>\n<h2>Conhe\u00e7a as Secretarias da Prefeitura de Aracaju<\/h2>\n<p>A Prefeitura de Aracaju conta com diversas secretarias que desempenham pap\u00e9is essenciais na gest\u00e3o da cidade. Cada um desses \u00f3rg\u00e3os \u00e9 respons\u00e1vel por \u00e1reas espec\u00edficas, garantindo que a administra\u00e7\u00e3o p\u00fablica atenda \u00e0s necessidades da popula\u00e7\u00e3o de maneira eficaz. Veja abaixo uma lista das secretarias que comp\u00f5em a estrutura da prefeitura:<\/p>\n<ul>\n<li><strong>Secretaria Municipal de Governo:<\/strong> Coordena as atividades administrativas da prefeitura.<\/li>\n<li><strong>Secretaria Municipal de Comunica\u00e7\u00e3o Social:<\/strong> Respons\u00e1vel pela comunica\u00e7\u00e3o entre o governo e a popula\u00e7\u00e3o.<\/li>\n<li><strong>Procuradoria-Geral do Munic\u00edpio:<\/strong> Cuida das quest\u00f5es legais da administra\u00e7\u00e3o p\u00fablica.<\/li>\n<li><strong>Controladoria Geral do Munic\u00edpio:<\/strong> Monitora e fiscaliza a administra\u00e7\u00e3o financeira.<\/li>\n<li><strong>Secretaria Municipal da Fazenda:<\/strong> Gerencia as finan\u00e7as e arrecada\u00e7\u00e3o de impostos.<\/li>\n<li><strong>Secretaria Municipal de Planejamento, Or\u00e7amento e Gest\u00e3o:<\/strong> Foca no planejamento estrat\u00e9gico e or\u00e7amento municipal.<\/li>\n<li><strong>Secretaria Municipal de Educa\u00e7\u00e3o:<\/strong> Atua na melhoria da educa\u00e7\u00e3o p\u00fablica.<\/li>\n<li><strong>Secretaria Municipal de Sa\u00fade:<\/strong> Respons\u00e1vel pela sa\u00fade da popula\u00e7\u00e3o.<\/li>\n<li><strong>Secretaria Municipal de Fam\u00edlia e Assist\u00eancia Social:<\/strong> Foca em pol\u00edticas de assist\u00eancia social.<\/li>\n<li><strong>Secretaria Municipal de Juventude e Esporte:<\/strong> Incentiva atividades esportivas e de juventude.<\/li>\n<li><strong>Secretaria Municipal do Meio Ambiente:<\/strong> Cuida das quest\u00f5es ambientais na cidade.<\/li>\n<li><strong>Secretaria Municipal de Turismo:<\/strong> Desenvolve a\u00e7\u00f5es para promover o turismo local.<\/li>\n<li><strong>Secretaria Municipal de Infraestrutura:<\/strong> Respons\u00e1vel pelas obras e manuten\u00e7\u00e3o p\u00fablica.<\/li>\n<li><strong>Secretaria Municipal de Seguran\u00e7a Municipal e Cidadania:<\/strong> Foca na seguran\u00e7a e no desenvolvimento da cidadania.<\/li>\n<li><strong>Secretaria Municipal de Desenvolvimento Econ\u00f4mico e Inova\u00e7\u00e3o:<\/strong> Apoia o crescimento econ\u00f4mico da cidade.<\/li>\n<li><strong>Secretaria Municipal de Articula\u00e7\u00e3o Pol\u00edtica e Rela\u00e7\u00f5es Institucionais:<\/strong> Media as rela\u00e7\u00f5es institucionais do governo.<\/li>\n<li><strong>Secretaria Municipal de Cultura:<\/strong> Desenvolve a\u00e7\u00f5es culturais e art\u00edsticas.<\/li>\n<li><strong>Secretaria Municipal dos Direitos da Pessoa com Defici\u00eancia:<\/strong> Promove a inclus\u00e3o das pessoas com defici\u00eancia.<\/li>\n<li><strong>Secretaria Municipal de Respeito \u00e0s Pol\u00edticas para as Mulheres:<\/strong> Trabalha em prol dos direitos das mulheres.<\/li>\n<\/ul>\n<h2>Servi\u00e7os Oferecidos pela Administra\u00e7\u00e3o Municipal<\/h2>\n<p>A administra\u00e7\u00e3o municipal de Aracaju oferece uma ampla gama de servi\u00e7os \u00e0 popula\u00e7\u00e3o. Esses servi\u00e7os visam melhorar a qualidade de vida dos cidad\u00e3os e s\u00e3o fundamentais para o funcionamento da cidade. Entre os principais servi\u00e7os, destacam-se:<\/p>\n<ul>\n<li><strong>Educa\u00e7\u00e3o:<\/strong> Escolas p\u00fablicas, programas de alfabetiza\u00e7\u00e3o e cursos de forma\u00e7\u00e3o.<\/li>\n<li><strong>Sa\u00fade:<\/strong> Ambulat\u00f3rios, hospitais e campanhas de vacina\u00e7\u00e3o.<\/li>\n<li><strong>Assist\u00eancia Social:<\/strong> Apoio a fam\u00edlias em situa\u00e7\u00e3o de vulnerabilidade.<\/li>\n<li><strong>Infraestrutura:<\/strong> Obras de pavimenta\u00e7\u00e3o, manuten\u00e7\u00e3o de ruas e ilumina\u00e7\u00e3o p\u00fablica.<\/li>\n<li><strong>Transportes:<\/strong> Transporte p\u00fablico eficiente e manuten\u00e7\u00e3o de vias.<\/li>\n<li><strong>Meio Ambiente:<\/strong> Projetos de preserva\u00e7\u00e3o e conscientiza\u00e7\u00e3o ambiental.<\/li>\n<li><strong>Seguran\u00e7a:<\/strong> A\u00e7\u00f5es de seguran\u00e7a comunit\u00e1ria e policiamento.<\/li>\n<li><strong>Cultura e Lazer:<\/strong> Eventos culturais, parques e centros de entretenimento.<\/li>\n<\/ul>\n<h2>Como Entrar em Contato com a Prefeitura<\/h2>\n<p>A comunica\u00e7\u00e3o entre a popula\u00e7\u00e3o e a Prefeitura de Aracaju \u00e9 essencial para garantir que as demandas e sugest\u00f5es sejam ouvidas. Para facilitar este contato, a prefeitura disponibiliza diferentes canais de comunica\u00e7\u00e3o:<\/p>\n<p><img decoding=\"async\" src=\"https:\/\/www.encontraaracaju.com.br\/sobre\/wp-content\/uploads\/2026\/08\/prefeitura-conclui-capacitacoes-e-amplia-perspectivas-profissionais-nas-areas-administrativa-e-gastr.webp\" alt=\"Prefeitura de Aracaju\" loading=\"lazy\" \/><\/p>\n<ul>\n<li><strong>Telefone:<\/strong> Assist\u00eancia via telefone para esclarecimentos e agendamentos.<\/li>\n<li><strong>Website:<\/strong> O site oficial da prefeitura oferece informa\u00e7\u00f5es e servi\u00e7os online.<\/li>\n<li><strong>Redes Sociais:<\/strong> Canais ativos no Facebook, Instagram, Twitter e YouTube, onde a popula\u00e7\u00e3o pode interagir.<\/li>\n<li><strong>Atendimento Presencial:<\/strong> Os cidad\u00e3os podem visitar os diversos \u00f3rg\u00e3os da prefeitura para solicita\u00e7\u00e3o de servi\u00e7os.<\/li>\n<\/ul>\n<h2>A Import\u00e2ncia da Comunica\u00e7\u00e3o P\u00fablica<\/h2>\n<p>Uma comunica\u00e7\u00e3o p\u00fablica eficaz \u00e9 crucial para o funcionamento de qualquer cidade. Em Aracaju, a Prefeitura busca constantemente melhorar o di\u00e1logo com os cidad\u00e3os atrav\u00e9s de diversas iniciativas:<\/p>\n<ul>\n<li><strong>Transpar\u00eancia:<\/strong> A divulga\u00e7\u00e3o de dados p\u00fablicos e informa\u00e7\u00f5es sobre as a\u00e7\u00f5es do governo.<\/li>\n<li><strong>Intera\u00e7\u00e3o:<\/strong> Incentivo ao feedback da popula\u00e7\u00e3o sobre servi\u00e7os e projetos.<\/li>\n<li><strong>Informa\u00e7\u00e3o:<\/strong> Campanhas educativas e informativas sobre direitos e deveres dos cidad\u00e3os.<\/li>\n<\/ul>\n<h2>Iniciativas Sustent\u00e1veis em Aracaju<\/h2>\n<p>A sustentabilidade \u00e9 uma prioridade para a Prefeitura de Aracaju. Diversas iniciativas est\u00e3o sendo implementadas para promover um desenvolvimento sustent\u00e1vel e equilibrado. Algumas das a\u00e7\u00f5es incluem:<\/p>\n<ul>\n<li><strong>Reflorestamento:<\/strong> Plantio de \u00e1rvores em \u00e1reas urbanas para melhorar a qualidade do ar.<\/li>\n<li><strong>Coleta Seletiva:<\/strong> Incentivos \u00e0 reciclagem e separa\u00e7\u00e3o de res\u00edduos.<\/li>\n<li><strong>Educa\u00e7\u00e3o Ambiental:<\/strong> Programas de conscientiza\u00e7\u00e3o nas escolas e comunidades.<\/li>\n<\/ul>\n<h2>Projetos de Educa\u00e7\u00e3o e Sa\u00fade na Cidade<\/h2>\n<p>A educa\u00e7\u00e3o e a sa\u00fade s\u00e3o pilares fundamentais da gest\u00e3o municipal. A prefeitura desenvolve projetos espec\u00edficos para melhorar estas \u00e1reas:<\/p>\n<ul>\n<li><strong>Educa\u00e7\u00e3o:<\/strong> Desenvolvimento de escolas de tempo integral e programas de apoio educacional.<\/li>\n<li><strong>Sa\u00fade:<\/strong> Projetos de sa\u00fade da fam\u00edlia e campanhas de preven\u00e7\u00e3o de doen\u00e7as.<\/li>\n<li><strong>Capacita\u00e7\u00e3o:<\/strong> Cursos e treinamentos para professores e profissionais da sa\u00fade.<\/li>\n<\/ul>\n<h2>Cultura e Lazer em Aracaju<\/h2>\n<p>A cultura e o lazer s\u00e3o elementos que enriquecem a vida dos cidad\u00e3os. A Prefeitura de Aracaju investe em diversas a\u00e7\u00f5es culturais e espa\u00e7os de lazer:<\/p>\n<ul>\n<li><strong>Eventos Culturais:<\/strong> Festivais, exposi\u00e7\u00f5es e apresenta\u00e7\u00f5es art\u00edsticas ao longo do ano.<\/li>\n<li><strong>Espa\u00e7os P\u00fablicos:<\/strong> Cria\u00e7\u00e3o e manuten\u00e7\u00e3o de parques, pra\u00e7as e centros esportivos.<\/li>\n<li><strong>Incentivo \u00e0 Cultura Local:<\/strong> Apoio a artistas e grupos culturais da cidade.<\/li>\n<\/ul>\n<h2>Desenvolvimento Econ\u00f4mico e Inova\u00e7\u00e3o<\/h2>\n<p>Para garantir o crescimento econ\u00f4mico de Aracaju, a Prefeitura promove a\u00e7\u00f5es que incentivam o desenvolvimento e a inova\u00e7\u00e3o na cidade:<\/p>\n<ul>\n<li><strong>Empreendedorismo:<\/strong> Apoio a pequenas e m\u00e9dias empresas locais.<\/li>\n<li><strong>Inova\u00e7\u00e3o:<\/strong> Projetos que fomentam a tecnologia e a pesquisa.<\/li>\n<li><strong>Parcerias:<\/strong> Colabora\u00e7\u00e3o com o setor privado para promover o desenvolvimento urbano.<\/li>\n<\/ul>\n<h2>Transportes e Mobilidade Urbana<\/h2>\n<p>A mobilidade urbana \u00e9 um aspecto essencial para o funcionamento da cidade. A Prefeitura de Aracaju implementa medidas para melhorar o transporte p\u00fablico e a mobilidade dos cidad\u00e3os:<\/p>\n<ul>\n<li><strong>Transporte Coletivo:<\/strong> Melhorias na frota e frequ\u00eancia dos \u00f4nibus urbanos.<\/li>\n<li><strong>Pavimenta\u00e7\u00e3o:<\/strong> Obras de pavimenta\u00e7\u00e3o de ruas e cal\u00e7adas.<\/li>\n<li><strong>Ciclovias:<\/strong> Cria\u00e7\u00e3o de infraestrutura para ciclistas e pedestres.<\/li>\n<\/ul>\n<h2>Acessibilidade e Inclus\u00e3o Social<\/h2>\n<p>A acessibilidade \u00e9 uma prioridade para a Prefeitura de Aracaju, que busca garantir que todos os cidad\u00e3os tenham acesso aos servi\u00e7os p\u00fablicos. As a\u00e7\u00f5es incluem:<\/p>\n<ul>\n<li><strong>Adapta\u00e7\u00f5es em Espa\u00e7os P\u00fablicos:<\/strong> Melhorias em pra\u00e7as e pr\u00e9dios p\u00fablicos para atender pessoas com defici\u00eancia.<\/li>\n<li><strong>Programas de Inclus\u00e3o:<\/strong> Projetos que visam a inclus\u00e3o social de grupos vulner\u00e1veis.<\/li>\n<li><strong>Campanhas de Conscientiza\u00e7\u00e3o:<\/strong> Educando a popula\u00e7\u00e3o sobre a import\u00e2ncia da inclus\u00e3o.<\/li>\n<\/ul>\n\n<div style=\"font-size: 0px; height: 0px; line-height: 0px; margin: 0; padding: 0; clear: both;\"><\/div>","protected":false},"excerpt":{"rendered":"<p>Prefeitura de Aracaju e suas iniciativas para a cidadania e bem-estar.<\/p>\n","protected":false},"author":1,"featured_media":2553,"comment_status":"closed","ping_status":"closed","sticky":false,"template":"","format":"standard","meta":{"footnotes":""},"categories":[3],"tags":[],"class_list":["post-2554","post","type-post","status-publish","format-standard","has-post-thumbnail","hentry","category-cursos-em-aracaju","has_thumb"],"yoast_head":"<!-- This site is optimized with the Yoast SEO plugin v26.4 - https:\/\/yoast.com\/wordpress\/plugins\/seo\/ -->\n<title>Prefeitura conclui capacita\u00e7\u00f5es e amplia perspectivas profissionais nas \u00e1reas administrativa e gastron\u00f4mica - Encontra Aracaju<\/title>\n<meta name=\"robots\" content=\"index, follow, max-snippet:-1, max-image-preview:large, max-video-preview:-1\" \/>\n<link rel=\"canonical\" href=\"https:\/\/www.encontraaracaju.com.br\/sobre\/prefeitura-conclui-capacitacoes-e-amplia-perspectivas-profissionais-nas-areas-administrativa-e-gastronomica\/\" \/>\n<meta property=\"og:locale\" content=\"pt_BR\" \/>\n<meta property=\"og:type\" content=\"article\" \/>\n<meta property=\"og:title\" content=\"Prefeitura conclui capacita\u00e7\u00f5es e amplia perspectivas profissionais nas \u00e1reas administrativa e gastron\u00f4mica - Encontra Aracaju\" \/>\n<meta property=\"og:description\" content=\"Prefeitura de Aracaju e suas iniciativas para a cidadania e bem-estar.\" \/>\n<meta property=\"og:url\" content=\"https:\/\/www.encontraaracaju.com.br\/sobre\/prefeitura-conclui-capacitacoes-e-amplia-perspectivas-profissionais-nas-areas-administrativa-e-gastronomica\/\" \/>\n<meta property=\"og:site_name\" content=\"Encontra Aracaju\" \/>\n<meta property=\"article:published_time\" content=\"2026-08-31T23:24:28+00:00\" \/>\n<meta property=\"og:image\" content=\"https:\/\/www.encontraaracaju.com.br\/sobre\/wp-content\/uploads\/2026\/08\/prefeitura-conclui-capacitacoes-e-amplia-perspectivas-profissionais-nas-areas-administrativa-e-gastr.webp\" \/>\n<meta name=\"author\" content=\"Encontra Aracaju\" \/>\n<meta name=\"twitter:card\" content=\"summary_large_image\" \/>\n<meta name=\"twitter:label1\" content=\"Escrito por\" \/>\n\t<meta name=\"twitter:data1\" content=\"Encontra Aracaju\" \/>\n\t<meta name=\"twitter:label2\" content=\"Est. tempo de leitura\" \/>\n\t<meta name=\"twitter:data2\" content=\"5 minutos\" \/>\n<script type=\"application\/ld+json\" class=\"yoast-schema-graph\">{\"@context\":\"https:\/\/schema.org\",\"@graph\":[{\"@type\":\"WebPage\",\"@id\":\"https:\/\/www.encontraaracaju.com.br\/sobre\/prefeitura-conclui-capacitacoes-e-amplia-perspectivas-profissionais-nas-areas-administrativa-e-gastronomica\/\",\"url\":\"https:\/\/www.encontraaracaju.com.br\/sobre\/prefeitura-conclui-capacitacoes-e-amplia-perspectivas-profissionais-nas-areas-administrativa-e-gastronomica\/\",\"name\":\"Prefeitura conclui capacita\u00e7\u00f5es e amplia perspectivas profissionais nas \u00e1reas administrativa e gastron\u00f4mica - Encontra Aracaju\",\"isPartOf\":{\"@id\":\"https:\/\/www.encontraaracaju.com.br\/sobre\/#website\"},\"primaryImageOfPage\":{\"@id\":\"https:\/\/www.encontraaracaju.com.br\/sobre\/prefeitura-conclui-capacitacoes-e-amplia-perspectivas-profissionais-nas-areas-administrativa-e-gastronomica\/#primaryimage\"},\"image\":{\"@id\":\"https:\/\/www.encontraaracaju.com.br\/sobre\/prefeitura-conclui-capacitacoes-e-amplia-perspectivas-profissionais-nas-areas-administrativa-e-gastronomica\/#primaryimage\"},\"thumbnailUrl\":\"https:\/\/www.encontraaracaju.com.br\/sobre\/wp-content\/uploads\/2026\/08\/prefeitura-conclui-capacitacoes-e-amplia-perspectivas-profissionais-nas-areas-administrativa-e-gastr.webp\",\"datePublished\":\"2026-08-31T23:24:28+00:00\",\"author\":{\"@id\":\"https:\/\/www.encontraaracaju.com.br\/sobre\/#\/schema\/person\/4ffad47e9e50db5f93e67859b297b0be\"},\"breadcrumb\":{\"@id\":\"https:\/\/www.encontraaracaju.com.br\/sobre\/prefeitura-conclui-capacitacoes-e-amplia-perspectivas-profissionais-nas-areas-administrativa-e-gastronomica\/#breadcrumb\"},\"inLanguage\":\"pt-BR\",\"potentialAction\":[{\"@type\":\"ReadAction\",\"target\":[\"https:\/\/www.encontraaracaju.com.br\/sobre\/prefeitura-conclui-capacitacoes-e-amplia-perspectivas-profissionais-nas-areas-administrativa-e-gastronomica\/\"]}]},{\"@type\":\"ImageObject\",\"inLanguage\":\"pt-BR\",\"@id\":\"https:\/\/www.encontraaracaju.com.br\/sobre\/prefeitura-conclui-capacitacoes-e-amplia-perspectivas-profissionais-nas-areas-administrativa-e-gastronomica\/#primaryimage\",\"url\":\"https:\/\/www.encontraaracaju.com.br\/sobre\/wp-content\/uploads\/2026\/08\/prefeitura-conclui-capacitacoes-e-amplia-perspectivas-profissionais-nas-areas-administrativa-e-gastr.webp\",\"contentUrl\":\"https:\/\/www.encontraaracaju.com.br\/sobre\/wp-content\/uploads\/2026\/08\/prefeitura-conclui-capacitacoes-e-amplia-perspectivas-profissionais-nas-areas-administrativa-e-gastr.webp\",\"width\":280,\"height\":280,\"caption\":\"Prefeitura de Aracaju\"},{\"@type\":\"BreadcrumbList\",\"@id\":\"https:\/\/www.encontraaracaju.com.br\/sobre\/prefeitura-conclui-capacitacoes-e-amplia-perspectivas-profissionais-nas-areas-administrativa-e-gastronomica\/#breadcrumb\",\"itemListElement\":[{\"@type\":\"ListItem\",\"position\":1,\"name\":\"In\u00edcio\",\"item\":\"https:\/\/www.encontraaracaju.com.br\/sobre\/\"},{\"@type\":\"ListItem\",\"position\":2,\"name\":\"Prefeitura conclui capacita\u00e7\u00f5es e amplia perspectivas profissionais nas \u00e1reas administrativa e gastron\u00f4mica\"}]},{\"@type\":\"WebSite\",\"@id\":\"https:\/\/www.encontraaracaju.com.br\/sobre\/#website\",\"url\":\"https:\/\/www.encontraaracaju.com.br\/sobre\/\",\"name\":\"Encontra Aracaju\",\"description\":\"Not\u00edcias, eventos, informa\u00e7\u00f5es e dicas na cidade Aracaju e regi\u00e3o.\",\"potentialAction\":[{\"@type\":\"SearchAction\",\"target\":{\"@type\":\"EntryPoint\",\"urlTemplate\":\"https:\/\/www.encontraaracaju.com.br\/sobre\/?s={search_term_string}\"},\"query-input\":{\"@type\":\"PropertyValueSpecification\",\"valueRequired\":true,\"valueName\":\"search_term_string\"}}],\"inLanguage\":\"pt-BR\"},{\"@type\":\"Person\",\"@id\":\"https:\/\/www.encontraaracaju.com.br\/sobre\/#\/schema\/person\/4ffad47e9e50db5f93e67859b297b0be\",\"name\":\"Encontra Aracaju\",\"image\":{\"@type\":\"ImageObject\",\"inLanguage\":\"pt-BR\",\"@id\":\"https:\/\/www.encontraaracaju.com.br\/sobre\/#\/schema\/person\/image\/\",\"url\":\"https:\/\/secure.gravatar.com\/avatar\/507340682b8270222e1f208e23198b6ae7e2c6a1033ae84e99bc6bce4f82a387?s=96&d=mm&r=g\",\"contentUrl\":\"https:\/\/secure.gravatar.com\/avatar\/507340682b8270222e1f208e23198b6ae7e2c6a1033ae84e99bc6bce4f82a387?s=96&d=mm&r=g\",\"caption\":\"Encontra Aracaju\"},\"sameAs\":[\"http:\/\/www.encontraaracaju.com.br\"]}]}<\/script>\n<!-- \/ Yoast SEO plugin. -->","yoast_head_json":{"title":"Prefeitura conclui capacita\u00e7\u00f5es e amplia perspectivas profissionais nas \u00e1reas administrativa e gastron\u00f4mica - Encontra Aracaju","robots":{"index":"index","follow":"follow","max-snippet":"max-snippet:-1","max-image-preview":"max-image-preview:large","max-video-preview":"max-video-preview:-1"},"canonical":"https:\/\/www.encontraaracaju.com.br\/sobre\/prefeitura-conclui-capacitacoes-e-amplia-perspectivas-profissionais-nas-areas-administrativa-e-gastronomica\/","og_locale":"pt_BR","og_type":"article","og_title":"Prefeitura conclui capacita\u00e7\u00f5es e amplia perspectivas profissionais nas \u00e1reas administrativa e gastron\u00f4mica - Encontra Aracaju","og_description":"Prefeitura de Aracaju e suas iniciativas para a cidadania e bem-estar.","og_url":"https:\/\/www.encontraaracaju.com.br\/sobre\/prefeitura-conclui-capacitacoes-e-amplia-perspectivas-profissionais-nas-areas-administrativa-e-gastronomica\/","og_site_name":"Encontra Aracaju","article_published_time":"2026-08-31T23:24:28+00:00","og_image":[{"url":"https:\/\/www.encontraaracaju.com.br\/sobre\/wp-content\/uploads\/2026\/08\/prefeitura-conclui-capacitacoes-e-amplia-perspectivas-profissionais-nas-areas-administrativa-e-gastr.webp","type":"","width":"","height":""}],"author":"Encontra Aracaju","twitter_card":"summary_large_image","twitter_misc":{"Escrito por":"Encontra Aracaju","Est. tempo de leitura":"5 minutos"},"schema":{"@context":"https:\/\/schema.org","@graph":[{"@type":"WebPage","@id":"https:\/\/www.encontraaracaju.com.br\/sobre\/prefeitura-conclui-capacitacoes-e-amplia-perspectivas-profissionais-nas-areas-administrativa-e-gastronomica\/","url":"https:\/\/www.encontraaracaju.com.br\/sobre\/prefeitura-conclui-capacitacoes-e-amplia-perspectivas-profissionais-nas-areas-administrativa-e-gastronomica\/","name":"Prefeitura conclui capacita\u00e7\u00f5es e amplia perspectivas profissionais nas \u00e1reas administrativa e gastron\u00f4mica - Encontra Aracaju","isPartOf":{"@id":"https:\/\/www.encontraaracaju.com.br\/sobre\/#website"},"primaryImageOfPage":{"@id":"https:\/\/www.encontraaracaju.com.br\/sobre\/prefeitura-conclui-capacitacoes-e-amplia-perspectivas-profissionais-nas-areas-administrativa-e-gastronomica\/#primaryimage"},"image":{"@id":"https:\/\/www.encontraaracaju.com.br\/sobre\/prefeitura-conclui-capacitacoes-e-amplia-perspectivas-profissionais-nas-areas-administrativa-e-gastronomica\/#primaryimage"},"thumbnailUrl":"https:\/\/www.encontraaracaju.com.br\/sobre\/wp-content\/uploads\/2026\/08\/prefeitura-conclui-capacitacoes-e-amplia-perspectivas-profissionais-nas-areas-administrativa-e-gastr.webp","datePublished":"2026-08-31T23:24:28+00:00","author":{"@id":"https:\/\/www.encontraaracaju.com.br\/sobre\/#\/schema\/person\/4ffad47e9e50db5f93e67859b297b0be"},"breadcrumb":{"@id":"https:\/\/www.encontraaracaju.com.br\/sobre\/prefeitura-conclui-capacitacoes-e-amplia-perspectivas-profissionais-nas-areas-administrativa-e-gastronomica\/#breadcrumb"},"inLanguage":"pt-BR","potentialAction":[{"@type":"ReadAction","target":["https:\/\/www.encontraaracaju.com.br\/sobre\/prefeitura-conclui-capacitacoes-e-amplia-perspectivas-profissionais-nas-areas-administrativa-e-gastronomica\/"]}]},{"@type":"ImageObject","inLanguage":"pt-BR","@id":"https:\/\/www.encontraaracaju.com.br\/sobre\/prefeitura-conclui-capacitacoes-e-amplia-perspectivas-profissionais-nas-areas-administrativa-e-gastronomica\/#primaryimage","url":"https:\/\/www.encontraaracaju.com.br\/sobre\/wp-content\/uploads\/2026\/08\/prefeitura-conclui-capacitacoes-e-amplia-perspectivas-profissionais-nas-areas-administrativa-e-gastr.webp","contentUrl":"https:\/\/www.encontraaracaju.com.br\/sobre\/wp-content\/uploads\/2026\/08\/prefeitura-conclui-capacitacoes-e-amplia-perspectivas-profissionais-nas-areas-administrativa-e-gastr.webp","width":280,"height":280,"caption":"Prefeitura de Aracaju"},{"@type":"BreadcrumbList","@id":"https:\/\/www.encontraaracaju.com.br\/sobre\/prefeitura-conclui-capacitacoes-e-amplia-perspectivas-profissionais-nas-areas-administrativa-e-gastronomica\/#breadcrumb","itemListElement":[{"@type":"ListItem","position":1,"name":"In\u00edcio","item":"https:\/\/www.encontraaracaju.com.br\/sobre\/"},{"@type":"ListItem","position":2,"name":"Prefeitura conclui capacita\u00e7\u00f5es e amplia perspectivas profissionais nas \u00e1reas administrativa e gastron\u00f4mica"}]},{"@type":"WebSite","@id":"https:\/\/www.encontraaracaju.com.br\/sobre\/#website","url":"https:\/\/www.encontraaracaju.com.br\/sobre\/","name":"Encontra Aracaju","description":"Not\u00edcias, eventos, informa\u00e7\u00f5es e dicas na cidade Aracaju e regi\u00e3o.","potentialAction":[{"@type":"SearchAction","target":{"@type":"EntryPoint","urlTemplate":"https:\/\/www.encontraaracaju.com.br\/sobre\/?s={search_term_string}"},"query-input":{"@type":"PropertyValueSpecification","valueRequired":true,"valueName":"search_term_string"}}],"inLanguage":"pt-BR"},{"@type":"Person","@id":"https:\/\/www.encontraaracaju.com.br\/sobre\/#\/schema\/person\/4ffad47e9e50db5f93e67859b297b0be","name":"Encontra Aracaju","image":{"@type":"ImageObject","inLanguage":"pt-BR","@id":"https:\/\/www.encontraaracaju.com.br\/sobre\/#\/schema\/person\/image\/","url":"https:\/\/secure.gravatar.com\/avatar\/507340682b8270222e1f208e23198b6ae7e2c6a1033ae84e99bc6bce4f82a387?s=96&d=mm&r=g","contentUrl":"https:\/\/secure.gravatar.com\/avatar\/507340682b8270222e1f208e23198b6ae7e2c6a1033ae84e99bc6bce4f82a387?s=96&d=mm&r=g","caption":"Encontra Aracaju"},"sameAs":["http:\/\/www.encontraaracaju.com.br"]}]}},"_links":{"self":[{"href":"https:\/\/www.encontraaracaju.com.br\/sobre\/wp-json\/wp\/v2\/posts\/2554","targetHints":{"allow":["GET"]}}],"collection":[{"href":"https:\/\/www.encontraaracaju.com.br\/sobre\/wp-json\/wp\/v2\/posts"}],"about":[{"href":"https:\/\/www.encontraaracaju.com.br\/sobre\/wp-json\/wp\/v2\/types\/post"}],"author":[{"embeddable":true,"href":"https:\/\/www.encontraaracaju.com.br\/sobre\/wp-json\/wp\/v2\/users\/1"}],"replies":[{"embeddable":true,"href":"https:\/\/www.encontraaracaju.com.br\/sobre\/wp-json\/wp\/v2\/comments?post=2554"}],"version-history":[{"count":0,"href":"https:\/\/www.encontraaracaju.com.br\/sobre\/wp-json\/wp\/v2\/posts\/2554\/revisions"}],"wp:featuredmedia":[{"embeddable":true,"href":"https:\/\/www.encontraaracaju.com.br\/sobre\/wp-json\/wp\/v2\/media\/2553"}],"wp:attachment":[{"href":"https:\/\/www.encontraaracaju.com.br\/sobre\/wp-json\/wp\/v2\/media?parent=2554"}],"wp:term":[{"taxonomy":"category","embeddable":true,"href":"https:\/\/www.encontraaracaju.com.br\/sobre\/wp-json\/wp\/v2\/categories?post=2554"},{"taxonomy":"post_tag","embeddable":true,"href":"https:\/\/www.encontraaracaju.com.br\/sobre\/wp-json\/wp\/v2\/tags?post=2554"}],"curies":[{"name":"wp","href":"https:\/\/api.w.org\/{rel}","templated":true}]}}