{"id":2552,"date":"2026-08-31T20:23:26","date_gmt":"2026-08-31T23:23:26","guid":{"rendered":"https:\/\/www.encontraaracaju.com.br\/sobre\/prefeitura-realiza-1o-evento-da-primeira-infancia-de-aracaju-no-parque-da-sementeira\/"},"modified":"2026-08-31T20:23:26","modified_gmt":"2026-08-31T23:23:26","slug":"prefeitura-realiza-1o-evento-da-primeira-infancia-de-aracaju-no-parque-da-sementeira","status":"publish","type":"post","link":"https:\/\/www.encontraaracaju.com.br\/sobre\/prefeitura-realiza-1o-evento-da-primeira-infancia-de-aracaju-no-parque-da-sementeira\/","title":{"rendered":"Prefeitura realiza 1\u00ba Evento da Primeira Inf\u00e2ncia de Aracaju no Parque da Sementeira"},"content":{"rendered":"<div class=\"0de350683d360aa04277a39db0bae410\" data-index=\"1\" style=\"float: none; margin:0px;\">\n<!-- Anuncio display - global -->\r\n<ins class=\"adsbygoogle\"\r\n     style=\"display:block\"\r\n     data-ad-client=\"ca-pub-8585364105181520\"\r\n     data-ad-slot=\"8789329856\"\r\n     data-ad-format=\"auto\"\r\n     data-full-width-responsive=\"true\"><\/ins>\r\n<script>\r\n     (adsbygoogle = window.adsbygoogle || []).push({});\r\n<\/script>\n<\/div>\n<h2>Sobre a Prefeitura de Aracaju<\/h2>\n<p>Localizada em uma das regi\u00f5es mais encantadoras do Brasil, a Prefeitura de Aracaju \u00e9 respons\u00e1vel por administrar a capital do estado de Sergipe. Com um compromisso vigoroso para melhorar continuamente a vida de seus cidad\u00e3os, a prefeitura busca integrar a\u00e7\u00f5es em diversas \u00e1reas e promover um desenvolvimento sustent\u00e1vel que respeite a identidade e a cultura local.<\/p>\n<p>A gest\u00e3o municipal, liderada pela Prefeita e pelo Vice-Prefeito, \u00e9 composta por uma ampla gama de secretarias que se dedicam a atender \u00e0s demandas da popula\u00e7\u00e3o, visando sempre \u00e0 transpar\u00eancia e \u00e0 efici\u00eancia administrativa.<\/p>\n<h2>Conhecendo as Secretarias Municipais<\/h2>\n<p>As secretarias municipais desempenham pap\u00e9is cruciais na execu\u00e7\u00e3o das pol\u00edticas p\u00fablicas e servi\u00e7os locais. Aqui est\u00e3o algumas das mais relevantes:<\/p>\n<p><img decoding=\"async\" src=\"https:\/\/www.encontraaracaju.com.br\/sobre\/wp-content\/uploads\/2026\/08\/prefeitura-realiza-1-evento-da-primeira-infancia-de-aracaju-no-parque-da-sementeira.webp\" alt=\"Prefeitura de Aracaju\" loading=\"lazy\" \/><\/p>\n<ul>\n<li><strong>Secretaria Municipal de Governo:<\/strong> Coordena as a\u00e7\u00f5es governamentais, garantindo a integra\u00e7\u00e3o entre os diversos setores da administra\u00e7\u00e3o.<\/li>\n<li><strong>Secretaria Municipal de Sa\u00fade:<\/strong> Foca na promo\u00e7\u00e3o da sa\u00fade p\u00fablica, oferecendo servi\u00e7os essenciais \u00e0 popula\u00e7\u00e3o.<\/li>\n<li><strong>Secretaria Municipal de Educa\u00e7\u00e3o:<\/strong> Trabalha para garantir acesso \u00e0 educa\u00e7\u00e3o de qualidade em todos os n\u00edveis de ensino.<\/li>\n<li><strong>Secretaria Municipal de Infraestrutura:<\/strong> Respons\u00e1vel pela manuten\u00e7\u00e3o e desenvolvimento das obras e estruturas urbanas.<\/li>\n<li><strong>Secretaria Municipal de Cultura:<\/strong> Promove iniciativas culturais que valorizam a diversidade e a hist\u00f3ria de Aracaju.<\/li>\n<\/ul>\n<h2>Iniciativas em Sa\u00fade e Bem-Estar<\/h2>\n<p>A sa\u00fade e o bem-estar da popula\u00e7\u00e3o s\u00e3o prioridades da administra\u00e7\u00e3o municipal. A Secretaria Municipal de Sa\u00fade implementa uma s\u00e9rie de programas voltados para a preven\u00e7\u00e3o de doen\u00e7as e promo\u00e7\u00e3o de h\u00e1bitos saud\u00e1veis. Algumas das iniciativas incluem:<\/p>\n<ul>\n<li><strong>Campanhas de Vacina\u00e7\u00e3o:<\/strong> Garantindo que a popula\u00e7\u00e3o tenha acesso a vacinas essenciais.<\/li>\n<li><strong>Programas de Sa\u00fade da Fam\u00edlia:<\/strong> Atendimento m\u00e9dico pr\u00f3ximo da comunidade, promovendo um acompanhamento mais eficiente.<\/li>\n<li><strong>Sa\u00fade Mental:<\/strong> Projetos espec\u00edficos voltados para o cuidado e suporte psicol\u00f3gico dos cidad\u00e3os.<\/li>\n<\/ul>\n<h2>Educa\u00e7\u00e3o e Forma\u00e7\u00e3o na Cidade<\/h2>\n<p>A educa\u00e7\u00e3o em Aracaju \u00e9 tratada com especial aten\u00e7\u00e3o. A Prefeitura investe em infraestrutura escolar, capacita\u00e7\u00e3o de professores e diversifica\u00e7\u00e3o de op\u00e7\u00f5es educacionais. A busca pelo conhecimento tem sido ampliada atrav\u00e9s de:<\/p>\n<ul>\n<li><strong>Projetos de Inclus\u00e3o:<\/strong> Visando atender alunos com necessidades especiais.<\/li>\n<li><strong>Escolas de Tempo Integral:<\/strong> Proporcionando uma forma\u00e7\u00e3o mais completa e diversificada.<\/li>\n<li><strong>Parcerias com Institui\u00e7\u00f5es:<\/strong> Estimulando o envolvimento com empresas e universidades locais para aprimoramento educacional.<\/li>\n<\/ul>\n<h2>Desenvolvimento Econ\u00f4mico e Inova\u00e7\u00e3o<\/h2>\n<p>A Prefeitura de Aracaju est\u00e1 comprometida em promover o desenvolvimento econ\u00f4mico sustent\u00e1vel da cidade. Para isso, algumas a\u00e7\u00f5es est\u00e3o em andamento:<\/p>\n<ul>\n<li><strong>Apoio a Micro e Pequenas Empresas:<\/strong> Facilita a formaliza\u00e7\u00e3o e o crescimento de neg\u00f3cios locais.<\/li>\n<li><strong>Inova\u00e7\u00e3o Tecnol\u00f3gica:<\/strong> Fomentando startups e o uso de tecnologias modernas.<\/li>\n<li><strong>Capacita\u00e7\u00e3o da M\u00e3o de Obra:<\/strong> Oferecendo cursos e treinamentos para preparar a popula\u00e7\u00e3o para o mercado de trabalho.<\/li>\n<\/ul>\n<h2>A Import\u00e2ncia da Comunica\u00e7\u00e3o Social<\/h2>\n<p>Uma comunica\u00e7\u00e3o eficaz \u00e9 fundamental para um relacionamento transparente entre a popula\u00e7\u00e3o e a administra\u00e7\u00e3o p\u00fablica. A Secretaria Municipal de Comunica\u00e7\u00e3o Social atua com:<\/p>\n<ul>\n<li><strong>Informa\u00e7\u00f5es Acess\u00edveis:<\/strong> Garantindo que a popula\u00e7\u00e3o tenha acesso a not\u00edcias e dados relevantes.<\/li>\n<li><strong>Redes Sociais:<\/strong> Utilizando plataformas digitais para se conectar com os cidad\u00e3os.<\/li>\n<li><strong>Campanhas de Conscientiza\u00e7\u00e3o:<\/strong> Informando sobre direitos e deveres da popula\u00e7\u00e3o.<\/li>\n<\/ul>\n<h2>Cultura e Turismo em Aracaju<\/h2>\n<p>Aracaju \u00e9 rica em cultura e tradi\u00e7\u00e3o, e a Prefeitura se empenha em promover essas caracter\u00edsticas. As iniciativas culturais incluem:<\/p>\n<ul>\n<li><strong>Eventos Culturais:<\/strong> Festivais e exposi\u00e7\u00f5es que celebram a diversidade cultural da cidade.<\/li>\n<li><strong>Patrim\u00f4nio Hist\u00f3rico:<\/strong> Preserva\u00e7\u00e3o e valoriza\u00e7\u00e3o dos sites hist\u00f3ricos e culturais de Aracaju.<\/li>\n<li><strong>Promo\u00e7\u00e3o do Turismo:<\/strong> Incentivo ao turismo local, destacando as belezas naturais e o patrim\u00f4nio cultural.<\/li>\n<\/ul>\n<h2>Servi\u00e7os de Assist\u00eancia Social<\/h2>\n<p>A assist\u00eancia social \u00e9 um pilar importante da pol\u00edtica p\u00fablica municipal. Por meio da Secretaria Municipal de Fam\u00edlia e Assist\u00eancia Social, s\u00e3o oferecidos:<\/p>\n<ul>\n<li><strong>Programas de Inclus\u00e3o:<\/strong> Iniciativas que visam a inclus\u00e3o de grupos vulner\u00e1veis.<\/li>\n<li><strong>Atendimento Psicossocial:<\/strong> Apoio emocional e psicol\u00f3gico para aqueles que necessitam.<\/li>\n<li><strong>Servi\u00e7os de Habita\u00e7\u00e3o:<\/strong> Projetos que buscam garantir moradia digna para todos os cidad\u00e3os.<\/li>\n<\/ul>\n<h2>Transporte e Mobilidade Urbana<\/h2>\n<p>A mobilidade urbana \u00e9 um tema que requer aten\u00e7\u00e3o cont\u00ednua. A Superintend\u00eancia Municipal de Transportes e Tr\u00e2nsito desenvolve a\u00e7\u00f5es como:<\/p>\n<ul>\n<li><strong>Melhoria do Transporte Coletivo:<\/strong> Investimentos na frota e amplia\u00e7\u00e3o das linhas dispon\u00edveis.<\/li>\n<li><strong>Cria\u00e7\u00e3o de Ciclovias:<\/strong> Incentivo ao uso de bicicletas para promover uma mobilidade sustent\u00e1vel.<\/li>\n<li><strong>Planejamento Urbano:<\/strong> Estrat\u00e9gias para organizar o tr\u00e1fego e facilitar o deslocamento dos cidad\u00e3os.<\/li>\n<\/ul>\n<h2>Contato e Acesso \u00e0 Informa\u00e7\u00e3o<\/h2>\n<p>A Prefeitura de Aracaju mant\u00e9m um canal aberto para que os cidad\u00e3os possam expressar suas opini\u00f5es e tirar d\u00favidas. A comunica\u00e7\u00e3o pode ser feita atrav\u00e9s de:<\/p>\n<ul>\n<li><strong>Visitas ao Site Oficial:<\/strong> Onde se encontram todas as informa\u00e7\u00f5es e servi\u00e7os dispon\u00edveis.<\/li>\n<li><strong>Redes Sociais:<\/strong> Interagindo com a prefeitura atrav\u00e9s do Facebook, Instagram, e Twitter.<\/li>\n<li><strong>Atendimento Presencial:<\/strong> Em locais designados para receber o p\u00fablico e responder a solicita\u00e7\u00f5es.<\/li>\n<\/ul>\n\n<div style=\"font-size: 0px; height: 0px; line-height: 0px; margin: 0; padding: 0; clear: both;\"><\/div>","protected":false},"excerpt":{"rendered":"<p>Prefeitura de Aracaju oferece diversos servi\u00e7os e iniciativas para a comunidade.<\/p>\n","protected":false},"author":1,"featured_media":2551,"comment_status":"closed","ping_status":"closed","sticky":false,"template":"","format":"standard","meta":{"footnotes":""},"categories":[22],"tags":[],"class_list":["post-2552","post","type-post","status-publish","format-standard","has-post-thumbnail","hentry","category-cultura-em-aracaju","has_thumb"],"yoast_head":"<!-- This site is optimized with the Yoast SEO plugin v26.4 - https:\/\/yoast.com\/wordpress\/plugins\/seo\/ -->\n<title>Prefeitura realiza 1\u00ba Evento da Primeira Inf\u00e2ncia de Aracaju no Parque da Sementeira - Encontra Aracaju<\/title>\n<meta name=\"robots\" content=\"index, follow, max-snippet:-1, max-image-preview:large, max-video-preview:-1\" \/>\n<link rel=\"canonical\" href=\"https:\/\/www.encontraaracaju.com.br\/sobre\/prefeitura-realiza-1o-evento-da-primeira-infancia-de-aracaju-no-parque-da-sementeira\/\" \/>\n<meta property=\"og:locale\" content=\"pt_BR\" \/>\n<meta property=\"og:type\" content=\"article\" \/>\n<meta property=\"og:title\" content=\"Prefeitura realiza 1\u00ba Evento da Primeira Inf\u00e2ncia de Aracaju no Parque da Sementeira - Encontra Aracaju\" \/>\n<meta property=\"og:description\" content=\"Prefeitura de Aracaju oferece diversos servi\u00e7os e iniciativas para a comunidade.\" \/>\n<meta property=\"og:url\" content=\"https:\/\/www.encontraaracaju.com.br\/sobre\/prefeitura-realiza-1o-evento-da-primeira-infancia-de-aracaju-no-parque-da-sementeira\/\" \/>\n<meta property=\"og:site_name\" content=\"Encontra Aracaju\" \/>\n<meta property=\"article:published_time\" content=\"2026-08-31T23:23:26+00:00\" \/>\n<meta property=\"og:image\" content=\"https:\/\/www.encontraaracaju.com.br\/sobre\/wp-content\/uploads\/2026\/08\/prefeitura-realiza-1-evento-da-primeira-infancia-de-aracaju-no-parque-da-sementeira.webp\" \/>\n<meta name=\"author\" content=\"Encontra Aracaju\" \/>\n<meta name=\"twitter:card\" content=\"summary_large_image\" \/>\n<meta name=\"twitter:label1\" content=\"Escrito por\" \/>\n\t<meta name=\"twitter:data1\" content=\"Encontra Aracaju\" \/>\n\t<meta name=\"twitter:label2\" content=\"Est. tempo de leitura\" \/>\n\t<meta name=\"twitter:data2\" content=\"4 minutos\" \/>\n<script type=\"application\/ld+json\" class=\"yoast-schema-graph\">{\"@context\":\"https:\/\/schema.org\",\"@graph\":[{\"@type\":\"WebPage\",\"@id\":\"https:\/\/www.encontraaracaju.com.br\/sobre\/prefeitura-realiza-1o-evento-da-primeira-infancia-de-aracaju-no-parque-da-sementeira\/\",\"url\":\"https:\/\/www.encontraaracaju.com.br\/sobre\/prefeitura-realiza-1o-evento-da-primeira-infancia-de-aracaju-no-parque-da-sementeira\/\",\"name\":\"Prefeitura realiza 1\u00ba Evento da Primeira Inf\u00e2ncia de Aracaju no Parque da Sementeira - Encontra Aracaju\",\"isPartOf\":{\"@id\":\"https:\/\/www.encontraaracaju.com.br\/sobre\/#website\"},\"primaryImageOfPage\":{\"@id\":\"https:\/\/www.encontraaracaju.com.br\/sobre\/prefeitura-realiza-1o-evento-da-primeira-infancia-de-aracaju-no-parque-da-sementeira\/#primaryimage\"},\"image\":{\"@id\":\"https:\/\/www.encontraaracaju.com.br\/sobre\/prefeitura-realiza-1o-evento-da-primeira-infancia-de-aracaju-no-parque-da-sementeira\/#primaryimage\"},\"thumbnailUrl\":\"https:\/\/www.encontraaracaju.com.br\/sobre\/wp-content\/uploads\/2026\/08\/prefeitura-realiza-1-evento-da-primeira-infancia-de-aracaju-no-parque-da-sementeira.webp\",\"datePublished\":\"2026-08-31T23:23:26+00:00\",\"author\":{\"@id\":\"https:\/\/www.encontraaracaju.com.br\/sobre\/#\/schema\/person\/4ffad47e9e50db5f93e67859b297b0be\"},\"breadcrumb\":{\"@id\":\"https:\/\/www.encontraaracaju.com.br\/sobre\/prefeitura-realiza-1o-evento-da-primeira-infancia-de-aracaju-no-parque-da-sementeira\/#breadcrumb\"},\"inLanguage\":\"pt-BR\",\"potentialAction\":[{\"@type\":\"ReadAction\",\"target\":[\"https:\/\/www.encontraaracaju.com.br\/sobre\/prefeitura-realiza-1o-evento-da-primeira-infancia-de-aracaju-no-parque-da-sementeira\/\"]}]},{\"@type\":\"ImageObject\",\"inLanguage\":\"pt-BR\",\"@id\":\"https:\/\/www.encontraaracaju.com.br\/sobre\/prefeitura-realiza-1o-evento-da-primeira-infancia-de-aracaju-no-parque-da-sementeira\/#primaryimage\",\"url\":\"https:\/\/www.encontraaracaju.com.br\/sobre\/wp-content\/uploads\/2026\/08\/prefeitura-realiza-1-evento-da-primeira-infancia-de-aracaju-no-parque-da-sementeira.webp\",\"contentUrl\":\"https:\/\/www.encontraaracaju.com.br\/sobre\/wp-content\/uploads\/2026\/08\/prefeitura-realiza-1-evento-da-primeira-infancia-de-aracaju-no-parque-da-sementeira.webp\",\"width\":280,\"height\":280,\"caption\":\"Prefeitura de Aracaju\"},{\"@type\":\"BreadcrumbList\",\"@id\":\"https:\/\/www.encontraaracaju.com.br\/sobre\/prefeitura-realiza-1o-evento-da-primeira-infancia-de-aracaju-no-parque-da-sementeira\/#breadcrumb\",\"itemListElement\":[{\"@type\":\"ListItem\",\"position\":1,\"name\":\"In\u00edcio\",\"item\":\"https:\/\/www.encontraaracaju.com.br\/sobre\/\"},{\"@type\":\"ListItem\",\"position\":2,\"name\":\"Prefeitura realiza 1\u00ba Evento da Primeira Inf\u00e2ncia de Aracaju no Parque da Sementeira\"}]},{\"@type\":\"WebSite\",\"@id\":\"https:\/\/www.encontraaracaju.com.br\/sobre\/#website\",\"url\":\"https:\/\/www.encontraaracaju.com.br\/sobre\/\",\"name\":\"Encontra Aracaju\",\"description\":\"Not\u00edcias, eventos, informa\u00e7\u00f5es e dicas na cidade Aracaju e regi\u00e3o.\",\"potentialAction\":[{\"@type\":\"SearchAction\",\"target\":{\"@type\":\"EntryPoint\",\"urlTemplate\":\"https:\/\/www.encontraaracaju.com.br\/sobre\/?s={search_term_string}\"},\"query-input\":{\"@type\":\"PropertyValueSpecification\",\"valueRequired\":true,\"valueName\":\"search_term_string\"}}],\"inLanguage\":\"pt-BR\"},{\"@type\":\"Person\",\"@id\":\"https:\/\/www.encontraaracaju.com.br\/sobre\/#\/schema\/person\/4ffad47e9e50db5f93e67859b297b0be\",\"name\":\"Encontra Aracaju\",\"image\":{\"@type\":\"ImageObject\",\"inLanguage\":\"pt-BR\",\"@id\":\"https:\/\/www.encontraaracaju.com.br\/sobre\/#\/schema\/person\/image\/\",\"url\":\"https:\/\/secure.gravatar.com\/avatar\/507340682b8270222e1f208e23198b6ae7e2c6a1033ae84e99bc6bce4f82a387?s=96&d=mm&r=g\",\"contentUrl\":\"https:\/\/secure.gravatar.com\/avatar\/507340682b8270222e1f208e23198b6ae7e2c6a1033ae84e99bc6bce4f82a387?s=96&d=mm&r=g\",\"caption\":\"Encontra Aracaju\"},\"sameAs\":[\"http:\/\/www.encontraaracaju.com.br\"]}]}<\/script>\n<!-- \/ Yoast SEO plugin. -->","yoast_head_json":{"title":"Prefeitura realiza 1\u00ba Evento da Primeira Inf\u00e2ncia de Aracaju no Parque da Sementeira - Encontra Aracaju","robots":{"index":"index","follow":"follow","max-snippet":"max-snippet:-1","max-image-preview":"max-image-preview:large","max-video-preview":"max-video-preview:-1"},"canonical":"https:\/\/www.encontraaracaju.com.br\/sobre\/prefeitura-realiza-1o-evento-da-primeira-infancia-de-aracaju-no-parque-da-sementeira\/","og_locale":"pt_BR","og_type":"article","og_title":"Prefeitura realiza 1\u00ba Evento da Primeira Inf\u00e2ncia de Aracaju no Parque da Sementeira - Encontra Aracaju","og_description":"Prefeitura de Aracaju oferece diversos servi\u00e7os e iniciativas para a comunidade.","og_url":"https:\/\/www.encontraaracaju.com.br\/sobre\/prefeitura-realiza-1o-evento-da-primeira-infancia-de-aracaju-no-parque-da-sementeira\/","og_site_name":"Encontra Aracaju","article_published_time":"2026-08-31T23:23:26+00:00","og_image":[{"url":"https:\/\/www.encontraaracaju.com.br\/sobre\/wp-content\/uploads\/2026\/08\/prefeitura-realiza-1-evento-da-primeira-infancia-de-aracaju-no-parque-da-sementeira.webp","type":"","width":"","height":""}],"author":"Encontra Aracaju","twitter_card":"summary_large_image","twitter_misc":{"Escrito por":"Encontra Aracaju","Est. tempo de leitura":"4 minutos"},"schema":{"@context":"https:\/\/schema.org","@graph":[{"@type":"WebPage","@id":"https:\/\/www.encontraaracaju.com.br\/sobre\/prefeitura-realiza-1o-evento-da-primeira-infancia-de-aracaju-no-parque-da-sementeira\/","url":"https:\/\/www.encontraaracaju.com.br\/sobre\/prefeitura-realiza-1o-evento-da-primeira-infancia-de-aracaju-no-parque-da-sementeira\/","name":"Prefeitura realiza 1\u00ba Evento da Primeira Inf\u00e2ncia de Aracaju no Parque da Sementeira - Encontra Aracaju","isPartOf":{"@id":"https:\/\/www.encontraaracaju.com.br\/sobre\/#website"},"primaryImageOfPage":{"@id":"https:\/\/www.encontraaracaju.com.br\/sobre\/prefeitura-realiza-1o-evento-da-primeira-infancia-de-aracaju-no-parque-da-sementeira\/#primaryimage"},"image":{"@id":"https:\/\/www.encontraaracaju.com.br\/sobre\/prefeitura-realiza-1o-evento-da-primeira-infancia-de-aracaju-no-parque-da-sementeira\/#primaryimage"},"thumbnailUrl":"https:\/\/www.encontraaracaju.com.br\/sobre\/wp-content\/uploads\/2026\/08\/prefeitura-realiza-1-evento-da-primeira-infancia-de-aracaju-no-parque-da-sementeira.webp","datePublished":"2026-08-31T23:23:26+00:00","author":{"@id":"https:\/\/www.encontraaracaju.com.br\/sobre\/#\/schema\/person\/4ffad47e9e50db5f93e67859b297b0be"},"breadcrumb":{"@id":"https:\/\/www.encontraaracaju.com.br\/sobre\/prefeitura-realiza-1o-evento-da-primeira-infancia-de-aracaju-no-parque-da-sementeira\/#breadcrumb"},"inLanguage":"pt-BR","potentialAction":[{"@type":"ReadAction","target":["https:\/\/www.encontraaracaju.com.br\/sobre\/prefeitura-realiza-1o-evento-da-primeira-infancia-de-aracaju-no-parque-da-sementeira\/"]}]},{"@type":"ImageObject","inLanguage":"pt-BR","@id":"https:\/\/www.encontraaracaju.com.br\/sobre\/prefeitura-realiza-1o-evento-da-primeira-infancia-de-aracaju-no-parque-da-sementeira\/#primaryimage","url":"https:\/\/www.encontraaracaju.com.br\/sobre\/wp-content\/uploads\/2026\/08\/prefeitura-realiza-1-evento-da-primeira-infancia-de-aracaju-no-parque-da-sementeira.webp","contentUrl":"https:\/\/www.encontraaracaju.com.br\/sobre\/wp-content\/uploads\/2026\/08\/prefeitura-realiza-1-evento-da-primeira-infancia-de-aracaju-no-parque-da-sementeira.webp","width":280,"height":280,"caption":"Prefeitura de Aracaju"},{"@type":"BreadcrumbList","@id":"https:\/\/www.encontraaracaju.com.br\/sobre\/prefeitura-realiza-1o-evento-da-primeira-infancia-de-aracaju-no-parque-da-sementeira\/#breadcrumb","itemListElement":[{"@type":"ListItem","position":1,"name":"In\u00edcio","item":"https:\/\/www.encontraaracaju.com.br\/sobre\/"},{"@type":"ListItem","position":2,"name":"Prefeitura realiza 1\u00ba Evento da Primeira Inf\u00e2ncia de Aracaju no Parque da Sementeira"}]},{"@type":"WebSite","@id":"https:\/\/www.encontraaracaju.com.br\/sobre\/#website","url":"https:\/\/www.encontraaracaju.com.br\/sobre\/","name":"Encontra Aracaju","description":"Not\u00edcias, eventos, informa\u00e7\u00f5es e dicas na cidade Aracaju e regi\u00e3o.","potentialAction":[{"@type":"SearchAction","target":{"@type":"EntryPoint","urlTemplate":"https:\/\/www.encontraaracaju.com.br\/sobre\/?s={search_term_string}"},"query-input":{"@type":"PropertyValueSpecification","valueRequired":true,"valueName":"search_term_string"}}],"inLanguage":"pt-BR"},{"@type":"Person","@id":"https:\/\/www.encontraaracaju.com.br\/sobre\/#\/schema\/person\/4ffad47e9e50db5f93e67859b297b0be","name":"Encontra Aracaju","image":{"@type":"ImageObject","inLanguage":"pt-BR","@id":"https:\/\/www.encontraaracaju.com.br\/sobre\/#\/schema\/person\/image\/","url":"https:\/\/secure.gravatar.com\/avatar\/507340682b8270222e1f208e23198b6ae7e2c6a1033ae84e99bc6bce4f82a387?s=96&d=mm&r=g","contentUrl":"https:\/\/secure.gravatar.com\/avatar\/507340682b8270222e1f208e23198b6ae7e2c6a1033ae84e99bc6bce4f82a387?s=96&d=mm&r=g","caption":"Encontra Aracaju"},"sameAs":["http:\/\/www.encontraaracaju.com.br"]}]}},"_links":{"self":[{"href":"https:\/\/www.encontraaracaju.com.br\/sobre\/wp-json\/wp\/v2\/posts\/2552","targetHints":{"allow":["GET"]}}],"collection":[{"href":"https:\/\/www.encontraaracaju.com.br\/sobre\/wp-json\/wp\/v2\/posts"}],"about":[{"href":"https:\/\/www.encontraaracaju.com.br\/sobre\/wp-json\/wp\/v2\/types\/post"}],"author":[{"embeddable":true,"href":"https:\/\/www.encontraaracaju.com.br\/sobre\/wp-json\/wp\/v2\/users\/1"}],"replies":[{"embeddable":true,"href":"https:\/\/www.encontraaracaju.com.br\/sobre\/wp-json\/wp\/v2\/comments?post=2552"}],"version-history":[{"count":0,"href":"https:\/\/www.encontraaracaju.com.br\/sobre\/wp-json\/wp\/v2\/posts\/2552\/revisions"}],"wp:featuredmedia":[{"embeddable":true,"href":"https:\/\/www.encontraaracaju.com.br\/sobre\/wp-json\/wp\/v2\/media\/2551"}],"wp:attachment":[{"href":"https:\/\/www.encontraaracaju.com.br\/sobre\/wp-json\/wp\/v2\/media?parent=2552"}],"wp:term":[{"taxonomy":"category","embeddable":true,"href":"https:\/\/www.encontraaracaju.com.br\/sobre\/wp-json\/wp\/v2\/categories?post=2552"},{"taxonomy":"post_tag","embeddable":true,"href":"https:\/\/www.encontraaracaju.com.br\/sobre\/wp-json\/wp\/v2\/tags?post=2552"}],"curies":[{"name":"wp","href":"https:\/\/api.w.org\/{rel}","templated":true}]}}