{"id":2534,"date":"2026-08-28T02:46:44","date_gmt":"2026-08-28T05:46:44","guid":{"rendered":"https:\/\/www.encontraaracaju.com.br\/sobre\/padre-julio-lancellotti-ministrara-palestra-no-i-seminario-formativo-pop-rua-promovido-pela-prefeitura-de-aracaju\/"},"modified":"2026-08-28T02:46:44","modified_gmt":"2026-08-28T05:46:44","slug":"padre-julio-lancellotti-ministrara-palestra-no-i-seminario-formativo-pop-rua-promovido-pela-prefeitura-de-aracaju","status":"publish","type":"post","link":"https:\/\/www.encontraaracaju.com.br\/sobre\/padre-julio-lancellotti-ministrara-palestra-no-i-seminario-formativo-pop-rua-promovido-pela-prefeitura-de-aracaju\/","title":{"rendered":"Padre J\u00falio Lancellotti ministrar\u00e1 palestra no I Semin\u00e1rio Formativo POP Rua promovido pela Prefeitura de Aracaju"},"content":{"rendered":"<div class=\"0de350683d360aa04277a39db0bae410\" data-index=\"1\" style=\"float: none; margin:0px;\">\n<!-- Anuncio display - global -->\r\n<ins class=\"adsbygoogle\"\r\n     style=\"display:block\"\r\n     data-ad-client=\"ca-pub-8585364105181520\"\r\n     data-ad-slot=\"8789329856\"\r\n     data-ad-format=\"auto\"\r\n     data-full-width-responsive=\"true\"><\/ins>\r\n<script>\r\n     (adsbygoogle = window.adsbygoogle || []).push({});\r\n<\/script>\n<\/div>\n<h2>Transpar\u00eancia e Acesso \u00e0 Informa\u00e7\u00e3o<\/h2>\n<p>A Prefeitura de Aracaju tem como prioridade garantir a transpar\u00eancia na gest\u00e3o p\u00fablica. Para isso, disponibiliza uma plataforma onde os cidad\u00e3os podem acessar informa\u00e7\u00f5es sobre a administra\u00e7\u00e3o municipal, como receitas e despesas, contratos e conv\u00eanios. Atrav\u00e9s do <strong>Portal da Transpar\u00eancia<\/strong>, a popula\u00e7\u00e3o pode exercer o direito \u00e0 informa\u00e7\u00e3o, promovendo um controle social efetivo sobre as a\u00e7\u00f5es do governo.<\/p>\n<p>Iniciativas como a <strong>Ouvidoria Geral<\/strong> tamb\u00e9m facilitam o envolvimento dos cidad\u00e3os, permitindo que sugest\u00f5es, den\u00fancias e reclama\u00e7\u00f5es sejam feitas de forma direta e \u00e1gil. Este canal \u00e9 fundamental para uma gest\u00e3o colaborativa e voltada para as necessidades da popula\u00e7\u00e3o.<\/p>\n<h2>Servi\u00e7os Dispon\u00edveis na Plataforma<\/h2>\n<p>O portal da Prefeitura oferece uma variedade de servi\u00e7os para facilitar o dia a dia dos cidad\u00e3os. Entre os servi\u00e7os dispon\u00edveis, destacam-se:<\/p>\n<p><img decoding=\"async\" src=\"https:\/\/www.encontraaracaju.com.br\/sobre\/wp-content\/uploads\/2026\/08\/padre-julio-lancellotti-ministrara-palestra-no-i-seminario-formativo-pop-rua-promovido-pela-prefeitu.webp\" alt=\"Prefeitura de Aracaju\" loading=\"lazy\" \/><\/p>\n<ul>\n<li><strong>Apreens\u00e3o de Animais:<\/strong> Informa\u00e7\u00f5es sobre como proceder para denunciar animais em situa\u00e7\u00e3o de abandono.<\/li>\n<li><strong>Arrecada\u00e7\u00e3o Municipal:<\/strong> Orienta\u00e7\u00f5es sobre como realizar o pagamento de tributos e taxas.<\/li>\n<li><strong>Licita\u00e7\u00f5es:<\/strong> Acesso a editais e informa\u00e7\u00f5es sobre licita\u00e7\u00f5es em andamento.<\/li>\n<li><strong>Concursos P\u00fablicos:<\/strong> Informa\u00e7\u00f5es sobre concursos abertos, requisitos e inscri\u00e7\u00f5es.<\/li>\n<li><strong>Centro de Artesanato:<\/strong> Informa\u00e7\u00f5es sobre feiras e eventos relacionadas ao artesanato local.<\/li>\n<\/ul>\n<p>Acesso f\u00e1cil e simplificado a esses servi\u00e7os \u00e9 uma maneira de promover a cidadania e engajamento comunit\u00e1rio.<\/p>\n<h2>Conhe\u00e7a as Secretarias da Prefeitura<\/h2>\n<p>A estrutura administrativa da Prefeitura de Aracaju \u00e9 composta por v\u00e1rias secretarias, cada uma encarregada de \u00e1reas espec\u00edficas que visam o desenvolvimento da cidade. As principais secretarias incluem:<\/p>\n<ul>\n<li><strong>Secretaria da Sa\u00fade (SMS):<\/strong> Respons\u00e1vel por pol\u00edticas p\u00fablicas de sa\u00fade e campanhas de conscientiza\u00e7\u00e3o.<\/li>\n<li><strong>Secretaria da Educa\u00e7\u00e3o (SEMED):<\/strong> Atua na melhoria da educa\u00e7\u00e3o municipal, oferecendo apoio a escolas e alunos.<\/li>\n<li><strong>Secretaria de Infraestrutura (SEMINFRA):<\/strong> Gerencia obras e manuten\u00e7\u00e3o das vias urbanas.<\/li>\n<li><strong>Secretaria de Cultura (Secult Aju):<\/strong> Promove a\u00e7\u00f5es culturais e art\u00edsticas em Aracaju.<\/li>\n<li><strong>Secretaria do Desenvolvimento Econ\u00f4mico (SEMDE):<\/strong> Respons\u00e1vel por pol\u00edticas que incentivam o crescimento econ\u00f4mico local.<\/li>\n<\/ul>\n<p>Cada secretaria desempenha um papel crucial na organiza\u00e7\u00e3o e melhoria da qualidade de vida dos aracajuanos.<\/p>\n<h2>A Import\u00e2ncia da Ouvidoria<\/h2>\n<p>A Ouvidoria Geral da Prefeitura \u00e9 um canal essencial para que os cidad\u00e3os expressem suas opini\u00f5es sobre os servi\u00e7os prestados. Ela desempenha um papel fundamental na media\u00e7\u00e3o entre o governo municipal e a popula\u00e7\u00e3o, permitindo que as demandas sejam ouvidas e atendidas. Atrav\u00e9s de uma comunica\u00e7\u00e3o eficiente, a Ouvidoria contribui para a melhoria da gest\u00e3o p\u00fablica, uma vez que pode apontar falhas e sugerir melhorias.<\/p>\n<p>A Ouvidoria tamb\u00e9m \u00e9 respons\u00e1vel por compilar e analisar os dados recebidos, promovendo relat\u00f3rios que ajudam na tomada de decis\u00f5es por parte da administra\u00e7\u00e3o municipal.<\/p>\n<h2>Not\u00edcias Recentes e Atualiza\u00e7\u00f5es<\/h2>\n<p>O site da Prefeitura de Aracaju mant\u00e9m os cidad\u00e3os informados sobre as \u00faltimas news na cidade. Recentemente, foram publicadas not\u00edcias relacionadas a:<\/p>\n<ul>\n<li><strong>Educa\u00e7\u00e3o:<\/strong> Programas de incentivo \u00e0 forma\u00e7\u00e3o profissional para jovens e adultos.<\/li>\n<li><strong>Sa\u00fade P\u00fablica:<\/strong> Campanhas de vacina\u00e7\u00e3o e preven\u00e7\u00e3o de doen\u00e7as.<\/li>\n<li><strong>Cultura:<\/strong> Eventos e festivais que promovem a arte local.<\/li>\n<li><strong>Infraestrutura:<\/strong> Avan\u00e7os em projetos de urbaniza\u00e7\u00e3o e revitaliza\u00e7\u00e3o de \u00e1reas p\u00fablicas.<\/li>\n<\/ul>\n<p>Essas atualiza\u00e7\u00f5es s\u00e3o vitais para manter os cidad\u00e3os informados sobre as a\u00e7\u00f5es do governo e como elas impactam suas vidas.<\/p>\n<h2>Recursos de Acessibilidade<\/h2>\n<p>O portal da Prefeitura de Aracaju \u00e9 projetado para ser acess\u00edvel a todos. Recursos como aumento de texto e contraste de cores est\u00e3o dispon\u00edveis para garantir que as informa\u00e7\u00f5es sejam facilmente vis\u00edveis e compreens\u00edveis. A acessibilidade \u00e9 um compromisso que a Prefeitura assume para que todos os cidad\u00e3os, independentemente de suas condi\u00e7\u00f5es, tenham acesso \u00e0 informa\u00e7\u00e3o e aos servi\u00e7os oferecidos.<\/p>\n<h2>Como Navegar pelo Site da Prefeitura<\/h2>\n<p>Navegar pelo site da Prefeitura de Aracaju \u00e9 uma tarefa simples, com um design intuitivo que facilita a busca por informa\u00e7\u00f5es. O menu principal categoriza os servi\u00e7os, secretarias e not\u00edcias, permitindo um acesso r\u00e1pido e eficiente. Al\u00e9m disso, h\u00e1 uma barra de busca que permite localizar diretamente os conte\u00fados desejados, otimizando a experi\u00eancia do usu\u00e1rio.<\/p>\n<h2>Eventos e Atividades da Prefeitura<\/h2>\n<p>Aracaju \u00e9 palco de diversas atividades promovidas pela Prefeitura ao longo do ano, sejam elas culturais, esportivas ou de conscientiza\u00e7\u00e3o. Eventos como feiras livre, festivais de m\u00fasica e competi\u00e7\u00f5es esportivas buscam envolver a comunidade e oferecer entretenimento. Informa\u00e7\u00f5es sobre essas atividades podem ser acessadas diretamente no portal, onde \u00e9 poss\u00edvel conferir datas, locais e como participar.<\/p>\n<h2>Aracaju: Uma Cidade em Desenvolvimento<\/h2>\n<p>Aracaju \u00e9 uma cidade que se destaca pelo seu crescimento e desenvolvimento cont\u00ednuo. Com investimentos em infraestrutura, sa\u00fade, educa\u00e7\u00e3o e cultura, a gest\u00e3o municipal busca transformar a cidade em um lugar ainda melhor para se viver. Projetos de revitaliza\u00e7\u00e3o e parcerias com empresas e organiza\u00e7\u00f5es n\u00e3o governamentais s\u00e3o algumas das iniciativas que visam promover o progresso e bem-estar da popula\u00e7\u00e3o.<\/p>\n<h2>Contato e Suporte ao Cidad\u00e3o<\/h2>\n<p>A intera\u00e7\u00e3o constante entre a Prefeitura e o cidad\u00e3o \u00e9 incentivada por meio de canais de comunica\u00e7\u00e3o abertos. A Ouvidoria, al\u00e9m de receber e tratar as solicita\u00e7\u00f5es, tamb\u00e9m orienta sobre os diversos servi\u00e7os municipais. Para d\u00favidas, sugest\u00f5es ou reclama\u00e7\u00f5es, os cidad\u00e3os podem ligar, enviar e-mail ou utilizar form online dispon\u00edveis no portal.<\/p>\n\n<div style=\"font-size: 0px; height: 0px; line-height: 0px; margin: 0; padding: 0; clear: both;\"><\/div>","protected":false},"excerpt":{"rendered":"<p>Prefeitura de Aracaju oferece not\u00edcias e servi\u00e7os essenciais de forma pr\u00e1tica e acess\u00edvel.<\/p>\n","protected":false},"author":1,"featured_media":2533,"comment_status":"closed","ping_status":"closed","sticky":false,"template":"","format":"standard","meta":{"footnotes":""},"categories":[22],"tags":[],"class_list":["post-2534","post","type-post","status-publish","format-standard","has-post-thumbnail","hentry","category-cultura-em-aracaju","has_thumb"],"yoast_head":"<!-- This site is optimized with the Yoast SEO plugin v26.4 - https:\/\/yoast.com\/wordpress\/plugins\/seo\/ -->\n<title>Padre J\u00falio Lancellotti ministrar\u00e1 palestra no I Semin\u00e1rio Formativo POP Rua promovido pela Prefeitura de Aracaju - Encontra Aracaju<\/title>\n<meta name=\"robots\" content=\"index, follow, max-snippet:-1, max-image-preview:large, max-video-preview:-1\" \/>\n<link rel=\"canonical\" href=\"https:\/\/www.encontraaracaju.com.br\/sobre\/padre-julio-lancellotti-ministrara-palestra-no-i-seminario-formativo-pop-rua-promovido-pela-prefeitura-de-aracaju\/\" \/>\n<meta property=\"og:locale\" content=\"pt_BR\" \/>\n<meta property=\"og:type\" content=\"article\" \/>\n<meta property=\"og:title\" content=\"Padre J\u00falio Lancellotti ministrar\u00e1 palestra no I Semin\u00e1rio Formativo POP Rua promovido pela Prefeitura de Aracaju - Encontra Aracaju\" \/>\n<meta property=\"og:description\" content=\"Prefeitura de Aracaju oferece not\u00edcias e servi\u00e7os essenciais de forma pr\u00e1tica e acess\u00edvel.\" \/>\n<meta property=\"og:url\" content=\"https:\/\/www.encontraaracaju.com.br\/sobre\/padre-julio-lancellotti-ministrara-palestra-no-i-seminario-formativo-pop-rua-promovido-pela-prefeitura-de-aracaju\/\" \/>\n<meta property=\"og:site_name\" content=\"Encontra Aracaju\" \/>\n<meta property=\"article:published_time\" content=\"2026-08-28T05:46:44+00:00\" \/>\n<meta property=\"og:image\" content=\"https:\/\/www.encontraaracaju.com.br\/sobre\/wp-content\/uploads\/2026\/08\/padre-julio-lancellotti-ministrara-palestra-no-i-seminario-formativo-pop-rua-promovido-pela-prefeitu.webp\" \/>\n<meta name=\"author\" content=\"Encontra Aracaju\" \/>\n<meta name=\"twitter:card\" content=\"summary_large_image\" \/>\n<meta name=\"twitter:label1\" content=\"Escrito por\" \/>\n\t<meta name=\"twitter:data1\" content=\"Encontra Aracaju\" \/>\n\t<meta name=\"twitter:label2\" content=\"Est. tempo de leitura\" \/>\n\t<meta name=\"twitter:data2\" content=\"5 minutos\" \/>\n<script type=\"application\/ld+json\" class=\"yoast-schema-graph\">{\"@context\":\"https:\/\/schema.org\",\"@graph\":[{\"@type\":\"WebPage\",\"@id\":\"https:\/\/www.encontraaracaju.com.br\/sobre\/padre-julio-lancellotti-ministrara-palestra-no-i-seminario-formativo-pop-rua-promovido-pela-prefeitura-de-aracaju\/\",\"url\":\"https:\/\/www.encontraaracaju.com.br\/sobre\/padre-julio-lancellotti-ministrara-palestra-no-i-seminario-formativo-pop-rua-promovido-pela-prefeitura-de-aracaju\/\",\"name\":\"Padre J\u00falio Lancellotti ministrar\u00e1 palestra no I Semin\u00e1rio Formativo POP Rua promovido pela Prefeitura de Aracaju - Encontra Aracaju\",\"isPartOf\":{\"@id\":\"https:\/\/www.encontraaracaju.com.br\/sobre\/#website\"},\"primaryImageOfPage\":{\"@id\":\"https:\/\/www.encontraaracaju.com.br\/sobre\/padre-julio-lancellotti-ministrara-palestra-no-i-seminario-formativo-pop-rua-promovido-pela-prefeitura-de-aracaju\/#primaryimage\"},\"image\":{\"@id\":\"https:\/\/www.encontraaracaju.com.br\/sobre\/padre-julio-lancellotti-ministrara-palestra-no-i-seminario-formativo-pop-rua-promovido-pela-prefeitura-de-aracaju\/#primaryimage\"},\"thumbnailUrl\":\"https:\/\/www.encontraaracaju.com.br\/sobre\/wp-content\/uploads\/2026\/08\/padre-julio-lancellotti-ministrara-palestra-no-i-seminario-formativo-pop-rua-promovido-pela-prefeitu.webp\",\"datePublished\":\"2026-08-28T05:46:44+00:00\",\"author\":{\"@id\":\"https:\/\/www.encontraaracaju.com.br\/sobre\/#\/schema\/person\/4ffad47e9e50db5f93e67859b297b0be\"},\"breadcrumb\":{\"@id\":\"https:\/\/www.encontraaracaju.com.br\/sobre\/padre-julio-lancellotti-ministrara-palestra-no-i-seminario-formativo-pop-rua-promovido-pela-prefeitura-de-aracaju\/#breadcrumb\"},\"inLanguage\":\"pt-BR\",\"potentialAction\":[{\"@type\":\"ReadAction\",\"target\":[\"https:\/\/www.encontraaracaju.com.br\/sobre\/padre-julio-lancellotti-ministrara-palestra-no-i-seminario-formativo-pop-rua-promovido-pela-prefeitura-de-aracaju\/\"]}]},{\"@type\":\"ImageObject\",\"inLanguage\":\"pt-BR\",\"@id\":\"https:\/\/www.encontraaracaju.com.br\/sobre\/padre-julio-lancellotti-ministrara-palestra-no-i-seminario-formativo-pop-rua-promovido-pela-prefeitura-de-aracaju\/#primaryimage\",\"url\":\"https:\/\/www.encontraaracaju.com.br\/sobre\/wp-content\/uploads\/2026\/08\/padre-julio-lancellotti-ministrara-palestra-no-i-seminario-formativo-pop-rua-promovido-pela-prefeitu.webp\",\"contentUrl\":\"https:\/\/www.encontraaracaju.com.br\/sobre\/wp-content\/uploads\/2026\/08\/padre-julio-lancellotti-ministrara-palestra-no-i-seminario-formativo-pop-rua-promovido-pela-prefeitu.webp\",\"width\":280,\"height\":280,\"caption\":\"Prefeitura de Aracaju\"},{\"@type\":\"BreadcrumbList\",\"@id\":\"https:\/\/www.encontraaracaju.com.br\/sobre\/padre-julio-lancellotti-ministrara-palestra-no-i-seminario-formativo-pop-rua-promovido-pela-prefeitura-de-aracaju\/#breadcrumb\",\"itemListElement\":[{\"@type\":\"ListItem\",\"position\":1,\"name\":\"In\u00edcio\",\"item\":\"https:\/\/www.encontraaracaju.com.br\/sobre\/\"},{\"@type\":\"ListItem\",\"position\":2,\"name\":\"Padre J\u00falio Lancellotti ministrar\u00e1 palestra no I Semin\u00e1rio Formativo POP Rua promovido pela Prefeitura de Aracaju\"}]},{\"@type\":\"WebSite\",\"@id\":\"https:\/\/www.encontraaracaju.com.br\/sobre\/#website\",\"url\":\"https:\/\/www.encontraaracaju.com.br\/sobre\/\",\"name\":\"Encontra Aracaju\",\"description\":\"Not\u00edcias, eventos, informa\u00e7\u00f5es e dicas na cidade Aracaju e regi\u00e3o.\",\"potentialAction\":[{\"@type\":\"SearchAction\",\"target\":{\"@type\":\"EntryPoint\",\"urlTemplate\":\"https:\/\/www.encontraaracaju.com.br\/sobre\/?s={search_term_string}\"},\"query-input\":{\"@type\":\"PropertyValueSpecification\",\"valueRequired\":true,\"valueName\":\"search_term_string\"}}],\"inLanguage\":\"pt-BR\"},{\"@type\":\"Person\",\"@id\":\"https:\/\/www.encontraaracaju.com.br\/sobre\/#\/schema\/person\/4ffad47e9e50db5f93e67859b297b0be\",\"name\":\"Encontra Aracaju\",\"image\":{\"@type\":\"ImageObject\",\"inLanguage\":\"pt-BR\",\"@id\":\"https:\/\/www.encontraaracaju.com.br\/sobre\/#\/schema\/person\/image\/\",\"url\":\"https:\/\/secure.gravatar.com\/avatar\/507340682b8270222e1f208e23198b6ae7e2c6a1033ae84e99bc6bce4f82a387?s=96&d=mm&r=g\",\"contentUrl\":\"https:\/\/secure.gravatar.com\/avatar\/507340682b8270222e1f208e23198b6ae7e2c6a1033ae84e99bc6bce4f82a387?s=96&d=mm&r=g\",\"caption\":\"Encontra Aracaju\"},\"sameAs\":[\"http:\/\/www.encontraaracaju.com.br\"]}]}<\/script>\n<!-- \/ Yoast SEO plugin. -->","yoast_head_json":{"title":"Padre J\u00falio Lancellotti ministrar\u00e1 palestra no I Semin\u00e1rio Formativo POP Rua promovido pela Prefeitura de Aracaju - Encontra Aracaju","robots":{"index":"index","follow":"follow","max-snippet":"max-snippet:-1","max-image-preview":"max-image-preview:large","max-video-preview":"max-video-preview:-1"},"canonical":"https:\/\/www.encontraaracaju.com.br\/sobre\/padre-julio-lancellotti-ministrara-palestra-no-i-seminario-formativo-pop-rua-promovido-pela-prefeitura-de-aracaju\/","og_locale":"pt_BR","og_type":"article","og_title":"Padre J\u00falio Lancellotti ministrar\u00e1 palestra no I Semin\u00e1rio Formativo POP Rua promovido pela Prefeitura de Aracaju - Encontra Aracaju","og_description":"Prefeitura de Aracaju oferece not\u00edcias e servi\u00e7os essenciais de forma pr\u00e1tica e acess\u00edvel.","og_url":"https:\/\/www.encontraaracaju.com.br\/sobre\/padre-julio-lancellotti-ministrara-palestra-no-i-seminario-formativo-pop-rua-promovido-pela-prefeitura-de-aracaju\/","og_site_name":"Encontra Aracaju","article_published_time":"2026-08-28T05:46:44+00:00","og_image":[{"url":"https:\/\/www.encontraaracaju.com.br\/sobre\/wp-content\/uploads\/2026\/08\/padre-julio-lancellotti-ministrara-palestra-no-i-seminario-formativo-pop-rua-promovido-pela-prefeitu.webp","type":"","width":"","height":""}],"author":"Encontra Aracaju","twitter_card":"summary_large_image","twitter_misc":{"Escrito por":"Encontra Aracaju","Est. tempo de leitura":"5 minutos"},"schema":{"@context":"https:\/\/schema.org","@graph":[{"@type":"WebPage","@id":"https:\/\/www.encontraaracaju.com.br\/sobre\/padre-julio-lancellotti-ministrara-palestra-no-i-seminario-formativo-pop-rua-promovido-pela-prefeitura-de-aracaju\/","url":"https:\/\/www.encontraaracaju.com.br\/sobre\/padre-julio-lancellotti-ministrara-palestra-no-i-seminario-formativo-pop-rua-promovido-pela-prefeitura-de-aracaju\/","name":"Padre J\u00falio Lancellotti ministrar\u00e1 palestra no I Semin\u00e1rio Formativo POP Rua promovido pela Prefeitura de Aracaju - Encontra Aracaju","isPartOf":{"@id":"https:\/\/www.encontraaracaju.com.br\/sobre\/#website"},"primaryImageOfPage":{"@id":"https:\/\/www.encontraaracaju.com.br\/sobre\/padre-julio-lancellotti-ministrara-palestra-no-i-seminario-formativo-pop-rua-promovido-pela-prefeitura-de-aracaju\/#primaryimage"},"image":{"@id":"https:\/\/www.encontraaracaju.com.br\/sobre\/padre-julio-lancellotti-ministrara-palestra-no-i-seminario-formativo-pop-rua-promovido-pela-prefeitura-de-aracaju\/#primaryimage"},"thumbnailUrl":"https:\/\/www.encontraaracaju.com.br\/sobre\/wp-content\/uploads\/2026\/08\/padre-julio-lancellotti-ministrara-palestra-no-i-seminario-formativo-pop-rua-promovido-pela-prefeitu.webp","datePublished":"2026-08-28T05:46:44+00:00","author":{"@id":"https:\/\/www.encontraaracaju.com.br\/sobre\/#\/schema\/person\/4ffad47e9e50db5f93e67859b297b0be"},"breadcrumb":{"@id":"https:\/\/www.encontraaracaju.com.br\/sobre\/padre-julio-lancellotti-ministrara-palestra-no-i-seminario-formativo-pop-rua-promovido-pela-prefeitura-de-aracaju\/#breadcrumb"},"inLanguage":"pt-BR","potentialAction":[{"@type":"ReadAction","target":["https:\/\/www.encontraaracaju.com.br\/sobre\/padre-julio-lancellotti-ministrara-palestra-no-i-seminario-formativo-pop-rua-promovido-pela-prefeitura-de-aracaju\/"]}]},{"@type":"ImageObject","inLanguage":"pt-BR","@id":"https:\/\/www.encontraaracaju.com.br\/sobre\/padre-julio-lancellotti-ministrara-palestra-no-i-seminario-formativo-pop-rua-promovido-pela-prefeitura-de-aracaju\/#primaryimage","url":"https:\/\/www.encontraaracaju.com.br\/sobre\/wp-content\/uploads\/2026\/08\/padre-julio-lancellotti-ministrara-palestra-no-i-seminario-formativo-pop-rua-promovido-pela-prefeitu.webp","contentUrl":"https:\/\/www.encontraaracaju.com.br\/sobre\/wp-content\/uploads\/2026\/08\/padre-julio-lancellotti-ministrara-palestra-no-i-seminario-formativo-pop-rua-promovido-pela-prefeitu.webp","width":280,"height":280,"caption":"Prefeitura de Aracaju"},{"@type":"BreadcrumbList","@id":"https:\/\/www.encontraaracaju.com.br\/sobre\/padre-julio-lancellotti-ministrara-palestra-no-i-seminario-formativo-pop-rua-promovido-pela-prefeitura-de-aracaju\/#breadcrumb","itemListElement":[{"@type":"ListItem","position":1,"name":"In\u00edcio","item":"https:\/\/www.encontraaracaju.com.br\/sobre\/"},{"@type":"ListItem","position":2,"name":"Padre J\u00falio Lancellotti ministrar\u00e1 palestra no I Semin\u00e1rio Formativo POP Rua promovido pela Prefeitura de Aracaju"}]},{"@type":"WebSite","@id":"https:\/\/www.encontraaracaju.com.br\/sobre\/#website","url":"https:\/\/www.encontraaracaju.com.br\/sobre\/","name":"Encontra Aracaju","description":"Not\u00edcias, eventos, informa\u00e7\u00f5es e dicas na cidade Aracaju e regi\u00e3o.","potentialAction":[{"@type":"SearchAction","target":{"@type":"EntryPoint","urlTemplate":"https:\/\/www.encontraaracaju.com.br\/sobre\/?s={search_term_string}"},"query-input":{"@type":"PropertyValueSpecification","valueRequired":true,"valueName":"search_term_string"}}],"inLanguage":"pt-BR"},{"@type":"Person","@id":"https:\/\/www.encontraaracaju.com.br\/sobre\/#\/schema\/person\/4ffad47e9e50db5f93e67859b297b0be","name":"Encontra Aracaju","image":{"@type":"ImageObject","inLanguage":"pt-BR","@id":"https:\/\/www.encontraaracaju.com.br\/sobre\/#\/schema\/person\/image\/","url":"https:\/\/secure.gravatar.com\/avatar\/507340682b8270222e1f208e23198b6ae7e2c6a1033ae84e99bc6bce4f82a387?s=96&d=mm&r=g","contentUrl":"https:\/\/secure.gravatar.com\/avatar\/507340682b8270222e1f208e23198b6ae7e2c6a1033ae84e99bc6bce4f82a387?s=96&d=mm&r=g","caption":"Encontra Aracaju"},"sameAs":["http:\/\/www.encontraaracaju.com.br"]}]}},"_links":{"self":[{"href":"https:\/\/www.encontraaracaju.com.br\/sobre\/wp-json\/wp\/v2\/posts\/2534","targetHints":{"allow":["GET"]}}],"collection":[{"href":"https:\/\/www.encontraaracaju.com.br\/sobre\/wp-json\/wp\/v2\/posts"}],"about":[{"href":"https:\/\/www.encontraaracaju.com.br\/sobre\/wp-json\/wp\/v2\/types\/post"}],"author":[{"embeddable":true,"href":"https:\/\/www.encontraaracaju.com.br\/sobre\/wp-json\/wp\/v2\/users\/1"}],"replies":[{"embeddable":true,"href":"https:\/\/www.encontraaracaju.com.br\/sobre\/wp-json\/wp\/v2\/comments?post=2534"}],"version-history":[{"count":0,"href":"https:\/\/www.encontraaracaju.com.br\/sobre\/wp-json\/wp\/v2\/posts\/2534\/revisions"}],"wp:featuredmedia":[{"embeddable":true,"href":"https:\/\/www.encontraaracaju.com.br\/sobre\/wp-json\/wp\/v2\/media\/2533"}],"wp:attachment":[{"href":"https:\/\/www.encontraaracaju.com.br\/sobre\/wp-json\/wp\/v2\/media?parent=2534"}],"wp:term":[{"taxonomy":"category","embeddable":true,"href":"https:\/\/www.encontraaracaju.com.br\/sobre\/wp-json\/wp\/v2\/categories?post=2534"},{"taxonomy":"post_tag","embeddable":true,"href":"https:\/\/www.encontraaracaju.com.br\/sobre\/wp-json\/wp\/v2\/tags?post=2534"}],"curies":[{"name":"wp","href":"https:\/\/api.w.org\/{rel}","templated":true}]}}