{"id":2530,"date":"2026-08-27T02:47:50","date_gmt":"2026-08-27T05:47:50","guid":{"rendered":"https:\/\/www.encontraaracaju.com.br\/sobre\/tamo-junto-celebra-um-ano-e-se-consolida-como-ponte-entre-servicos-ofertados-e-o-exercicio-da-cidadania\/"},"modified":"2026-08-27T02:47:50","modified_gmt":"2026-08-27T05:47:50","slug":"tamo-junto-celebra-um-ano-e-se-consolida-como-ponte-entre-servicos-ofertados-e-o-exercicio-da-cidadania","status":"publish","type":"post","link":"https:\/\/www.encontraaracaju.com.br\/sobre\/tamo-junto-celebra-um-ano-e-se-consolida-como-ponte-entre-servicos-ofertados-e-o-exercicio-da-cidadania\/","title":{"rendered":"Tamo Junto celebra um ano e se consolida como ponte entre servi\u00e7os ofertados e o exerc\u00edcio da cidadania"},"content":{"rendered":"<div class=\"0de350683d360aa04277a39db0bae410\" data-index=\"1\" style=\"float: none; margin:0px;\">\n<!-- Anuncio display - global -->\r\n<ins class=\"adsbygoogle\"\r\n     style=\"display:block\"\r\n     data-ad-client=\"ca-pub-8585364105181520\"\r\n     data-ad-slot=\"8789329856\"\r\n     data-ad-format=\"auto\"\r\n     data-full-width-responsive=\"true\"><\/ins>\r\n<script>\r\n     (adsbygoogle = window.adsbygoogle || []).push({});\r\n<\/script>\n<\/div>\n<h2>In\u00edcio do Tamo Junto<\/h2>\n<p>O programa Tamo Junto iniciou sua jornada com o objetivo de conectar a administra\u00e7\u00e3o p\u00fablica aos cidad\u00e3os, facilitando o acesso a servi\u00e7os essenciais diretamente nos bairros. Desde sua chegada \u00e0 comunidade, a iniciativa n\u00e3o apenas promove o acesso, mas busca tamb\u00e9m cultivar um senso de cidadania ativa entre os moradores. Ao completar um ano, o projeto j\u00e1 contabiliza mais de 40 mil atendimentos em suas edi\u00e7\u00f5es, mostrando a efetividade da estrat\u00e9gia de aproxima\u00e7\u00e3o.<\/p>\n<h2>Acessibilidade aos Servi\u00e7os P\u00fablicos<\/h2>\n<p>A proposta do Tamo Junto \u00e9 clara: levar servi\u00e7os essenciais para mais perto da popula\u00e7\u00e3o. Isso ocorre atrav\u00e9s de eventos realizados em diversas localidades, que oferecem uma variedade de servi\u00e7os e atendimentos. Ao disponibilizar essas atividades em locais acess\u00edveis, o programa se torna uma solu\u00e7\u00e3o vi\u00e1vel para aqueles que, muitas vezes, enfrentam dificuldades em acessar os servi\u00e7os em hor\u00e1rios convencionais.<\/p>\n<h2>Resultados Alcan\u00e7ados na Comunidade<\/h2>\n<p>Os impactos do Tamo Junto se refletem nas hist\u00f3rias de seus participantes. Moradores t\u00eam a chance de acessar servi\u00e7os que v\u00e3o desde sa\u00fade at\u00e9 cidadania com muito mais efici\u00eancia. A emiss\u00e3o de documentos, consultas m\u00e9dicas e orienta\u00e7\u00f5es sobre benef\u00edcios sociais s\u00e3o apenas algumas das a\u00e7\u00f5es que mudaram a vida das pessoas na comunidade. A participa\u00e7\u00e3o da popula\u00e7\u00e3o nos 11 eventos realizados at\u00e9 agora demonstra a relev\u00e2ncia e efic\u00e1cia da proposta.<\/p>\n<p><img decoding=\"async\" src=\"https:\/\/www.encontraaracaju.com.br\/sobre\/wp-content\/uploads\/2026\/08\/tamo-junto-celebra-um-ano-e-se-consolida-como-ponte-entre-servicos-ofertados-e-o-exercicio-da-cidada.webp\" alt=\"Tamo Junto\" loading=\"lazy\" \/><\/p>\n<h2>Depoimentos de Moradores Beneficiados<\/h2>\n<p>A ess\u00eancia do Tamo Junto pode ser observada nas experi\u00eancias pessoais dos usu\u00e1rios. Geciele Barbosa, por exemplo, conseguiu a emiss\u00e3o da Carteira de Identifica\u00e7\u00e3o da Pessoa com Transtorno do Espectro Autista (Ciptea) para seu filho e relatou o al\u00edvio de conseguir realizar este procedimento sem enfrentar a rotina agitada do trabalho. Tamb\u00e9m mencionou a validade da iniciativa para a comunidade, destacando que a prefeitura merece elogios pela execu\u00e7\u00e3o da a\u00e7\u00e3o.<\/p>\n<p>Outro morador, Marlon Santiago, com 23 anos, expressou sua satisfa\u00e7\u00e3o ap\u00f3s realizar consultas de oftalmologia e cardiologia. O jovem salientou a praticidade do atendimento, enfatizando como a iniciativa auxilia na diminui\u00e7\u00e3o da demanda nas unidades de sa\u00fade convencionais.<\/p>\n<p>Erica Cristina, m\u00e3e de Jo\u00e3o Ravi, comentou sobre sua experi\u00eancia ao colocar um implante contraceptivo durante o evento, elogiando a efici\u00eancia do programa. Cada depoimento reflete a satisfa\u00e7\u00e3o em ter servi\u00e7os t\u00e3o necess\u00e1rios oferecidos pr\u00f3ximas \u00e0s suas resid\u00eancias.<\/p>\n<h2>Servi\u00e7os Oferecidos no Evento<\/h2>\n<p>Um dos grandes atrativos do Tamo Junto \u00e9 a diversidade de servi\u00e7os dispon\u00edveis. Entre os principais servi\u00e7os, os moradores puderam usufruir de:<\/p>\n<ul>\n<li>Emiss\u00e3o de carteiras de identidade;<\/li>\n<li>Atualiza\u00e7\u00e3o do Cadastro \u00danico;<\/li>\n<li>Orienta\u00e7\u00e3o sobre benef\u00edcios sociais;<\/li>\n<li>Encaminhamentos para emprego e qualifica\u00e7\u00e3o profissional;<\/li>\n<li>A\u00e7\u00f5es voltadas \u00e0 prote\u00e7\u00e3o animal.<\/li>\n<\/ul>\n<p>Atrav\u00e9s desta oferta abrangente, o programa se torna uma verdadeira vitrine de oportunidades, facilitando o acesso a servi\u00e7os que impactam diretamente a qualidade de vida da popula\u00e7\u00e3o.<\/p>\n<h2>Import\u00e2ncia da Cidadania Ativa<\/h2>\n<p>A a\u00e7\u00e3o do Tamo Junto n\u00e3o se limita apenas ao fornecimento de servi\u00e7os, mas tamb\u00e9m visa fomentar o comportamento de cidadania ativa. Ao incentivar os moradores a participarem, o programa promove a conscientiza\u00e7\u00e3o sobre direitos e deveres, estimulando uma popula\u00e7\u00e3o mais engajada e informada. Esse envolvimento pode ser visto n\u00e3o apenas na demanda pelos servi\u00e7os, mas tamb\u00e9m na disposi\u00e7\u00e3o dos moradores em contribuir e retornar como protagonistas em futuras edi\u00e7\u00f5es.<\/p>\n<h2>Parcerias que Fortalecem a Iniciativa<\/h2>\n<p>Um dos pilares do Tamo Junto s\u00e3o as parcerias estabelecidas com diversas secretarias municipais e institui\u00e7\u00f5es. Essas colabora\u00e7\u00f5es possibilitam uma oferta mais ampla de servi\u00e7os e garantem que a qualidade do atendimento seja mantida. Sectores como sa\u00fade, educa\u00e7\u00e3o e assist\u00eancia social trabalham em sinergia para que a experi\u00eancia do usu\u00e1rio seja a melhor poss\u00edvel, proporcionando uma solu\u00e7\u00e3o integrada e completa.<\/p>\n<h2>Desenvolvimento Profissional e Empregabilidade<\/h2>\n<p>A capacita\u00e7\u00e3o e o desenvolvimento profissional tamb\u00e9m se destacam no Tamo Junto. Iniciativas como os cursos oferecidos pela Funda\u00e7\u00e3o Municipal de Forma\u00e7\u00e3o para o Trabalho (Fundat) t\u00eam se mostrado eficazes, como relatado por Rosana Sales, que participou de um curso de manipula\u00e7\u00e3o de alimentos. O aprendizado proporcionou a ela a oportunidade de iniciar seu pr\u00f3prio neg\u00f3cio, evidenciando como o acesso \u00e0 forma\u00e7\u00e3o profissional pode gerar novos caminhos e oportunidades de emprego.<\/p>\n<h2>Uma Vitrine das Oportunidades<\/h2>\n<p>Al\u00e9m de ser um ponto de atendimento, o Tamo Junto \u00e9 uma verdadeira vitrine das oportunidades que o munic\u00edpio oferece. Moradores que j\u00e1 tiveram acesso a servi\u00e7os agora retornam como expositores, apresentando seus produtos e compartilhando suas hist\u00f3rias de sucesso. Isso n\u00e3o apenas inspira outros, mas demonstra que o programa \u00e9 um catalisador para o desenvolvimento econ\u00f4mico local.<\/p>\n<h2>O Futuro do Tamo Junto<\/h2>\n<p>O sucesso do Tamo Junto ao longo do \u00faltimo ano indica que a iniciativa tem um futuro promissor. As edi\u00e7\u00f5es seguintes continuar\u00e3o a ser realizadas, visando sempre o encontro entre a administra\u00e7\u00e3o p\u00fablica e os cidad\u00e3os. Com a evolu\u00e7\u00e3o das necessidades da comunidade, o projeto busca se adaptar e expandir os servi\u00e7os oferecidos, garantindo que mais pessoas possam se beneficiar e que a cidadania ativa continue a prosperar entre os moradores de Aracaju.<\/p>\n<p>O compromisso da Prefeitura em permanecer pr\u00f3xima \u00e0 popula\u00e7\u00e3o \u00e9 central na miss\u00e3o do Tamo Junto, consolidando essa a\u00e7\u00e3o como um modelo a ser seguido em outras localidades. Com o fortalecimento das parcerias e a amplia\u00e7\u00e3o dos servi\u00e7os, a expectativa \u00e9 que a iniciativa se torne um marco de refer\u00eancia no acesso \u00e0 cidadania e na oferta de servi\u00e7os p\u00fablicos. Assim, o Tamo Junto ir\u00e1 continuar promovendo mudan\u00e7as significativas e melhorias na vida da comunidade, reafirmando seu papel essencial como facilitador da rela\u00e7\u00e3o entre o poder p\u00fablico e o cidad\u00e3o.<\/p>\n\n<div style=\"font-size: 0px; height: 0px; line-height: 0px; margin: 0; padding: 0; clear: both;\"><\/div>","protected":false},"excerpt":{"rendered":"<p>Tamo Junto promove cidadania e servi\u00e7os essenciais \u00e0 popula\u00e7\u00e3o.<\/p>\n","protected":false},"author":1,"featured_media":2529,"comment_status":"closed","ping_status":"closed","sticky":false,"template":"","format":"standard","meta":{"footnotes":""},"categories":[7],"tags":[],"class_list":["post-2530","post","type-post","status-publish","format-standard","has-post-thumbnail","hentry","category-servicos-em-aracaju","has_thumb"],"yoast_head":"<!-- This site is optimized with the Yoast SEO plugin v26.4 - https:\/\/yoast.com\/wordpress\/plugins\/seo\/ -->\n<title>Tamo Junto celebra um ano e se consolida como ponte entre servi\u00e7os ofertados e o exerc\u00edcio da cidadania - Encontra Aracaju<\/title>\n<meta name=\"robots\" content=\"index, follow, max-snippet:-1, max-image-preview:large, max-video-preview:-1\" \/>\n<link rel=\"canonical\" href=\"https:\/\/www.encontraaracaju.com.br\/sobre\/tamo-junto-celebra-um-ano-e-se-consolida-como-ponte-entre-servicos-ofertados-e-o-exercicio-da-cidadania\/\" \/>\n<meta property=\"og:locale\" content=\"pt_BR\" \/>\n<meta property=\"og:type\" content=\"article\" \/>\n<meta property=\"og:title\" content=\"Tamo Junto celebra um ano e se consolida como ponte entre servi\u00e7os ofertados e o exerc\u00edcio da cidadania - Encontra Aracaju\" \/>\n<meta property=\"og:description\" content=\"Tamo Junto promove cidadania e servi\u00e7os essenciais \u00e0 popula\u00e7\u00e3o.\" \/>\n<meta property=\"og:url\" content=\"https:\/\/www.encontraaracaju.com.br\/sobre\/tamo-junto-celebra-um-ano-e-se-consolida-como-ponte-entre-servicos-ofertados-e-o-exercicio-da-cidadania\/\" \/>\n<meta property=\"og:site_name\" content=\"Encontra Aracaju\" \/>\n<meta property=\"article:published_time\" content=\"2026-08-27T05:47:50+00:00\" \/>\n<meta property=\"og:image\" content=\"https:\/\/www.encontraaracaju.com.br\/sobre\/wp-content\/uploads\/2026\/08\/tamo-junto-celebra-um-ano-e-se-consolida-como-ponte-entre-servicos-ofertados-e-o-exercicio-da-cidada.webp\" \/>\n<meta name=\"author\" content=\"Encontra Aracaju\" \/>\n<meta name=\"twitter:card\" content=\"summary_large_image\" \/>\n<meta name=\"twitter:label1\" content=\"Escrito por\" \/>\n\t<meta name=\"twitter:data1\" content=\"Encontra Aracaju\" \/>\n\t<meta name=\"twitter:label2\" content=\"Est. tempo de leitura\" \/>\n\t<meta name=\"twitter:data2\" content=\"5 minutos\" \/>\n<script type=\"application\/ld+json\" class=\"yoast-schema-graph\">{\"@context\":\"https:\/\/schema.org\",\"@graph\":[{\"@type\":\"WebPage\",\"@id\":\"https:\/\/www.encontraaracaju.com.br\/sobre\/tamo-junto-celebra-um-ano-e-se-consolida-como-ponte-entre-servicos-ofertados-e-o-exercicio-da-cidadania\/\",\"url\":\"https:\/\/www.encontraaracaju.com.br\/sobre\/tamo-junto-celebra-um-ano-e-se-consolida-como-ponte-entre-servicos-ofertados-e-o-exercicio-da-cidadania\/\",\"name\":\"Tamo Junto celebra um ano e se consolida como ponte entre servi\u00e7os ofertados e o exerc\u00edcio da cidadania - Encontra Aracaju\",\"isPartOf\":{\"@id\":\"https:\/\/www.encontraaracaju.com.br\/sobre\/#website\"},\"primaryImageOfPage\":{\"@id\":\"https:\/\/www.encontraaracaju.com.br\/sobre\/tamo-junto-celebra-um-ano-e-se-consolida-como-ponte-entre-servicos-ofertados-e-o-exercicio-da-cidadania\/#primaryimage\"},\"image\":{\"@id\":\"https:\/\/www.encontraaracaju.com.br\/sobre\/tamo-junto-celebra-um-ano-e-se-consolida-como-ponte-entre-servicos-ofertados-e-o-exercicio-da-cidadania\/#primaryimage\"},\"thumbnailUrl\":\"https:\/\/www.encontraaracaju.com.br\/sobre\/wp-content\/uploads\/2026\/08\/tamo-junto-celebra-um-ano-e-se-consolida-como-ponte-entre-servicos-ofertados-e-o-exercicio-da-cidada.webp\",\"datePublished\":\"2026-08-27T05:47:50+00:00\",\"author\":{\"@id\":\"https:\/\/www.encontraaracaju.com.br\/sobre\/#\/schema\/person\/4ffad47e9e50db5f93e67859b297b0be\"},\"breadcrumb\":{\"@id\":\"https:\/\/www.encontraaracaju.com.br\/sobre\/tamo-junto-celebra-um-ano-e-se-consolida-como-ponte-entre-servicos-ofertados-e-o-exercicio-da-cidadania\/#breadcrumb\"},\"inLanguage\":\"pt-BR\",\"potentialAction\":[{\"@type\":\"ReadAction\",\"target\":[\"https:\/\/www.encontraaracaju.com.br\/sobre\/tamo-junto-celebra-um-ano-e-se-consolida-como-ponte-entre-servicos-ofertados-e-o-exercicio-da-cidadania\/\"]}]},{\"@type\":\"ImageObject\",\"inLanguage\":\"pt-BR\",\"@id\":\"https:\/\/www.encontraaracaju.com.br\/sobre\/tamo-junto-celebra-um-ano-e-se-consolida-como-ponte-entre-servicos-ofertados-e-o-exercicio-da-cidadania\/#primaryimage\",\"url\":\"https:\/\/www.encontraaracaju.com.br\/sobre\/wp-content\/uploads\/2026\/08\/tamo-junto-celebra-um-ano-e-se-consolida-como-ponte-entre-servicos-ofertados-e-o-exercicio-da-cidada.webp\",\"contentUrl\":\"https:\/\/www.encontraaracaju.com.br\/sobre\/wp-content\/uploads\/2026\/08\/tamo-junto-celebra-um-ano-e-se-consolida-como-ponte-entre-servicos-ofertados-e-o-exercicio-da-cidada.webp\",\"width\":280,\"height\":280,\"caption\":\"Tamo Junto\"},{\"@type\":\"BreadcrumbList\",\"@id\":\"https:\/\/www.encontraaracaju.com.br\/sobre\/tamo-junto-celebra-um-ano-e-se-consolida-como-ponte-entre-servicos-ofertados-e-o-exercicio-da-cidadania\/#breadcrumb\",\"itemListElement\":[{\"@type\":\"ListItem\",\"position\":1,\"name\":\"In\u00edcio\",\"item\":\"https:\/\/www.encontraaracaju.com.br\/sobre\/\"},{\"@type\":\"ListItem\",\"position\":2,\"name\":\"Tamo Junto celebra um ano e se consolida como ponte entre servi\u00e7os ofertados e o exerc\u00edcio da cidadania\"}]},{\"@type\":\"WebSite\",\"@id\":\"https:\/\/www.encontraaracaju.com.br\/sobre\/#website\",\"url\":\"https:\/\/www.encontraaracaju.com.br\/sobre\/\",\"name\":\"Encontra Aracaju\",\"description\":\"Not\u00edcias, eventos, informa\u00e7\u00f5es e dicas na cidade Aracaju e regi\u00e3o.\",\"potentialAction\":[{\"@type\":\"SearchAction\",\"target\":{\"@type\":\"EntryPoint\",\"urlTemplate\":\"https:\/\/www.encontraaracaju.com.br\/sobre\/?s={search_term_string}\"},\"query-input\":{\"@type\":\"PropertyValueSpecification\",\"valueRequired\":true,\"valueName\":\"search_term_string\"}}],\"inLanguage\":\"pt-BR\"},{\"@type\":\"Person\",\"@id\":\"https:\/\/www.encontraaracaju.com.br\/sobre\/#\/schema\/person\/4ffad47e9e50db5f93e67859b297b0be\",\"name\":\"Encontra Aracaju\",\"image\":{\"@type\":\"ImageObject\",\"inLanguage\":\"pt-BR\",\"@id\":\"https:\/\/www.encontraaracaju.com.br\/sobre\/#\/schema\/person\/image\/\",\"url\":\"https:\/\/secure.gravatar.com\/avatar\/507340682b8270222e1f208e23198b6ae7e2c6a1033ae84e99bc6bce4f82a387?s=96&d=mm&r=g\",\"contentUrl\":\"https:\/\/secure.gravatar.com\/avatar\/507340682b8270222e1f208e23198b6ae7e2c6a1033ae84e99bc6bce4f82a387?s=96&d=mm&r=g\",\"caption\":\"Encontra Aracaju\"},\"sameAs\":[\"http:\/\/www.encontraaracaju.com.br\"]}]}<\/script>\n<!-- \/ Yoast SEO plugin. -->","yoast_head_json":{"title":"Tamo Junto celebra um ano e se consolida como ponte entre servi\u00e7os ofertados e o exerc\u00edcio da cidadania - Encontra Aracaju","robots":{"index":"index","follow":"follow","max-snippet":"max-snippet:-1","max-image-preview":"max-image-preview:large","max-video-preview":"max-video-preview:-1"},"canonical":"https:\/\/www.encontraaracaju.com.br\/sobre\/tamo-junto-celebra-um-ano-e-se-consolida-como-ponte-entre-servicos-ofertados-e-o-exercicio-da-cidadania\/","og_locale":"pt_BR","og_type":"article","og_title":"Tamo Junto celebra um ano e se consolida como ponte entre servi\u00e7os ofertados e o exerc\u00edcio da cidadania - Encontra Aracaju","og_description":"Tamo Junto promove cidadania e servi\u00e7os essenciais \u00e0 popula\u00e7\u00e3o.","og_url":"https:\/\/www.encontraaracaju.com.br\/sobre\/tamo-junto-celebra-um-ano-e-se-consolida-como-ponte-entre-servicos-ofertados-e-o-exercicio-da-cidadania\/","og_site_name":"Encontra Aracaju","article_published_time":"2026-08-27T05:47:50+00:00","og_image":[{"url":"https:\/\/www.encontraaracaju.com.br\/sobre\/wp-content\/uploads\/2026\/08\/tamo-junto-celebra-um-ano-e-se-consolida-como-ponte-entre-servicos-ofertados-e-o-exercicio-da-cidada.webp","type":"","width":"","height":""}],"author":"Encontra Aracaju","twitter_card":"summary_large_image","twitter_misc":{"Escrito por":"Encontra Aracaju","Est. tempo de leitura":"5 minutos"},"schema":{"@context":"https:\/\/schema.org","@graph":[{"@type":"WebPage","@id":"https:\/\/www.encontraaracaju.com.br\/sobre\/tamo-junto-celebra-um-ano-e-se-consolida-como-ponte-entre-servicos-ofertados-e-o-exercicio-da-cidadania\/","url":"https:\/\/www.encontraaracaju.com.br\/sobre\/tamo-junto-celebra-um-ano-e-se-consolida-como-ponte-entre-servicos-ofertados-e-o-exercicio-da-cidadania\/","name":"Tamo Junto celebra um ano e se consolida como ponte entre servi\u00e7os ofertados e o exerc\u00edcio da cidadania - Encontra Aracaju","isPartOf":{"@id":"https:\/\/www.encontraaracaju.com.br\/sobre\/#website"},"primaryImageOfPage":{"@id":"https:\/\/www.encontraaracaju.com.br\/sobre\/tamo-junto-celebra-um-ano-e-se-consolida-como-ponte-entre-servicos-ofertados-e-o-exercicio-da-cidadania\/#primaryimage"},"image":{"@id":"https:\/\/www.encontraaracaju.com.br\/sobre\/tamo-junto-celebra-um-ano-e-se-consolida-como-ponte-entre-servicos-ofertados-e-o-exercicio-da-cidadania\/#primaryimage"},"thumbnailUrl":"https:\/\/www.encontraaracaju.com.br\/sobre\/wp-content\/uploads\/2026\/08\/tamo-junto-celebra-um-ano-e-se-consolida-como-ponte-entre-servicos-ofertados-e-o-exercicio-da-cidada.webp","datePublished":"2026-08-27T05:47:50+00:00","author":{"@id":"https:\/\/www.encontraaracaju.com.br\/sobre\/#\/schema\/person\/4ffad47e9e50db5f93e67859b297b0be"},"breadcrumb":{"@id":"https:\/\/www.encontraaracaju.com.br\/sobre\/tamo-junto-celebra-um-ano-e-se-consolida-como-ponte-entre-servicos-ofertados-e-o-exercicio-da-cidadania\/#breadcrumb"},"inLanguage":"pt-BR","potentialAction":[{"@type":"ReadAction","target":["https:\/\/www.encontraaracaju.com.br\/sobre\/tamo-junto-celebra-um-ano-e-se-consolida-como-ponte-entre-servicos-ofertados-e-o-exercicio-da-cidadania\/"]}]},{"@type":"ImageObject","inLanguage":"pt-BR","@id":"https:\/\/www.encontraaracaju.com.br\/sobre\/tamo-junto-celebra-um-ano-e-se-consolida-como-ponte-entre-servicos-ofertados-e-o-exercicio-da-cidadania\/#primaryimage","url":"https:\/\/www.encontraaracaju.com.br\/sobre\/wp-content\/uploads\/2026\/08\/tamo-junto-celebra-um-ano-e-se-consolida-como-ponte-entre-servicos-ofertados-e-o-exercicio-da-cidada.webp","contentUrl":"https:\/\/www.encontraaracaju.com.br\/sobre\/wp-content\/uploads\/2026\/08\/tamo-junto-celebra-um-ano-e-se-consolida-como-ponte-entre-servicos-ofertados-e-o-exercicio-da-cidada.webp","width":280,"height":280,"caption":"Tamo Junto"},{"@type":"BreadcrumbList","@id":"https:\/\/www.encontraaracaju.com.br\/sobre\/tamo-junto-celebra-um-ano-e-se-consolida-como-ponte-entre-servicos-ofertados-e-o-exercicio-da-cidadania\/#breadcrumb","itemListElement":[{"@type":"ListItem","position":1,"name":"In\u00edcio","item":"https:\/\/www.encontraaracaju.com.br\/sobre\/"},{"@type":"ListItem","position":2,"name":"Tamo Junto celebra um ano e se consolida como ponte entre servi\u00e7os ofertados e o exerc\u00edcio da cidadania"}]},{"@type":"WebSite","@id":"https:\/\/www.encontraaracaju.com.br\/sobre\/#website","url":"https:\/\/www.encontraaracaju.com.br\/sobre\/","name":"Encontra Aracaju","description":"Not\u00edcias, eventos, informa\u00e7\u00f5es e dicas na cidade Aracaju e regi\u00e3o.","potentialAction":[{"@type":"SearchAction","target":{"@type":"EntryPoint","urlTemplate":"https:\/\/www.encontraaracaju.com.br\/sobre\/?s={search_term_string}"},"query-input":{"@type":"PropertyValueSpecification","valueRequired":true,"valueName":"search_term_string"}}],"inLanguage":"pt-BR"},{"@type":"Person","@id":"https:\/\/www.encontraaracaju.com.br\/sobre\/#\/schema\/person\/4ffad47e9e50db5f93e67859b297b0be","name":"Encontra Aracaju","image":{"@type":"ImageObject","inLanguage":"pt-BR","@id":"https:\/\/www.encontraaracaju.com.br\/sobre\/#\/schema\/person\/image\/","url":"https:\/\/secure.gravatar.com\/avatar\/507340682b8270222e1f208e23198b6ae7e2c6a1033ae84e99bc6bce4f82a387?s=96&d=mm&r=g","contentUrl":"https:\/\/secure.gravatar.com\/avatar\/507340682b8270222e1f208e23198b6ae7e2c6a1033ae84e99bc6bce4f82a387?s=96&d=mm&r=g","caption":"Encontra Aracaju"},"sameAs":["http:\/\/www.encontraaracaju.com.br"]}]}},"_links":{"self":[{"href":"https:\/\/www.encontraaracaju.com.br\/sobre\/wp-json\/wp\/v2\/posts\/2530","targetHints":{"allow":["GET"]}}],"collection":[{"href":"https:\/\/www.encontraaracaju.com.br\/sobre\/wp-json\/wp\/v2\/posts"}],"about":[{"href":"https:\/\/www.encontraaracaju.com.br\/sobre\/wp-json\/wp\/v2\/types\/post"}],"author":[{"embeddable":true,"href":"https:\/\/www.encontraaracaju.com.br\/sobre\/wp-json\/wp\/v2\/users\/1"}],"replies":[{"embeddable":true,"href":"https:\/\/www.encontraaracaju.com.br\/sobre\/wp-json\/wp\/v2\/comments?post=2530"}],"version-history":[{"count":0,"href":"https:\/\/www.encontraaracaju.com.br\/sobre\/wp-json\/wp\/v2\/posts\/2530\/revisions"}],"wp:featuredmedia":[{"embeddable":true,"href":"https:\/\/www.encontraaracaju.com.br\/sobre\/wp-json\/wp\/v2\/media\/2529"}],"wp:attachment":[{"href":"https:\/\/www.encontraaracaju.com.br\/sobre\/wp-json\/wp\/v2\/media?parent=2530"}],"wp:term":[{"taxonomy":"category","embeddable":true,"href":"https:\/\/www.encontraaracaju.com.br\/sobre\/wp-json\/wp\/v2\/categories?post=2530"},{"taxonomy":"post_tag","embeddable":true,"href":"https:\/\/www.encontraaracaju.com.br\/sobre\/wp-json\/wp\/v2\/tags?post=2530"}],"curies":[{"name":"wp","href":"https:\/\/api.w.org\/{rel}","templated":true}]}}