{"id":2528,"date":"2026-08-27T02:46:42","date_gmt":"2026-08-27T05:46:42","guid":{"rendered":"https:\/\/www.encontraaracaju.com.br\/sobre\/primeira-infancia-prefeitura-promove-atividades-recreativas-nesta-quinta-27-no-parque-da-sementeira\/"},"modified":"2026-08-27T02:46:42","modified_gmt":"2026-08-27T05:46:42","slug":"primeira-infancia-prefeitura-promove-atividades-recreativas-nesta-quinta-27-no-parque-da-sementeira","status":"publish","type":"post","link":"https:\/\/www.encontraaracaju.com.br\/sobre\/primeira-infancia-prefeitura-promove-atividades-recreativas-nesta-quinta-27-no-parque-da-sementeira\/","title":{"rendered":"Primeira Inf\u00e2ncia: Prefeitura promove atividades recreativas nesta quinta, 27, no Parque da Sementeira"},"content":{"rendered":"<div class=\"0de350683d360aa04277a39db0bae410\" data-index=\"1\" style=\"float: none; margin:0px;\">\n<!-- Anuncio display - global -->\r\n<ins class=\"adsbygoogle\"\r\n     style=\"display:block\"\r\n     data-ad-client=\"ca-pub-8585364105181520\"\r\n     data-ad-slot=\"8789329856\"\r\n     data-ad-format=\"auto\"\r\n     data-full-width-responsive=\"true\"><\/ins>\r\n<script>\r\n     (adsbygoogle = window.adsbygoogle || []).push({});\r\n<\/script>\n<\/div>\n<h2>Programa\u00e7\u00e3o do Evento no Parque da Sementeira<\/h2>\n<p>No dia 27, o Parque Governador Augusto Franco, conhecido como Parque da Sementeira, ser\u00e1 o cen\u00e1rio de um evento repleto de atividades em comemora\u00e7\u00e3o \u00e0 primeira inf\u00e2ncia em Aracaju. Essa iniciativa, promovida pela Prefeitura Municipal, visa n\u00e3o apenas celebrar a inf\u00e2ncia, mas tamb\u00e9m facilitar o acesso dos cidad\u00e3os a diversos servi\u00e7os e a\u00e7\u00f5es voltadas para as crian\u00e7as, atrav\u00e9s de brincadeiras educativas, informa\u00e7\u00f5es e garantias de direitos.<\/p>\n<p>A programa\u00e7\u00e3o se estender\u00e1 das 14h \u00e0s 21h, abrangendo toda a \u00e1rea do parque. A Secretaria da Juventude e do Esporte (Sejesp) est\u00e1 encarregada de conduzir atividades l\u00fadicas que prometem encantar a garotada, como cirandas, conta\u00e7\u00f5es de hist\u00f3rias e jogos interativos.<\/p>\n<h2>Atividades para Crian\u00e7as: O Que Esperar<\/h2>\n<p>Os pequenos poder\u00e3o desfrutar de uma variedade de brincadeiras que v\u00e3o desde tradi\u00e7\u00f5es culturais a atividades mais modernas, criando um ambiente din\u00e2mico e envolvente. As principais atra\u00e7\u00f5es incluem:<\/p>\n<p><img decoding=\"async\" src=\"https:\/\/www.encontraaracaju.com.br\/sobre\/wp-content\/uploads\/2026\/08\/primeira-infancia-prefeitura-promove-atividades-recreativas-nesta-quinta-27-no-parque-da-sementeira.webp\" alt=\"primeira inf\u00e2ncia\" loading=\"lazy\" \/><\/p>\n<ul>\n<li><strong>Brincadeiras Tradicionais:<\/strong> Atividades como roda de capoeira, dan\u00e7a da fita e jogos de corda s\u00e3o algumas das op\u00e7\u00f5es que refletir\u00e3o a cultura local.<\/li>\n<li><strong>Conta\u00e7\u00e3o de Hist\u00f3rias:<\/strong> Hist\u00f3rias que promovem a imagina\u00e7\u00e3o e incentivam a leitura, contadas por profissionais capacitados.<\/li>\n<li><strong>Circuitos de Jogos Interativos:<\/strong> Jogos que estimulam o aprendizado, al\u00e9m de atividades f\u00edsicas que incentivam a socializa\u00e7\u00e3o.<\/li>\n<\/ul>\n<p>Essas experi\u00eancias enriquecedoras s\u00e3o fundamentais para o desenvolvimento social e emocional das crian\u00e7as.<\/p>\n<h2>Import\u00e2ncia da Primeira Inf\u00e2ncia na Educa\u00e7\u00e3o<\/h2>\n<p>A primeira inf\u00e2ncia \u00e9 um per\u00edodo crucial para o desenvolvimento humano. As experi\u00eancias e intera\u00e7\u00f5es que as crian\u00e7as t\u00eam nessa etapa moldam n\u00e3o apenas seu aprendizado, mas tamb\u00e9m seu futuro social. O investimento em atividades recreativas e educacionais nesta fase:<\/p>\n<ul>\n<li>Favorece o desenvolvimento cognitivo, motor e social.<\/li>\n<li>Promove uma maior capacidade de aprender, resultando em melhores desempenhos escolares.<\/li>\n<li>Contribui para a forma\u00e7\u00e3o de v\u00ednculos afetivos e sociais positivos.<\/li>\n<\/ul>\n<p>\u00c9 vital que as gest\u00f5es p\u00fablicas e as fam\u00edlias estejam comprometidas em proporcionar \u00e0 crian\u00e7a um ambiente que incentive seu pleno desenvolvimento.<\/p>\n<h2>Secretarias Envolvidas e Suas A\u00e7\u00f5es<\/h2>\n<p>Para tornar o evento uma realidade, v\u00e1rias secretarias municipais est\u00e3o colaborando, cada uma trazendo contribui\u00e7\u00f5es valiosas. Entre elas:<\/p>\n<ul>\n<li><strong>Secretaria da Juventude e do Esporte (Sejesp):<\/strong> Promove as atividades recreativas e esportivas.<\/li>\n<li><strong>Secretaria da Fam\u00edlia e Assist\u00eancia Social (Semfas):<\/strong> Encarregada da participa\u00e7\u00e3o de crian\u00e7as beneficiadas pelo Programa Crian\u00e7a Feliz.<\/li>\n<li><strong>Secretaria de Educa\u00e7\u00e3o (SEMED):<\/strong> Far\u00e1 parte da programa\u00e7\u00e3o com atividades focadas na educa\u00e7\u00e3o infantil.<\/li>\n<\/ul>\n<p>Essa colabora\u00e7\u00e3o intersetorial \u00e9 essencial para garantir que as a\u00e7\u00f5es sejam abrangentes e atinjam o maior n\u00famero poss\u00edvel de crian\u00e7as e fam\u00edlias.<\/p>\n<h2>Acesso aos Servi\u00e7os: Como Participar<\/h2>\n<p>As atividades das 14h \u00e0s 17h s\u00e3o voltadas especialmente para crian\u00e7as que j\u00e1 est\u00e3o registradas nas pol\u00edticas p\u00fablicas municipais, como aquelas que integram a rede de Educa\u00e7\u00e3o e o Programa Crian\u00e7a Feliz. A partir das 17h, o evento se abrir\u00e1 ao p\u00fablico geral, permitindo que qualquer fam\u00edlia que esteja no Parque da Sementeira participe sem a necessidade de um v\u00ednculo pr\u00e9vio com a rede municipal.<\/p>\n<p>Essa abordagem visa incluir diversos grupos dentro da sociedade, tornando o evento acess\u00edvel e democr\u00e1tico, um verdadeiro reflexo do compromisso da prefeitura em atender a todas as crian\u00e7as.<\/p>\n<h2>\u00c0s Portas da Primavera: Celebrando a Natureza<\/h2>\n<p>No m\u00eas de setembro, a primavera se aproxima e o evento acontece em um espa\u00e7o ideal para que as crian\u00e7as possam interagir com a natureza. O Parque da Sementeira, recentemente revitalizado, \u00e9 um ambiente seguro e aconchegante, prop\u00edcio para o contato com o meio ambiente. As atividades ao ar livre s\u00e3o uma oportunidade de enriquecer a conex\u00e3o das crian\u00e7as com a natureza, promovendo n\u00e3o apenas divers\u00e3o, mas tamb\u00e9m a conscientiza\u00e7\u00e3o ambiental.<\/p>\n<p>As crian\u00e7as poder\u00e3o explorar o parque, apreciar sua flora e fauna, al\u00e9m de aprender sobre a import\u00e2ncia da preserva\u00e7\u00e3o ambiental.<\/p>\n<h2>Benef\u00edcios das Atividades Recreativas para Crian\u00e7as<\/h2>\n<p>Participar de atividades recreativas traz uma s\u00e9rie de benef\u00edcios para as crian\u00e7as, tais como:<\/p>\n<ul>\n<li><strong>Desenvolvimento de Habilidades Sociais:<\/strong> A intera\u00e7\u00e3o com outras crian\u00e7as favorece a capacidade de trabalhar em equipe, dividir e cooperar.<\/li>\n<li><strong>Aumento da Criatividade:<\/strong> Atividades l\u00fadicas estimulam a imagina\u00e7\u00e3o e incentivam a criatividade, elementos essenciais para o crescimento saud\u00e1vel.<\/li>\n<li><strong>Sa\u00fade F\u00edsica e Mental:<\/strong> Brincar e se mover \u00e9 essencial para a sa\u00fade f\u00edsica e mental, contribuindo para o bem-estar geral.<\/li>\n<\/ul>\n<p>Esses elementos s\u00e3o fundamentais para o crescimento e desenvolvimento equilibrado dos pequenos.<\/p>\n<h2>O Papel da Juventude e do Esporte no Evento<\/h2>\n<p>A Secretaria da Juventude e do Esporte (Sejesp) n\u00e3o apenas organiza o evento, mas tamb\u00e9m promove uma maior intera\u00e7\u00e3o entre os jovens e crian\u00e7as. Al\u00e9m das atividades recreativas, os jovens volunt\u00e1rios t\u00eam um papel pedag\u00f3gico, orientando as crian\u00e7as e garantindo que a divers\u00e3o seja aproveitada de forma segura e organizada. Essa inclus\u00e3o tamb\u00e9m proporciona aos jovens participantes uma oportunidade de desenvolvimento pessoal e social, engajando-os em a\u00e7\u00f5es comunit\u00e1rias.<\/p>\n<h2>Como as Fam\u00edlias Podem Aproveitar o Dia<\/h2>\n<p>O evento se apresenta como uma excelente oportunidade para as fam\u00edlias se unirem e compartilharem momentos de divers\u00e3o. Os pais podem:<\/p>\n<ul>\n<li>Participar das atividades com seus filhos, criando la\u00e7os e promovendo experi\u00eancias positivas.<\/li>\n<li>Aproveitar o ambiente acolhedor do parque para um piquenique ou um tempo de lazer.<\/li>\n<li>Interagir com outras fam\u00edlias, fortalecendo a rede de apoio comunit\u00e1rio.<\/li>\n<\/ul>\n<p>A intera\u00e7\u00e3o familiar \u00e9 um dos pilares que tornam o evento ainda mais especial.<\/p>\n<h2>Experi\u00eancias Inesquec\u00edveis Garantidas para Todos<\/h2>\n<p>Em suma, o evento no Parque da Sementeira proporcionar\u00e1 experi\u00eancias inesquec\u00edveis tanto para crian\u00e7as quanto para suas fam\u00edlias. Desde as intera\u00e7\u00f5es l\u00fadicas at\u00e9 o contato com a natureza, tudo \u00e9 pensado para facilitar o desenvolvimento integral das crian\u00e7as, preparando-as para um futuro brilhante. A Prefeitura de Aracaju reafirma, assim, seu compromisso com o pleno desenvolvimento da primeira inf\u00e2ncia e a constru\u00e7\u00e3o de uma sociedade mais justa e igualit\u00e1ria.<\/p>\n\n<div style=\"font-size: 0px; height: 0px; line-height: 0px; margin: 0; padding: 0; clear: both;\"><\/div>","protected":false},"excerpt":{"rendered":"<p>Primeira Inf\u00e2ncia em destaque: divers\u00e3o e a\u00e7\u00f5es recreativas na cidade.<\/p>\n","protected":false},"author":1,"featured_media":2527,"comment_status":"closed","ping_status":"closed","sticky":false,"template":"","format":"standard","meta":{"footnotes":""},"categories":[23],"tags":[],"class_list":["post-2528","post","type-post","status-publish","format-standard","has-post-thumbnail","hentry","category-educacao-em-aracaju","has_thumb"],"yoast_head":"<!-- This site is optimized with the Yoast SEO plugin v26.4 - https:\/\/yoast.com\/wordpress\/plugins\/seo\/ -->\n<title>Primeira Inf\u00e2ncia: Prefeitura promove atividades recreativas nesta quinta, 27, no Parque da Sementeira - Encontra Aracaju<\/title>\n<meta name=\"robots\" content=\"index, follow, max-snippet:-1, max-image-preview:large, max-video-preview:-1\" \/>\n<link rel=\"canonical\" href=\"https:\/\/www.encontraaracaju.com.br\/sobre\/primeira-infancia-prefeitura-promove-atividades-recreativas-nesta-quinta-27-no-parque-da-sementeira\/\" \/>\n<meta property=\"og:locale\" content=\"pt_BR\" \/>\n<meta property=\"og:type\" content=\"article\" \/>\n<meta property=\"og:title\" content=\"Primeira Inf\u00e2ncia: Prefeitura promove atividades recreativas nesta quinta, 27, no Parque da Sementeira - Encontra Aracaju\" \/>\n<meta property=\"og:description\" content=\"Primeira Inf\u00e2ncia em destaque: divers\u00e3o e a\u00e7\u00f5es recreativas na cidade.\" \/>\n<meta property=\"og:url\" content=\"https:\/\/www.encontraaracaju.com.br\/sobre\/primeira-infancia-prefeitura-promove-atividades-recreativas-nesta-quinta-27-no-parque-da-sementeira\/\" \/>\n<meta property=\"og:site_name\" content=\"Encontra Aracaju\" \/>\n<meta property=\"article:published_time\" content=\"2026-08-27T05:46:42+00:00\" \/>\n<meta property=\"og:image\" content=\"https:\/\/www.encontraaracaju.com.br\/sobre\/wp-content\/uploads\/2026\/08\/primeira-infancia-prefeitura-promove-atividades-recreativas-nesta-quinta-27-no-parque-da-sementeira.webp\" \/>\n<meta name=\"author\" content=\"Encontra Aracaju\" \/>\n<meta name=\"twitter:card\" content=\"summary_large_image\" \/>\n<meta name=\"twitter:label1\" content=\"Escrito por\" \/>\n\t<meta name=\"twitter:data1\" content=\"Encontra Aracaju\" \/>\n\t<meta name=\"twitter:label2\" content=\"Est. tempo de leitura\" \/>\n\t<meta name=\"twitter:data2\" content=\"5 minutos\" \/>\n<script type=\"application\/ld+json\" class=\"yoast-schema-graph\">{\"@context\":\"https:\/\/schema.org\",\"@graph\":[{\"@type\":\"WebPage\",\"@id\":\"https:\/\/www.encontraaracaju.com.br\/sobre\/primeira-infancia-prefeitura-promove-atividades-recreativas-nesta-quinta-27-no-parque-da-sementeira\/\",\"url\":\"https:\/\/www.encontraaracaju.com.br\/sobre\/primeira-infancia-prefeitura-promove-atividades-recreativas-nesta-quinta-27-no-parque-da-sementeira\/\",\"name\":\"Primeira Inf\u00e2ncia: Prefeitura promove atividades recreativas nesta quinta, 27, no Parque da Sementeira - Encontra Aracaju\",\"isPartOf\":{\"@id\":\"https:\/\/www.encontraaracaju.com.br\/sobre\/#website\"},\"primaryImageOfPage\":{\"@id\":\"https:\/\/www.encontraaracaju.com.br\/sobre\/primeira-infancia-prefeitura-promove-atividades-recreativas-nesta-quinta-27-no-parque-da-sementeira\/#primaryimage\"},\"image\":{\"@id\":\"https:\/\/www.encontraaracaju.com.br\/sobre\/primeira-infancia-prefeitura-promove-atividades-recreativas-nesta-quinta-27-no-parque-da-sementeira\/#primaryimage\"},\"thumbnailUrl\":\"https:\/\/www.encontraaracaju.com.br\/sobre\/wp-content\/uploads\/2026\/08\/primeira-infancia-prefeitura-promove-atividades-recreativas-nesta-quinta-27-no-parque-da-sementeira.webp\",\"datePublished\":\"2026-08-27T05:46:42+00:00\",\"author\":{\"@id\":\"https:\/\/www.encontraaracaju.com.br\/sobre\/#\/schema\/person\/4ffad47e9e50db5f93e67859b297b0be\"},\"breadcrumb\":{\"@id\":\"https:\/\/www.encontraaracaju.com.br\/sobre\/primeira-infancia-prefeitura-promove-atividades-recreativas-nesta-quinta-27-no-parque-da-sementeira\/#breadcrumb\"},\"inLanguage\":\"pt-BR\",\"potentialAction\":[{\"@type\":\"ReadAction\",\"target\":[\"https:\/\/www.encontraaracaju.com.br\/sobre\/primeira-infancia-prefeitura-promove-atividades-recreativas-nesta-quinta-27-no-parque-da-sementeira\/\"]}]},{\"@type\":\"ImageObject\",\"inLanguage\":\"pt-BR\",\"@id\":\"https:\/\/www.encontraaracaju.com.br\/sobre\/primeira-infancia-prefeitura-promove-atividades-recreativas-nesta-quinta-27-no-parque-da-sementeira\/#primaryimage\",\"url\":\"https:\/\/www.encontraaracaju.com.br\/sobre\/wp-content\/uploads\/2026\/08\/primeira-infancia-prefeitura-promove-atividades-recreativas-nesta-quinta-27-no-parque-da-sementeira.webp\",\"contentUrl\":\"https:\/\/www.encontraaracaju.com.br\/sobre\/wp-content\/uploads\/2026\/08\/primeira-infancia-prefeitura-promove-atividades-recreativas-nesta-quinta-27-no-parque-da-sementeira.webp\",\"width\":280,\"height\":280,\"caption\":\"primeira inf\u00e2ncia\"},{\"@type\":\"BreadcrumbList\",\"@id\":\"https:\/\/www.encontraaracaju.com.br\/sobre\/primeira-infancia-prefeitura-promove-atividades-recreativas-nesta-quinta-27-no-parque-da-sementeira\/#breadcrumb\",\"itemListElement\":[{\"@type\":\"ListItem\",\"position\":1,\"name\":\"In\u00edcio\",\"item\":\"https:\/\/www.encontraaracaju.com.br\/sobre\/\"},{\"@type\":\"ListItem\",\"position\":2,\"name\":\"Primeira Inf\u00e2ncia: Prefeitura promove atividades recreativas nesta quinta, 27, no Parque da Sementeira\"}]},{\"@type\":\"WebSite\",\"@id\":\"https:\/\/www.encontraaracaju.com.br\/sobre\/#website\",\"url\":\"https:\/\/www.encontraaracaju.com.br\/sobre\/\",\"name\":\"Encontra Aracaju\",\"description\":\"Not\u00edcias, eventos, informa\u00e7\u00f5es e dicas na cidade Aracaju e regi\u00e3o.\",\"potentialAction\":[{\"@type\":\"SearchAction\",\"target\":{\"@type\":\"EntryPoint\",\"urlTemplate\":\"https:\/\/www.encontraaracaju.com.br\/sobre\/?s={search_term_string}\"},\"query-input\":{\"@type\":\"PropertyValueSpecification\",\"valueRequired\":true,\"valueName\":\"search_term_string\"}}],\"inLanguage\":\"pt-BR\"},{\"@type\":\"Person\",\"@id\":\"https:\/\/www.encontraaracaju.com.br\/sobre\/#\/schema\/person\/4ffad47e9e50db5f93e67859b297b0be\",\"name\":\"Encontra Aracaju\",\"image\":{\"@type\":\"ImageObject\",\"inLanguage\":\"pt-BR\",\"@id\":\"https:\/\/www.encontraaracaju.com.br\/sobre\/#\/schema\/person\/image\/\",\"url\":\"https:\/\/secure.gravatar.com\/avatar\/507340682b8270222e1f208e23198b6ae7e2c6a1033ae84e99bc6bce4f82a387?s=96&d=mm&r=g\",\"contentUrl\":\"https:\/\/secure.gravatar.com\/avatar\/507340682b8270222e1f208e23198b6ae7e2c6a1033ae84e99bc6bce4f82a387?s=96&d=mm&r=g\",\"caption\":\"Encontra Aracaju\"},\"sameAs\":[\"http:\/\/www.encontraaracaju.com.br\"]}]}<\/script>\n<!-- \/ Yoast SEO plugin. -->","yoast_head_json":{"title":"Primeira Inf\u00e2ncia: Prefeitura promove atividades recreativas nesta quinta, 27, no Parque da Sementeira - Encontra Aracaju","robots":{"index":"index","follow":"follow","max-snippet":"max-snippet:-1","max-image-preview":"max-image-preview:large","max-video-preview":"max-video-preview:-1"},"canonical":"https:\/\/www.encontraaracaju.com.br\/sobre\/primeira-infancia-prefeitura-promove-atividades-recreativas-nesta-quinta-27-no-parque-da-sementeira\/","og_locale":"pt_BR","og_type":"article","og_title":"Primeira Inf\u00e2ncia: Prefeitura promove atividades recreativas nesta quinta, 27, no Parque da Sementeira - Encontra Aracaju","og_description":"Primeira Inf\u00e2ncia em destaque: divers\u00e3o e a\u00e7\u00f5es recreativas na cidade.","og_url":"https:\/\/www.encontraaracaju.com.br\/sobre\/primeira-infancia-prefeitura-promove-atividades-recreativas-nesta-quinta-27-no-parque-da-sementeira\/","og_site_name":"Encontra Aracaju","article_published_time":"2026-08-27T05:46:42+00:00","og_image":[{"url":"https:\/\/www.encontraaracaju.com.br\/sobre\/wp-content\/uploads\/2026\/08\/primeira-infancia-prefeitura-promove-atividades-recreativas-nesta-quinta-27-no-parque-da-sementeira.webp","type":"","width":"","height":""}],"author":"Encontra Aracaju","twitter_card":"summary_large_image","twitter_misc":{"Escrito por":"Encontra Aracaju","Est. tempo de leitura":"5 minutos"},"schema":{"@context":"https:\/\/schema.org","@graph":[{"@type":"WebPage","@id":"https:\/\/www.encontraaracaju.com.br\/sobre\/primeira-infancia-prefeitura-promove-atividades-recreativas-nesta-quinta-27-no-parque-da-sementeira\/","url":"https:\/\/www.encontraaracaju.com.br\/sobre\/primeira-infancia-prefeitura-promove-atividades-recreativas-nesta-quinta-27-no-parque-da-sementeira\/","name":"Primeira Inf\u00e2ncia: Prefeitura promove atividades recreativas nesta quinta, 27, no Parque da Sementeira - Encontra Aracaju","isPartOf":{"@id":"https:\/\/www.encontraaracaju.com.br\/sobre\/#website"},"primaryImageOfPage":{"@id":"https:\/\/www.encontraaracaju.com.br\/sobre\/primeira-infancia-prefeitura-promove-atividades-recreativas-nesta-quinta-27-no-parque-da-sementeira\/#primaryimage"},"image":{"@id":"https:\/\/www.encontraaracaju.com.br\/sobre\/primeira-infancia-prefeitura-promove-atividades-recreativas-nesta-quinta-27-no-parque-da-sementeira\/#primaryimage"},"thumbnailUrl":"https:\/\/www.encontraaracaju.com.br\/sobre\/wp-content\/uploads\/2026\/08\/primeira-infancia-prefeitura-promove-atividades-recreativas-nesta-quinta-27-no-parque-da-sementeira.webp","datePublished":"2026-08-27T05:46:42+00:00","author":{"@id":"https:\/\/www.encontraaracaju.com.br\/sobre\/#\/schema\/person\/4ffad47e9e50db5f93e67859b297b0be"},"breadcrumb":{"@id":"https:\/\/www.encontraaracaju.com.br\/sobre\/primeira-infancia-prefeitura-promove-atividades-recreativas-nesta-quinta-27-no-parque-da-sementeira\/#breadcrumb"},"inLanguage":"pt-BR","potentialAction":[{"@type":"ReadAction","target":["https:\/\/www.encontraaracaju.com.br\/sobre\/primeira-infancia-prefeitura-promove-atividades-recreativas-nesta-quinta-27-no-parque-da-sementeira\/"]}]},{"@type":"ImageObject","inLanguage":"pt-BR","@id":"https:\/\/www.encontraaracaju.com.br\/sobre\/primeira-infancia-prefeitura-promove-atividades-recreativas-nesta-quinta-27-no-parque-da-sementeira\/#primaryimage","url":"https:\/\/www.encontraaracaju.com.br\/sobre\/wp-content\/uploads\/2026\/08\/primeira-infancia-prefeitura-promove-atividades-recreativas-nesta-quinta-27-no-parque-da-sementeira.webp","contentUrl":"https:\/\/www.encontraaracaju.com.br\/sobre\/wp-content\/uploads\/2026\/08\/primeira-infancia-prefeitura-promove-atividades-recreativas-nesta-quinta-27-no-parque-da-sementeira.webp","width":280,"height":280,"caption":"primeira inf\u00e2ncia"},{"@type":"BreadcrumbList","@id":"https:\/\/www.encontraaracaju.com.br\/sobre\/primeira-infancia-prefeitura-promove-atividades-recreativas-nesta-quinta-27-no-parque-da-sementeira\/#breadcrumb","itemListElement":[{"@type":"ListItem","position":1,"name":"In\u00edcio","item":"https:\/\/www.encontraaracaju.com.br\/sobre\/"},{"@type":"ListItem","position":2,"name":"Primeira Inf\u00e2ncia: Prefeitura promove atividades recreativas nesta quinta, 27, no Parque da Sementeira"}]},{"@type":"WebSite","@id":"https:\/\/www.encontraaracaju.com.br\/sobre\/#website","url":"https:\/\/www.encontraaracaju.com.br\/sobre\/","name":"Encontra Aracaju","description":"Not\u00edcias, eventos, informa\u00e7\u00f5es e dicas na cidade Aracaju e regi\u00e3o.","potentialAction":[{"@type":"SearchAction","target":{"@type":"EntryPoint","urlTemplate":"https:\/\/www.encontraaracaju.com.br\/sobre\/?s={search_term_string}"},"query-input":{"@type":"PropertyValueSpecification","valueRequired":true,"valueName":"search_term_string"}}],"inLanguage":"pt-BR"},{"@type":"Person","@id":"https:\/\/www.encontraaracaju.com.br\/sobre\/#\/schema\/person\/4ffad47e9e50db5f93e67859b297b0be","name":"Encontra Aracaju","image":{"@type":"ImageObject","inLanguage":"pt-BR","@id":"https:\/\/www.encontraaracaju.com.br\/sobre\/#\/schema\/person\/image\/","url":"https:\/\/secure.gravatar.com\/avatar\/507340682b8270222e1f208e23198b6ae7e2c6a1033ae84e99bc6bce4f82a387?s=96&d=mm&r=g","contentUrl":"https:\/\/secure.gravatar.com\/avatar\/507340682b8270222e1f208e23198b6ae7e2c6a1033ae84e99bc6bce4f82a387?s=96&d=mm&r=g","caption":"Encontra Aracaju"},"sameAs":["http:\/\/www.encontraaracaju.com.br"]}]}},"_links":{"self":[{"href":"https:\/\/www.encontraaracaju.com.br\/sobre\/wp-json\/wp\/v2\/posts\/2528","targetHints":{"allow":["GET"]}}],"collection":[{"href":"https:\/\/www.encontraaracaju.com.br\/sobre\/wp-json\/wp\/v2\/posts"}],"about":[{"href":"https:\/\/www.encontraaracaju.com.br\/sobre\/wp-json\/wp\/v2\/types\/post"}],"author":[{"embeddable":true,"href":"https:\/\/www.encontraaracaju.com.br\/sobre\/wp-json\/wp\/v2\/users\/1"}],"replies":[{"embeddable":true,"href":"https:\/\/www.encontraaracaju.com.br\/sobre\/wp-json\/wp\/v2\/comments?post=2528"}],"version-history":[{"count":0,"href":"https:\/\/www.encontraaracaju.com.br\/sobre\/wp-json\/wp\/v2\/posts\/2528\/revisions"}],"wp:featuredmedia":[{"embeddable":true,"href":"https:\/\/www.encontraaracaju.com.br\/sobre\/wp-json\/wp\/v2\/media\/2527"}],"wp:attachment":[{"href":"https:\/\/www.encontraaracaju.com.br\/sobre\/wp-json\/wp\/v2\/media?parent=2528"}],"wp:term":[{"taxonomy":"category","embeddable":true,"href":"https:\/\/www.encontraaracaju.com.br\/sobre\/wp-json\/wp\/v2\/categories?post=2528"},{"taxonomy":"post_tag","embeddable":true,"href":"https:\/\/www.encontraaracaju.com.br\/sobre\/wp-json\/wp\/v2\/tags?post=2528"}],"curies":[{"name":"wp","href":"https:\/\/api.w.org\/{rel}","templated":true}]}}