{"id":2524,"date":"2026-08-26T02:47:45","date_gmt":"2026-08-26T05:47:45","guid":{"rendered":"https:\/\/www.encontraaracaju.com.br\/sobre\/prefeitura-de-aracaju-registra-aumento-de-804-nas-doses-aplicadas-no-dia-d-de-multivacinacao\/"},"modified":"2026-08-26T02:47:45","modified_gmt":"2026-08-26T05:47:45","slug":"prefeitura-de-aracaju-registra-aumento-de-804-nas-doses-aplicadas-no-dia-d-de-multivacinacao","status":"publish","type":"post","link":"https:\/\/www.encontraaracaju.com.br\/sobre\/prefeitura-de-aracaju-registra-aumento-de-804-nas-doses-aplicadas-no-dia-d-de-multivacinacao\/","title":{"rendered":"Prefeitura de Aracaju registra aumento de 80,4% nas doses aplicadas no Dia D de Multivacina\u00e7\u00e3o"},"content":{"rendered":"<div class=\"0de350683d360aa04277a39db0bae410\" data-index=\"1\" style=\"float: none; margin:0px;\">\n<!-- Anuncio display - global -->\r\n<ins class=\"adsbygoogle\"\r\n     style=\"display:block\"\r\n     data-ad-client=\"ca-pub-8585364105181520\"\r\n     data-ad-slot=\"8789329856\"\r\n     data-ad-format=\"auto\"\r\n     data-full-width-responsive=\"true\"><\/ins>\r\n<script>\r\n     (adsbygoogle = window.adsbygoogle || []).push({});\r\n<\/script>\n<\/div>\n<h2>O que \u00e9 o Dia D de Multivacina\u00e7\u00e3o?<\/h2>\n<p>O Dia D de Multivacina\u00e7\u00e3o \u00e9 uma iniciativa organizada pela Secretaria Municipal da Sa\u00fade (SMS) que visa intensificar a imuniza\u00e7\u00e3o da popula\u00e7\u00e3o. Neste evento, s\u00e3o oferecidas v\u00e1rias vacinas em um \u00fanico dia, proporcionando uma oportunidade para que moradores procurem as Unidades de Sa\u00fade da Fam\u00edlia (USFs) e se atualizem com rela\u00e7\u00e3o \u00e0 sua caderneta vacinal. O evento tem como foco crian\u00e7as, adolescentes, adultos e idosos, garantindo que todos tenham acesso a vacinas essenciais, reduzindo assim a incid\u00eancia de doen\u00e7as preven\u00edveis.<\/p>\n<h2>Impacto do aumento nas vacinas aplicadas<\/h2>\n<p>Recentemente, a Prefeitura de Aracaju informou que houve um impressionante aumento de 80,4% no n\u00famero de doses de vacinas aplicadas no \u00faltimo Dia D de Multivacina\u00e7\u00e3o, em compara\u00e7\u00e3o ao ano anterior. Em 2026, foram administradas 3.896 doses, em contraste com as 2.160 doses do evento de 2025. Esse crescimento \u00e9 um indicativo da efic\u00e1cia das estrat\u00e9gias adotadas para a mobiliza\u00e7\u00e3o da comunidade e a participa\u00e7\u00e3o mais ativa dos cidad\u00e3os na busca pelas vacinas.<\/p>\n<h2>Import\u00e2ncia da caderneta vacinal<\/h2>\n<p>A caderneta vacinal \u00e9 um registro fundamental que documenta todas as vacinas que uma pessoa recebeu ao longo da vida. Manter essa caderneta atualizada \u00e9 crucial para garantir que nenhum prazo de vacina\u00e7\u00e3o seja perdido. Especialmente em momentos de surtos de doen\u00e7as, como o sarampo, \u00e9 vital que a popula\u00e7\u00e3o verifique a situa\u00e7\u00e3o vacinal e procure atualizar sua caderneta para garantir prote\u00e7\u00e3o adequada. Sem essa atualiza\u00e7\u00e3o, a vulnerabilidade \u00e0s doen\u00e7as aumenta, podendo resultar na reintrodu\u00e7\u00e3o de v\u00edrus que estavam controlados.<\/p>\n<p><img decoding=\"async\" src=\"https:\/\/www.encontraaracaju.com.br\/sobre\/wp-content\/uploads\/2026\/08\/prefeitura-de-aracaju-registra-aumento-de-80-4-nas-doses-aplicadas-no-dia-d-de-multivacinacao.webp\" alt=\"aumento de 80,4% nas doses aplicadas no Dia D de Multivacina\u00e7\u00e3o\" loading=\"lazy\" \/><\/p>\n<h2>Quem pode se vacinar?<\/h2>\n<p>Durante o Dia D de Multivacina\u00e7\u00e3o, todos, independentemente da faixa et\u00e1ria, est\u00e3o convidados a participar. Crian\u00e7as, adolescentes, adultos e idosos t\u00eam a oportunidade de receber vacinas que s\u00e3o recomendadas pelo Calend\u00e1rio Nacional de Vacina\u00e7\u00e3o. Por isso, \u00e9 importante que cada membro da fam\u00edlia verifique sua situa\u00e7\u00e3o vacinal e compare\u00e7a \u00e0s USFs para regularizar o esquema vacinal. O acesso \u00e9 facilitado para todos, sem restri\u00e7\u00f5es.<\/p>\n<h2>Vacinas dispon\u00edveis durante a a\u00e7\u00e3o<\/h2>\n<p>Durante o Dia D de Multivacina\u00e7\u00e3o, uma variedade de vacinas \u00e9 oferecida. Entre elas est\u00e3o:<\/p>\n<ul>\n<li><strong>BCG:<\/strong> Protege contra formas graves de tuberculose em crian\u00e7as.<\/li>\n<li><strong>Hepatite B:<\/strong> Fundamental para prevenir a hepatite causada pelo v\u00edrus B.<\/li>\n<li><strong>Poliomielite:<\/strong> Vacina essencial para erradica\u00e7\u00e3o da p\u00f3lio.<\/li>\n<li><strong>Febre Amarela:<\/strong> Importante para prote\u00e7\u00e3o especialmente em \u00e1reas de risco.<\/li>\n<li><strong>Tr\u00edplice Viral:<\/strong> Combate o sarampo, caxumba e rub\u00e9ola.<\/li>\n<li><strong>Pneumoc\u00f3cica:<\/strong> Previne doen\u00e7as como pneumonia e meningite.<\/li>\n<li><strong>Covid-19:<\/strong> Continua\u00e7\u00e3o da imuniza\u00e7\u00e3o contra a COVID-19 conforme diretrizes.<\/li>\n<li><strong>Influenza:<\/strong> Vacina\u00e7\u00e3o dispon\u00edvel para todos os p\u00fablicos, o que \u00e9 vital, especialmente em \u00e9pocas de surtos de gripe.<\/li>\n<\/ul>\n<h2>Estrategias de mobiliza\u00e7\u00e3o da popula\u00e7\u00e3o<\/h2>\n<p>Para alcan\u00e7ar um maior n\u00famero de pessoas e garantir a efetividade da vacina\u00e7\u00e3o, a Prefeitura de Aracaju implementou estrat\u00e9gias de mobiliza\u00e7\u00e3o que incluem:<\/p>\n<ul>\n<li><strong>Refor\u00e7o das equipes de vacina\u00e7\u00e3o:<\/strong> Aumentar o n\u00famero de profissionais visando acelerar o atendimento.<\/li>\n<li><strong>Campanhas de conscientiza\u00e7\u00e3o:<\/strong> Utiliza\u00e7\u00e3o de m\u00eddias sociais e an\u00fancios para informar a popula\u00e7\u00e3o sobre a import\u00e2ncia da vacina\u00e7\u00e3o.<\/li>\n<li><strong>Parcerias com institui\u00e7\u00f5es locais:<\/strong> Trabalhar em conjunto com escolas e organiza\u00e7\u00f5es comunit\u00e1rias para disseminar informa\u00e7\u00f5es.<\/li>\n<li><strong>Desenvolvimento de eventos locais:<\/strong> Criar condi\u00e7\u00f5es atrativas para que as pessoas compare\u00e7am, como a organiza\u00e7\u00e3o de atividades l\u00fadicas para crian\u00e7as.<\/li>\n<\/ul>\n<h2>Alcance das equipes de vacina\u00e7\u00e3o<\/h2>\n<p>As equipes de vacina\u00e7\u00e3o foram implantadas em 16 USFs em toda a cidade de Aracaju, permitindo uma ampla cobertura durante o Dia D. Esta estrat\u00e9gia n\u00e3o s\u00f3 facilitou o acesso \u00e0 vacina, mas tamb\u00e9m proporcionou a oportunidade do atendimento de pessoas que, por motivos diversos, ainda n\u00e3o haviam se vacinado. O aumento na quantidade de profissionais atuando nas unidades teve um papel crucial em melhorar a efici\u00eancia do atendimento, resultando na aplica\u00e7\u00e3o de quase o dobro de doses do que no ano anterior.<\/p>\n<h2>Experi\u00eancias dos usu\u00e1rios durante a vacina\u00e7\u00e3o<\/h2>\n<p>Muitos usu\u00e1rios relataram experi\u00eancias positivas durante o Dia D de Multivacina\u00e7\u00e3o. A facilidade de acesso e a agilidade no atendimento foram aspectos frequentemente mencionados. Pais relataram que a explica\u00e7\u00e3o detalhada dos profissionais de sa\u00fade sobre a import\u00e2ncia de cada vacina ajudou a conscientizar ainda mais sobre a necessidade da imuniza\u00e7\u00e3o. Al\u00e9m disso, a cria\u00e7\u00e3o de um ambiente descontra\u00eddo e acolhedor nas USFs contribuiu para que as pessoas se sentissem confort\u00e1veis ao buscar a vacina\u00e7\u00e3o.<\/p>\n<h2>Necessidade de atualiza\u00e7\u00e3o vacinal<\/h2>\n<p>A atualiza\u00e7\u00e3o vacinal \u00e9 essencial, especialmente com a crescente mobilidade da popula\u00e7\u00e3o e os deslocamentos frequentes para \u00e1reas com diferentes demandas de imuniza\u00e7\u00e3o. Surtos de doen\u00e7as que podem ser prevenidas ocorrem quando as coberturas vacinais n\u00e3o s\u00e3o mantidas em n\u00edveis adequados. Assim, \u00e9 crucial que a popula\u00e7\u00e3o esteja sempre atenta \u00e0s suas vacinas, verificando com regularidade a caderneta vacinal e buscando entender qual a efetividade das vacina\u00e7\u00f5es recebidas at\u00e9 o momento.<\/p>\n<h2>Pr\u00f3ximos passos na sa\u00fade p\u00fablica<\/h2>\n<p>Ap\u00f3s o sucesso do Dia D de Multivacina\u00e7\u00e3o, a Secretaria Municipal da Sa\u00fade planeja continuar com suas a\u00e7\u00f5es de imuniza\u00e7\u00e3o. O foco ser\u00e1 em:<\/p>\n<ul>\n<li><strong>Campanhas regulares:<\/strong> Implementar eventos de vacina\u00e7\u00e3o peri\u00f3dicos para garantir que a popula\u00e7\u00e3o continue a receber as vacinas necess\u00e1rias.<\/li>\n<li><strong>Educa\u00e7\u00e3o cont\u00ednua:<\/strong> Manter a popula\u00e7\u00e3o informada sobre as vacinas e os benef\u00edcios da imuniza\u00e7\u00e3o, especialmente em plataformas digitais.<\/li>\n<li><strong>Monitoramento da cobertura vacinal:<\/strong> Avaliar constantemente a situa\u00e7\u00e3o vacinal da cidade para direcionar as a\u00e7\u00f5es de sa\u00fade p\u00fablica.<\/li>\n<li><strong>Integra\u00e7\u00e3o com outras pol\u00edticas de sa\u00fade:<\/strong> Trabalhar em conjunto com outras iniciativas de sa\u00fade que buscam promover o bem-estar geral da popula\u00e7\u00e3o.<\/li>\n<\/ul>\n<p>A continuidade e a expans\u00e3o das a\u00e7\u00f5es de vacina\u00e7\u00e3o e da conscientiza\u00e7\u00e3o s\u00e3o primordiais para a prote\u00e7\u00e3o da sa\u00fade p\u00fablica em Aracaju. Com a colabora\u00e7\u00e3o da comunidade, \u00e9 poss\u00edvel avan\u00e7ar na luta contra doen\u00e7as imunopreven\u00edveis e garantir qualidade de vida a todos os cidad\u00e3os.<\/p>\n\n<div style=\"font-size: 0px; height: 0px; line-height: 0px; margin: 0; padding: 0; clear: both;\"><\/div>","protected":false},"excerpt":{"rendered":"<p>Prefeitura de Aracaju registra aumento de 80,4% nas doses aplicadas de vacinas.<\/p>\n","protected":false},"author":1,"featured_media":2523,"comment_status":"closed","ping_status":"closed","sticky":false,"template":"","format":"standard","meta":{"footnotes":""},"categories":[32],"tags":[],"class_list":["post-2524","post","type-post","status-publish","format-standard","has-post-thumbnail","hentry","category-saude-em-aracaju","has_thumb"],"yoast_head":"<!-- This site is optimized with the Yoast SEO plugin v26.4 - https:\/\/yoast.com\/wordpress\/plugins\/seo\/ -->\n<title>Prefeitura de Aracaju registra aumento de 80,4% nas doses aplicadas no Dia D de Multivacina\u00e7\u00e3o - Encontra Aracaju<\/title>\n<meta name=\"robots\" content=\"index, follow, max-snippet:-1, max-image-preview:large, max-video-preview:-1\" \/>\n<link rel=\"canonical\" href=\"https:\/\/www.encontraaracaju.com.br\/sobre\/prefeitura-de-aracaju-registra-aumento-de-804-nas-doses-aplicadas-no-dia-d-de-multivacinacao\/\" \/>\n<meta property=\"og:locale\" content=\"pt_BR\" \/>\n<meta property=\"og:type\" content=\"article\" \/>\n<meta property=\"og:title\" content=\"Prefeitura de Aracaju registra aumento de 80,4% nas doses aplicadas no Dia D de Multivacina\u00e7\u00e3o - Encontra Aracaju\" \/>\n<meta property=\"og:description\" content=\"Prefeitura de Aracaju registra aumento de 80,4% nas doses aplicadas de vacinas.\" \/>\n<meta property=\"og:url\" content=\"https:\/\/www.encontraaracaju.com.br\/sobre\/prefeitura-de-aracaju-registra-aumento-de-804-nas-doses-aplicadas-no-dia-d-de-multivacinacao\/\" \/>\n<meta property=\"og:site_name\" content=\"Encontra Aracaju\" \/>\n<meta property=\"article:published_time\" content=\"2026-08-26T05:47:45+00:00\" \/>\n<meta property=\"og:image\" content=\"https:\/\/www.encontraaracaju.com.br\/sobre\/wp-content\/uploads\/2026\/08\/prefeitura-de-aracaju-registra-aumento-de-80-4-nas-doses-aplicadas-no-dia-d-de-multivacinacao.webp\" \/>\n<meta name=\"author\" content=\"Encontra Aracaju\" \/>\n<meta name=\"twitter:card\" content=\"summary_large_image\" \/>\n<meta name=\"twitter:label1\" content=\"Escrito por\" \/>\n\t<meta name=\"twitter:data1\" content=\"Encontra Aracaju\" \/>\n\t<meta name=\"twitter:label2\" content=\"Est. tempo de leitura\" \/>\n\t<meta name=\"twitter:data2\" content=\"5 minutos\" \/>\n<script type=\"application\/ld+json\" class=\"yoast-schema-graph\">{\"@context\":\"https:\/\/schema.org\",\"@graph\":[{\"@type\":\"WebPage\",\"@id\":\"https:\/\/www.encontraaracaju.com.br\/sobre\/prefeitura-de-aracaju-registra-aumento-de-804-nas-doses-aplicadas-no-dia-d-de-multivacinacao\/\",\"url\":\"https:\/\/www.encontraaracaju.com.br\/sobre\/prefeitura-de-aracaju-registra-aumento-de-804-nas-doses-aplicadas-no-dia-d-de-multivacinacao\/\",\"name\":\"Prefeitura de Aracaju registra aumento de 80,4% nas doses aplicadas no Dia D de Multivacina\u00e7\u00e3o - Encontra Aracaju\",\"isPartOf\":{\"@id\":\"https:\/\/www.encontraaracaju.com.br\/sobre\/#website\"},\"primaryImageOfPage\":{\"@id\":\"https:\/\/www.encontraaracaju.com.br\/sobre\/prefeitura-de-aracaju-registra-aumento-de-804-nas-doses-aplicadas-no-dia-d-de-multivacinacao\/#primaryimage\"},\"image\":{\"@id\":\"https:\/\/www.encontraaracaju.com.br\/sobre\/prefeitura-de-aracaju-registra-aumento-de-804-nas-doses-aplicadas-no-dia-d-de-multivacinacao\/#primaryimage\"},\"thumbnailUrl\":\"https:\/\/www.encontraaracaju.com.br\/sobre\/wp-content\/uploads\/2026\/08\/prefeitura-de-aracaju-registra-aumento-de-80-4-nas-doses-aplicadas-no-dia-d-de-multivacinacao.webp\",\"datePublished\":\"2026-08-26T05:47:45+00:00\",\"author\":{\"@id\":\"https:\/\/www.encontraaracaju.com.br\/sobre\/#\/schema\/person\/4ffad47e9e50db5f93e67859b297b0be\"},\"breadcrumb\":{\"@id\":\"https:\/\/www.encontraaracaju.com.br\/sobre\/prefeitura-de-aracaju-registra-aumento-de-804-nas-doses-aplicadas-no-dia-d-de-multivacinacao\/#breadcrumb\"},\"inLanguage\":\"pt-BR\",\"potentialAction\":[{\"@type\":\"ReadAction\",\"target\":[\"https:\/\/www.encontraaracaju.com.br\/sobre\/prefeitura-de-aracaju-registra-aumento-de-804-nas-doses-aplicadas-no-dia-d-de-multivacinacao\/\"]}]},{\"@type\":\"ImageObject\",\"inLanguage\":\"pt-BR\",\"@id\":\"https:\/\/www.encontraaracaju.com.br\/sobre\/prefeitura-de-aracaju-registra-aumento-de-804-nas-doses-aplicadas-no-dia-d-de-multivacinacao\/#primaryimage\",\"url\":\"https:\/\/www.encontraaracaju.com.br\/sobre\/wp-content\/uploads\/2026\/08\/prefeitura-de-aracaju-registra-aumento-de-80-4-nas-doses-aplicadas-no-dia-d-de-multivacinacao.webp\",\"contentUrl\":\"https:\/\/www.encontraaracaju.com.br\/sobre\/wp-content\/uploads\/2026\/08\/prefeitura-de-aracaju-registra-aumento-de-80-4-nas-doses-aplicadas-no-dia-d-de-multivacinacao.webp\",\"width\":280,\"height\":280,\"caption\":\"aumento de 80,4% nas doses aplicadas no Dia D de Multivacina\u00e7\u00e3o\"},{\"@type\":\"BreadcrumbList\",\"@id\":\"https:\/\/www.encontraaracaju.com.br\/sobre\/prefeitura-de-aracaju-registra-aumento-de-804-nas-doses-aplicadas-no-dia-d-de-multivacinacao\/#breadcrumb\",\"itemListElement\":[{\"@type\":\"ListItem\",\"position\":1,\"name\":\"In\u00edcio\",\"item\":\"https:\/\/www.encontraaracaju.com.br\/sobre\/\"},{\"@type\":\"ListItem\",\"position\":2,\"name\":\"Prefeitura de Aracaju registra aumento de 80,4% nas doses aplicadas no Dia D de Multivacina\u00e7\u00e3o\"}]},{\"@type\":\"WebSite\",\"@id\":\"https:\/\/www.encontraaracaju.com.br\/sobre\/#website\",\"url\":\"https:\/\/www.encontraaracaju.com.br\/sobre\/\",\"name\":\"Encontra Aracaju\",\"description\":\"Not\u00edcias, eventos, informa\u00e7\u00f5es e dicas na cidade Aracaju e regi\u00e3o.\",\"potentialAction\":[{\"@type\":\"SearchAction\",\"target\":{\"@type\":\"EntryPoint\",\"urlTemplate\":\"https:\/\/www.encontraaracaju.com.br\/sobre\/?s={search_term_string}\"},\"query-input\":{\"@type\":\"PropertyValueSpecification\",\"valueRequired\":true,\"valueName\":\"search_term_string\"}}],\"inLanguage\":\"pt-BR\"},{\"@type\":\"Person\",\"@id\":\"https:\/\/www.encontraaracaju.com.br\/sobre\/#\/schema\/person\/4ffad47e9e50db5f93e67859b297b0be\",\"name\":\"Encontra Aracaju\",\"image\":{\"@type\":\"ImageObject\",\"inLanguage\":\"pt-BR\",\"@id\":\"https:\/\/www.encontraaracaju.com.br\/sobre\/#\/schema\/person\/image\/\",\"url\":\"https:\/\/secure.gravatar.com\/avatar\/507340682b8270222e1f208e23198b6ae7e2c6a1033ae84e99bc6bce4f82a387?s=96&d=mm&r=g\",\"contentUrl\":\"https:\/\/secure.gravatar.com\/avatar\/507340682b8270222e1f208e23198b6ae7e2c6a1033ae84e99bc6bce4f82a387?s=96&d=mm&r=g\",\"caption\":\"Encontra Aracaju\"},\"sameAs\":[\"http:\/\/www.encontraaracaju.com.br\"]}]}<\/script>\n<!-- \/ Yoast SEO plugin. -->","yoast_head_json":{"title":"Prefeitura de Aracaju registra aumento de 80,4% nas doses aplicadas no Dia D de Multivacina\u00e7\u00e3o - Encontra Aracaju","robots":{"index":"index","follow":"follow","max-snippet":"max-snippet:-1","max-image-preview":"max-image-preview:large","max-video-preview":"max-video-preview:-1"},"canonical":"https:\/\/www.encontraaracaju.com.br\/sobre\/prefeitura-de-aracaju-registra-aumento-de-804-nas-doses-aplicadas-no-dia-d-de-multivacinacao\/","og_locale":"pt_BR","og_type":"article","og_title":"Prefeitura de Aracaju registra aumento de 80,4% nas doses aplicadas no Dia D de Multivacina\u00e7\u00e3o - Encontra Aracaju","og_description":"Prefeitura de Aracaju registra aumento de 80,4% nas doses aplicadas de vacinas.","og_url":"https:\/\/www.encontraaracaju.com.br\/sobre\/prefeitura-de-aracaju-registra-aumento-de-804-nas-doses-aplicadas-no-dia-d-de-multivacinacao\/","og_site_name":"Encontra Aracaju","article_published_time":"2026-08-26T05:47:45+00:00","og_image":[{"url":"https:\/\/www.encontraaracaju.com.br\/sobre\/wp-content\/uploads\/2026\/08\/prefeitura-de-aracaju-registra-aumento-de-80-4-nas-doses-aplicadas-no-dia-d-de-multivacinacao.webp","type":"","width":"","height":""}],"author":"Encontra Aracaju","twitter_card":"summary_large_image","twitter_misc":{"Escrito por":"Encontra Aracaju","Est. tempo de leitura":"5 minutos"},"schema":{"@context":"https:\/\/schema.org","@graph":[{"@type":"WebPage","@id":"https:\/\/www.encontraaracaju.com.br\/sobre\/prefeitura-de-aracaju-registra-aumento-de-804-nas-doses-aplicadas-no-dia-d-de-multivacinacao\/","url":"https:\/\/www.encontraaracaju.com.br\/sobre\/prefeitura-de-aracaju-registra-aumento-de-804-nas-doses-aplicadas-no-dia-d-de-multivacinacao\/","name":"Prefeitura de Aracaju registra aumento de 80,4% nas doses aplicadas no Dia D de Multivacina\u00e7\u00e3o - Encontra Aracaju","isPartOf":{"@id":"https:\/\/www.encontraaracaju.com.br\/sobre\/#website"},"primaryImageOfPage":{"@id":"https:\/\/www.encontraaracaju.com.br\/sobre\/prefeitura-de-aracaju-registra-aumento-de-804-nas-doses-aplicadas-no-dia-d-de-multivacinacao\/#primaryimage"},"image":{"@id":"https:\/\/www.encontraaracaju.com.br\/sobre\/prefeitura-de-aracaju-registra-aumento-de-804-nas-doses-aplicadas-no-dia-d-de-multivacinacao\/#primaryimage"},"thumbnailUrl":"https:\/\/www.encontraaracaju.com.br\/sobre\/wp-content\/uploads\/2026\/08\/prefeitura-de-aracaju-registra-aumento-de-80-4-nas-doses-aplicadas-no-dia-d-de-multivacinacao.webp","datePublished":"2026-08-26T05:47:45+00:00","author":{"@id":"https:\/\/www.encontraaracaju.com.br\/sobre\/#\/schema\/person\/4ffad47e9e50db5f93e67859b297b0be"},"breadcrumb":{"@id":"https:\/\/www.encontraaracaju.com.br\/sobre\/prefeitura-de-aracaju-registra-aumento-de-804-nas-doses-aplicadas-no-dia-d-de-multivacinacao\/#breadcrumb"},"inLanguage":"pt-BR","potentialAction":[{"@type":"ReadAction","target":["https:\/\/www.encontraaracaju.com.br\/sobre\/prefeitura-de-aracaju-registra-aumento-de-804-nas-doses-aplicadas-no-dia-d-de-multivacinacao\/"]}]},{"@type":"ImageObject","inLanguage":"pt-BR","@id":"https:\/\/www.encontraaracaju.com.br\/sobre\/prefeitura-de-aracaju-registra-aumento-de-804-nas-doses-aplicadas-no-dia-d-de-multivacinacao\/#primaryimage","url":"https:\/\/www.encontraaracaju.com.br\/sobre\/wp-content\/uploads\/2026\/08\/prefeitura-de-aracaju-registra-aumento-de-80-4-nas-doses-aplicadas-no-dia-d-de-multivacinacao.webp","contentUrl":"https:\/\/www.encontraaracaju.com.br\/sobre\/wp-content\/uploads\/2026\/08\/prefeitura-de-aracaju-registra-aumento-de-80-4-nas-doses-aplicadas-no-dia-d-de-multivacinacao.webp","width":280,"height":280,"caption":"aumento de 80,4% nas doses aplicadas no Dia D de Multivacina\u00e7\u00e3o"},{"@type":"BreadcrumbList","@id":"https:\/\/www.encontraaracaju.com.br\/sobre\/prefeitura-de-aracaju-registra-aumento-de-804-nas-doses-aplicadas-no-dia-d-de-multivacinacao\/#breadcrumb","itemListElement":[{"@type":"ListItem","position":1,"name":"In\u00edcio","item":"https:\/\/www.encontraaracaju.com.br\/sobre\/"},{"@type":"ListItem","position":2,"name":"Prefeitura de Aracaju registra aumento de 80,4% nas doses aplicadas no Dia D de Multivacina\u00e7\u00e3o"}]},{"@type":"WebSite","@id":"https:\/\/www.encontraaracaju.com.br\/sobre\/#website","url":"https:\/\/www.encontraaracaju.com.br\/sobre\/","name":"Encontra Aracaju","description":"Not\u00edcias, eventos, informa\u00e7\u00f5es e dicas na cidade Aracaju e regi\u00e3o.","potentialAction":[{"@type":"SearchAction","target":{"@type":"EntryPoint","urlTemplate":"https:\/\/www.encontraaracaju.com.br\/sobre\/?s={search_term_string}"},"query-input":{"@type":"PropertyValueSpecification","valueRequired":true,"valueName":"search_term_string"}}],"inLanguage":"pt-BR"},{"@type":"Person","@id":"https:\/\/www.encontraaracaju.com.br\/sobre\/#\/schema\/person\/4ffad47e9e50db5f93e67859b297b0be","name":"Encontra Aracaju","image":{"@type":"ImageObject","inLanguage":"pt-BR","@id":"https:\/\/www.encontraaracaju.com.br\/sobre\/#\/schema\/person\/image\/","url":"https:\/\/secure.gravatar.com\/avatar\/507340682b8270222e1f208e23198b6ae7e2c6a1033ae84e99bc6bce4f82a387?s=96&d=mm&r=g","contentUrl":"https:\/\/secure.gravatar.com\/avatar\/507340682b8270222e1f208e23198b6ae7e2c6a1033ae84e99bc6bce4f82a387?s=96&d=mm&r=g","caption":"Encontra Aracaju"},"sameAs":["http:\/\/www.encontraaracaju.com.br"]}]}},"_links":{"self":[{"href":"https:\/\/www.encontraaracaju.com.br\/sobre\/wp-json\/wp\/v2\/posts\/2524","targetHints":{"allow":["GET"]}}],"collection":[{"href":"https:\/\/www.encontraaracaju.com.br\/sobre\/wp-json\/wp\/v2\/posts"}],"about":[{"href":"https:\/\/www.encontraaracaju.com.br\/sobre\/wp-json\/wp\/v2\/types\/post"}],"author":[{"embeddable":true,"href":"https:\/\/www.encontraaracaju.com.br\/sobre\/wp-json\/wp\/v2\/users\/1"}],"replies":[{"embeddable":true,"href":"https:\/\/www.encontraaracaju.com.br\/sobre\/wp-json\/wp\/v2\/comments?post=2524"}],"version-history":[{"count":0,"href":"https:\/\/www.encontraaracaju.com.br\/sobre\/wp-json\/wp\/v2\/posts\/2524\/revisions"}],"wp:featuredmedia":[{"embeddable":true,"href":"https:\/\/www.encontraaracaju.com.br\/sobre\/wp-json\/wp\/v2\/media\/2523"}],"wp:attachment":[{"href":"https:\/\/www.encontraaracaju.com.br\/sobre\/wp-json\/wp\/v2\/media?parent=2524"}],"wp:term":[{"taxonomy":"category","embeddable":true,"href":"https:\/\/www.encontraaracaju.com.br\/sobre\/wp-json\/wp\/v2\/categories?post=2524"},{"taxonomy":"post_tag","embeddable":true,"href":"https:\/\/www.encontraaracaju.com.br\/sobre\/wp-json\/wp\/v2\/tags?post=2524"}],"curies":[{"name":"wp","href":"https:\/\/api.w.org\/{rel}","templated":true}]}}