{"id":2522,"date":"2026-08-26T02:46:35","date_gmt":"2026-08-26T05:46:35","guid":{"rendered":"https:\/\/www.encontraaracaju.com.br\/sobre\/em-um-ano-de-tamo-junto-defesa-civil-de-aracaju-leva-acoes-de-prevencao-e-servicos-a-populacao\/"},"modified":"2026-08-26T02:46:35","modified_gmt":"2026-08-26T05:46:35","slug":"em-um-ano-de-tamo-junto-defesa-civil-de-aracaju-leva-acoes-de-prevencao-e-servicos-a-populacao","status":"publish","type":"post","link":"https:\/\/www.encontraaracaju.com.br\/sobre\/em-um-ano-de-tamo-junto-defesa-civil-de-aracaju-leva-acoes-de-prevencao-e-servicos-a-populacao\/","title":{"rendered":"Em um ano de Tamo Junto, Defesa Civil de Aracaju leva a\u00e7\u00f5es de preven\u00e7\u00e3o e servi\u00e7os \u00e0 popula\u00e7\u00e3o"},"content":{"rendered":"<div class=\"0de350683d360aa04277a39db0bae410\" data-index=\"1\" style=\"float: none; margin:0px;\">\n<!-- Anuncio display - global -->\r\n<ins class=\"adsbygoogle\"\r\n     style=\"display:block\"\r\n     data-ad-client=\"ca-pub-8585364105181520\"\r\n     data-ad-slot=\"8789329856\"\r\n     data-ad-format=\"auto\"\r\n     data-full-width-responsive=\"true\"><\/ins>\r\n<script>\r\n     (adsbygoogle = window.adsbygoogle || []).push({});\r\n<\/script>\n<\/div>\n<h2>O Impacto do Tamo Junto na Comunidade<\/h2>\n<p>Ao longo de um ano, o projeto Tamo Junto, promovido pela Prefeitura de Aracaju, fez uma diferen\u00e7a significativa em v\u00e1rias comunidades. Desde sua primeira edi\u00e7\u00e3o, realizada em 23 de agosto de 2025, a prioridade tem sido oferecer servi\u00e7os essenciais e orienta\u00e7\u00f5es para a popula\u00e7\u00e3o. A Defesa Civil de Aracaju, vinculada \u00e0 Secretaria Municipal da Infraestrutura (Seminfra), tem sido um dos principais atores nesse processo, contribuindo para a preven\u00e7\u00e3o de riscos e desastres. A iniciativa n\u00e3o s\u00f3 fornece assist\u00eancia pr\u00e1tica, mas tamb\u00e9m fortalece o sentimento de solidariedade entre os moradores, tornando-se um canal vital de comunica\u00e7\u00e3o entre a administra\u00e7\u00e3o p\u00fablica e a popula\u00e7\u00e3o.<\/p>\n<h2>Como a Defesa Civil Educa sobre Preven\u00e7\u00e3o<\/h2>\n<p>A educa\u00e7\u00e3o \u00e9 um dos pilares da atua\u00e7\u00e3o da Defesa Civil. Durante os eventos do Tamo Junto, diversos materiais educativos s\u00e3o distribu\u00eddos, incluindo revistinhas, cartilhas e folhetos. Essas publica\u00e7\u00f5es abordam temas relevantes, como deslizamentos de terra, gest\u00e3o de res\u00edduos e seguran\u00e7a durante enchentes. A equipe da Defesa Civil utiliza esses recursos para informar as comunidades sobre como agir em situa\u00e7\u00f5es de risco. Segundo a coordenadora-geral da Defesa Civil, engenheira Val\u00e9ria Bispo, a meta \u00e9 capacitar os cidad\u00e3os para que se tornem multiplicadores desse conhecimento em suas casas e vizinhan\u00e7as.<\/p>\n<h2>Hist\u00f3rias de Moradores que Aprenderam a Se Prevenir<\/h2>\n<p>Participe de hist\u00f3rias inspiradoras de moradores que descobriram como a informa\u00e7\u00e3o pode mudar suas vidas. Crislane da Concei\u00e7\u00e3o Santos Caj\u00e9, uma dona de casa que visitou um dos eventos, comentou sobre a import\u00e2ncia de entender os servi\u00e7os oferecidos pela Defesa Civil. &#8220;J\u00e1 tinha ouvido falar na Defesa Civil, mas somente agora aprendi de fato sobre os servi\u00e7os oferecidos. A conscientiza\u00e7\u00e3o sobre n\u00e3o jogar lixo em qualquer lugar \u00e9 fundamental&#8221;, afirmou. O caso de Vin\u00edcius de Ara\u00fajo \u00e9 outro exemplo do impacto positivo. Ele participou do evento pela primeira vez e ficou surpreso ao aprender sobre o n\u00famero emergencial 199, que pode ser contatado em situa\u00e7\u00f5es de emerg\u00eancia, como alagamentos e problemas estruturais.<\/p>\n<p><img decoding=\"async\" src=\"https:\/\/www.encontraaracaju.com.br\/sobre\/wp-content\/uploads\/2026\/08\/em-um-ano-de-tamo-junto-defesa-civil-de-aracaju-leva-acoes-de-prevencao-e-servicos-a-populacao.webp\" alt=\"Defesa Civil de Aracaju\" loading=\"lazy\" \/><\/p>\n<h2>A Import\u00e2ncia do Di\u00e1logo Direto com a Popula\u00e7\u00e3o<\/h2>\n<p>Estabelecer um di\u00e1logo aberto com os cidad\u00e3os \u00e9 essencial para a efici\u00eancia de qualquer programa de preven\u00e7\u00e3o. O projeto Tamo Junto tem proporcionado um espa\u00e7o onde a popula\u00e7\u00e3o pode interagir com os profissionais da Defesa Civil, tirando d\u00favidas e recebendo orienta\u00e7\u00f5es espec\u00edficas. Este \u201ccara a cara\u201d n\u00e3o s\u00f3 humaniza os servi\u00e7os prestados, mas tamb\u00e9m gera confian\u00e7a. A presen\u00e7a frequente da Defesa Civil em diferentes bairros garante que informa\u00e7\u00f5es vitais cheguem a todos, especialmente em \u00e1reas vulner\u00e1veis.<\/p>\n<h2>Iniciativas de Educa\u00e7\u00e3o Preventiva em Aracaju<\/h2>\n<p>No in\u00edcio de 2026, um impulso significativo foi dado \u00e0s iniciativas de educa\u00e7\u00e3o preventiva, com campanhas voltadas para crian\u00e7as e fam\u00edlias. Durante as edi\u00e7\u00f5es do Tamo Junto, foram distribu\u00eddas revistas em quadrinhos, desenhos para colorir e orienta\u00e7\u00f5es gerais de como se comportar durante fen\u00f4menos clim\u00e1ticos intensos. Essas iniciativas s\u00e3o fundamentais para formar uma cultura de preven\u00e7\u00e3o desde a inf\u00e2ncia.<\/p>\n<h2>Materiais Educativos Distribu\u00eddos nas Edi\u00e7\u00f5es<\/h2>\n<p>Os materiais educativos elaborados pela Defesa Civil s\u00e3o pensados para explicar conceitos de forma clara e envolvente. Ao longo do ano, foram criados e distribu\u00eddos diversos recursos, como:<\/p>\n<ul>\n<li><strong>Revistinhas:<\/strong> Focados em situa\u00e7\u00f5es de risco e preven\u00e7\u00e3o de acidentes.<\/li>\n<li><strong>Folhetos:<\/strong> Contendo informa\u00e7\u00f5es r\u00e1pidas e acess\u00edveis a todos os p\u00fablicos.<\/li>\n<li><strong>Cartilhas:<\/strong> Explica\u00e7\u00f5es detalhadas sobre como agir em emerg\u00eancias.<\/li>\n<li><strong>M\u00e1scaras do mascote Cajuzinho:<\/strong> Um recurso l\u00fadico que ajuda a fixar informa\u00e7\u00f5es importantes.<\/li>\n<\/ul>\n<h2>Envolvimento de Crian\u00e7as na Conscientiza\u00e7\u00e3o<\/h2>\n<p>A intera\u00e7\u00e3o das crian\u00e7as com o mascote Cajuzinho, s\u00edmbolo da campanha, \u00e9 uma estrat\u00e9gia que incentiva o aprendizado l\u00fadico. Os eventos t\u00eam visto grande participa\u00e7\u00e3o dos pequenos, que aprendem brincando. Isabela Maz\u00e9 Santos, uma diarista que visitou o estande com seus filhos, ficou satisfeita com os materiais. Ela destacou que, atrav\u00e9s da leitura e de atividades divertidas, os filhos assimilar\u00e3o as li\u00e7\u00f5es da Defesa Civil de forma natural e interessante.<\/p>\n<h2>Servi\u00e7os Prestados Pela Defesa Civil Durante o Projeto<\/h2>\n<p>A presen\u00e7a da Defesa Civil nos eventos do Tamo Junto tamb\u00e9m \u00e9 marcada por a presta\u00e7\u00e3o direta de servi\u00e7os. Isso inclui:<\/p>\n<ul>\n<li><strong>Orienta\u00e7\u00f5es sobre preven\u00e7\u00e3o:<\/strong> Incluindo informa\u00e7\u00f5es sobre o manejo correto de res\u00edduos e cuidados durante chuvas fortes.<\/li>\n<li><strong>Atendimentos emergenciais:<\/strong> Direcionamento a servi\u00e7os de emerg\u00eancia em casos identificados na comunidade.<\/li>\n<li><strong>Distribui\u00e7\u00e3o de materiais educativos:<\/strong> Essencial para a conscientiza\u00e7\u00e3o cont\u00ednua e educa\u00e7\u00e3o da popula\u00e7\u00e3o.<\/li>\n<\/ul>\n<h2>Depoimentos de Participantes do Evento<\/h2>\n<p>Os depoimentos dos moradores demonstram o quanto o Tamo Junto tem sido transformador. Muitas pessoas relatam que, ap\u00f3s participar dos eventos, passaram a adotar pr\u00e1ticas mais conscientes no cotidiano. A troca de informa\u00e7\u00f5es e experi\u00eancias entre cidad\u00e3os e profissionais da Defesa Civil tem gerado um aprendizado m\u00fatuo, ampliando a rede de prote\u00e7\u00e3o da comunidade.<\/p>\n<h2>O Futuro das A\u00e7\u00f5es de Preven\u00e7\u00e3o em Aracaju<\/h2>\n<p>O Tamo Junto se consolidou como um projeto essencial para Aracaju, e as a\u00e7\u00f5es de preven\u00e7\u00e3o continuar\u00e3o a se expandir nos pr\u00f3ximos anos. O foco em educar a popula\u00e7\u00e3o e promover o di\u00e1logo ir\u00e1 resultar em comunidades mais preparadas e resilientes. Com cada edi\u00e7\u00e3o, a expectativa \u00e9 de atingir um n\u00famero cada vez maior de moradores, garantindo que mais pessoas estejam conscientes de como agir em situa\u00e7\u00f5es de risco. Com o compromisso cont\u00ednuo da Defesa Civil, espera-se fortalecer ainda mais o sentimento de comunidade e a colabora\u00e7\u00e3o na preven\u00e7\u00e3o de desastres.<\/p>\n\n<div style=\"font-size: 0px; height: 0px; line-height: 0px; margin: 0; padding: 0; clear: both;\"><\/div>","protected":false},"excerpt":{"rendered":"<p>Defesa Civil de Aracaju se aproxima da popula\u00e7\u00e3o com a\u00e7\u00f5es de preven\u00e7\u00e3o e servi\u00e7os no Tamo Junto.<\/p>\n","protected":false},"author":1,"featured_media":2521,"comment_status":"closed","ping_status":"closed","sticky":false,"template":"","format":"standard","meta":{"footnotes":""},"categories":[7],"tags":[],"class_list":["post-2522","post","type-post","status-publish","format-standard","has-post-thumbnail","hentry","category-servicos-em-aracaju","has_thumb"],"yoast_head":"<!-- This site is optimized with the Yoast SEO plugin v26.4 - https:\/\/yoast.com\/wordpress\/plugins\/seo\/ -->\n<title>Em um ano de Tamo Junto, Defesa Civil de Aracaju leva a\u00e7\u00f5es de preven\u00e7\u00e3o e servi\u00e7os \u00e0 popula\u00e7\u00e3o - Encontra Aracaju<\/title>\n<meta name=\"robots\" content=\"index, follow, max-snippet:-1, max-image-preview:large, max-video-preview:-1\" \/>\n<link rel=\"canonical\" href=\"https:\/\/www.encontraaracaju.com.br\/sobre\/em-um-ano-de-tamo-junto-defesa-civil-de-aracaju-leva-acoes-de-prevencao-e-servicos-a-populacao\/\" \/>\n<meta property=\"og:locale\" content=\"pt_BR\" \/>\n<meta property=\"og:type\" content=\"article\" \/>\n<meta property=\"og:title\" content=\"Em um ano de Tamo Junto, Defesa Civil de Aracaju leva a\u00e7\u00f5es de preven\u00e7\u00e3o e servi\u00e7os \u00e0 popula\u00e7\u00e3o - Encontra Aracaju\" \/>\n<meta property=\"og:description\" content=\"Defesa Civil de Aracaju se aproxima da popula\u00e7\u00e3o com a\u00e7\u00f5es de preven\u00e7\u00e3o e servi\u00e7os no Tamo Junto.\" \/>\n<meta property=\"og:url\" content=\"https:\/\/www.encontraaracaju.com.br\/sobre\/em-um-ano-de-tamo-junto-defesa-civil-de-aracaju-leva-acoes-de-prevencao-e-servicos-a-populacao\/\" \/>\n<meta property=\"og:site_name\" content=\"Encontra Aracaju\" \/>\n<meta property=\"article:published_time\" content=\"2026-08-26T05:46:35+00:00\" \/>\n<meta property=\"og:image\" content=\"https:\/\/www.encontraaracaju.com.br\/sobre\/wp-content\/uploads\/2026\/08\/em-um-ano-de-tamo-junto-defesa-civil-de-aracaju-leva-acoes-de-prevencao-e-servicos-a-populacao.webp\" \/>\n<meta name=\"author\" content=\"Encontra Aracaju\" \/>\n<meta name=\"twitter:card\" content=\"summary_large_image\" \/>\n<meta name=\"twitter:label1\" content=\"Escrito por\" \/>\n\t<meta name=\"twitter:data1\" content=\"Encontra Aracaju\" \/>\n\t<meta name=\"twitter:label2\" content=\"Est. tempo de leitura\" \/>\n\t<meta name=\"twitter:data2\" content=\"5 minutos\" \/>\n<script type=\"application\/ld+json\" class=\"yoast-schema-graph\">{\"@context\":\"https:\/\/schema.org\",\"@graph\":[{\"@type\":\"WebPage\",\"@id\":\"https:\/\/www.encontraaracaju.com.br\/sobre\/em-um-ano-de-tamo-junto-defesa-civil-de-aracaju-leva-acoes-de-prevencao-e-servicos-a-populacao\/\",\"url\":\"https:\/\/www.encontraaracaju.com.br\/sobre\/em-um-ano-de-tamo-junto-defesa-civil-de-aracaju-leva-acoes-de-prevencao-e-servicos-a-populacao\/\",\"name\":\"Em um ano de Tamo Junto, Defesa Civil de Aracaju leva a\u00e7\u00f5es de preven\u00e7\u00e3o e servi\u00e7os \u00e0 popula\u00e7\u00e3o - Encontra Aracaju\",\"isPartOf\":{\"@id\":\"https:\/\/www.encontraaracaju.com.br\/sobre\/#website\"},\"primaryImageOfPage\":{\"@id\":\"https:\/\/www.encontraaracaju.com.br\/sobre\/em-um-ano-de-tamo-junto-defesa-civil-de-aracaju-leva-acoes-de-prevencao-e-servicos-a-populacao\/#primaryimage\"},\"image\":{\"@id\":\"https:\/\/www.encontraaracaju.com.br\/sobre\/em-um-ano-de-tamo-junto-defesa-civil-de-aracaju-leva-acoes-de-prevencao-e-servicos-a-populacao\/#primaryimage\"},\"thumbnailUrl\":\"https:\/\/www.encontraaracaju.com.br\/sobre\/wp-content\/uploads\/2026\/08\/em-um-ano-de-tamo-junto-defesa-civil-de-aracaju-leva-acoes-de-prevencao-e-servicos-a-populacao.webp\",\"datePublished\":\"2026-08-26T05:46:35+00:00\",\"author\":{\"@id\":\"https:\/\/www.encontraaracaju.com.br\/sobre\/#\/schema\/person\/4ffad47e9e50db5f93e67859b297b0be\"},\"breadcrumb\":{\"@id\":\"https:\/\/www.encontraaracaju.com.br\/sobre\/em-um-ano-de-tamo-junto-defesa-civil-de-aracaju-leva-acoes-de-prevencao-e-servicos-a-populacao\/#breadcrumb\"},\"inLanguage\":\"pt-BR\",\"potentialAction\":[{\"@type\":\"ReadAction\",\"target\":[\"https:\/\/www.encontraaracaju.com.br\/sobre\/em-um-ano-de-tamo-junto-defesa-civil-de-aracaju-leva-acoes-de-prevencao-e-servicos-a-populacao\/\"]}]},{\"@type\":\"ImageObject\",\"inLanguage\":\"pt-BR\",\"@id\":\"https:\/\/www.encontraaracaju.com.br\/sobre\/em-um-ano-de-tamo-junto-defesa-civil-de-aracaju-leva-acoes-de-prevencao-e-servicos-a-populacao\/#primaryimage\",\"url\":\"https:\/\/www.encontraaracaju.com.br\/sobre\/wp-content\/uploads\/2026\/08\/em-um-ano-de-tamo-junto-defesa-civil-de-aracaju-leva-acoes-de-prevencao-e-servicos-a-populacao.webp\",\"contentUrl\":\"https:\/\/www.encontraaracaju.com.br\/sobre\/wp-content\/uploads\/2026\/08\/em-um-ano-de-tamo-junto-defesa-civil-de-aracaju-leva-acoes-de-prevencao-e-servicos-a-populacao.webp\",\"width\":280,\"height\":280,\"caption\":\"Defesa Civil de Aracaju\"},{\"@type\":\"BreadcrumbList\",\"@id\":\"https:\/\/www.encontraaracaju.com.br\/sobre\/em-um-ano-de-tamo-junto-defesa-civil-de-aracaju-leva-acoes-de-prevencao-e-servicos-a-populacao\/#breadcrumb\",\"itemListElement\":[{\"@type\":\"ListItem\",\"position\":1,\"name\":\"In\u00edcio\",\"item\":\"https:\/\/www.encontraaracaju.com.br\/sobre\/\"},{\"@type\":\"ListItem\",\"position\":2,\"name\":\"Em um ano de Tamo Junto, Defesa Civil de Aracaju leva a\u00e7\u00f5es de preven\u00e7\u00e3o e servi\u00e7os \u00e0 popula\u00e7\u00e3o\"}]},{\"@type\":\"WebSite\",\"@id\":\"https:\/\/www.encontraaracaju.com.br\/sobre\/#website\",\"url\":\"https:\/\/www.encontraaracaju.com.br\/sobre\/\",\"name\":\"Encontra Aracaju\",\"description\":\"Not\u00edcias, eventos, informa\u00e7\u00f5es e dicas na cidade Aracaju e regi\u00e3o.\",\"potentialAction\":[{\"@type\":\"SearchAction\",\"target\":{\"@type\":\"EntryPoint\",\"urlTemplate\":\"https:\/\/www.encontraaracaju.com.br\/sobre\/?s={search_term_string}\"},\"query-input\":{\"@type\":\"PropertyValueSpecification\",\"valueRequired\":true,\"valueName\":\"search_term_string\"}}],\"inLanguage\":\"pt-BR\"},{\"@type\":\"Person\",\"@id\":\"https:\/\/www.encontraaracaju.com.br\/sobre\/#\/schema\/person\/4ffad47e9e50db5f93e67859b297b0be\",\"name\":\"Encontra Aracaju\",\"image\":{\"@type\":\"ImageObject\",\"inLanguage\":\"pt-BR\",\"@id\":\"https:\/\/www.encontraaracaju.com.br\/sobre\/#\/schema\/person\/image\/\",\"url\":\"https:\/\/secure.gravatar.com\/avatar\/507340682b8270222e1f208e23198b6ae7e2c6a1033ae84e99bc6bce4f82a387?s=96&d=mm&r=g\",\"contentUrl\":\"https:\/\/secure.gravatar.com\/avatar\/507340682b8270222e1f208e23198b6ae7e2c6a1033ae84e99bc6bce4f82a387?s=96&d=mm&r=g\",\"caption\":\"Encontra Aracaju\"},\"sameAs\":[\"http:\/\/www.encontraaracaju.com.br\"]}]}<\/script>\n<!-- \/ Yoast SEO plugin. -->","yoast_head_json":{"title":"Em um ano de Tamo Junto, Defesa Civil de Aracaju leva a\u00e7\u00f5es de preven\u00e7\u00e3o e servi\u00e7os \u00e0 popula\u00e7\u00e3o - Encontra Aracaju","robots":{"index":"index","follow":"follow","max-snippet":"max-snippet:-1","max-image-preview":"max-image-preview:large","max-video-preview":"max-video-preview:-1"},"canonical":"https:\/\/www.encontraaracaju.com.br\/sobre\/em-um-ano-de-tamo-junto-defesa-civil-de-aracaju-leva-acoes-de-prevencao-e-servicos-a-populacao\/","og_locale":"pt_BR","og_type":"article","og_title":"Em um ano de Tamo Junto, Defesa Civil de Aracaju leva a\u00e7\u00f5es de preven\u00e7\u00e3o e servi\u00e7os \u00e0 popula\u00e7\u00e3o - Encontra Aracaju","og_description":"Defesa Civil de Aracaju se aproxima da popula\u00e7\u00e3o com a\u00e7\u00f5es de preven\u00e7\u00e3o e servi\u00e7os no Tamo Junto.","og_url":"https:\/\/www.encontraaracaju.com.br\/sobre\/em-um-ano-de-tamo-junto-defesa-civil-de-aracaju-leva-acoes-de-prevencao-e-servicos-a-populacao\/","og_site_name":"Encontra Aracaju","article_published_time":"2026-08-26T05:46:35+00:00","og_image":[{"url":"https:\/\/www.encontraaracaju.com.br\/sobre\/wp-content\/uploads\/2026\/08\/em-um-ano-de-tamo-junto-defesa-civil-de-aracaju-leva-acoes-de-prevencao-e-servicos-a-populacao.webp","type":"","width":"","height":""}],"author":"Encontra Aracaju","twitter_card":"summary_large_image","twitter_misc":{"Escrito por":"Encontra Aracaju","Est. tempo de leitura":"5 minutos"},"schema":{"@context":"https:\/\/schema.org","@graph":[{"@type":"WebPage","@id":"https:\/\/www.encontraaracaju.com.br\/sobre\/em-um-ano-de-tamo-junto-defesa-civil-de-aracaju-leva-acoes-de-prevencao-e-servicos-a-populacao\/","url":"https:\/\/www.encontraaracaju.com.br\/sobre\/em-um-ano-de-tamo-junto-defesa-civil-de-aracaju-leva-acoes-de-prevencao-e-servicos-a-populacao\/","name":"Em um ano de Tamo Junto, Defesa Civil de Aracaju leva a\u00e7\u00f5es de preven\u00e7\u00e3o e servi\u00e7os \u00e0 popula\u00e7\u00e3o - Encontra Aracaju","isPartOf":{"@id":"https:\/\/www.encontraaracaju.com.br\/sobre\/#website"},"primaryImageOfPage":{"@id":"https:\/\/www.encontraaracaju.com.br\/sobre\/em-um-ano-de-tamo-junto-defesa-civil-de-aracaju-leva-acoes-de-prevencao-e-servicos-a-populacao\/#primaryimage"},"image":{"@id":"https:\/\/www.encontraaracaju.com.br\/sobre\/em-um-ano-de-tamo-junto-defesa-civil-de-aracaju-leva-acoes-de-prevencao-e-servicos-a-populacao\/#primaryimage"},"thumbnailUrl":"https:\/\/www.encontraaracaju.com.br\/sobre\/wp-content\/uploads\/2026\/08\/em-um-ano-de-tamo-junto-defesa-civil-de-aracaju-leva-acoes-de-prevencao-e-servicos-a-populacao.webp","datePublished":"2026-08-26T05:46:35+00:00","author":{"@id":"https:\/\/www.encontraaracaju.com.br\/sobre\/#\/schema\/person\/4ffad47e9e50db5f93e67859b297b0be"},"breadcrumb":{"@id":"https:\/\/www.encontraaracaju.com.br\/sobre\/em-um-ano-de-tamo-junto-defesa-civil-de-aracaju-leva-acoes-de-prevencao-e-servicos-a-populacao\/#breadcrumb"},"inLanguage":"pt-BR","potentialAction":[{"@type":"ReadAction","target":["https:\/\/www.encontraaracaju.com.br\/sobre\/em-um-ano-de-tamo-junto-defesa-civil-de-aracaju-leva-acoes-de-prevencao-e-servicos-a-populacao\/"]}]},{"@type":"ImageObject","inLanguage":"pt-BR","@id":"https:\/\/www.encontraaracaju.com.br\/sobre\/em-um-ano-de-tamo-junto-defesa-civil-de-aracaju-leva-acoes-de-prevencao-e-servicos-a-populacao\/#primaryimage","url":"https:\/\/www.encontraaracaju.com.br\/sobre\/wp-content\/uploads\/2026\/08\/em-um-ano-de-tamo-junto-defesa-civil-de-aracaju-leva-acoes-de-prevencao-e-servicos-a-populacao.webp","contentUrl":"https:\/\/www.encontraaracaju.com.br\/sobre\/wp-content\/uploads\/2026\/08\/em-um-ano-de-tamo-junto-defesa-civil-de-aracaju-leva-acoes-de-prevencao-e-servicos-a-populacao.webp","width":280,"height":280,"caption":"Defesa Civil de Aracaju"},{"@type":"BreadcrumbList","@id":"https:\/\/www.encontraaracaju.com.br\/sobre\/em-um-ano-de-tamo-junto-defesa-civil-de-aracaju-leva-acoes-de-prevencao-e-servicos-a-populacao\/#breadcrumb","itemListElement":[{"@type":"ListItem","position":1,"name":"In\u00edcio","item":"https:\/\/www.encontraaracaju.com.br\/sobre\/"},{"@type":"ListItem","position":2,"name":"Em um ano de Tamo Junto, Defesa Civil de Aracaju leva a\u00e7\u00f5es de preven\u00e7\u00e3o e servi\u00e7os \u00e0 popula\u00e7\u00e3o"}]},{"@type":"WebSite","@id":"https:\/\/www.encontraaracaju.com.br\/sobre\/#website","url":"https:\/\/www.encontraaracaju.com.br\/sobre\/","name":"Encontra Aracaju","description":"Not\u00edcias, eventos, informa\u00e7\u00f5es e dicas na cidade Aracaju e regi\u00e3o.","potentialAction":[{"@type":"SearchAction","target":{"@type":"EntryPoint","urlTemplate":"https:\/\/www.encontraaracaju.com.br\/sobre\/?s={search_term_string}"},"query-input":{"@type":"PropertyValueSpecification","valueRequired":true,"valueName":"search_term_string"}}],"inLanguage":"pt-BR"},{"@type":"Person","@id":"https:\/\/www.encontraaracaju.com.br\/sobre\/#\/schema\/person\/4ffad47e9e50db5f93e67859b297b0be","name":"Encontra Aracaju","image":{"@type":"ImageObject","inLanguage":"pt-BR","@id":"https:\/\/www.encontraaracaju.com.br\/sobre\/#\/schema\/person\/image\/","url":"https:\/\/secure.gravatar.com\/avatar\/507340682b8270222e1f208e23198b6ae7e2c6a1033ae84e99bc6bce4f82a387?s=96&d=mm&r=g","contentUrl":"https:\/\/secure.gravatar.com\/avatar\/507340682b8270222e1f208e23198b6ae7e2c6a1033ae84e99bc6bce4f82a387?s=96&d=mm&r=g","caption":"Encontra Aracaju"},"sameAs":["http:\/\/www.encontraaracaju.com.br"]}]}},"_links":{"self":[{"href":"https:\/\/www.encontraaracaju.com.br\/sobre\/wp-json\/wp\/v2\/posts\/2522","targetHints":{"allow":["GET"]}}],"collection":[{"href":"https:\/\/www.encontraaracaju.com.br\/sobre\/wp-json\/wp\/v2\/posts"}],"about":[{"href":"https:\/\/www.encontraaracaju.com.br\/sobre\/wp-json\/wp\/v2\/types\/post"}],"author":[{"embeddable":true,"href":"https:\/\/www.encontraaracaju.com.br\/sobre\/wp-json\/wp\/v2\/users\/1"}],"replies":[{"embeddable":true,"href":"https:\/\/www.encontraaracaju.com.br\/sobre\/wp-json\/wp\/v2\/comments?post=2522"}],"version-history":[{"count":0,"href":"https:\/\/www.encontraaracaju.com.br\/sobre\/wp-json\/wp\/v2\/posts\/2522\/revisions"}],"wp:featuredmedia":[{"embeddable":true,"href":"https:\/\/www.encontraaracaju.com.br\/sobre\/wp-json\/wp\/v2\/media\/2521"}],"wp:attachment":[{"href":"https:\/\/www.encontraaracaju.com.br\/sobre\/wp-json\/wp\/v2\/media?parent=2522"}],"wp:term":[{"taxonomy":"category","embeddable":true,"href":"https:\/\/www.encontraaracaju.com.br\/sobre\/wp-json\/wp\/v2\/categories?post=2522"},{"taxonomy":"post_tag","embeddable":true,"href":"https:\/\/www.encontraaracaju.com.br\/sobre\/wp-json\/wp\/v2\/tags?post=2522"}],"curies":[{"name":"wp","href":"https:\/\/api.w.org\/{rel}","templated":true}]}}