{"id":2516,"date":"2026-08-25T02:46:31","date_gmt":"2026-08-25T05:46:31","guid":{"rendered":"https:\/\/www.encontraaracaju.com.br\/sobre\/professores-e-escolas-da-rede-municipal-sao-reconhecidos-com-premio-letras-que-transformam\/"},"modified":"2026-08-25T02:46:31","modified_gmt":"2026-08-25T05:46:31","slug":"professores-e-escolas-da-rede-municipal-sao-reconhecidos-com-premio-letras-que-transformam","status":"publish","type":"post","link":"https:\/\/www.encontraaracaju.com.br\/sobre\/professores-e-escolas-da-rede-municipal-sao-reconhecidos-com-premio-letras-que-transformam\/","title":{"rendered":"Professores e escolas da rede municipal s\u00e3o reconhecidos com pr\u00eamio Letras que Transformam"},"content":{"rendered":"<div class=\"0de350683d360aa04277a39db0bae410\" data-index=\"1\" style=\"float: none; margin:0px;\">\n<!-- Anuncio display - global -->\r\n<ins class=\"adsbygoogle\"\r\n     style=\"display:block\"\r\n     data-ad-client=\"ca-pub-8585364105181520\"\r\n     data-ad-slot=\"8789329856\"\r\n     data-ad-format=\"auto\"\r\n     data-full-width-responsive=\"true\"><\/ins>\r\n<script>\r\n     (adsbygoogle = window.adsbygoogle || []).push({});\r\n<\/script>\n<\/div>\n<h2>O que \u00e9 o Pr\u00eamio Letras que Transformam?<\/h2>\n<p>O Pr\u00eamio Letras que Transformam \u00e9 uma iniciativa promovida pela Prefeitura de Aracaju, atrav\u00e9s da Secretaria Municipal de Educa\u00e7\u00e3o (Semed), que visa reconhecer e valorizar o trabalho de escolas e professores municipais que se destacam na alfabetiza\u00e7\u00e3o de crian\u00e7as do 2\u00ba ano do Ensino Fundamental. Este pr\u00eamio \u00e9 uma parte fundamental do Pacto Nacional pela Crian\u00e7a Alfabetizada, um programa que tem como objetivo assegurar que todos os alunos estejam alfabetizados ao final do 2\u00ba ano, refletindo o compromisso da rede municipal em promover a educa\u00e7\u00e3o de qualidade desde a primeira inf\u00e2ncia.<\/p>\n<h2>Import\u00e2ncia da Alfabetiza\u00e7\u00e3o na Educa\u00e7\u00e3o B\u00e1sica<\/h2>\n<p>A alfabetiza\u00e7\u00e3o \u00e9 um fator crucial no processo educativo, pois estabelece a base para o aprendizado ao longo da vida. No Brasil, a incapacidade de ler e escrever impacta n\u00e3o apenas o desenvolvimento pessoal, mas tamb\u00e9m as perspectivas sociais e econ\u00f4micas dos indiv\u00edduos. Uma educa\u00e7\u00e3o que prioriza a alfabetiza\u00e7\u00e3o adequada garante que as crian\u00e7as tenham ferramentas para compreender o mundo a sua volta, participar ativamente da sociedade e contribuir para o desenvolvimento de sua comunidade. Portanto, a realiza\u00e7\u00e3o de programas como o Pr\u00eamio Letras que Transformam \u00e9 essencial para fomentar um ambiente educacional voltado para o sucesso dos alunos.<\/p>\n<h2>Compromisso da Prefeitura com a Educa\u00e7\u00e3o<\/h2>\n<p>A Prefeitura de Aracaju tem se esfor\u00e7ado para investir em pol\u00edticas educacionais que verdadeiramente impactem a vida dos estudantes e suas fam\u00edlias. Ao promover eventos como o Pr\u00eamio Letras que Transformam, a administra\u00e7\u00e3o municipal reafirma seu comprometimento com a alfabetiza\u00e7\u00e3o na idade certa, fortalecendo continuamente as pr\u00e1ticas pedag\u00f3gicas e buscando assegurar que todos os alunos tenham acesso a uma educa\u00e7\u00e3o de excel\u00eancia.<\/p>\n<p><img decoding=\"async\" src=\"https:\/\/www.encontraaracaju.com.br\/sobre\/wp-content\/uploads\/2026\/08\/professores-e-escolas-da-rede-municipal-sao-reconhecidos-com-premio-letras-que-transformam.webp\" alt=\"Premio Letras que Transformam\" loading=\"lazy\" \/><\/p>\n<h2>Resultados da Educa\u00e7\u00e3o nas Escolas Municipais<\/h2>\n<p>Os resultados obtidos nas escolas municipais de Aracaju t\u00eam se mostrado animadores, com um aumento consider\u00e1vel nas taxas de alfabetiza\u00e7\u00e3o. O pr\u00eamio \u00e9 concedido com base na avalia\u00e7\u00e3o do percentual de alunos alfabetizados, calculado a partir das provas do Sistema de Avalia\u00e7\u00e3o da Educa\u00e7\u00e3o B\u00e1sica de Sergipe (Saese). Esta forma de avalia\u00e7\u00e3o garante um crit\u00e9rio justo e transparente, refletindo o esfor\u00e7o e a dedica\u00e7\u00e3o dos educadores e as condi\u00e7\u00f5es oferecidas pelas institui\u00e7\u00f5es de ensino.<\/p>\n<h2>A Import\u00e2ncia do Trabalho em Equipe na Educa\u00e7\u00e3o<\/h2>\n<p>O sucesso na alfabetiza\u00e7\u00e3o das crian\u00e7as n\u00e3o \u00e9 atribu\u00eddo apenas ao trabalho docente, mas sim a um esfor\u00e7o conjunto que envolve educadores, gestores, alunos e fam\u00edlias. A colabora\u00e7\u00e3o entre esses atores cria um ambiente prop\u00edcio para o aprendizado e desenvolvimento, onde todos atuam em sinergia, contribuindo com suas experi\u00eancias e perspectivas para alcan\u00e7ar os objetivos educacionais. Programas que reconhecem e premiam esse esfor\u00e7o colaborativo promovem uma cultura de coopera\u00e7\u00e3o que beneficia toda a comunidade escolar.<\/p>\n<h2>Destaques das Escolas Premiadas<\/h2>\n<p>No evento do Pr\u00eamio Letras que Transformam, escolas como a Escola Marechal Henrique Teixeira Lott, Escola Doutor Carvalho Neto e Escola \u00c1gape foram reconhecidas por sua excel\u00eancia em alfabetiza\u00e7\u00e3o. Essas institui\u00e7\u00f5es conseguiram se destacar atrav\u00e9s de metodologias inovadoras, do engajamento da comunidade e da dedica\u00e7\u00e3o de seus profissionais, demonstrando que, com esfor\u00e7o e dedica\u00e7\u00e3o, \u00e9 poss\u00edvel transformar a realidade educacional de uma regi\u00e3o.<\/p>\n<h2>Metodologias de Ensino que T\u00eam Funcionado<\/h2>\n<p>Entre as pr\u00e1ticas pedag\u00f3gicas que t\u00eam se mostrado eficazes na alfabetiza\u00e7\u00e3o, destacam-se aquelas que utilizam materiais did\u00e1ticos bem estruturados, como o Alfabetizar+, que foi adotado por alguns dos professores premiados. A metodologia aplicada por professores como Daniele Cristina, da Escola Teixeira Lott, \u00e9 baseada em atividades que estimulam a consci\u00eancia fonol\u00f3gica e adapta\u00e7\u00e3o \u00e0s necessidades de cada aluno, o que resulta em alta taxa de alfabetiza\u00e7\u00e3o, como os 94,1% de seus alunos.<\/p>\n<h2>O Papel do Professor na Forma\u00e7\u00e3o dos Alunos<\/h2>\n<p>Os professores desempenham uma fun\u00e7\u00e3o vital na forma\u00e7\u00e3o das crian\u00e7as, indo al\u00e9m do simples ato de ensinar. Eles atuam como mentores, guias e agentes de transforma\u00e7\u00e3o na vida de seus alunos. Em suas palavras, a secret\u00e1ria da Educa\u00e7\u00e3o, Edna Amorim, destaca a import\u00e2ncia do acolhimento e do cuidado, mostrando que a rela\u00e7\u00e3o entre professor e aluno \u00e9 fundamental para o aprendizado. Essa vis\u00e3o hol\u00edstica \u00e9 essencial para o desenvolvimento integral das crian\u00e7as, preparando-as para os desafios que encontrar\u00e3o ao longo da vida.<\/p>\n<h2>Impacto do Pr\u00eamio na Comunidade Escolar<\/h2>\n<p>O Pr\u00eamio Letras que Transformam n\u00e3o s\u00f3 reconhece e valoriza o esfor\u00e7o dos educadores, mas tamb\u00e9m inspira outros professores e institui\u00e7\u00f5es a buscarem a excel\u00eancia. O reconhecimento das melhores pr\u00e1ticas educacionais gera um efeito cascata, estimulando um ambiente de competi\u00e7\u00e3o saud\u00e1vel entre as escolas e promovendo um padr\u00e3o elevado de ensino. Al\u00e9m disso, a visibilidade que o pr\u00eamio traz pode atrair a aten\u00e7\u00e3o de novos recursos e investimentos para a \u00e1rea da educa\u00e7\u00e3o em Aracaju.<\/p>\n<h2>Futuro da Educa\u00e7\u00e3o em Aracaju<\/h2>\n<p>O futuro da educa\u00e7\u00e3o em Aracaju parece promissor, impulsionado por iniciativas como o Pr\u00eamio Letras que Transformam. Ao continuar a focar na alfabetiza\u00e7\u00e3o e no desenvolvimento profissional dos educadores, a Prefeitura est\u00e1 estabelecendo as bases para um sistema educacional que n\u00e3o apenas atende, mas supera as expectativas. O compromisso com a educa\u00e7\u00e3o de qualidade e a busca cont\u00ednua por inova\u00e7\u00f5es garantem que as crian\u00e7as da cidade tenham oportunidades reais de sucesso e desenvolvimento em suas vidas.<\/p>\n\n<div style=\"font-size: 0px; height: 0px; line-height: 0px; margin: 0; padding: 0; clear: both;\"><\/div>","protected":false},"excerpt":{"rendered":"<p>Conhe\u00e7a o pr\u00eamio Letras que Transformam, que homenageia educadores e escolas de Aracaju.<\/p>\n","protected":false},"author":1,"featured_media":2515,"comment_status":"closed","ping_status":"closed","sticky":false,"template":"","format":"standard","meta":{"footnotes":""},"categories":[23],"tags":[],"class_list":["post-2516","post","type-post","status-publish","format-standard","has-post-thumbnail","hentry","category-educacao-em-aracaju","has_thumb"],"yoast_head":"<!-- This site is optimized with the Yoast SEO plugin v26.4 - https:\/\/yoast.com\/wordpress\/plugins\/seo\/ -->\n<title>Professores e escolas da rede municipal s\u00e3o reconhecidos com pr\u00eamio Letras que Transformam - Encontra Aracaju<\/title>\n<meta name=\"robots\" content=\"index, follow, max-snippet:-1, max-image-preview:large, max-video-preview:-1\" \/>\n<link rel=\"canonical\" href=\"https:\/\/www.encontraaracaju.com.br\/sobre\/professores-e-escolas-da-rede-municipal-sao-reconhecidos-com-premio-letras-que-transformam\/\" \/>\n<meta property=\"og:locale\" content=\"pt_BR\" \/>\n<meta property=\"og:type\" content=\"article\" \/>\n<meta property=\"og:title\" content=\"Professores e escolas da rede municipal s\u00e3o reconhecidos com pr\u00eamio Letras que Transformam - Encontra Aracaju\" \/>\n<meta property=\"og:description\" content=\"Conhe\u00e7a o pr\u00eamio Letras que Transformam, que homenageia educadores e escolas de Aracaju.\" \/>\n<meta property=\"og:url\" content=\"https:\/\/www.encontraaracaju.com.br\/sobre\/professores-e-escolas-da-rede-municipal-sao-reconhecidos-com-premio-letras-que-transformam\/\" \/>\n<meta property=\"og:site_name\" content=\"Encontra Aracaju\" \/>\n<meta property=\"article:published_time\" content=\"2026-08-25T05:46:31+00:00\" \/>\n<meta property=\"og:image\" content=\"https:\/\/www.encontraaracaju.com.br\/sobre\/wp-content\/uploads\/2026\/08\/professores-e-escolas-da-rede-municipal-sao-reconhecidos-com-premio-letras-que-transformam.webp\" \/>\n<meta name=\"author\" content=\"Encontra Aracaju\" \/>\n<meta name=\"twitter:card\" content=\"summary_large_image\" \/>\n<meta name=\"twitter:label1\" content=\"Escrito por\" \/>\n\t<meta name=\"twitter:data1\" content=\"Encontra Aracaju\" \/>\n\t<meta name=\"twitter:label2\" content=\"Est. tempo de leitura\" \/>\n\t<meta name=\"twitter:data2\" content=\"5 minutos\" \/>\n<script type=\"application\/ld+json\" class=\"yoast-schema-graph\">{\"@context\":\"https:\/\/schema.org\",\"@graph\":[{\"@type\":\"WebPage\",\"@id\":\"https:\/\/www.encontraaracaju.com.br\/sobre\/professores-e-escolas-da-rede-municipal-sao-reconhecidos-com-premio-letras-que-transformam\/\",\"url\":\"https:\/\/www.encontraaracaju.com.br\/sobre\/professores-e-escolas-da-rede-municipal-sao-reconhecidos-com-premio-letras-que-transformam\/\",\"name\":\"Professores e escolas da rede municipal s\u00e3o reconhecidos com pr\u00eamio Letras que Transformam - Encontra Aracaju\",\"isPartOf\":{\"@id\":\"https:\/\/www.encontraaracaju.com.br\/sobre\/#website\"},\"primaryImageOfPage\":{\"@id\":\"https:\/\/www.encontraaracaju.com.br\/sobre\/professores-e-escolas-da-rede-municipal-sao-reconhecidos-com-premio-letras-que-transformam\/#primaryimage\"},\"image\":{\"@id\":\"https:\/\/www.encontraaracaju.com.br\/sobre\/professores-e-escolas-da-rede-municipal-sao-reconhecidos-com-premio-letras-que-transformam\/#primaryimage\"},\"thumbnailUrl\":\"https:\/\/www.encontraaracaju.com.br\/sobre\/wp-content\/uploads\/2026\/08\/professores-e-escolas-da-rede-municipal-sao-reconhecidos-com-premio-letras-que-transformam.webp\",\"datePublished\":\"2026-08-25T05:46:31+00:00\",\"author\":{\"@id\":\"https:\/\/www.encontraaracaju.com.br\/sobre\/#\/schema\/person\/4ffad47e9e50db5f93e67859b297b0be\"},\"breadcrumb\":{\"@id\":\"https:\/\/www.encontraaracaju.com.br\/sobre\/professores-e-escolas-da-rede-municipal-sao-reconhecidos-com-premio-letras-que-transformam\/#breadcrumb\"},\"inLanguage\":\"pt-BR\",\"potentialAction\":[{\"@type\":\"ReadAction\",\"target\":[\"https:\/\/www.encontraaracaju.com.br\/sobre\/professores-e-escolas-da-rede-municipal-sao-reconhecidos-com-premio-letras-que-transformam\/\"]}]},{\"@type\":\"ImageObject\",\"inLanguage\":\"pt-BR\",\"@id\":\"https:\/\/www.encontraaracaju.com.br\/sobre\/professores-e-escolas-da-rede-municipal-sao-reconhecidos-com-premio-letras-que-transformam\/#primaryimage\",\"url\":\"https:\/\/www.encontraaracaju.com.br\/sobre\/wp-content\/uploads\/2026\/08\/professores-e-escolas-da-rede-municipal-sao-reconhecidos-com-premio-letras-que-transformam.webp\",\"contentUrl\":\"https:\/\/www.encontraaracaju.com.br\/sobre\/wp-content\/uploads\/2026\/08\/professores-e-escolas-da-rede-municipal-sao-reconhecidos-com-premio-letras-que-transformam.webp\",\"width\":280,\"height\":280,\"caption\":\"Premio Letras que Transformam\"},{\"@type\":\"BreadcrumbList\",\"@id\":\"https:\/\/www.encontraaracaju.com.br\/sobre\/professores-e-escolas-da-rede-municipal-sao-reconhecidos-com-premio-letras-que-transformam\/#breadcrumb\",\"itemListElement\":[{\"@type\":\"ListItem\",\"position\":1,\"name\":\"In\u00edcio\",\"item\":\"https:\/\/www.encontraaracaju.com.br\/sobre\/\"},{\"@type\":\"ListItem\",\"position\":2,\"name\":\"Professores e escolas da rede municipal s\u00e3o reconhecidos com pr\u00eamio Letras que Transformam\"}]},{\"@type\":\"WebSite\",\"@id\":\"https:\/\/www.encontraaracaju.com.br\/sobre\/#website\",\"url\":\"https:\/\/www.encontraaracaju.com.br\/sobre\/\",\"name\":\"Encontra Aracaju\",\"description\":\"Not\u00edcias, eventos, informa\u00e7\u00f5es e dicas na cidade Aracaju e regi\u00e3o.\",\"potentialAction\":[{\"@type\":\"SearchAction\",\"target\":{\"@type\":\"EntryPoint\",\"urlTemplate\":\"https:\/\/www.encontraaracaju.com.br\/sobre\/?s={search_term_string}\"},\"query-input\":{\"@type\":\"PropertyValueSpecification\",\"valueRequired\":true,\"valueName\":\"search_term_string\"}}],\"inLanguage\":\"pt-BR\"},{\"@type\":\"Person\",\"@id\":\"https:\/\/www.encontraaracaju.com.br\/sobre\/#\/schema\/person\/4ffad47e9e50db5f93e67859b297b0be\",\"name\":\"Encontra Aracaju\",\"image\":{\"@type\":\"ImageObject\",\"inLanguage\":\"pt-BR\",\"@id\":\"https:\/\/www.encontraaracaju.com.br\/sobre\/#\/schema\/person\/image\/\",\"url\":\"https:\/\/secure.gravatar.com\/avatar\/507340682b8270222e1f208e23198b6ae7e2c6a1033ae84e99bc6bce4f82a387?s=96&d=mm&r=g\",\"contentUrl\":\"https:\/\/secure.gravatar.com\/avatar\/507340682b8270222e1f208e23198b6ae7e2c6a1033ae84e99bc6bce4f82a387?s=96&d=mm&r=g\",\"caption\":\"Encontra Aracaju\"},\"sameAs\":[\"http:\/\/www.encontraaracaju.com.br\"]}]}<\/script>\n<!-- \/ Yoast SEO plugin. -->","yoast_head_json":{"title":"Professores e escolas da rede municipal s\u00e3o reconhecidos com pr\u00eamio Letras que Transformam - Encontra Aracaju","robots":{"index":"index","follow":"follow","max-snippet":"max-snippet:-1","max-image-preview":"max-image-preview:large","max-video-preview":"max-video-preview:-1"},"canonical":"https:\/\/www.encontraaracaju.com.br\/sobre\/professores-e-escolas-da-rede-municipal-sao-reconhecidos-com-premio-letras-que-transformam\/","og_locale":"pt_BR","og_type":"article","og_title":"Professores e escolas da rede municipal s\u00e3o reconhecidos com pr\u00eamio Letras que Transformam - Encontra Aracaju","og_description":"Conhe\u00e7a o pr\u00eamio Letras que Transformam, que homenageia educadores e escolas de Aracaju.","og_url":"https:\/\/www.encontraaracaju.com.br\/sobre\/professores-e-escolas-da-rede-municipal-sao-reconhecidos-com-premio-letras-que-transformam\/","og_site_name":"Encontra Aracaju","article_published_time":"2026-08-25T05:46:31+00:00","og_image":[{"url":"https:\/\/www.encontraaracaju.com.br\/sobre\/wp-content\/uploads\/2026\/08\/professores-e-escolas-da-rede-municipal-sao-reconhecidos-com-premio-letras-que-transformam.webp","type":"","width":"","height":""}],"author":"Encontra Aracaju","twitter_card":"summary_large_image","twitter_misc":{"Escrito por":"Encontra Aracaju","Est. tempo de leitura":"5 minutos"},"schema":{"@context":"https:\/\/schema.org","@graph":[{"@type":"WebPage","@id":"https:\/\/www.encontraaracaju.com.br\/sobre\/professores-e-escolas-da-rede-municipal-sao-reconhecidos-com-premio-letras-que-transformam\/","url":"https:\/\/www.encontraaracaju.com.br\/sobre\/professores-e-escolas-da-rede-municipal-sao-reconhecidos-com-premio-letras-que-transformam\/","name":"Professores e escolas da rede municipal s\u00e3o reconhecidos com pr\u00eamio Letras que Transformam - Encontra Aracaju","isPartOf":{"@id":"https:\/\/www.encontraaracaju.com.br\/sobre\/#website"},"primaryImageOfPage":{"@id":"https:\/\/www.encontraaracaju.com.br\/sobre\/professores-e-escolas-da-rede-municipal-sao-reconhecidos-com-premio-letras-que-transformam\/#primaryimage"},"image":{"@id":"https:\/\/www.encontraaracaju.com.br\/sobre\/professores-e-escolas-da-rede-municipal-sao-reconhecidos-com-premio-letras-que-transformam\/#primaryimage"},"thumbnailUrl":"https:\/\/www.encontraaracaju.com.br\/sobre\/wp-content\/uploads\/2026\/08\/professores-e-escolas-da-rede-municipal-sao-reconhecidos-com-premio-letras-que-transformam.webp","datePublished":"2026-08-25T05:46:31+00:00","author":{"@id":"https:\/\/www.encontraaracaju.com.br\/sobre\/#\/schema\/person\/4ffad47e9e50db5f93e67859b297b0be"},"breadcrumb":{"@id":"https:\/\/www.encontraaracaju.com.br\/sobre\/professores-e-escolas-da-rede-municipal-sao-reconhecidos-com-premio-letras-que-transformam\/#breadcrumb"},"inLanguage":"pt-BR","potentialAction":[{"@type":"ReadAction","target":["https:\/\/www.encontraaracaju.com.br\/sobre\/professores-e-escolas-da-rede-municipal-sao-reconhecidos-com-premio-letras-que-transformam\/"]}]},{"@type":"ImageObject","inLanguage":"pt-BR","@id":"https:\/\/www.encontraaracaju.com.br\/sobre\/professores-e-escolas-da-rede-municipal-sao-reconhecidos-com-premio-letras-que-transformam\/#primaryimage","url":"https:\/\/www.encontraaracaju.com.br\/sobre\/wp-content\/uploads\/2026\/08\/professores-e-escolas-da-rede-municipal-sao-reconhecidos-com-premio-letras-que-transformam.webp","contentUrl":"https:\/\/www.encontraaracaju.com.br\/sobre\/wp-content\/uploads\/2026\/08\/professores-e-escolas-da-rede-municipal-sao-reconhecidos-com-premio-letras-que-transformam.webp","width":280,"height":280,"caption":"Premio Letras que Transformam"},{"@type":"BreadcrumbList","@id":"https:\/\/www.encontraaracaju.com.br\/sobre\/professores-e-escolas-da-rede-municipal-sao-reconhecidos-com-premio-letras-que-transformam\/#breadcrumb","itemListElement":[{"@type":"ListItem","position":1,"name":"In\u00edcio","item":"https:\/\/www.encontraaracaju.com.br\/sobre\/"},{"@type":"ListItem","position":2,"name":"Professores e escolas da rede municipal s\u00e3o reconhecidos com pr\u00eamio Letras que Transformam"}]},{"@type":"WebSite","@id":"https:\/\/www.encontraaracaju.com.br\/sobre\/#website","url":"https:\/\/www.encontraaracaju.com.br\/sobre\/","name":"Encontra Aracaju","description":"Not\u00edcias, eventos, informa\u00e7\u00f5es e dicas na cidade Aracaju e regi\u00e3o.","potentialAction":[{"@type":"SearchAction","target":{"@type":"EntryPoint","urlTemplate":"https:\/\/www.encontraaracaju.com.br\/sobre\/?s={search_term_string}"},"query-input":{"@type":"PropertyValueSpecification","valueRequired":true,"valueName":"search_term_string"}}],"inLanguage":"pt-BR"},{"@type":"Person","@id":"https:\/\/www.encontraaracaju.com.br\/sobre\/#\/schema\/person\/4ffad47e9e50db5f93e67859b297b0be","name":"Encontra Aracaju","image":{"@type":"ImageObject","inLanguage":"pt-BR","@id":"https:\/\/www.encontraaracaju.com.br\/sobre\/#\/schema\/person\/image\/","url":"https:\/\/secure.gravatar.com\/avatar\/507340682b8270222e1f208e23198b6ae7e2c6a1033ae84e99bc6bce4f82a387?s=96&d=mm&r=g","contentUrl":"https:\/\/secure.gravatar.com\/avatar\/507340682b8270222e1f208e23198b6ae7e2c6a1033ae84e99bc6bce4f82a387?s=96&d=mm&r=g","caption":"Encontra Aracaju"},"sameAs":["http:\/\/www.encontraaracaju.com.br"]}]}},"_links":{"self":[{"href":"https:\/\/www.encontraaracaju.com.br\/sobre\/wp-json\/wp\/v2\/posts\/2516","targetHints":{"allow":["GET"]}}],"collection":[{"href":"https:\/\/www.encontraaracaju.com.br\/sobre\/wp-json\/wp\/v2\/posts"}],"about":[{"href":"https:\/\/www.encontraaracaju.com.br\/sobre\/wp-json\/wp\/v2\/types\/post"}],"author":[{"embeddable":true,"href":"https:\/\/www.encontraaracaju.com.br\/sobre\/wp-json\/wp\/v2\/users\/1"}],"replies":[{"embeddable":true,"href":"https:\/\/www.encontraaracaju.com.br\/sobre\/wp-json\/wp\/v2\/comments?post=2516"}],"version-history":[{"count":0,"href":"https:\/\/www.encontraaracaju.com.br\/sobre\/wp-json\/wp\/v2\/posts\/2516\/revisions"}],"wp:featuredmedia":[{"embeddable":true,"href":"https:\/\/www.encontraaracaju.com.br\/sobre\/wp-json\/wp\/v2\/media\/2515"}],"wp:attachment":[{"href":"https:\/\/www.encontraaracaju.com.br\/sobre\/wp-json\/wp\/v2\/media?parent=2516"}],"wp:term":[{"taxonomy":"category","embeddable":true,"href":"https:\/\/www.encontraaracaju.com.br\/sobre\/wp-json\/wp\/v2\/categories?post=2516"},{"taxonomy":"post_tag","embeddable":true,"href":"https:\/\/www.encontraaracaju.com.br\/sobre\/wp-json\/wp\/v2\/tags?post=2516"}],"curies":[{"name":"wp","href":"https:\/\/api.w.org\/{rel}","templated":true}]}}