{"id":2512,"date":"2026-08-24T02:47:35","date_gmt":"2026-08-24T05:47:35","guid":{"rendered":"https:\/\/www.encontraaracaju.com.br\/sobre\/prefeitura-de-aracaju-anuncia-chegada-de-110-novos-onibus-climatizados-para-o-transporte-coletivo\/"},"modified":"2026-08-24T02:47:35","modified_gmt":"2026-08-24T05:47:35","slug":"prefeitura-de-aracaju-anuncia-chegada-de-110-novos-onibus-climatizados-para-o-transporte-coletivo","status":"publish","type":"post","link":"https:\/\/www.encontraaracaju.com.br\/sobre\/prefeitura-de-aracaju-anuncia-chegada-de-110-novos-onibus-climatizados-para-o-transporte-coletivo\/","title":{"rendered":"Prefeitura de Aracaju anuncia chegada de 110 novos \u00f4nibus climatizados para o transporte coletivo"},"content":{"rendered":"<div class=\"0de350683d360aa04277a39db0bae410\" data-index=\"1\" style=\"float: none; margin:0px;\">\n<!-- Anuncio display - global -->\r\n<ins class=\"adsbygoogle\"\r\n     style=\"display:block\"\r\n     data-ad-client=\"ca-pub-8585364105181520\"\r\n     data-ad-slot=\"8789329856\"\r\n     data-ad-format=\"auto\"\r\n     data-full-width-responsive=\"true\"><\/ins>\r\n<script>\r\n     (adsbygoogle = window.adsbygoogle || []).push({});\r\n<\/script>\n<\/div>\n<h2>A Revolu\u00e7\u00e3o no Transporte Coletivo<\/h2>\n<p>Recentemente, Aracaju passou por uma atualiza\u00e7\u00e3o significativa em seu sistema de transporte coletivo. A Prefeitura, atrav\u00e9s da Superintend\u00eancia Municipal de Transportes e Tr\u00e2nsito (SMTT), anunciou a adi\u00e7\u00e3o de 110 novos \u00f4nibus climatizados. Essa renova\u00e7\u00e3o tem o objetivo de melhorar bastante as condi\u00e7\u00f5es de transporte para os cidad\u00e3os, refletindo um compromisso com o bem-estar dos usu\u00e1rios.<\/p>\n<h2>Benef\u00edcios dos \u00d4nibus Climatizados<\/h2>\n<p>Os novos \u00f4nibus climatizados trazem uma s\u00e9rie de vantagens para os passageiros, principalmente em rela\u00e7\u00e3o ao conforto e \u00e0 sa\u00fade. Unindo tecnologia e inova\u00e7\u00e3o, as unidades modernas oferecem:<\/p>\n<ul>\n<li><strong>Conforto t\u00e9rmico:<\/strong> A climatiza\u00e7\u00e3o nos ve\u00edculos proporciona um ambiente agrad\u00e1vel, essencial em climas quentes.<\/li>\n<li><strong>Menos ru\u00eddo:<\/strong> Os novos modelos s\u00e3o projetados para operar de forma mais silenciosa, o que melhora a experi\u00eancia de viagem.<\/li>\n<li><strong>Maior seguran\u00e7a:<\/strong> A renova\u00e7\u00e3o da frota com ve\u00edculos novos reduz o risco de falhas mec\u00e2nicas, oferecendo uma viagem mais segura.<\/li>\n<li><strong>Acessibilidade:<\/strong> Os novos \u00f4nibus est\u00e3o equipados para atender pessoas com defici\u00eancia, garantindo que todos possam usufruir do transporte coletivo.<\/li>\n<\/ul>\n<h2>Redu\u00e7\u00e3o da Idade M\u00e9dia da Frota<\/h2>\n<p>Com a incorpora\u00e7\u00e3o desses 110 novos ve\u00edculos \u00e0 frota existente, a m\u00e9dia de idade dos \u00f4nibus em Aracaju foi significativamente reduzida. Anteriormente, a idade m\u00e9dia era de 7,65 anos, e agora passou a ser de 5,68 anos. Essa diminui\u00e7\u00e3o \u00e9 crucial n\u00e3o apenas para garantir a seguran\u00e7a, mas tamb\u00e9m para aumentar a efici\u00eancia energ\u00e9tica dos transportes, resultando em um menor impacto ambiental e maior satisfa\u00e7\u00e3o dos usu\u00e1rios.<\/p>\n<p><img decoding=\"async\" src=\"https:\/\/www.encontraaracaju.com.br\/sobre\/wp-content\/uploads\/2026\/08\/prefeitura-de-aracaju-anuncia-chegada-de-110-novos-onibus-climatizados-para-o-transporte-coletivo.webp\" alt=\"\u00f4nibus climatizados Aracaju\" loading=\"lazy\" \/><\/p>\n<h2>Import\u00e2ncia da Renova\u00e7\u00e3o da Frota<\/h2>\n<p>A renova\u00e7\u00e3o da frota de transporte coletivo \u00e9 uma estrat\u00e9gia fundamental para a melhoria dos servi\u00e7os prestados. \u00d4nibus mais novos implicam em:<\/p>\n<ul>\n<li><strong>Menor frequ\u00eancia de quebras:<\/strong> Ve\u00edculos modernizados s\u00e3o menos propensos a problemas mec\u00e2nicos, o que assegura servi\u00e7os mais confi\u00e1veis.<\/li>\n<li><strong>Efici\u00eancia no consumo de combust\u00edvel:<\/strong> Modelos novos geralmente s\u00e3o mais econ\u00f4micos e menos poluentes.<\/li>\n<li><strong>Maior conforto para os passageiros:<\/strong> Assentos melhorados e climatiza\u00e7\u00e3o garantem viagens mais agrad\u00e1veis.<\/li>\n<\/ul>\n<h2>Palavras da Prefeita Em\u00edlia Corr\u00eaa<\/h2>\n<p>A Prefeita Em\u00edlia Corr\u00eaa expressou seu entusiasmo com a chegada dos novos \u00f4nibus, destacando que essa mudan\u00e7a representa uma transforma\u00e7\u00e3o significativa na qualidade do servi\u00e7o. &#8220;Estamos proporcionando uma melhoria que ser\u00e1 sentida diariamente pelos usu\u00e1rios. Os novos \u00f4nibus climatizados v\u00e3o elevar o padr\u00e3o de conforto e seguran\u00e7a. Depois de anos lidando com ve\u00edculos em p\u00e9ssimas condi\u00e7\u00f5es, agora podemos oferecer um transporte coletivo que a popula\u00e7\u00e3o merece,&#8221; afirmou a prefeita.<\/p>\n<h2>Acompanhamento da SMTT sobre a Opera\u00e7\u00e3o<\/h2>\n<p>O superintendente da SMTT, Nelson Felipe, ressaltou a import\u00e2ncia da supervis\u00e3o cont\u00ednua da opera\u00e7\u00e3o dos novos ve\u00edculos. Ele afirmou que haver\u00e1 um acompanhamento rigoroso, especialmente no que se refere ao cumprimento de hor\u00e1rios e manuten\u00e7\u00e3o dos \u00f4nibus. Isso \u00e9 vital para garantir a confiabilidade e qualidade do servi\u00e7o prestado aos passageiros.<\/p>\n<h2>Melhorias no Conforto e Seguran\u00e7a<\/h2>\n<p>A adi\u00e7\u00e3o de 110 novos \u00f4nibus climatizados claramente vai impactar na melhoria do conforto e seguran\u00e7a dos usu\u00e1rios. Com mais espa\u00e7o, climatiza\u00e7\u00e3o adequada e manuten\u00e7\u00e3o em dia, a experi\u00eancia de viagem ser\u00e1 significativamente aprimorada. Os passageiros poder\u00e3o desfrutar de um deslocamento mais agrad\u00e1vel e eficiente, refletindo diretamente em sua qualidade de vida.<\/p>\n<h2>Impacto na Qualidade de Vida dos Passageiros<\/h2>\n<p>A melhoria no transporte coletivo resulta em consequ\u00eancias positivas para a qualidade de vida dos cidad\u00e3os. Um sistema de transporte eficiente e confort\u00e1vel \u00e9 essencial para o bem-estar das pessoas, facilitando o acesso ao trabalho, escola e outros compromissos. A nova frota de \u00f4nibus representa um passo em dire\u00e7\u00e3o a um futuro onde todos podem se deslocar com mais dignidade e seguran\u00e7a.<\/p>\n<h2>Compromissos da Prefeitura com a Mobilidade<\/h2>\n<p>O governo municipal de Aracaju est\u00e1 comprometido com a melhoria cont\u00ednua da mobilidade urbana. A chegada dos novos \u00f4nibus climatizados \u00e9 um reflexo desse compromisso, e a prefeitura continuar\u00e1 trabalhando para atender as necessidades da popula\u00e7\u00e3o e garantir um transporte coletivo de qualidade.<\/p>\n<h2>Futuro do Transporte Coletivo em Aracaju<\/h2>\n<p>O futuro do transporte coletivo em Aracaju parece promissor com a introdu\u00e7\u00e3o de novos \u00f4nibus climatizados. A cidade est\u00e1 se modernizando e a renova\u00e7\u00e3o da frota \u00e9 apenas um dos passos em dire\u00e7\u00e3o a um sistema de transporte mais eficiente, acess\u00edvel e seguro. Com a continuidade desses esfor\u00e7os, Aracaju pode se tornar um modelo de mobilidade urbana para outras cidades brasileiras.<\/p>\n\n<div style=\"font-size: 0px; height: 0px; line-height: 0px; margin: 0; padding: 0; clear: both;\"><\/div>","protected":false},"excerpt":{"rendered":"<p>Prefeitura de Aracaju traz 110 novos \u00f4nibus climatizados para o transporte coletivo da cidade.<\/p>\n","protected":false},"author":1,"featured_media":2511,"comment_status":"closed","ping_status":"closed","sticky":false,"template":"","format":"standard","meta":{"footnotes":""},"categories":[7],"tags":[],"class_list":["post-2512","post","type-post","status-publish","format-standard","has-post-thumbnail","hentry","category-servicos-em-aracaju","has_thumb"],"yoast_head":"<!-- This site is optimized with the Yoast SEO plugin v26.4 - https:\/\/yoast.com\/wordpress\/plugins\/seo\/ -->\n<title>Prefeitura de Aracaju anuncia chegada de 110 novos \u00f4nibus climatizados para o transporte coletivo - Encontra Aracaju<\/title>\n<meta name=\"robots\" content=\"index, follow, max-snippet:-1, max-image-preview:large, max-video-preview:-1\" \/>\n<link rel=\"canonical\" href=\"https:\/\/www.encontraaracaju.com.br\/sobre\/prefeitura-de-aracaju-anuncia-chegada-de-110-novos-onibus-climatizados-para-o-transporte-coletivo\/\" \/>\n<meta property=\"og:locale\" content=\"pt_BR\" \/>\n<meta property=\"og:type\" content=\"article\" \/>\n<meta property=\"og:title\" content=\"Prefeitura de Aracaju anuncia chegada de 110 novos \u00f4nibus climatizados para o transporte coletivo - Encontra Aracaju\" \/>\n<meta property=\"og:description\" content=\"Prefeitura de Aracaju traz 110 novos \u00f4nibus climatizados para o transporte coletivo da cidade.\" \/>\n<meta property=\"og:url\" content=\"https:\/\/www.encontraaracaju.com.br\/sobre\/prefeitura-de-aracaju-anuncia-chegada-de-110-novos-onibus-climatizados-para-o-transporte-coletivo\/\" \/>\n<meta property=\"og:site_name\" content=\"Encontra Aracaju\" \/>\n<meta property=\"article:published_time\" content=\"2026-08-24T05:47:35+00:00\" \/>\n<meta property=\"og:image\" content=\"https:\/\/www.encontraaracaju.com.br\/sobre\/wp-content\/uploads\/2026\/08\/prefeitura-de-aracaju-anuncia-chegada-de-110-novos-onibus-climatizados-para-o-transporte-coletivo.webp\" \/>\n<meta name=\"author\" content=\"Encontra Aracaju\" \/>\n<meta name=\"twitter:card\" content=\"summary_large_image\" \/>\n<meta name=\"twitter:label1\" content=\"Escrito por\" \/>\n\t<meta name=\"twitter:data1\" content=\"Encontra Aracaju\" \/>\n\t<meta name=\"twitter:label2\" content=\"Est. tempo de leitura\" \/>\n\t<meta name=\"twitter:data2\" content=\"4 minutos\" \/>\n<script type=\"application\/ld+json\" class=\"yoast-schema-graph\">{\"@context\":\"https:\/\/schema.org\",\"@graph\":[{\"@type\":\"WebPage\",\"@id\":\"https:\/\/www.encontraaracaju.com.br\/sobre\/prefeitura-de-aracaju-anuncia-chegada-de-110-novos-onibus-climatizados-para-o-transporte-coletivo\/\",\"url\":\"https:\/\/www.encontraaracaju.com.br\/sobre\/prefeitura-de-aracaju-anuncia-chegada-de-110-novos-onibus-climatizados-para-o-transporte-coletivo\/\",\"name\":\"Prefeitura de Aracaju anuncia chegada de 110 novos \u00f4nibus climatizados para o transporte coletivo - Encontra Aracaju\",\"isPartOf\":{\"@id\":\"https:\/\/www.encontraaracaju.com.br\/sobre\/#website\"},\"primaryImageOfPage\":{\"@id\":\"https:\/\/www.encontraaracaju.com.br\/sobre\/prefeitura-de-aracaju-anuncia-chegada-de-110-novos-onibus-climatizados-para-o-transporte-coletivo\/#primaryimage\"},\"image\":{\"@id\":\"https:\/\/www.encontraaracaju.com.br\/sobre\/prefeitura-de-aracaju-anuncia-chegada-de-110-novos-onibus-climatizados-para-o-transporte-coletivo\/#primaryimage\"},\"thumbnailUrl\":\"https:\/\/www.encontraaracaju.com.br\/sobre\/wp-content\/uploads\/2026\/08\/prefeitura-de-aracaju-anuncia-chegada-de-110-novos-onibus-climatizados-para-o-transporte-coletivo.webp\",\"datePublished\":\"2026-08-24T05:47:35+00:00\",\"author\":{\"@id\":\"https:\/\/www.encontraaracaju.com.br\/sobre\/#\/schema\/person\/4ffad47e9e50db5f93e67859b297b0be\"},\"breadcrumb\":{\"@id\":\"https:\/\/www.encontraaracaju.com.br\/sobre\/prefeitura-de-aracaju-anuncia-chegada-de-110-novos-onibus-climatizados-para-o-transporte-coletivo\/#breadcrumb\"},\"inLanguage\":\"pt-BR\",\"potentialAction\":[{\"@type\":\"ReadAction\",\"target\":[\"https:\/\/www.encontraaracaju.com.br\/sobre\/prefeitura-de-aracaju-anuncia-chegada-de-110-novos-onibus-climatizados-para-o-transporte-coletivo\/\"]}]},{\"@type\":\"ImageObject\",\"inLanguage\":\"pt-BR\",\"@id\":\"https:\/\/www.encontraaracaju.com.br\/sobre\/prefeitura-de-aracaju-anuncia-chegada-de-110-novos-onibus-climatizados-para-o-transporte-coletivo\/#primaryimage\",\"url\":\"https:\/\/www.encontraaracaju.com.br\/sobre\/wp-content\/uploads\/2026\/08\/prefeitura-de-aracaju-anuncia-chegada-de-110-novos-onibus-climatizados-para-o-transporte-coletivo.webp\",\"contentUrl\":\"https:\/\/www.encontraaracaju.com.br\/sobre\/wp-content\/uploads\/2026\/08\/prefeitura-de-aracaju-anuncia-chegada-de-110-novos-onibus-climatizados-para-o-transporte-coletivo.webp\",\"width\":280,\"height\":280,\"caption\":\"\u00f4nibus climatizados Aracaju\"},{\"@type\":\"BreadcrumbList\",\"@id\":\"https:\/\/www.encontraaracaju.com.br\/sobre\/prefeitura-de-aracaju-anuncia-chegada-de-110-novos-onibus-climatizados-para-o-transporte-coletivo\/#breadcrumb\",\"itemListElement\":[{\"@type\":\"ListItem\",\"position\":1,\"name\":\"In\u00edcio\",\"item\":\"https:\/\/www.encontraaracaju.com.br\/sobre\/\"},{\"@type\":\"ListItem\",\"position\":2,\"name\":\"Prefeitura de Aracaju anuncia chegada de 110 novos \u00f4nibus climatizados para o transporte coletivo\"}]},{\"@type\":\"WebSite\",\"@id\":\"https:\/\/www.encontraaracaju.com.br\/sobre\/#website\",\"url\":\"https:\/\/www.encontraaracaju.com.br\/sobre\/\",\"name\":\"Encontra Aracaju\",\"description\":\"Not\u00edcias, eventos, informa\u00e7\u00f5es e dicas na cidade Aracaju e regi\u00e3o.\",\"potentialAction\":[{\"@type\":\"SearchAction\",\"target\":{\"@type\":\"EntryPoint\",\"urlTemplate\":\"https:\/\/www.encontraaracaju.com.br\/sobre\/?s={search_term_string}\"},\"query-input\":{\"@type\":\"PropertyValueSpecification\",\"valueRequired\":true,\"valueName\":\"search_term_string\"}}],\"inLanguage\":\"pt-BR\"},{\"@type\":\"Person\",\"@id\":\"https:\/\/www.encontraaracaju.com.br\/sobre\/#\/schema\/person\/4ffad47e9e50db5f93e67859b297b0be\",\"name\":\"Encontra Aracaju\",\"image\":{\"@type\":\"ImageObject\",\"inLanguage\":\"pt-BR\",\"@id\":\"https:\/\/www.encontraaracaju.com.br\/sobre\/#\/schema\/person\/image\/\",\"url\":\"https:\/\/secure.gravatar.com\/avatar\/507340682b8270222e1f208e23198b6ae7e2c6a1033ae84e99bc6bce4f82a387?s=96&d=mm&r=g\",\"contentUrl\":\"https:\/\/secure.gravatar.com\/avatar\/507340682b8270222e1f208e23198b6ae7e2c6a1033ae84e99bc6bce4f82a387?s=96&d=mm&r=g\",\"caption\":\"Encontra Aracaju\"},\"sameAs\":[\"http:\/\/www.encontraaracaju.com.br\"]}]}<\/script>\n<!-- \/ Yoast SEO plugin. -->","yoast_head_json":{"title":"Prefeitura de Aracaju anuncia chegada de 110 novos \u00f4nibus climatizados para o transporte coletivo - Encontra Aracaju","robots":{"index":"index","follow":"follow","max-snippet":"max-snippet:-1","max-image-preview":"max-image-preview:large","max-video-preview":"max-video-preview:-1"},"canonical":"https:\/\/www.encontraaracaju.com.br\/sobre\/prefeitura-de-aracaju-anuncia-chegada-de-110-novos-onibus-climatizados-para-o-transporte-coletivo\/","og_locale":"pt_BR","og_type":"article","og_title":"Prefeitura de Aracaju anuncia chegada de 110 novos \u00f4nibus climatizados para o transporte coletivo - Encontra Aracaju","og_description":"Prefeitura de Aracaju traz 110 novos \u00f4nibus climatizados para o transporte coletivo da cidade.","og_url":"https:\/\/www.encontraaracaju.com.br\/sobre\/prefeitura-de-aracaju-anuncia-chegada-de-110-novos-onibus-climatizados-para-o-transporte-coletivo\/","og_site_name":"Encontra Aracaju","article_published_time":"2026-08-24T05:47:35+00:00","og_image":[{"url":"https:\/\/www.encontraaracaju.com.br\/sobre\/wp-content\/uploads\/2026\/08\/prefeitura-de-aracaju-anuncia-chegada-de-110-novos-onibus-climatizados-para-o-transporte-coletivo.webp","type":"","width":"","height":""}],"author":"Encontra Aracaju","twitter_card":"summary_large_image","twitter_misc":{"Escrito por":"Encontra Aracaju","Est. tempo de leitura":"4 minutos"},"schema":{"@context":"https:\/\/schema.org","@graph":[{"@type":"WebPage","@id":"https:\/\/www.encontraaracaju.com.br\/sobre\/prefeitura-de-aracaju-anuncia-chegada-de-110-novos-onibus-climatizados-para-o-transporte-coletivo\/","url":"https:\/\/www.encontraaracaju.com.br\/sobre\/prefeitura-de-aracaju-anuncia-chegada-de-110-novos-onibus-climatizados-para-o-transporte-coletivo\/","name":"Prefeitura de Aracaju anuncia chegada de 110 novos \u00f4nibus climatizados para o transporte coletivo - Encontra Aracaju","isPartOf":{"@id":"https:\/\/www.encontraaracaju.com.br\/sobre\/#website"},"primaryImageOfPage":{"@id":"https:\/\/www.encontraaracaju.com.br\/sobre\/prefeitura-de-aracaju-anuncia-chegada-de-110-novos-onibus-climatizados-para-o-transporte-coletivo\/#primaryimage"},"image":{"@id":"https:\/\/www.encontraaracaju.com.br\/sobre\/prefeitura-de-aracaju-anuncia-chegada-de-110-novos-onibus-climatizados-para-o-transporte-coletivo\/#primaryimage"},"thumbnailUrl":"https:\/\/www.encontraaracaju.com.br\/sobre\/wp-content\/uploads\/2026\/08\/prefeitura-de-aracaju-anuncia-chegada-de-110-novos-onibus-climatizados-para-o-transporte-coletivo.webp","datePublished":"2026-08-24T05:47:35+00:00","author":{"@id":"https:\/\/www.encontraaracaju.com.br\/sobre\/#\/schema\/person\/4ffad47e9e50db5f93e67859b297b0be"},"breadcrumb":{"@id":"https:\/\/www.encontraaracaju.com.br\/sobre\/prefeitura-de-aracaju-anuncia-chegada-de-110-novos-onibus-climatizados-para-o-transporte-coletivo\/#breadcrumb"},"inLanguage":"pt-BR","potentialAction":[{"@type":"ReadAction","target":["https:\/\/www.encontraaracaju.com.br\/sobre\/prefeitura-de-aracaju-anuncia-chegada-de-110-novos-onibus-climatizados-para-o-transporte-coletivo\/"]}]},{"@type":"ImageObject","inLanguage":"pt-BR","@id":"https:\/\/www.encontraaracaju.com.br\/sobre\/prefeitura-de-aracaju-anuncia-chegada-de-110-novos-onibus-climatizados-para-o-transporte-coletivo\/#primaryimage","url":"https:\/\/www.encontraaracaju.com.br\/sobre\/wp-content\/uploads\/2026\/08\/prefeitura-de-aracaju-anuncia-chegada-de-110-novos-onibus-climatizados-para-o-transporte-coletivo.webp","contentUrl":"https:\/\/www.encontraaracaju.com.br\/sobre\/wp-content\/uploads\/2026\/08\/prefeitura-de-aracaju-anuncia-chegada-de-110-novos-onibus-climatizados-para-o-transporte-coletivo.webp","width":280,"height":280,"caption":"\u00f4nibus climatizados Aracaju"},{"@type":"BreadcrumbList","@id":"https:\/\/www.encontraaracaju.com.br\/sobre\/prefeitura-de-aracaju-anuncia-chegada-de-110-novos-onibus-climatizados-para-o-transporte-coletivo\/#breadcrumb","itemListElement":[{"@type":"ListItem","position":1,"name":"In\u00edcio","item":"https:\/\/www.encontraaracaju.com.br\/sobre\/"},{"@type":"ListItem","position":2,"name":"Prefeitura de Aracaju anuncia chegada de 110 novos \u00f4nibus climatizados para o transporte coletivo"}]},{"@type":"WebSite","@id":"https:\/\/www.encontraaracaju.com.br\/sobre\/#website","url":"https:\/\/www.encontraaracaju.com.br\/sobre\/","name":"Encontra Aracaju","description":"Not\u00edcias, eventos, informa\u00e7\u00f5es e dicas na cidade Aracaju e regi\u00e3o.","potentialAction":[{"@type":"SearchAction","target":{"@type":"EntryPoint","urlTemplate":"https:\/\/www.encontraaracaju.com.br\/sobre\/?s={search_term_string}"},"query-input":{"@type":"PropertyValueSpecification","valueRequired":true,"valueName":"search_term_string"}}],"inLanguage":"pt-BR"},{"@type":"Person","@id":"https:\/\/www.encontraaracaju.com.br\/sobre\/#\/schema\/person\/4ffad47e9e50db5f93e67859b297b0be","name":"Encontra Aracaju","image":{"@type":"ImageObject","inLanguage":"pt-BR","@id":"https:\/\/www.encontraaracaju.com.br\/sobre\/#\/schema\/person\/image\/","url":"https:\/\/secure.gravatar.com\/avatar\/507340682b8270222e1f208e23198b6ae7e2c6a1033ae84e99bc6bce4f82a387?s=96&d=mm&r=g","contentUrl":"https:\/\/secure.gravatar.com\/avatar\/507340682b8270222e1f208e23198b6ae7e2c6a1033ae84e99bc6bce4f82a387?s=96&d=mm&r=g","caption":"Encontra Aracaju"},"sameAs":["http:\/\/www.encontraaracaju.com.br"]}]}},"_links":{"self":[{"href":"https:\/\/www.encontraaracaju.com.br\/sobre\/wp-json\/wp\/v2\/posts\/2512","targetHints":{"allow":["GET"]}}],"collection":[{"href":"https:\/\/www.encontraaracaju.com.br\/sobre\/wp-json\/wp\/v2\/posts"}],"about":[{"href":"https:\/\/www.encontraaracaju.com.br\/sobre\/wp-json\/wp\/v2\/types\/post"}],"author":[{"embeddable":true,"href":"https:\/\/www.encontraaracaju.com.br\/sobre\/wp-json\/wp\/v2\/users\/1"}],"replies":[{"embeddable":true,"href":"https:\/\/www.encontraaracaju.com.br\/sobre\/wp-json\/wp\/v2\/comments?post=2512"}],"version-history":[{"count":0,"href":"https:\/\/www.encontraaracaju.com.br\/sobre\/wp-json\/wp\/v2\/posts\/2512\/revisions"}],"wp:featuredmedia":[{"embeddable":true,"href":"https:\/\/www.encontraaracaju.com.br\/sobre\/wp-json\/wp\/v2\/media\/2511"}],"wp:attachment":[{"href":"https:\/\/www.encontraaracaju.com.br\/sobre\/wp-json\/wp\/v2\/media?parent=2512"}],"wp:term":[{"taxonomy":"category","embeddable":true,"href":"https:\/\/www.encontraaracaju.com.br\/sobre\/wp-json\/wp\/v2\/categories?post=2512"},{"taxonomy":"post_tag","embeddable":true,"href":"https:\/\/www.encontraaracaju.com.br\/sobre\/wp-json\/wp\/v2\/tags?post=2512"}],"curies":[{"name":"wp","href":"https:\/\/api.w.org\/{rel}","templated":true}]}}