{"id":2510,"date":"2026-08-24T02:46:32","date_gmt":"2026-08-24T05:46:32","guid":{"rendered":"https:\/\/www.encontraaracaju.com.br\/sobre\/prefeitura-divulga-programacao-do-1o-evento-da-primeira-infancia-de-aracaju\/"},"modified":"2026-08-24T02:46:32","modified_gmt":"2026-08-24T05:46:32","slug":"prefeitura-divulga-programacao-do-1o-evento-da-primeira-infancia-de-aracaju","status":"publish","type":"post","link":"https:\/\/www.encontraaracaju.com.br\/sobre\/prefeitura-divulga-programacao-do-1o-evento-da-primeira-infancia-de-aracaju\/","title":{"rendered":"Prefeitura divulga programa\u00e7\u00e3o do 1\u00ba Evento da Primeira Inf\u00e2ncia de Aracaju"},"content":{"rendered":"<div class=\"0de350683d360aa04277a39db0bae410\" data-index=\"1\" style=\"float: none; margin:0px;\">\n<!-- Anuncio display - global -->\r\n<ins class=\"adsbygoogle\"\r\n     style=\"display:block\"\r\n     data-ad-client=\"ca-pub-8585364105181520\"\r\n     data-ad-slot=\"8789329856\"\r\n     data-ad-format=\"auto\"\r\n     data-full-width-responsive=\"true\"><\/ins>\r\n<script>\r\n     (adsbygoogle = window.adsbygoogle || []).push({});\r\n<\/script>\n<\/div>\n<h2>Objetivos do Evento da Primeira Inf\u00e2ncia<\/h2>\n<p>O 1\u00ba Evento da Primeira Inf\u00e2ncia de Aracaju, programado para o dia 27 de agosto, tem como prop\u00f3sito principal democratizar o acesso a servi\u00e7os e a\u00e7\u00f5es direcionadas para a primeira inf\u00e2ncia no munic\u00edpio. Ao permitir que o conhecimento e o direito de brincar sejam parte da vida das crian\u00e7as e suas fam\u00edlias, o evento busca assegurar que todos tenham acesso a informa\u00e7\u00f5es essenciais e experi\u00eancias enriquecedoras.<\/p>\n<p>O evento \u00e9 uma iniciativa para promover a import\u00e2ncia dos cuidados, brincadeiras e prote\u00e7\u00e3o na fase inicial da vida, destacando que um desenvolvimento saud\u00e1vel nos primeiros anos \u00e9 fundamental para o futuro das crian\u00e7as.<\/p>\n<h2>Local e Hor\u00e1rio do Evento<\/h2>\n<p>A celebra\u00e7\u00e3o ocorrer\u00e1 no Parque Governador Augusto Franco, popularmente conhecido como Parque da Sementeira. A programa\u00e7\u00e3o est\u00e1 prevista para se estender das <strong>14h \u00e0s 21h<\/strong>, abrangendo diversas atividades para crian\u00e7as e suas fam\u00edlias.<\/p>\n<p><img decoding=\"async\" src=\"https:\/\/www.encontraaracaju.com.br\/sobre\/wp-content\/uploads\/2026\/08\/prefeitura-divulga-programacao-do-1-evento-da-primeira-infancia-de-aracaju.webp\" alt=\"1\u00ba Evento da Primeira Inf\u00e2ncia de Aracaju\" loading=\"lazy\" \/><\/p>\n<h2>Programa\u00e7\u00e3o para Crian\u00e7as e Fam\u00edlias<\/h2>\n<p>A programa\u00e7\u00e3o do evento ser\u00e1 divida em duas partes: das 14h \u00e0s 17h, as atividades ser\u00e3o voltadas principalmente para as crian\u00e7as que recebem apoio das pol\u00edticas p\u00fablicas municipais, como as que integram a rede de educa\u00e7\u00e3o municipal e o Programa Crian\u00e7a Feliz, gerido pela Secretaria Municipal da Fam\u00edlia e Assist\u00eancia Social (Semfas). Ap\u00f3s as 17h, as atividades estar\u00e3o abertas a todos os visitantes, de forma que qualquer crian\u00e7a e sua fam\u00edlia que estiver no Parque da Sementeira possam participar.<\/p>\n<h2>A\u00e7\u00f5es da Secretaria Municipal da Educa\u00e7\u00e3o<\/h2>\n<p>A Secretaria Municipal da Educa\u00e7\u00e3o (Semed) elaborou uma agenda diversificada focada no aprendizado e na divers\u00e3o:<\/p>\n<ul>\n<li>Ateli\u00ea de pintura em tela;<\/li>\n<li>Espa\u00e7o dedicado a conta\u00e7\u00e3o de hist\u00f3rias e media\u00e7\u00e3o de leitura;<\/li>\n<li>Atividades e jogos adaptados, priorizando a inclus\u00e3o e a estimula\u00e7\u00e3o sensorial;<\/li>\n<li>Circuito de brincadeiras que promove atividades motoras para desenvolvimento de coordena\u00e7\u00e3o e equil\u00edbrio.<\/li>\n<\/ul>\n<h2>Atividades da Secretaria da Sa\u00fade<\/h2>\n<p>A Secretaria Municipal da Sa\u00fade (SMS) ter\u00e1 diversas orienta\u00e7\u00f5es e servi\u00e7os dispon\u00edveis:<\/p>\n<ul>\n<li>Avalia\u00e7\u00e3o de sa\u00fade bucal para beb\u00eas, com entrega de kits;<\/li>\n<li>Orienta\u00e7\u00f5es sobre alimenta\u00e7\u00e3o saud\u00e1vel para gestantes e avalia\u00e7\u00e3o de IMC;<\/li>\n<li>Mapeamento do risco cardiovascular para gestantes e lactantes;<\/li>\n<li>Atividades f\u00edsicas destinadas a gestantes, com dicas para h\u00e1bitos saud\u00e1veis;<\/li>\n<li>Orienta\u00e7\u00f5es sobre aleitamento materno e espa\u00e7o para amamenta\u00e7\u00e3o;<\/li>\n<li>Informa\u00e7\u00f5es sobre o plano de parto e fluxos de atendimento na rede municipal.<\/li>\n<\/ul>\n<h2>Oficinas e Din\u00e2micas da Secretaria da Cultura<\/h2>\n<p>A Secretaria Municipal da Cultura (Secult) preparou oficinas e apresenta\u00e7\u00f5es que prometem encantar o p\u00fablico infantil:<\/p>\n<ul>\n<li>Oficinas de musicaliza\u00e7\u00e3o para estimular o interesse pela m\u00fasica;<\/li>\n<li>Momentos de leitura e apresenta\u00e7\u00f5es teatrais apropriadas para as crian\u00e7as.<\/li>\n<\/ul>\n<h2>Atra\u00e7\u00f5es da Secretaria Municipal do Turismo<\/h2>\n<p>Os pequenos tamb\u00e9m poder\u00e3o desfrutar de atra\u00e7\u00f5es art\u00edsticas organizadas pela Secretaria Municipal do Turismo (Setur):<\/p>\n<ul>\n<li>Atra\u00e7\u00f5es art\u00edsticas do projeto Descubra Aracaju, voltadas para o p\u00fablico infantil;<\/li>\n<li>Feirinha de artesanato que promove a economia criativa e a \u00e1rea gastron\u00f4mica.<\/li>\n<\/ul>\n<h2>Import\u00e2ncia da Primeira Inf\u00e2ncia<\/h2>\n<p>A primeira inf\u00e2ncia \u00e9 um per\u00edodo crucial para o desenvolvimento humano. As experi\u00eancias vividas durante essa fase moldam o futuro das crian\u00e7as, influenciando seu aprendizado, comportamento e sa\u00fade. Iniciativas como o 1\u00ba Evento da Primeira Inf\u00e2ncia de Aracaju s\u00e3o importantes para garantir que todas as crian\u00e7as tenham as oportunidades necess\u00e1rias para um desenvolvimento saud\u00e1vel e seguro.<\/p>\n<h2>Como Participar do Evento<\/h2>\n<p>N\u00e3o \u00e9 necess\u00e1rio realizar inscri\u00e7\u00e3o pr\u00e9via para participar do evento. A entrada \u00e9 livre, e qualquer crian\u00e7a acompanhada por familiares pode usufruir das atividades programadas. Por isso, \u00e9 um \u00f3timo momento para pais e respons\u00e1veis levarem suas crian\u00e7as para um dia repleto de divers\u00e3o, aprendizado e cuidados.<\/p>\n<h2>Expectativas para a Primeira Inf\u00e2ncia em Aracaju<\/h2>\n<p>Com a realiza\u00e7\u00e3o de eventos como este, as expectativas para o futuro da primeira inf\u00e2ncia em Aracaju se tornam mais otimistas. A Prefeitura est\u00e1 comprometida em implementar o <strong>Plano Municipal pela Primeira Inf\u00e2ncia (2025\u20132035)<\/strong>, que busca garantir a prioridade absoluta dos direitos das crian\u00e7as e a integra\u00e7\u00e3o entre as pol\u00edticas p\u00fablicas. Este evento \u00e9 um passo na dire\u00e7\u00e3o de assegurar que todos os cidad\u00e3os, em especial as crian\u00e7as, possam viver em um ambiente que promove seu pleno desenvolvimento e bem-estar.<\/p>\n<p>Com a uni\u00e3o de esfor\u00e7os entre as diversas secretarias e a participa\u00e7\u00e3o da comunidade, espera-se alcan\u00e7ar um impacto positivo na qualidade de vida das crian\u00e7as de Aracaju e em sua integral prote\u00e7\u00e3o.<\/p>\n\n<div style=\"font-size: 0px; height: 0px; line-height: 0px; margin: 0; padding: 0; clear: both;\"><\/div>","protected":false},"excerpt":{"rendered":"<p>A programa\u00e7\u00e3o do 1\u00ba Evento da Primeira Inf\u00e2ncia de Aracaju promete diversas a\u00e7\u00f5es para crian\u00e7as e fam\u00edlias.<\/p>\n","protected":false},"author":1,"featured_media":2509,"comment_status":"closed","ping_status":"closed","sticky":false,"template":"","format":"standard","meta":{"footnotes":""},"categories":[23],"tags":[],"class_list":["post-2510","post","type-post","status-publish","format-standard","has-post-thumbnail","hentry","category-educacao-em-aracaju","has_thumb"],"yoast_head":"<!-- This site is optimized with the Yoast SEO plugin v26.4 - https:\/\/yoast.com\/wordpress\/plugins\/seo\/ -->\n<title>Prefeitura divulga programa\u00e7\u00e3o do 1\u00ba Evento da Primeira Inf\u00e2ncia de Aracaju - Encontra Aracaju<\/title>\n<meta name=\"robots\" content=\"index, follow, max-snippet:-1, max-image-preview:large, max-video-preview:-1\" \/>\n<link rel=\"canonical\" href=\"https:\/\/www.encontraaracaju.com.br\/sobre\/prefeitura-divulga-programacao-do-1o-evento-da-primeira-infancia-de-aracaju\/\" \/>\n<meta property=\"og:locale\" content=\"pt_BR\" \/>\n<meta property=\"og:type\" content=\"article\" \/>\n<meta property=\"og:title\" content=\"Prefeitura divulga programa\u00e7\u00e3o do 1\u00ba Evento da Primeira Inf\u00e2ncia de Aracaju - Encontra Aracaju\" \/>\n<meta property=\"og:description\" content=\"A programa\u00e7\u00e3o do 1\u00ba Evento da Primeira Inf\u00e2ncia de Aracaju promete diversas a\u00e7\u00f5es para crian\u00e7as e fam\u00edlias.\" \/>\n<meta property=\"og:url\" content=\"https:\/\/www.encontraaracaju.com.br\/sobre\/prefeitura-divulga-programacao-do-1o-evento-da-primeira-infancia-de-aracaju\/\" \/>\n<meta property=\"og:site_name\" content=\"Encontra Aracaju\" \/>\n<meta property=\"article:published_time\" content=\"2026-08-24T05:46:32+00:00\" \/>\n<meta property=\"og:image\" content=\"https:\/\/www.encontraaracaju.com.br\/sobre\/wp-content\/uploads\/2026\/08\/prefeitura-divulga-programacao-do-1-evento-da-primeira-infancia-de-aracaju.webp\" \/>\n<meta name=\"author\" content=\"Encontra Aracaju\" \/>\n<meta name=\"twitter:card\" content=\"summary_large_image\" \/>\n<meta name=\"twitter:label1\" content=\"Escrito por\" \/>\n\t<meta name=\"twitter:data1\" content=\"Encontra Aracaju\" \/>\n\t<meta name=\"twitter:label2\" content=\"Est. tempo de leitura\" \/>\n\t<meta name=\"twitter:data2\" content=\"4 minutos\" \/>\n<script type=\"application\/ld+json\" class=\"yoast-schema-graph\">{\"@context\":\"https:\/\/schema.org\",\"@graph\":[{\"@type\":\"WebPage\",\"@id\":\"https:\/\/www.encontraaracaju.com.br\/sobre\/prefeitura-divulga-programacao-do-1o-evento-da-primeira-infancia-de-aracaju\/\",\"url\":\"https:\/\/www.encontraaracaju.com.br\/sobre\/prefeitura-divulga-programacao-do-1o-evento-da-primeira-infancia-de-aracaju\/\",\"name\":\"Prefeitura divulga programa\u00e7\u00e3o do 1\u00ba Evento da Primeira Inf\u00e2ncia de Aracaju - Encontra Aracaju\",\"isPartOf\":{\"@id\":\"https:\/\/www.encontraaracaju.com.br\/sobre\/#website\"},\"primaryImageOfPage\":{\"@id\":\"https:\/\/www.encontraaracaju.com.br\/sobre\/prefeitura-divulga-programacao-do-1o-evento-da-primeira-infancia-de-aracaju\/#primaryimage\"},\"image\":{\"@id\":\"https:\/\/www.encontraaracaju.com.br\/sobre\/prefeitura-divulga-programacao-do-1o-evento-da-primeira-infancia-de-aracaju\/#primaryimage\"},\"thumbnailUrl\":\"https:\/\/www.encontraaracaju.com.br\/sobre\/wp-content\/uploads\/2026\/08\/prefeitura-divulga-programacao-do-1-evento-da-primeira-infancia-de-aracaju.webp\",\"datePublished\":\"2026-08-24T05:46:32+00:00\",\"author\":{\"@id\":\"https:\/\/www.encontraaracaju.com.br\/sobre\/#\/schema\/person\/4ffad47e9e50db5f93e67859b297b0be\"},\"breadcrumb\":{\"@id\":\"https:\/\/www.encontraaracaju.com.br\/sobre\/prefeitura-divulga-programacao-do-1o-evento-da-primeira-infancia-de-aracaju\/#breadcrumb\"},\"inLanguage\":\"pt-BR\",\"potentialAction\":[{\"@type\":\"ReadAction\",\"target\":[\"https:\/\/www.encontraaracaju.com.br\/sobre\/prefeitura-divulga-programacao-do-1o-evento-da-primeira-infancia-de-aracaju\/\"]}]},{\"@type\":\"ImageObject\",\"inLanguage\":\"pt-BR\",\"@id\":\"https:\/\/www.encontraaracaju.com.br\/sobre\/prefeitura-divulga-programacao-do-1o-evento-da-primeira-infancia-de-aracaju\/#primaryimage\",\"url\":\"https:\/\/www.encontraaracaju.com.br\/sobre\/wp-content\/uploads\/2026\/08\/prefeitura-divulga-programacao-do-1-evento-da-primeira-infancia-de-aracaju.webp\",\"contentUrl\":\"https:\/\/www.encontraaracaju.com.br\/sobre\/wp-content\/uploads\/2026\/08\/prefeitura-divulga-programacao-do-1-evento-da-primeira-infancia-de-aracaju.webp\",\"width\":280,\"height\":280,\"caption\":\"1\u00ba Evento da Primeira Inf\u00e2ncia de Aracaju\"},{\"@type\":\"BreadcrumbList\",\"@id\":\"https:\/\/www.encontraaracaju.com.br\/sobre\/prefeitura-divulga-programacao-do-1o-evento-da-primeira-infancia-de-aracaju\/#breadcrumb\",\"itemListElement\":[{\"@type\":\"ListItem\",\"position\":1,\"name\":\"In\u00edcio\",\"item\":\"https:\/\/www.encontraaracaju.com.br\/sobre\/\"},{\"@type\":\"ListItem\",\"position\":2,\"name\":\"Prefeitura divulga programa\u00e7\u00e3o do 1\u00ba Evento da Primeira Inf\u00e2ncia de Aracaju\"}]},{\"@type\":\"WebSite\",\"@id\":\"https:\/\/www.encontraaracaju.com.br\/sobre\/#website\",\"url\":\"https:\/\/www.encontraaracaju.com.br\/sobre\/\",\"name\":\"Encontra Aracaju\",\"description\":\"Not\u00edcias, eventos, informa\u00e7\u00f5es e dicas na cidade Aracaju e regi\u00e3o.\",\"potentialAction\":[{\"@type\":\"SearchAction\",\"target\":{\"@type\":\"EntryPoint\",\"urlTemplate\":\"https:\/\/www.encontraaracaju.com.br\/sobre\/?s={search_term_string}\"},\"query-input\":{\"@type\":\"PropertyValueSpecification\",\"valueRequired\":true,\"valueName\":\"search_term_string\"}}],\"inLanguage\":\"pt-BR\"},{\"@type\":\"Person\",\"@id\":\"https:\/\/www.encontraaracaju.com.br\/sobre\/#\/schema\/person\/4ffad47e9e50db5f93e67859b297b0be\",\"name\":\"Encontra Aracaju\",\"image\":{\"@type\":\"ImageObject\",\"inLanguage\":\"pt-BR\",\"@id\":\"https:\/\/www.encontraaracaju.com.br\/sobre\/#\/schema\/person\/image\/\",\"url\":\"https:\/\/secure.gravatar.com\/avatar\/507340682b8270222e1f208e23198b6ae7e2c6a1033ae84e99bc6bce4f82a387?s=96&d=mm&r=g\",\"contentUrl\":\"https:\/\/secure.gravatar.com\/avatar\/507340682b8270222e1f208e23198b6ae7e2c6a1033ae84e99bc6bce4f82a387?s=96&d=mm&r=g\",\"caption\":\"Encontra Aracaju\"},\"sameAs\":[\"http:\/\/www.encontraaracaju.com.br\"]}]}<\/script>\n<!-- \/ Yoast SEO plugin. -->","yoast_head_json":{"title":"Prefeitura divulga programa\u00e7\u00e3o do 1\u00ba Evento da Primeira Inf\u00e2ncia de Aracaju - Encontra Aracaju","robots":{"index":"index","follow":"follow","max-snippet":"max-snippet:-1","max-image-preview":"max-image-preview:large","max-video-preview":"max-video-preview:-1"},"canonical":"https:\/\/www.encontraaracaju.com.br\/sobre\/prefeitura-divulga-programacao-do-1o-evento-da-primeira-infancia-de-aracaju\/","og_locale":"pt_BR","og_type":"article","og_title":"Prefeitura divulga programa\u00e7\u00e3o do 1\u00ba Evento da Primeira Inf\u00e2ncia de Aracaju - Encontra Aracaju","og_description":"A programa\u00e7\u00e3o do 1\u00ba Evento da Primeira Inf\u00e2ncia de Aracaju promete diversas a\u00e7\u00f5es para crian\u00e7as e fam\u00edlias.","og_url":"https:\/\/www.encontraaracaju.com.br\/sobre\/prefeitura-divulga-programacao-do-1o-evento-da-primeira-infancia-de-aracaju\/","og_site_name":"Encontra Aracaju","article_published_time":"2026-08-24T05:46:32+00:00","og_image":[{"url":"https:\/\/www.encontraaracaju.com.br\/sobre\/wp-content\/uploads\/2026\/08\/prefeitura-divulga-programacao-do-1-evento-da-primeira-infancia-de-aracaju.webp","type":"","width":"","height":""}],"author":"Encontra Aracaju","twitter_card":"summary_large_image","twitter_misc":{"Escrito por":"Encontra Aracaju","Est. tempo de leitura":"4 minutos"},"schema":{"@context":"https:\/\/schema.org","@graph":[{"@type":"WebPage","@id":"https:\/\/www.encontraaracaju.com.br\/sobre\/prefeitura-divulga-programacao-do-1o-evento-da-primeira-infancia-de-aracaju\/","url":"https:\/\/www.encontraaracaju.com.br\/sobre\/prefeitura-divulga-programacao-do-1o-evento-da-primeira-infancia-de-aracaju\/","name":"Prefeitura divulga programa\u00e7\u00e3o do 1\u00ba Evento da Primeira Inf\u00e2ncia de Aracaju - Encontra Aracaju","isPartOf":{"@id":"https:\/\/www.encontraaracaju.com.br\/sobre\/#website"},"primaryImageOfPage":{"@id":"https:\/\/www.encontraaracaju.com.br\/sobre\/prefeitura-divulga-programacao-do-1o-evento-da-primeira-infancia-de-aracaju\/#primaryimage"},"image":{"@id":"https:\/\/www.encontraaracaju.com.br\/sobre\/prefeitura-divulga-programacao-do-1o-evento-da-primeira-infancia-de-aracaju\/#primaryimage"},"thumbnailUrl":"https:\/\/www.encontraaracaju.com.br\/sobre\/wp-content\/uploads\/2026\/08\/prefeitura-divulga-programacao-do-1-evento-da-primeira-infancia-de-aracaju.webp","datePublished":"2026-08-24T05:46:32+00:00","author":{"@id":"https:\/\/www.encontraaracaju.com.br\/sobre\/#\/schema\/person\/4ffad47e9e50db5f93e67859b297b0be"},"breadcrumb":{"@id":"https:\/\/www.encontraaracaju.com.br\/sobre\/prefeitura-divulga-programacao-do-1o-evento-da-primeira-infancia-de-aracaju\/#breadcrumb"},"inLanguage":"pt-BR","potentialAction":[{"@type":"ReadAction","target":["https:\/\/www.encontraaracaju.com.br\/sobre\/prefeitura-divulga-programacao-do-1o-evento-da-primeira-infancia-de-aracaju\/"]}]},{"@type":"ImageObject","inLanguage":"pt-BR","@id":"https:\/\/www.encontraaracaju.com.br\/sobre\/prefeitura-divulga-programacao-do-1o-evento-da-primeira-infancia-de-aracaju\/#primaryimage","url":"https:\/\/www.encontraaracaju.com.br\/sobre\/wp-content\/uploads\/2026\/08\/prefeitura-divulga-programacao-do-1-evento-da-primeira-infancia-de-aracaju.webp","contentUrl":"https:\/\/www.encontraaracaju.com.br\/sobre\/wp-content\/uploads\/2026\/08\/prefeitura-divulga-programacao-do-1-evento-da-primeira-infancia-de-aracaju.webp","width":280,"height":280,"caption":"1\u00ba Evento da Primeira Inf\u00e2ncia de Aracaju"},{"@type":"BreadcrumbList","@id":"https:\/\/www.encontraaracaju.com.br\/sobre\/prefeitura-divulga-programacao-do-1o-evento-da-primeira-infancia-de-aracaju\/#breadcrumb","itemListElement":[{"@type":"ListItem","position":1,"name":"In\u00edcio","item":"https:\/\/www.encontraaracaju.com.br\/sobre\/"},{"@type":"ListItem","position":2,"name":"Prefeitura divulga programa\u00e7\u00e3o do 1\u00ba Evento da Primeira Inf\u00e2ncia de Aracaju"}]},{"@type":"WebSite","@id":"https:\/\/www.encontraaracaju.com.br\/sobre\/#website","url":"https:\/\/www.encontraaracaju.com.br\/sobre\/","name":"Encontra Aracaju","description":"Not\u00edcias, eventos, informa\u00e7\u00f5es e dicas na cidade Aracaju e regi\u00e3o.","potentialAction":[{"@type":"SearchAction","target":{"@type":"EntryPoint","urlTemplate":"https:\/\/www.encontraaracaju.com.br\/sobre\/?s={search_term_string}"},"query-input":{"@type":"PropertyValueSpecification","valueRequired":true,"valueName":"search_term_string"}}],"inLanguage":"pt-BR"},{"@type":"Person","@id":"https:\/\/www.encontraaracaju.com.br\/sobre\/#\/schema\/person\/4ffad47e9e50db5f93e67859b297b0be","name":"Encontra Aracaju","image":{"@type":"ImageObject","inLanguage":"pt-BR","@id":"https:\/\/www.encontraaracaju.com.br\/sobre\/#\/schema\/person\/image\/","url":"https:\/\/secure.gravatar.com\/avatar\/507340682b8270222e1f208e23198b6ae7e2c6a1033ae84e99bc6bce4f82a387?s=96&d=mm&r=g","contentUrl":"https:\/\/secure.gravatar.com\/avatar\/507340682b8270222e1f208e23198b6ae7e2c6a1033ae84e99bc6bce4f82a387?s=96&d=mm&r=g","caption":"Encontra Aracaju"},"sameAs":["http:\/\/www.encontraaracaju.com.br"]}]}},"_links":{"self":[{"href":"https:\/\/www.encontraaracaju.com.br\/sobre\/wp-json\/wp\/v2\/posts\/2510","targetHints":{"allow":["GET"]}}],"collection":[{"href":"https:\/\/www.encontraaracaju.com.br\/sobre\/wp-json\/wp\/v2\/posts"}],"about":[{"href":"https:\/\/www.encontraaracaju.com.br\/sobre\/wp-json\/wp\/v2\/types\/post"}],"author":[{"embeddable":true,"href":"https:\/\/www.encontraaracaju.com.br\/sobre\/wp-json\/wp\/v2\/users\/1"}],"replies":[{"embeddable":true,"href":"https:\/\/www.encontraaracaju.com.br\/sobre\/wp-json\/wp\/v2\/comments?post=2510"}],"version-history":[{"count":0,"href":"https:\/\/www.encontraaracaju.com.br\/sobre\/wp-json\/wp\/v2\/posts\/2510\/revisions"}],"wp:featuredmedia":[{"embeddable":true,"href":"https:\/\/www.encontraaracaju.com.br\/sobre\/wp-json\/wp\/v2\/media\/2509"}],"wp:attachment":[{"href":"https:\/\/www.encontraaracaju.com.br\/sobre\/wp-json\/wp\/v2\/media?parent=2510"}],"wp:term":[{"taxonomy":"category","embeddable":true,"href":"https:\/\/www.encontraaracaju.com.br\/sobre\/wp-json\/wp\/v2\/categories?post=2510"},{"taxonomy":"post_tag","embeddable":true,"href":"https:\/\/www.encontraaracaju.com.br\/sobre\/wp-json\/wp\/v2\/tags?post=2510"}],"curies":[{"name":"wp","href":"https:\/\/api.w.org\/{rel}","templated":true}]}}