{"id":2482,"date":"2026-08-19T02:47:55","date_gmt":"2026-08-19T05:47:55","guid":{"rendered":"https:\/\/www.encontraaracaju.com.br\/sobre\/prefeitura-de-aracaju-promove-dia-d-de-multivacinacao-neste-sabado-22\/"},"modified":"2026-08-19T02:47:55","modified_gmt":"2026-08-19T05:47:55","slug":"prefeitura-de-aracaju-promove-dia-d-de-multivacinacao-neste-sabado-22","status":"publish","type":"post","link":"https:\/\/www.encontraaracaju.com.br\/sobre\/prefeitura-de-aracaju-promove-dia-d-de-multivacinacao-neste-sabado-22\/","title":{"rendered":"Prefeitura de Aracaju promove Dia D de Multivacina\u00e7\u00e3o neste s\u00e1bado, 22"},"content":{"rendered":"<div class=\"0de350683d360aa04277a39db0bae410\" data-index=\"1\" style=\"float: none; margin:0px;\">\n<!-- Anuncio display - global -->\r\n<ins class=\"adsbygoogle\"\r\n     style=\"display:block\"\r\n     data-ad-client=\"ca-pub-8585364105181520\"\r\n     data-ad-slot=\"8789329856\"\r\n     data-ad-format=\"auto\"\r\n     data-full-width-responsive=\"true\"><\/ins>\r\n<script>\r\n     (adsbygoogle = window.adsbygoogle || []).push({});\r\n<\/script>\n<\/div>\n<h2>O que \u00e9 o Dia D de Multivacina\u00e7\u00e3o?<\/h2>\n<p>O Dia D de Multivacina\u00e7\u00e3o \u00e9 uma iniciativa promovida anualmente pela <strong>Secretaria Municipal da Sa\u00fade<\/strong> (SMS) de Aracaju, destinada \u00e0 atualiza\u00e7\u00e3o do calend\u00e1rio vacinal de crian\u00e7as e adolescentes com idade de at\u00e9 15 anos. Este evento ocorre em um dia espec\u00edfico e integra uma mobiliza\u00e7\u00e3o nacional proposta pelo <strong>Minist\u00e9rio da Sa\u00fade<\/strong> para refor\u00e7ar a import\u00e2ncia da imuniza\u00e7\u00e3o e garantir que as vacinas sejam aplicadas em quem ainda n\u00e3o completou o esquema vacinal correto.<\/p>\n<h2>Import\u00e2ncia da Vacina\u00e7\u00e3o em Crian\u00e7as e Adolescentes<\/h2>\n<p>A vacina\u00e7\u00e3o \u00e9 uma pr\u00e1tica essencial para a preven\u00e7\u00e3o de doen\u00e7as. Por meio dela, criam-se barreiras contra infec\u00e7\u00f5es que podem ter consequ\u00eancias severas. A <strong>imuniza\u00e7\u00e3o<\/strong> \u00e9 uma das formas mais eficazes de proteger a sa\u00fade da popula\u00e7\u00e3o infantil e adolescente, contribuindo para:<\/p>\n<ul>\n<li><strong>Preven\u00e7\u00e3o de Epidemias:<\/strong> A vacina\u00e7\u00e3o ajuda a prevenir surtos de doen\u00e7as que podem ser facilmente controladas.<\/li>\n<li><strong>Promo\u00e7\u00e3o da Sa\u00fade Coletiva:<\/strong> Ao vacinar uma grande parte da popula\u00e7\u00e3o, diminui-se a circula\u00e7\u00e3o do v\u00edrus, protegendo aqueles que n\u00e3o podem ser vacinados.<\/li>\n<li><strong>Redu\u00e7\u00e3o da Mortalidade:<\/strong> As vacinas t\u00eam um papel crucial na diminui\u00e7\u00e3o das taxas de mortalidade infantil.<\/li>\n<li><strong>Conscientiza\u00e7\u00e3o:<\/strong> A vacina\u00e7\u00e3o promove uma cultura de sa\u00fade preventiva, essencial para o futuro da sociedade.<\/li>\n<\/ul>\n<h2>Onde Acontecer\u00e1 o Evento em Aracaju?<\/h2>\n<p>O evento do Dia D de Multivacina\u00e7\u00e3o ocorrer\u00e1 em <strong>16 Unidades de Sa\u00fade da Fam\u00edlia<\/strong> (USFs) localizadas nas diferentes regi\u00f5es sanit\u00e1rias de Aracaju. Estas unidades foram cuidadosamente escolhidas para garantir que a popula\u00e7\u00e3o tenha f\u00e1cil acesso aos servi\u00e7os de sa\u00fade e possa levar seus filhos para atualiza\u00e7\u00e3o vacinal.<\/p>\n<p><img decoding=\"async\" src=\"https:\/\/www.encontraaracaju.com.br\/sobre\/wp-content\/uploads\/2026\/08\/prefeitura-de-aracaju-promove-dia-d-de-multivacinacao-neste-sabado-22.webp\" alt=\"Dia D de Multivacina\u00e7\u00e3o\" loading=\"lazy\" \/><\/p>\n<h2>Hor\u00e1rio de Funcionamento das Unidades de Sa\u00fade<\/h2>\n<p>As Unidades de Sa\u00fade estar\u00e3o abertas para vacina\u00e7\u00e3o das <strong>8h \u00e0s 16h<\/strong> durante o Dia D. Este hor\u00e1rio foi estabelecido para proporcionar uma maior flexibilidade \u00e0 popula\u00e7\u00e3o, permitindo que mais fam\u00edlias possam comparecer e garantir as vacinas necess\u00e1rias para seus filhos.<\/p>\n<h2>Vacinas Dispon\u00edveis Durante o Dia D<\/h2>\n<p>No Dia D, ser\u00e3o oferecidas diversas vacinas conforme estipulado pelo <strong>Calend\u00e1rio Nacional de Vacina\u00e7\u00e3o<\/strong>. Entre as vacinas que estar\u00e3o dispon\u00edveis, podemos destacar:<\/p>\n<ul>\n<li>BCG (tuberculose)<\/li>\n<li>Hepatite B<\/li>\n<li>Poliomielite<\/li>\n<li>Febre Amarela<\/li>\n<li>Tr\u00edplice Viral (sarampo, caxumba e rub\u00e9ola)<\/li>\n<li>Pneumoc\u00f3cica<\/li>\n<li>Vacina contra a Covid-19<\/li>\n<\/ul>\n<p>Al\u00e9m das vacinas j\u00e1 mencionadas, a imuniza\u00e7\u00e3o contra a <strong>Influenza<\/strong> ser\u00e1 liberada para todos os grupos et\u00e1rios, representando mais uma oportunidade para aumentar a cobertura vacinal.<\/p>\n<h2>Preven\u00e7\u00e3o contra o Sarampo: O Alerta da Sa\u00fade<\/h2>\n<p>Neste ano, a realiza\u00e7\u00e3o do Dia D de Multivacina\u00e7\u00e3o \u00e9 especialmente voltada para a preven\u00e7\u00e3o do <strong>sarampos<\/strong>, devido ao aumento de casos registrados em v\u00e1rias partes do pa\u00eds. A gerente de Imuniza\u00e7\u00e3o da SMS, Aizla Carolainy Santos, enfatiza a import\u00e2ncia de atualizar as cadernetas vacinais e a conscientiza\u00e7\u00e3o da popula\u00e7\u00e3o sobre a gravidade da doen\u00e7a.<\/p>\n<p>Aizla destaca que, com a antecipa\u00e7\u00e3o da campanha para agosto, \u00e9 crucial que os pais avaliem se h\u00e1 alguma dose pendente que seus filhos precisam receber. Essa aten\u00e7\u00e3o \u00e9 vital para evitar a volta de doen\u00e7as que antes estavam controladas.<\/p>\n<h2>Documenta\u00e7\u00e3o Necess\u00e1ria para a Vacina\u00e7\u00e3o<\/h2>\n<p>Para que os menores sejam vacinados no Dia D, os respons\u00e1veis devem portar a <strong>caderneta de vacina\u00e7\u00e3o<\/strong> e um documento de identifica\u00e7\u00e3o da crian\u00e7a ou do adolescente. A atualiza\u00e7\u00e3o das vacinas \u00e9 um passo crucial para garantir a imunidade e a sa\u00fade dos jovens.<\/p>\n<h2>Como a Vacina\u00e7\u00e3o Coletiva Aumenta a Imunidade<\/h2>\n<p>A vacina\u00e7\u00e3o em massa n\u00e3o somente protege indiv\u00edduos, mas tamb\u00e9m cria um efeito de <strong>imunidade coletiva<\/strong>. Isso significa que, quando uma alta porcentagem da popula\u00e7\u00e3o est\u00e1 vacinada, a propaga\u00e7\u00e3o de doen\u00e7as infecciosas \u00e9 significativamente reduzida, dificultando a circula\u00e7\u00e3o do v\u00edrus e protegendo at\u00e9 mesmo os n\u00e3o vacinados. Essa estrat\u00e9gia \u00e9 especialmente importante em \u00e9pocas de surtos e epidemias.<\/p>\n<h2>A Conscientiza\u00e7\u00e3o dos Pais sobre Vacina\u00e7\u00e3o<\/h2>\n<p>A educa\u00e7\u00e3o e a conscientiza\u00e7\u00e3o s\u00e3o fundamentais para o sucesso da vacina\u00e7\u00e3o. Os pais devem ser incentivados a compreender a import\u00e2ncia das vacinas e a manter a caderneta vacinal de seus filhos em dia. A informa\u00e7\u00e3o correta, que pode ser disseminada em campanhas e eventos como o Dia D, auxilia os respons\u00e1veis a tomarem decis\u00f5es informadas sobre a sa\u00fade de seus filhos, tornando-se uma prioridade comunit\u00e1ria.<\/p>\n<h2>Pr\u00f3ximos Passos Ap\u00f3s o Dia D<\/h2>\n<p>Ap\u00f3s o Dia D de Multivacina\u00e7\u00e3o, \u00e9 essencial que as fam\u00edlias continuem a buscar a atualiza\u00e7\u00e3o vacinal de seus filhos. As 45 Unidades de Sa\u00fade da Fam\u00edlia da cidade permanecer\u00e3o \u00e0 disposi\u00e7\u00e3o para realizar a vacina\u00e7\u00e3o em outros dias da semana, de <strong>segunda a sexta-feira<\/strong>. \u00c9 importante que os cidad\u00e3os permane\u00e7am atentos \u00e0s campanhas e n\u00e3o deixem de buscar a sa\u00fade preventiva.<\/p>\n<p>Promover e participar da vacina\u00e7\u00e3o \u00e9 um dever de todos, sendo fundamental para a constru\u00e7\u00e3o de uma sociedade saud\u00e1vel e protegida contra epidemias. Em um momento como este, quando h\u00e1 alertas sobre doen\u00e7as como o sarampo, mais do que nunca, a colabora\u00e7\u00e3o da popula\u00e7\u00e3o \u00e9 crucial.<\/p>\n\n<div style=\"font-size: 0px; height: 0px; line-height: 0px; margin: 0; padding: 0; clear: both;\"><\/div>","protected":false},"excerpt":{"rendered":"<p>Dia D de Multivacina\u00e7\u00e3o acontece s\u00e1bado em Aracaju, confira os detalhes!<\/p>\n","protected":false},"author":1,"featured_media":2481,"comment_status":"closed","ping_status":"closed","sticky":false,"template":"","format":"standard","meta":{"footnotes":""},"categories":[23],"tags":[],"class_list":["post-2482","post","type-post","status-publish","format-standard","has-post-thumbnail","hentry","category-educacao-em-aracaju","has_thumb"],"yoast_head":"<!-- This site is optimized with the Yoast SEO plugin v26.4 - https:\/\/yoast.com\/wordpress\/plugins\/seo\/ -->\n<title>Prefeitura de Aracaju promove Dia D de Multivacina\u00e7\u00e3o neste s\u00e1bado, 22 - Encontra Aracaju<\/title>\n<meta name=\"robots\" content=\"index, follow, max-snippet:-1, max-image-preview:large, max-video-preview:-1\" \/>\n<link rel=\"canonical\" href=\"https:\/\/www.encontraaracaju.com.br\/sobre\/prefeitura-de-aracaju-promove-dia-d-de-multivacinacao-neste-sabado-22\/\" \/>\n<meta property=\"og:locale\" content=\"pt_BR\" \/>\n<meta property=\"og:type\" content=\"article\" \/>\n<meta property=\"og:title\" content=\"Prefeitura de Aracaju promove Dia D de Multivacina\u00e7\u00e3o neste s\u00e1bado, 22 - Encontra Aracaju\" \/>\n<meta property=\"og:description\" content=\"Dia D de Multivacina\u00e7\u00e3o acontece s\u00e1bado em Aracaju, confira os detalhes!\" \/>\n<meta property=\"og:url\" content=\"https:\/\/www.encontraaracaju.com.br\/sobre\/prefeitura-de-aracaju-promove-dia-d-de-multivacinacao-neste-sabado-22\/\" \/>\n<meta property=\"og:site_name\" content=\"Encontra Aracaju\" \/>\n<meta property=\"article:published_time\" content=\"2026-08-19T05:47:55+00:00\" \/>\n<meta property=\"og:image\" content=\"https:\/\/www.encontraaracaju.com.br\/sobre\/wp-content\/uploads\/2026\/08\/prefeitura-de-aracaju-promove-dia-d-de-multivacinacao-neste-sabado-22.webp\" \/>\n<meta name=\"author\" content=\"Encontra Aracaju\" \/>\n<meta name=\"twitter:card\" content=\"summary_large_image\" \/>\n<meta name=\"twitter:label1\" content=\"Escrito por\" \/>\n\t<meta name=\"twitter:data1\" content=\"Encontra Aracaju\" \/>\n\t<meta name=\"twitter:label2\" content=\"Est. tempo de leitura\" \/>\n\t<meta name=\"twitter:data2\" content=\"4 minutos\" \/>\n<script type=\"application\/ld+json\" class=\"yoast-schema-graph\">{\"@context\":\"https:\/\/schema.org\",\"@graph\":[{\"@type\":\"WebPage\",\"@id\":\"https:\/\/www.encontraaracaju.com.br\/sobre\/prefeitura-de-aracaju-promove-dia-d-de-multivacinacao-neste-sabado-22\/\",\"url\":\"https:\/\/www.encontraaracaju.com.br\/sobre\/prefeitura-de-aracaju-promove-dia-d-de-multivacinacao-neste-sabado-22\/\",\"name\":\"Prefeitura de Aracaju promove Dia D de Multivacina\u00e7\u00e3o neste s\u00e1bado, 22 - Encontra Aracaju\",\"isPartOf\":{\"@id\":\"https:\/\/www.encontraaracaju.com.br\/sobre\/#website\"},\"primaryImageOfPage\":{\"@id\":\"https:\/\/www.encontraaracaju.com.br\/sobre\/prefeitura-de-aracaju-promove-dia-d-de-multivacinacao-neste-sabado-22\/#primaryimage\"},\"image\":{\"@id\":\"https:\/\/www.encontraaracaju.com.br\/sobre\/prefeitura-de-aracaju-promove-dia-d-de-multivacinacao-neste-sabado-22\/#primaryimage\"},\"thumbnailUrl\":\"https:\/\/www.encontraaracaju.com.br\/sobre\/wp-content\/uploads\/2026\/08\/prefeitura-de-aracaju-promove-dia-d-de-multivacinacao-neste-sabado-22.webp\",\"datePublished\":\"2026-08-19T05:47:55+00:00\",\"author\":{\"@id\":\"https:\/\/www.encontraaracaju.com.br\/sobre\/#\/schema\/person\/4ffad47e9e50db5f93e67859b297b0be\"},\"breadcrumb\":{\"@id\":\"https:\/\/www.encontraaracaju.com.br\/sobre\/prefeitura-de-aracaju-promove-dia-d-de-multivacinacao-neste-sabado-22\/#breadcrumb\"},\"inLanguage\":\"pt-BR\",\"potentialAction\":[{\"@type\":\"ReadAction\",\"target\":[\"https:\/\/www.encontraaracaju.com.br\/sobre\/prefeitura-de-aracaju-promove-dia-d-de-multivacinacao-neste-sabado-22\/\"]}]},{\"@type\":\"ImageObject\",\"inLanguage\":\"pt-BR\",\"@id\":\"https:\/\/www.encontraaracaju.com.br\/sobre\/prefeitura-de-aracaju-promove-dia-d-de-multivacinacao-neste-sabado-22\/#primaryimage\",\"url\":\"https:\/\/www.encontraaracaju.com.br\/sobre\/wp-content\/uploads\/2026\/08\/prefeitura-de-aracaju-promove-dia-d-de-multivacinacao-neste-sabado-22.webp\",\"contentUrl\":\"https:\/\/www.encontraaracaju.com.br\/sobre\/wp-content\/uploads\/2026\/08\/prefeitura-de-aracaju-promove-dia-d-de-multivacinacao-neste-sabado-22.webp\",\"width\":280,\"height\":280,\"caption\":\"Dia D de Multivacina\u00e7\u00e3o\"},{\"@type\":\"BreadcrumbList\",\"@id\":\"https:\/\/www.encontraaracaju.com.br\/sobre\/prefeitura-de-aracaju-promove-dia-d-de-multivacinacao-neste-sabado-22\/#breadcrumb\",\"itemListElement\":[{\"@type\":\"ListItem\",\"position\":1,\"name\":\"In\u00edcio\",\"item\":\"https:\/\/www.encontraaracaju.com.br\/sobre\/\"},{\"@type\":\"ListItem\",\"position\":2,\"name\":\"Prefeitura de Aracaju promove Dia D de Multivacina\u00e7\u00e3o neste s\u00e1bado, 22\"}]},{\"@type\":\"WebSite\",\"@id\":\"https:\/\/www.encontraaracaju.com.br\/sobre\/#website\",\"url\":\"https:\/\/www.encontraaracaju.com.br\/sobre\/\",\"name\":\"Encontra Aracaju\",\"description\":\"Not\u00edcias, eventos, informa\u00e7\u00f5es e dicas na cidade Aracaju e regi\u00e3o.\",\"potentialAction\":[{\"@type\":\"SearchAction\",\"target\":{\"@type\":\"EntryPoint\",\"urlTemplate\":\"https:\/\/www.encontraaracaju.com.br\/sobre\/?s={search_term_string}\"},\"query-input\":{\"@type\":\"PropertyValueSpecification\",\"valueRequired\":true,\"valueName\":\"search_term_string\"}}],\"inLanguage\":\"pt-BR\"},{\"@type\":\"Person\",\"@id\":\"https:\/\/www.encontraaracaju.com.br\/sobre\/#\/schema\/person\/4ffad47e9e50db5f93e67859b297b0be\",\"name\":\"Encontra Aracaju\",\"image\":{\"@type\":\"ImageObject\",\"inLanguage\":\"pt-BR\",\"@id\":\"https:\/\/www.encontraaracaju.com.br\/sobre\/#\/schema\/person\/image\/\",\"url\":\"https:\/\/secure.gravatar.com\/avatar\/507340682b8270222e1f208e23198b6ae7e2c6a1033ae84e99bc6bce4f82a387?s=96&d=mm&r=g\",\"contentUrl\":\"https:\/\/secure.gravatar.com\/avatar\/507340682b8270222e1f208e23198b6ae7e2c6a1033ae84e99bc6bce4f82a387?s=96&d=mm&r=g\",\"caption\":\"Encontra Aracaju\"},\"sameAs\":[\"http:\/\/www.encontraaracaju.com.br\"]}]}<\/script>\n<!-- \/ Yoast SEO plugin. -->","yoast_head_json":{"title":"Prefeitura de Aracaju promove Dia D de Multivacina\u00e7\u00e3o neste s\u00e1bado, 22 - Encontra Aracaju","robots":{"index":"index","follow":"follow","max-snippet":"max-snippet:-1","max-image-preview":"max-image-preview:large","max-video-preview":"max-video-preview:-1"},"canonical":"https:\/\/www.encontraaracaju.com.br\/sobre\/prefeitura-de-aracaju-promove-dia-d-de-multivacinacao-neste-sabado-22\/","og_locale":"pt_BR","og_type":"article","og_title":"Prefeitura de Aracaju promove Dia D de Multivacina\u00e7\u00e3o neste s\u00e1bado, 22 - Encontra Aracaju","og_description":"Dia D de Multivacina\u00e7\u00e3o acontece s\u00e1bado em Aracaju, confira os detalhes!","og_url":"https:\/\/www.encontraaracaju.com.br\/sobre\/prefeitura-de-aracaju-promove-dia-d-de-multivacinacao-neste-sabado-22\/","og_site_name":"Encontra Aracaju","article_published_time":"2026-08-19T05:47:55+00:00","og_image":[{"url":"https:\/\/www.encontraaracaju.com.br\/sobre\/wp-content\/uploads\/2026\/08\/prefeitura-de-aracaju-promove-dia-d-de-multivacinacao-neste-sabado-22.webp","type":"","width":"","height":""}],"author":"Encontra Aracaju","twitter_card":"summary_large_image","twitter_misc":{"Escrito por":"Encontra Aracaju","Est. tempo de leitura":"4 minutos"},"schema":{"@context":"https:\/\/schema.org","@graph":[{"@type":"WebPage","@id":"https:\/\/www.encontraaracaju.com.br\/sobre\/prefeitura-de-aracaju-promove-dia-d-de-multivacinacao-neste-sabado-22\/","url":"https:\/\/www.encontraaracaju.com.br\/sobre\/prefeitura-de-aracaju-promove-dia-d-de-multivacinacao-neste-sabado-22\/","name":"Prefeitura de Aracaju promove Dia D de Multivacina\u00e7\u00e3o neste s\u00e1bado, 22 - Encontra Aracaju","isPartOf":{"@id":"https:\/\/www.encontraaracaju.com.br\/sobre\/#website"},"primaryImageOfPage":{"@id":"https:\/\/www.encontraaracaju.com.br\/sobre\/prefeitura-de-aracaju-promove-dia-d-de-multivacinacao-neste-sabado-22\/#primaryimage"},"image":{"@id":"https:\/\/www.encontraaracaju.com.br\/sobre\/prefeitura-de-aracaju-promove-dia-d-de-multivacinacao-neste-sabado-22\/#primaryimage"},"thumbnailUrl":"https:\/\/www.encontraaracaju.com.br\/sobre\/wp-content\/uploads\/2026\/08\/prefeitura-de-aracaju-promove-dia-d-de-multivacinacao-neste-sabado-22.webp","datePublished":"2026-08-19T05:47:55+00:00","author":{"@id":"https:\/\/www.encontraaracaju.com.br\/sobre\/#\/schema\/person\/4ffad47e9e50db5f93e67859b297b0be"},"breadcrumb":{"@id":"https:\/\/www.encontraaracaju.com.br\/sobre\/prefeitura-de-aracaju-promove-dia-d-de-multivacinacao-neste-sabado-22\/#breadcrumb"},"inLanguage":"pt-BR","potentialAction":[{"@type":"ReadAction","target":["https:\/\/www.encontraaracaju.com.br\/sobre\/prefeitura-de-aracaju-promove-dia-d-de-multivacinacao-neste-sabado-22\/"]}]},{"@type":"ImageObject","inLanguage":"pt-BR","@id":"https:\/\/www.encontraaracaju.com.br\/sobre\/prefeitura-de-aracaju-promove-dia-d-de-multivacinacao-neste-sabado-22\/#primaryimage","url":"https:\/\/www.encontraaracaju.com.br\/sobre\/wp-content\/uploads\/2026\/08\/prefeitura-de-aracaju-promove-dia-d-de-multivacinacao-neste-sabado-22.webp","contentUrl":"https:\/\/www.encontraaracaju.com.br\/sobre\/wp-content\/uploads\/2026\/08\/prefeitura-de-aracaju-promove-dia-d-de-multivacinacao-neste-sabado-22.webp","width":280,"height":280,"caption":"Dia D de Multivacina\u00e7\u00e3o"},{"@type":"BreadcrumbList","@id":"https:\/\/www.encontraaracaju.com.br\/sobre\/prefeitura-de-aracaju-promove-dia-d-de-multivacinacao-neste-sabado-22\/#breadcrumb","itemListElement":[{"@type":"ListItem","position":1,"name":"In\u00edcio","item":"https:\/\/www.encontraaracaju.com.br\/sobre\/"},{"@type":"ListItem","position":2,"name":"Prefeitura de Aracaju promove Dia D de Multivacina\u00e7\u00e3o neste s\u00e1bado, 22"}]},{"@type":"WebSite","@id":"https:\/\/www.encontraaracaju.com.br\/sobre\/#website","url":"https:\/\/www.encontraaracaju.com.br\/sobre\/","name":"Encontra Aracaju","description":"Not\u00edcias, eventos, informa\u00e7\u00f5es e dicas na cidade Aracaju e regi\u00e3o.","potentialAction":[{"@type":"SearchAction","target":{"@type":"EntryPoint","urlTemplate":"https:\/\/www.encontraaracaju.com.br\/sobre\/?s={search_term_string}"},"query-input":{"@type":"PropertyValueSpecification","valueRequired":true,"valueName":"search_term_string"}}],"inLanguage":"pt-BR"},{"@type":"Person","@id":"https:\/\/www.encontraaracaju.com.br\/sobre\/#\/schema\/person\/4ffad47e9e50db5f93e67859b297b0be","name":"Encontra Aracaju","image":{"@type":"ImageObject","inLanguage":"pt-BR","@id":"https:\/\/www.encontraaracaju.com.br\/sobre\/#\/schema\/person\/image\/","url":"https:\/\/secure.gravatar.com\/avatar\/507340682b8270222e1f208e23198b6ae7e2c6a1033ae84e99bc6bce4f82a387?s=96&d=mm&r=g","contentUrl":"https:\/\/secure.gravatar.com\/avatar\/507340682b8270222e1f208e23198b6ae7e2c6a1033ae84e99bc6bce4f82a387?s=96&d=mm&r=g","caption":"Encontra Aracaju"},"sameAs":["http:\/\/www.encontraaracaju.com.br"]}]}},"_links":{"self":[{"href":"https:\/\/www.encontraaracaju.com.br\/sobre\/wp-json\/wp\/v2\/posts\/2482","targetHints":{"allow":["GET"]}}],"collection":[{"href":"https:\/\/www.encontraaracaju.com.br\/sobre\/wp-json\/wp\/v2\/posts"}],"about":[{"href":"https:\/\/www.encontraaracaju.com.br\/sobre\/wp-json\/wp\/v2\/types\/post"}],"author":[{"embeddable":true,"href":"https:\/\/www.encontraaracaju.com.br\/sobre\/wp-json\/wp\/v2\/users\/1"}],"replies":[{"embeddable":true,"href":"https:\/\/www.encontraaracaju.com.br\/sobre\/wp-json\/wp\/v2\/comments?post=2482"}],"version-history":[{"count":0,"href":"https:\/\/www.encontraaracaju.com.br\/sobre\/wp-json\/wp\/v2\/posts\/2482\/revisions"}],"wp:featuredmedia":[{"embeddable":true,"href":"https:\/\/www.encontraaracaju.com.br\/sobre\/wp-json\/wp\/v2\/media\/2481"}],"wp:attachment":[{"href":"https:\/\/www.encontraaracaju.com.br\/sobre\/wp-json\/wp\/v2\/media?parent=2482"}],"wp:term":[{"taxonomy":"category","embeddable":true,"href":"https:\/\/www.encontraaracaju.com.br\/sobre\/wp-json\/wp\/v2\/categories?post=2482"},{"taxonomy":"post_tag","embeddable":true,"href":"https:\/\/www.encontraaracaju.com.br\/sobre\/wp-json\/wp\/v2\/tags?post=2482"}],"curies":[{"name":"wp","href":"https:\/\/api.w.org\/{rel}","templated":true}]}}