{"id":2470,"date":"2026-08-17T02:47:25","date_gmt":"2026-08-17T05:47:25","guid":{"rendered":"https:\/\/www.encontraaracaju.com.br\/sobre\/concurso-guarda-de-aracaju-se-tem-prazo-de-inscricao-reaberto\/"},"modified":"2026-08-17T02:47:25","modified_gmt":"2026-08-17T05:47:25","slug":"concurso-guarda-de-aracaju-se-tem-prazo-de-inscricao-reaberto","status":"publish","type":"post","link":"https:\/\/www.encontraaracaju.com.br\/sobre\/concurso-guarda-de-aracaju-se-tem-prazo-de-inscricao-reaberto\/","title":{"rendered":"Concurso Guarda de Aracaju SE tem prazo de inscri\u00e7\u00e3o reaberto"},"content":{"rendered":"<div class=\"0de350683d360aa04277a39db0bae410\" data-index=\"1\" style=\"float: none; margin:0px;\">\n<!-- Anuncio display - global -->\r\n<ins class=\"adsbygoogle\"\r\n     style=\"display:block\"\r\n     data-ad-client=\"ca-pub-8585364105181520\"\r\n     data-ad-slot=\"8789329856\"\r\n     data-ad-format=\"auto\"\r\n     data-full-width-responsive=\"true\"><\/ins>\r\n<script>\r\n     (adsbygoogle = window.adsbygoogle || []).push({});\r\n<\/script>\n<\/div>\n<h2>Inscri\u00e7\u00f5es Abertas at\u00e9 17 de Agosto<\/h2>\n<p>O concurso para a Guarda Municipal de Aracaju, localizado em Sergipe, reabriu seu per\u00edodo de inscri\u00e7\u00f5es, permitindo que os candidatos tenham at\u00e9 o dia 17 de agosto para se inscrever e concorrer a uma das 100 vagas dispon\u00edveis. Essa nova oportunidade de inscri\u00e7\u00e3o come\u00e7ou no dia 11 de agosto e permite que os interessados fa\u00e7am suas candidaturas pelo site da banca organizadora, o Idecan.<\/p>\n<h2>Vagas Dispon\u00edveis no Concurso<\/h2>\n<p>S\u00e3o oferecidas um total de 100 vagas para o cargo de guarda municipal. A distribui\u00e7\u00e3o das vagas \u00e9 feita da seguinte maneira:<\/p>\n<ul>\n<li><strong>Ampla Concorr\u00eancia:<\/strong> 85 vagas<\/li>\n<li><strong>Candidatos Negros:<\/strong> 10 vagas<\/li>\n<li><strong>Pessoas com Defici\u00eancia:<\/strong> 5 vagas<\/li>\n<\/ul>\n<p>Para se candidatar, \u00e9 imprescind\u00edvel que o solicitante possua diploma de n\u00edvel m\u00e9dio completo.<\/p>\n<p><img decoding=\"async\" src=\"https:\/\/www.encontraaracaju.com.br\/sobre\/wp-content\/uploads\/2026\/08\/concurso-guarda-de-aracaju-se-tem-prazo-de-inscricao-reaberto.webp\" alt=\"\" loading=\"lazy\" \/><\/p>\n<h2>Taxa de Inscri\u00e7\u00e3o e Formas de Pagamento<\/h2>\n<p>A taxa de inscri\u00e7\u00e3o para o concurso \u00e9 de R$160. O pagamento pode ser realizado por meio de boleto banc\u00e1rio, PIX ou cart\u00e3o de cr\u00e9dito, oferecendo flexibilidade aos candidatos. Ap\u00f3s preencher o formul\u00e1rio de inscri\u00e7\u00e3o, o participante receber\u00e1 um boleto para a quita\u00e7\u00e3o da taxa, sendo a inscri\u00e7\u00e3o confirmada somente ap\u00f3s a comprova\u00e7\u00e3o do pagamento integral.<\/p>\n<h2>Requisitos para Participa\u00e7\u00e3o<\/h2>\n<p>Al\u00e9m de ter conclu\u00eddo o n\u00edvel m\u00e9dio, h\u00e1 outros requisitos que devem ser atendidos para a posse do cargo. \u00c9 necess\u00e1rio que o candidato possua a Carteira Nacional de Habilita\u00e7\u00e3o (CNH) nas categorias AB ou superior. Esse requisito \u00e9 fundamental para aqueles que desejam integrar-se \u00e0 corpora\u00e7\u00e3o, uma vez que o exerc\u00edcio da fun\u00e7\u00e3o pode exigir a utiliza\u00e7\u00e3o de ve\u00edculos.<\/p>\n<h2>Isen\u00e7\u00f5es de Taxa para Doadores de Medula<\/h2>\n<p>Os candidatos que est\u00e3o registrados no Cadastro Nacional de Doadores de Medula \u00d3ssea (Redome) t\u00eam direito a pedir a isen\u00e7\u00e3o da taxa de inscri\u00e7\u00e3o. Recentemente, a organiza\u00e7\u00e3o do concurso alterou as regras para a concess\u00e3o dessa isen\u00e7\u00e3o. Em vez de exigir a comprova\u00e7\u00e3o da doa\u00e7\u00e3o de medula realizada antes da publica\u00e7\u00e3o do edital, agora basta apresentar a certifica\u00e7\u00e3o de inscri\u00e7\u00e3o no Redome, juntamente com o requerimento adequado e documentos de identidade. Os pedidos de isen\u00e7\u00e3o previamente apresentados continuam v\u00e1lidos e n\u00e3o ser\u00e1 necess\u00e1ria uma nova solicita\u00e7\u00e3o para esse grupo.<\/p>\n<h2>Cronograma Atualizado do Concurso<\/h2>\n<p>Com a reabertura das inscri\u00e7\u00f5es, um novo cronograma foi implementado. As etapas mais relevantes e suas respectivas datas incluem:<\/p>\n<ul>\n<li>Per\u00edodo de inscri\u00e7\u00f5es reabertas: de 11 a 17 de agosto<\/li>\n<li>Prazos para solicita\u00e7\u00f5es de isen\u00e7\u00e3o para doadores de medula: de 11 a 17 de agosto<\/li>\n<li>Divulga\u00e7\u00e3o do resultado preliminar para as novas solicita\u00e7\u00f5es de isen\u00e7\u00e3o: 19 de agosto<\/li>\n<li>Recursos contra o resultado preliminar da isen\u00e7\u00e3o: 20 e 21 de agosto<\/li>\n<li>Resultado definitivo dos pedidos de isen\u00e7\u00e3o: 25 de agosto<\/li>\n<li>Divulga\u00e7\u00e3o dos locais de prova: 4 de setembro<\/li>\n<li>Data da prova objetiva: 13 de setembro<\/li>\n<li>Gabarito preliminar: 14 de setembro<\/li>\n<\/ul>\n<p>Este cronograma \u00e9 essencial para que os candidatos possam se programar adequadamente e garantir que n\u00e3o percam nenhuma etapa do processo.<\/p>\n<h2>Conte\u00fado Program\u00e1tico da Prova<\/h2>\n<p>A prova objetiva ser\u00e1 composta por 80 quest\u00f5es de m\u00faltipla escolha e abordar\u00e1 os seguintes temas:<\/p>\n<ul>\n<li>L\u00edngua Portuguesa<\/li>\n<li>Racioc\u00ednio L\u00f3gico<\/li>\n<li>No\u00e7\u00f5es de Inform\u00e1tica<\/li>\n<li>Atualidades<\/li>\n<li>Conhecimentos sobre Aracaju<\/li>\n<li>No\u00e7\u00f5es de Direito Administrativo<\/li>\n<li>No\u00e7\u00f5es de Direito Constitucional<\/li>\n<li>No\u00e7\u00f5es de Direito Penal<\/li>\n<li>Direitos Humanos<\/li>\n<li>Legisla\u00e7\u00e3o Extravagante<\/li>\n<\/ul>\n<p>A aplica\u00e7\u00e3o da prova ocorrer\u00e1 em Aracaju, e se necess\u00e1rio, em cidades vizinhas. Essa etapa \u00e9 eliminat\u00f3ria e classificat\u00f3ria, sendo a primeira do concurso.<\/p>\n<h2>Prepara\u00e7\u00e3o para o Teste de Aptid\u00e3o<\/h2>\n<p>Al\u00e9m da prova escrita, os candidatos devem estar cientes que dever\u00e3o passar por um Teste de Aptid\u00e3o F\u00edsica (TAF), que \u00e9 uma parte essencial do processo seletivo. Para otimizar a prepara\u00e7\u00e3o, recomenda-se que os candidatos se habituem a atividades f\u00edsicas regulares, aumentando a resist\u00eancia cardio-respirat\u00f3ria, for\u00e7a muscular e flexibilidade, al\u00e9m de uma alimenta\u00e7\u00e3o equilibrada.<\/p>\n<h2>Import\u00e2ncia da Carteira de Habilita\u00e7\u00e3o<\/h2>\n<p>A Carteira Nacional de Habilita\u00e7\u00e3o (CNH) \u00e9 um dos principais requisitos para a posse no cargo. A exig\u00eancia da CNH nas categorias AB ou superior indica a necessidade de que os guardas municipais possuam habilidades para manobrar ve\u00edculos, fundamentais no exerc\u00edcio de suas fun\u00e7\u00f5es. Portanto, \u00e9 vital que os candidatos estejam atentos a esse aspecto.<\/p>\n<h2>Expectativas para a Prova Objetiva<\/h2>\n<p>Os candidatos devem se preparar diligentemente para a prova objetiva, uma vez que ser\u00e1 a primeira forma de avalia\u00e7\u00e3o do concurso. A expectativa \u00e9 que haja um grande n\u00famero de concorrentes, portanto, investir em estudos e revis\u00f5es se torna imprescind\u00edvel para quem almeja uma das vagas dispon\u00edveis. Os candidatos s\u00e3o incentivados a acessar materiais dispon\u00edveis, como videoaulas, cursos e simulados, que podem aumentar as chances de sucesso na sele\u00e7\u00e3o.<\/p>\n\n<div style=\"font-size: 0px; height: 0px; line-height: 0px; margin: 0; padding: 0; clear: both;\"><\/div>","protected":false},"excerpt":{"rendered":"<p>Concurso Guarda de Aracaju SE reabre inscri\u00e7\u00f5es at\u00e9 17 de agosto. Participe!<\/p>\n","protected":false},"author":1,"featured_media":2469,"comment_status":"closed","ping_status":"closed","sticky":false,"template":"","format":"standard","meta":{"footnotes":""},"categories":[20],"tags":[],"class_list":["post-2470","post","type-post","status-publish","format-standard","has-post-thumbnail","hentry","category-concursos-em-aracaju","has_thumb"],"yoast_head":"<!-- This site is optimized with the Yoast SEO plugin v26.4 - https:\/\/yoast.com\/wordpress\/plugins\/seo\/ -->\n<title>Concurso Guarda de Aracaju SE tem prazo de inscri\u00e7\u00e3o reaberto - Encontra Aracaju<\/title>\n<meta name=\"robots\" content=\"index, follow, max-snippet:-1, max-image-preview:large, max-video-preview:-1\" \/>\n<link rel=\"canonical\" href=\"https:\/\/www.encontraaracaju.com.br\/sobre\/concurso-guarda-de-aracaju-se-tem-prazo-de-inscricao-reaberto\/\" \/>\n<meta property=\"og:locale\" content=\"pt_BR\" \/>\n<meta property=\"og:type\" content=\"article\" \/>\n<meta property=\"og:title\" content=\"Concurso Guarda de Aracaju SE tem prazo de inscri\u00e7\u00e3o reaberto - Encontra Aracaju\" \/>\n<meta property=\"og:description\" content=\"Concurso Guarda de Aracaju SE reabre inscri\u00e7\u00f5es at\u00e9 17 de agosto. Participe!\" \/>\n<meta property=\"og:url\" content=\"https:\/\/www.encontraaracaju.com.br\/sobre\/concurso-guarda-de-aracaju-se-tem-prazo-de-inscricao-reaberto\/\" \/>\n<meta property=\"og:site_name\" content=\"Encontra Aracaju\" \/>\n<meta property=\"article:published_time\" content=\"2026-08-17T05:47:25+00:00\" \/>\n<meta property=\"og:image\" content=\"https:\/\/www.encontraaracaju.com.br\/sobre\/wp-content\/uploads\/2026\/08\/concurso-guarda-de-aracaju-se-tem-prazo-de-inscricao-reaberto.webp\" \/>\n<meta name=\"author\" content=\"Encontra Aracaju\" \/>\n<meta name=\"twitter:card\" content=\"summary_large_image\" \/>\n<meta name=\"twitter:label1\" content=\"Escrito por\" \/>\n\t<meta name=\"twitter:data1\" content=\"Encontra Aracaju\" \/>\n\t<meta name=\"twitter:label2\" content=\"Est. tempo de leitura\" \/>\n\t<meta name=\"twitter:data2\" content=\"4 minutos\" \/>\n<script type=\"application\/ld+json\" class=\"yoast-schema-graph\">{\"@context\":\"https:\/\/schema.org\",\"@graph\":[{\"@type\":\"WebPage\",\"@id\":\"https:\/\/www.encontraaracaju.com.br\/sobre\/concurso-guarda-de-aracaju-se-tem-prazo-de-inscricao-reaberto\/\",\"url\":\"https:\/\/www.encontraaracaju.com.br\/sobre\/concurso-guarda-de-aracaju-se-tem-prazo-de-inscricao-reaberto\/\",\"name\":\"Concurso Guarda de Aracaju SE tem prazo de inscri\u00e7\u00e3o reaberto - Encontra Aracaju\",\"isPartOf\":{\"@id\":\"https:\/\/www.encontraaracaju.com.br\/sobre\/#website\"},\"primaryImageOfPage\":{\"@id\":\"https:\/\/www.encontraaracaju.com.br\/sobre\/concurso-guarda-de-aracaju-se-tem-prazo-de-inscricao-reaberto\/#primaryimage\"},\"image\":{\"@id\":\"https:\/\/www.encontraaracaju.com.br\/sobre\/concurso-guarda-de-aracaju-se-tem-prazo-de-inscricao-reaberto\/#primaryimage\"},\"thumbnailUrl\":\"https:\/\/www.encontraaracaju.com.br\/sobre\/wp-content\/uploads\/2026\/08\/concurso-guarda-de-aracaju-se-tem-prazo-de-inscricao-reaberto.webp\",\"datePublished\":\"2026-08-17T05:47:25+00:00\",\"author\":{\"@id\":\"https:\/\/www.encontraaracaju.com.br\/sobre\/#\/schema\/person\/4ffad47e9e50db5f93e67859b297b0be\"},\"breadcrumb\":{\"@id\":\"https:\/\/www.encontraaracaju.com.br\/sobre\/concurso-guarda-de-aracaju-se-tem-prazo-de-inscricao-reaberto\/#breadcrumb\"},\"inLanguage\":\"pt-BR\",\"potentialAction\":[{\"@type\":\"ReadAction\",\"target\":[\"https:\/\/www.encontraaracaju.com.br\/sobre\/concurso-guarda-de-aracaju-se-tem-prazo-de-inscricao-reaberto\/\"]}]},{\"@type\":\"ImageObject\",\"inLanguage\":\"pt-BR\",\"@id\":\"https:\/\/www.encontraaracaju.com.br\/sobre\/concurso-guarda-de-aracaju-se-tem-prazo-de-inscricao-reaberto\/#primaryimage\",\"url\":\"https:\/\/www.encontraaracaju.com.br\/sobre\/wp-content\/uploads\/2026\/08\/concurso-guarda-de-aracaju-se-tem-prazo-de-inscricao-reaberto.webp\",\"contentUrl\":\"https:\/\/www.encontraaracaju.com.br\/sobre\/wp-content\/uploads\/2026\/08\/concurso-guarda-de-aracaju-se-tem-prazo-de-inscricao-reaberto.webp\",\"width\":280,\"height\":280},{\"@type\":\"BreadcrumbList\",\"@id\":\"https:\/\/www.encontraaracaju.com.br\/sobre\/concurso-guarda-de-aracaju-se-tem-prazo-de-inscricao-reaberto\/#breadcrumb\",\"itemListElement\":[{\"@type\":\"ListItem\",\"position\":1,\"name\":\"In\u00edcio\",\"item\":\"https:\/\/www.encontraaracaju.com.br\/sobre\/\"},{\"@type\":\"ListItem\",\"position\":2,\"name\":\"Concurso Guarda de Aracaju SE tem prazo de inscri\u00e7\u00e3o reaberto\"}]},{\"@type\":\"WebSite\",\"@id\":\"https:\/\/www.encontraaracaju.com.br\/sobre\/#website\",\"url\":\"https:\/\/www.encontraaracaju.com.br\/sobre\/\",\"name\":\"Encontra Aracaju\",\"description\":\"Not\u00edcias, eventos, informa\u00e7\u00f5es e dicas na cidade Aracaju e regi\u00e3o.\",\"potentialAction\":[{\"@type\":\"SearchAction\",\"target\":{\"@type\":\"EntryPoint\",\"urlTemplate\":\"https:\/\/www.encontraaracaju.com.br\/sobre\/?s={search_term_string}\"},\"query-input\":{\"@type\":\"PropertyValueSpecification\",\"valueRequired\":true,\"valueName\":\"search_term_string\"}}],\"inLanguage\":\"pt-BR\"},{\"@type\":\"Person\",\"@id\":\"https:\/\/www.encontraaracaju.com.br\/sobre\/#\/schema\/person\/4ffad47e9e50db5f93e67859b297b0be\",\"name\":\"Encontra Aracaju\",\"image\":{\"@type\":\"ImageObject\",\"inLanguage\":\"pt-BR\",\"@id\":\"https:\/\/www.encontraaracaju.com.br\/sobre\/#\/schema\/person\/image\/\",\"url\":\"https:\/\/secure.gravatar.com\/avatar\/507340682b8270222e1f208e23198b6ae7e2c6a1033ae84e99bc6bce4f82a387?s=96&d=mm&r=g\",\"contentUrl\":\"https:\/\/secure.gravatar.com\/avatar\/507340682b8270222e1f208e23198b6ae7e2c6a1033ae84e99bc6bce4f82a387?s=96&d=mm&r=g\",\"caption\":\"Encontra Aracaju\"},\"sameAs\":[\"http:\/\/www.encontraaracaju.com.br\"]}]}<\/script>\n<!-- \/ Yoast SEO plugin. -->","yoast_head_json":{"title":"Concurso Guarda de Aracaju SE tem prazo de inscri\u00e7\u00e3o reaberto - Encontra Aracaju","robots":{"index":"index","follow":"follow","max-snippet":"max-snippet:-1","max-image-preview":"max-image-preview:large","max-video-preview":"max-video-preview:-1"},"canonical":"https:\/\/www.encontraaracaju.com.br\/sobre\/concurso-guarda-de-aracaju-se-tem-prazo-de-inscricao-reaberto\/","og_locale":"pt_BR","og_type":"article","og_title":"Concurso Guarda de Aracaju SE tem prazo de inscri\u00e7\u00e3o reaberto - Encontra Aracaju","og_description":"Concurso Guarda de Aracaju SE reabre inscri\u00e7\u00f5es at\u00e9 17 de agosto. Participe!","og_url":"https:\/\/www.encontraaracaju.com.br\/sobre\/concurso-guarda-de-aracaju-se-tem-prazo-de-inscricao-reaberto\/","og_site_name":"Encontra Aracaju","article_published_time":"2026-08-17T05:47:25+00:00","og_image":[{"url":"https:\/\/www.encontraaracaju.com.br\/sobre\/wp-content\/uploads\/2026\/08\/concurso-guarda-de-aracaju-se-tem-prazo-de-inscricao-reaberto.webp","type":"","width":"","height":""}],"author":"Encontra Aracaju","twitter_card":"summary_large_image","twitter_misc":{"Escrito por":"Encontra Aracaju","Est. tempo de leitura":"4 minutos"},"schema":{"@context":"https:\/\/schema.org","@graph":[{"@type":"WebPage","@id":"https:\/\/www.encontraaracaju.com.br\/sobre\/concurso-guarda-de-aracaju-se-tem-prazo-de-inscricao-reaberto\/","url":"https:\/\/www.encontraaracaju.com.br\/sobre\/concurso-guarda-de-aracaju-se-tem-prazo-de-inscricao-reaberto\/","name":"Concurso Guarda de Aracaju SE tem prazo de inscri\u00e7\u00e3o reaberto - Encontra Aracaju","isPartOf":{"@id":"https:\/\/www.encontraaracaju.com.br\/sobre\/#website"},"primaryImageOfPage":{"@id":"https:\/\/www.encontraaracaju.com.br\/sobre\/concurso-guarda-de-aracaju-se-tem-prazo-de-inscricao-reaberto\/#primaryimage"},"image":{"@id":"https:\/\/www.encontraaracaju.com.br\/sobre\/concurso-guarda-de-aracaju-se-tem-prazo-de-inscricao-reaberto\/#primaryimage"},"thumbnailUrl":"https:\/\/www.encontraaracaju.com.br\/sobre\/wp-content\/uploads\/2026\/08\/concurso-guarda-de-aracaju-se-tem-prazo-de-inscricao-reaberto.webp","datePublished":"2026-08-17T05:47:25+00:00","author":{"@id":"https:\/\/www.encontraaracaju.com.br\/sobre\/#\/schema\/person\/4ffad47e9e50db5f93e67859b297b0be"},"breadcrumb":{"@id":"https:\/\/www.encontraaracaju.com.br\/sobre\/concurso-guarda-de-aracaju-se-tem-prazo-de-inscricao-reaberto\/#breadcrumb"},"inLanguage":"pt-BR","potentialAction":[{"@type":"ReadAction","target":["https:\/\/www.encontraaracaju.com.br\/sobre\/concurso-guarda-de-aracaju-se-tem-prazo-de-inscricao-reaberto\/"]}]},{"@type":"ImageObject","inLanguage":"pt-BR","@id":"https:\/\/www.encontraaracaju.com.br\/sobre\/concurso-guarda-de-aracaju-se-tem-prazo-de-inscricao-reaberto\/#primaryimage","url":"https:\/\/www.encontraaracaju.com.br\/sobre\/wp-content\/uploads\/2026\/08\/concurso-guarda-de-aracaju-se-tem-prazo-de-inscricao-reaberto.webp","contentUrl":"https:\/\/www.encontraaracaju.com.br\/sobre\/wp-content\/uploads\/2026\/08\/concurso-guarda-de-aracaju-se-tem-prazo-de-inscricao-reaberto.webp","width":280,"height":280},{"@type":"BreadcrumbList","@id":"https:\/\/www.encontraaracaju.com.br\/sobre\/concurso-guarda-de-aracaju-se-tem-prazo-de-inscricao-reaberto\/#breadcrumb","itemListElement":[{"@type":"ListItem","position":1,"name":"In\u00edcio","item":"https:\/\/www.encontraaracaju.com.br\/sobre\/"},{"@type":"ListItem","position":2,"name":"Concurso Guarda de Aracaju SE tem prazo de inscri\u00e7\u00e3o reaberto"}]},{"@type":"WebSite","@id":"https:\/\/www.encontraaracaju.com.br\/sobre\/#website","url":"https:\/\/www.encontraaracaju.com.br\/sobre\/","name":"Encontra Aracaju","description":"Not\u00edcias, eventos, informa\u00e7\u00f5es e dicas na cidade Aracaju e regi\u00e3o.","potentialAction":[{"@type":"SearchAction","target":{"@type":"EntryPoint","urlTemplate":"https:\/\/www.encontraaracaju.com.br\/sobre\/?s={search_term_string}"},"query-input":{"@type":"PropertyValueSpecification","valueRequired":true,"valueName":"search_term_string"}}],"inLanguage":"pt-BR"},{"@type":"Person","@id":"https:\/\/www.encontraaracaju.com.br\/sobre\/#\/schema\/person\/4ffad47e9e50db5f93e67859b297b0be","name":"Encontra Aracaju","image":{"@type":"ImageObject","inLanguage":"pt-BR","@id":"https:\/\/www.encontraaracaju.com.br\/sobre\/#\/schema\/person\/image\/","url":"https:\/\/secure.gravatar.com\/avatar\/507340682b8270222e1f208e23198b6ae7e2c6a1033ae84e99bc6bce4f82a387?s=96&d=mm&r=g","contentUrl":"https:\/\/secure.gravatar.com\/avatar\/507340682b8270222e1f208e23198b6ae7e2c6a1033ae84e99bc6bce4f82a387?s=96&d=mm&r=g","caption":"Encontra Aracaju"},"sameAs":["http:\/\/www.encontraaracaju.com.br"]}]}},"_links":{"self":[{"href":"https:\/\/www.encontraaracaju.com.br\/sobre\/wp-json\/wp\/v2\/posts\/2470","targetHints":{"allow":["GET"]}}],"collection":[{"href":"https:\/\/www.encontraaracaju.com.br\/sobre\/wp-json\/wp\/v2\/posts"}],"about":[{"href":"https:\/\/www.encontraaracaju.com.br\/sobre\/wp-json\/wp\/v2\/types\/post"}],"author":[{"embeddable":true,"href":"https:\/\/www.encontraaracaju.com.br\/sobre\/wp-json\/wp\/v2\/users\/1"}],"replies":[{"embeddable":true,"href":"https:\/\/www.encontraaracaju.com.br\/sobre\/wp-json\/wp\/v2\/comments?post=2470"}],"version-history":[{"count":0,"href":"https:\/\/www.encontraaracaju.com.br\/sobre\/wp-json\/wp\/v2\/posts\/2470\/revisions"}],"wp:featuredmedia":[{"embeddable":true,"href":"https:\/\/www.encontraaracaju.com.br\/sobre\/wp-json\/wp\/v2\/media\/2469"}],"wp:attachment":[{"href":"https:\/\/www.encontraaracaju.com.br\/sobre\/wp-json\/wp\/v2\/media?parent=2470"}],"wp:term":[{"taxonomy":"category","embeddable":true,"href":"https:\/\/www.encontraaracaju.com.br\/sobre\/wp-json\/wp\/v2\/categories?post=2470"},{"taxonomy":"post_tag","embeddable":true,"href":"https:\/\/www.encontraaracaju.com.br\/sobre\/wp-json\/wp\/v2\/tags?post=2470"}],"curies":[{"name":"wp","href":"https:\/\/api.w.org\/{rel}","templated":true}]}}