{"id":2460,"date":"2026-08-15T02:48:57","date_gmt":"2026-08-15T05:48:57","guid":{"rendered":"https:\/\/www.encontraaracaju.com.br\/sobre\/prefeita-emilia-correa-celebra-40-mil-atendimentos-em-10-edicoes-do-tamo-junto-aracaju\/"},"modified":"2026-08-15T02:48:57","modified_gmt":"2026-08-15T05:48:57","slug":"prefeita-emilia-correa-celebra-40-mil-atendimentos-em-10-edicoes-do-tamo-junto-aracaju","status":"publish","type":"post","link":"https:\/\/www.encontraaracaju.com.br\/sobre\/prefeita-emilia-correa-celebra-40-mil-atendimentos-em-10-edicoes-do-tamo-junto-aracaju\/","title":{"rendered":"Prefeita Em\u00edlia Corr\u00eaa celebra 40 mil atendimentos em 10 edi\u00e7\u00f5es do Tamo Junto Aracaju"},"content":{"rendered":"<div class=\"0de350683d360aa04277a39db0bae410\" data-index=\"1\" style=\"float: none; margin:0px;\">\n<!-- Anuncio display - global -->\r\n<ins class=\"adsbygoogle\"\r\n     style=\"display:block\"\r\n     data-ad-client=\"ca-pub-8585364105181520\"\r\n     data-ad-slot=\"8789329856\"\r\n     data-ad-format=\"auto\"\r\n     data-full-width-responsive=\"true\"><\/ins>\r\n<script>\r\n     (adsbygoogle = window.adsbygoogle || []).push({});\r\n<\/script>\n<\/div>\n<h2>O que \u00e9 o projeto Tamo Junto Aracaju?<\/h2>\n<p>O <strong>Tamo Junto Aracaju<\/strong> \u00e9 uma iniciativa da Prefeitura de Aracaju que visa facilitar o acesso da popula\u00e7\u00e3o a servi\u00e7os essenciais oferecidos pelo governo municipal. Essa a\u00e7\u00e3o tem como foco atender diversas demandas da comunidade, reunindo em um \u00fanico local uma variedade de servi\u00e7os, normalmente dispondo de mais de 100 op\u00e7\u00f5es a cada edi\u00e7\u00e3o. O projeto busca promover uma gest\u00e3o mais pr\u00f3xima da popula\u00e7\u00e3o, oferecendo servi\u00e7os em \u00e1reas como sa\u00fade, educa\u00e7\u00e3o, assist\u00eancia social e muito mais.<\/p>\n<h2>Hist\u00f3rico de atendimentos realizados<\/h2>\n<p>Desde o seu lan\u00e7amento, o projeto Tamo Junto Aracaju se destacou pela grande ades\u00e3o da popula\u00e7\u00e3o. Em suas dez edi\u00e7\u00f5es, j\u00e1 foram contabilizados mais de <strong>40 mil atendimentos<\/strong>. Isso \u00e9 um reflexo do compromisso da gest\u00e3o municipal em atender as necessidades dos cidad\u00e3os de forma direta e eficaz. O Tamo Junto tem sido um meio de levar a Prefeitura a diferentes bairros da cidade, encurtando dist\u00e2ncias e facilitando o contato da comunidade com os servi\u00e7os p\u00fablicos.<\/p>\n<h2>Servi\u00e7os oferecidos na 10\u00aa edi\u00e7\u00e3o<\/h2>\n<p>A d\u00e9cima edi\u00e7\u00e3o do Tamo Junto Aracaju ocorreu na <strong>Escola Municipal de Ensino Fundamental Marechal Teixeira<\/strong>, no bairro Am\u00e9rica, e proporcionou uma ampla gama de servi\u00e7os \u00e0 popula\u00e7\u00e3o. Entre os atendimentos dispon\u00edveis, destacam-se:<\/p>\n<p><img decoding=\"async\" src=\"https:\/\/www.encontraaracaju.com.br\/sobre\/wp-content\/uploads\/2026\/08\/prefeita-emilia-correa-celebra-40-mil-atendimentos-em-10-edicoes-do-tamo-junto-aracaju.webp\" alt=\"Tamo Junto Aracaju\" loading=\"lazy\" \/><\/p>\n<ul>\n<li><strong>Sa\u00fade:<\/strong> Consultas m\u00e9dicas e servi\u00e7os de odontologia.<\/li>\n<li><strong>Assist\u00eancia social:<\/strong> Apoio a fam\u00edlias e orienta\u00e7\u00f5es sobre direitos.<\/li>\n<li><strong>Educa\u00e7\u00e3o:<\/strong> Informa\u00e7\u00f5es sobre matr\u00edculas e atividades educacionais.<\/li>\n<li><strong>Empregabilidade e empreendedorismo:<\/strong> Ofertas de cursos e capacita\u00e7\u00f5es para o trabalho.<\/li>\n<li><strong>Atividades culturais e esportivas:<\/strong> Lazer e entretenimento para todas as idades.<\/li>\n<\/ul>\n<h2>Depoimentos de moradores beneficiados<\/h2>\n<p>Os moradores que participaram da 10\u00aa edi\u00e7\u00e3o expressaram sua satisfa\u00e7\u00e3o com os servi\u00e7os prestados. Carina Matos, assistente social residente no bairro Am\u00e9rica, comentou sobre a facilidade de ter acesso a atendimento odontol\u00f3gico perto de sua casa, destacando que a aproxima\u00e7\u00e3o dos servi\u00e7os \u00e9 essencial para muitos moradores. &#8220;\u00c9 muito importante ter esses servi\u00e7os aqui, pois facilita a vida de quem n\u00e3o pode se deslocar para lugares distantes.&#8221;<br \/>\n<br \/>\nVera L\u00facia Santos, aposentada, tamb\u00e9m se mostrou grata pela iniciativa. Ela buscou atendimento oftalmol\u00f3gico e saiu satisfeita com o atendimento recebido: &#8220;Fui muito bem atendida, e \u00e9 incr\u00edvel que a Prefeitura traga esses servi\u00e7os para t\u00e3o perto de n\u00f3s. Isso realmente faz a diferen\u00e7a na vida das pessoas.&#8221;\n<\/p>\n<h2>Import\u00e2ncia da gest\u00e3o mais pr\u00f3xima da popula\u00e7\u00e3o<\/h2>\n<p>A gest\u00e3o p\u00fablica que se aproxima da popula\u00e7\u00e3o transforma a maneira como os cidad\u00e3os interagem com os servi\u00e7os oferecidos. O projeto Tamo Junto exemplifica essa estrat\u00e9gia, pois vai at\u00e9 as comunidades, ouve as demandas e responde a elas de maneira efetiva. A prefeita Em\u00edlia Corr\u00eaa enfatizou que essa a\u00e7\u00e3o \u00e9 fundamental para garantir que os servi\u00e7os p\u00fablicos cheguem a quem mais precisa, promovendo qualidade de vida e cidadania. Segundo a prefeita, o objetivo \u00e9 abranger todos os 47 bairros da cidade.<\/p>\n<h2>Como o Tamo Junto impacta a comunidade<\/h2>\n<p>O Tamo Junto Aracaju n\u00e3o s\u00f3 promove servi\u00e7os, mas tamb\u00e9m ajuda a construir uma comunidade mais unida e informada. Ao realizar essas edi\u00e7\u00f5es em diferentes bairros, a proposta \u00e9 levar n\u00e3o apenas servi\u00e7os b\u00e1sicos, mas tamb\u00e9m criar um espa\u00e7o de acolhimento e troca de experi\u00eancias. Esse modelo de atendimento reduz a burocracia e elimina barreiras que podem afastar a popula\u00e7\u00e3o do acesso a direitos fundamentais.<\/p>\n<h2>Objetivos futuros do projeto Tamo Junto<\/h2>\n<p>O futuro do Tamo Junto Aracaju \u00e9 promissor. A inten\u00e7\u00e3o \u00e9 continuar expandindo a presen\u00e7a do projeto na cidade, sempre buscando atender \u00e0s necessidades da popula\u00e7\u00e3o com mais servi\u00e7os e op\u00e7\u00f5es. A administra\u00e7\u00e3o p\u00fablica est\u00e1 comprometida em adaptar e expandir as ofertas, com o intuito de garantir que cada morador tenha a oportunidade de acessar os servi\u00e7os de que necessita, de forma \u00e1gil e eficaz.<\/p>\n<h2>O papel da prefeita Em\u00edlia Corr\u00eaa<\/h2>\n<p>A prefeita Em\u00edlia Corr\u00eaa tem sido uma defensora incans\u00e1vel do Tamo Junto, visto que acredita na import\u00e2ncia de um governo que dialogue com o cidad\u00e3o. Em suas palavras, a gest\u00e3o que se move ativamente para ouvir e entender as demandas da comunidade \u00e9 a chave para a constru\u00e7\u00e3o de uma sociedade mais justa e igualit\u00e1ria. Ela tem se mostrado aberta a sugest\u00f5es e feedbacks, o que tem sido essencial para o aprimoramento do projeto.<\/p>\n<h2>Resultados positivos nas \u00e1reas de sa\u00fade e educa\u00e7\u00e3o<\/h2>\n<p>Ao longo das dez edi\u00e7\u00f5es, o Tamo Junto Aracaju trouxe frutos significativos nas \u00e1reas de sa\u00fade e educa\u00e7\u00e3o, promovendo um impacto positivo na popula\u00e7\u00e3o. Consultas, exames e orienta\u00e7\u00f5es em sa\u00fade foram oferecidos, resultando em cuidados preventivos e diagn\u00f3sticos precoces, enquanto na educa\u00e7\u00e3o, o projeto ajudou a esclarecer quest\u00f5es sobre matr\u00edculas e outros servi\u00e7os dispon\u00edveis para os alunos e suas fam\u00edlias. Esses resultados destacam a efici\u00eancia do modelo de atendimento proposto pelo projeto.<\/p>\n<h2>Acessibilidade e inclus\u00e3o nos atendimentos<\/h2>\n<p>Um dos pilares do Tamo Junto Aracaju \u00e9 a promo\u00e7\u00e3o da acessibilidade e inclus\u00e3o. A iniciativa se prop\u00f5e a tornar os servi\u00e7os p\u00fablicos mais acess\u00edveis para todos, incluindo pessoas com defici\u00eancia e aquelas que enfrentam dificuldades de mobilidade. Isso \u00e9 alcan\u00e7ado por meio de locais de f\u00e1cil acesso e servi\u00e7os adaptados \u00e0s necessidades espec\u00edficas dos cidad\u00e3os, refor\u00e7ando o compromisso da administra\u00e7\u00e3o em promover direitos iguais para todos.<\/p>\n\n<div style=\"font-size: 0px; height: 0px; line-height: 0px; margin: 0; padding: 0; clear: both;\"><\/div>","protected":false},"excerpt":{"rendered":"<p>Tamo Junto Aracaju j\u00e1 realizou 40 mil atendimentos com a prefeita Em\u00edlia Corr\u00eaa \u00e0 frente.<\/p>\n","protected":false},"author":1,"featured_media":2459,"comment_status":"closed","ping_status":"closed","sticky":false,"template":"","format":"standard","meta":{"footnotes":""},"categories":[23],"tags":[],"class_list":["post-2460","post","type-post","status-publish","format-standard","has-post-thumbnail","hentry","category-educacao-em-aracaju","has_thumb"],"yoast_head":"<!-- This site is optimized with the Yoast SEO plugin v26.4 - https:\/\/yoast.com\/wordpress\/plugins\/seo\/ -->\n<title>Prefeita Em\u00edlia Corr\u00eaa celebra 40 mil atendimentos em 10 edi\u00e7\u00f5es do Tamo Junto Aracaju - Encontra Aracaju<\/title>\n<meta name=\"robots\" content=\"index, follow, max-snippet:-1, max-image-preview:large, max-video-preview:-1\" \/>\n<link rel=\"canonical\" href=\"https:\/\/www.encontraaracaju.com.br\/sobre\/prefeita-emilia-correa-celebra-40-mil-atendimentos-em-10-edicoes-do-tamo-junto-aracaju\/\" \/>\n<meta property=\"og:locale\" content=\"pt_BR\" \/>\n<meta property=\"og:type\" content=\"article\" \/>\n<meta property=\"og:title\" content=\"Prefeita Em\u00edlia Corr\u00eaa celebra 40 mil atendimentos em 10 edi\u00e7\u00f5es do Tamo Junto Aracaju - Encontra Aracaju\" \/>\n<meta property=\"og:description\" content=\"Tamo Junto Aracaju j\u00e1 realizou 40 mil atendimentos com a prefeita Em\u00edlia Corr\u00eaa \u00e0 frente.\" \/>\n<meta property=\"og:url\" content=\"https:\/\/www.encontraaracaju.com.br\/sobre\/prefeita-emilia-correa-celebra-40-mil-atendimentos-em-10-edicoes-do-tamo-junto-aracaju\/\" \/>\n<meta property=\"og:site_name\" content=\"Encontra Aracaju\" \/>\n<meta property=\"article:published_time\" content=\"2026-08-15T05:48:57+00:00\" \/>\n<meta property=\"og:image\" content=\"https:\/\/www.encontraaracaju.com.br\/sobre\/wp-content\/uploads\/2026\/08\/prefeita-emilia-correa-celebra-40-mil-atendimentos-em-10-edicoes-do-tamo-junto-aracaju.webp\" \/>\n<meta name=\"author\" content=\"Encontra Aracaju\" \/>\n<meta name=\"twitter:card\" content=\"summary_large_image\" \/>\n<meta name=\"twitter:label1\" content=\"Escrito por\" \/>\n\t<meta name=\"twitter:data1\" content=\"Encontra Aracaju\" \/>\n\t<meta name=\"twitter:label2\" content=\"Est. tempo de leitura\" \/>\n\t<meta name=\"twitter:data2\" content=\"5 minutos\" \/>\n<script type=\"application\/ld+json\" class=\"yoast-schema-graph\">{\"@context\":\"https:\/\/schema.org\",\"@graph\":[{\"@type\":\"WebPage\",\"@id\":\"https:\/\/www.encontraaracaju.com.br\/sobre\/prefeita-emilia-correa-celebra-40-mil-atendimentos-em-10-edicoes-do-tamo-junto-aracaju\/\",\"url\":\"https:\/\/www.encontraaracaju.com.br\/sobre\/prefeita-emilia-correa-celebra-40-mil-atendimentos-em-10-edicoes-do-tamo-junto-aracaju\/\",\"name\":\"Prefeita Em\u00edlia Corr\u00eaa celebra 40 mil atendimentos em 10 edi\u00e7\u00f5es do Tamo Junto Aracaju - Encontra Aracaju\",\"isPartOf\":{\"@id\":\"https:\/\/www.encontraaracaju.com.br\/sobre\/#website\"},\"primaryImageOfPage\":{\"@id\":\"https:\/\/www.encontraaracaju.com.br\/sobre\/prefeita-emilia-correa-celebra-40-mil-atendimentos-em-10-edicoes-do-tamo-junto-aracaju\/#primaryimage\"},\"image\":{\"@id\":\"https:\/\/www.encontraaracaju.com.br\/sobre\/prefeita-emilia-correa-celebra-40-mil-atendimentos-em-10-edicoes-do-tamo-junto-aracaju\/#primaryimage\"},\"thumbnailUrl\":\"https:\/\/www.encontraaracaju.com.br\/sobre\/wp-content\/uploads\/2026\/08\/prefeita-emilia-correa-celebra-40-mil-atendimentos-em-10-edicoes-do-tamo-junto-aracaju.webp\",\"datePublished\":\"2026-08-15T05:48:57+00:00\",\"author\":{\"@id\":\"https:\/\/www.encontraaracaju.com.br\/sobre\/#\/schema\/person\/4ffad47e9e50db5f93e67859b297b0be\"},\"breadcrumb\":{\"@id\":\"https:\/\/www.encontraaracaju.com.br\/sobre\/prefeita-emilia-correa-celebra-40-mil-atendimentos-em-10-edicoes-do-tamo-junto-aracaju\/#breadcrumb\"},\"inLanguage\":\"pt-BR\",\"potentialAction\":[{\"@type\":\"ReadAction\",\"target\":[\"https:\/\/www.encontraaracaju.com.br\/sobre\/prefeita-emilia-correa-celebra-40-mil-atendimentos-em-10-edicoes-do-tamo-junto-aracaju\/\"]}]},{\"@type\":\"ImageObject\",\"inLanguage\":\"pt-BR\",\"@id\":\"https:\/\/www.encontraaracaju.com.br\/sobre\/prefeita-emilia-correa-celebra-40-mil-atendimentos-em-10-edicoes-do-tamo-junto-aracaju\/#primaryimage\",\"url\":\"https:\/\/www.encontraaracaju.com.br\/sobre\/wp-content\/uploads\/2026\/08\/prefeita-emilia-correa-celebra-40-mil-atendimentos-em-10-edicoes-do-tamo-junto-aracaju.webp\",\"contentUrl\":\"https:\/\/www.encontraaracaju.com.br\/sobre\/wp-content\/uploads\/2026\/08\/prefeita-emilia-correa-celebra-40-mil-atendimentos-em-10-edicoes-do-tamo-junto-aracaju.webp\",\"width\":280,\"height\":280,\"caption\":\"Tamo Junto Aracaju\"},{\"@type\":\"BreadcrumbList\",\"@id\":\"https:\/\/www.encontraaracaju.com.br\/sobre\/prefeita-emilia-correa-celebra-40-mil-atendimentos-em-10-edicoes-do-tamo-junto-aracaju\/#breadcrumb\",\"itemListElement\":[{\"@type\":\"ListItem\",\"position\":1,\"name\":\"In\u00edcio\",\"item\":\"https:\/\/www.encontraaracaju.com.br\/sobre\/\"},{\"@type\":\"ListItem\",\"position\":2,\"name\":\"Prefeita Em\u00edlia Corr\u00eaa celebra 40 mil atendimentos em 10 edi\u00e7\u00f5es do Tamo Junto Aracaju\"}]},{\"@type\":\"WebSite\",\"@id\":\"https:\/\/www.encontraaracaju.com.br\/sobre\/#website\",\"url\":\"https:\/\/www.encontraaracaju.com.br\/sobre\/\",\"name\":\"Encontra Aracaju\",\"description\":\"Not\u00edcias, eventos, informa\u00e7\u00f5es e dicas na cidade Aracaju e regi\u00e3o.\",\"potentialAction\":[{\"@type\":\"SearchAction\",\"target\":{\"@type\":\"EntryPoint\",\"urlTemplate\":\"https:\/\/www.encontraaracaju.com.br\/sobre\/?s={search_term_string}\"},\"query-input\":{\"@type\":\"PropertyValueSpecification\",\"valueRequired\":true,\"valueName\":\"search_term_string\"}}],\"inLanguage\":\"pt-BR\"},{\"@type\":\"Person\",\"@id\":\"https:\/\/www.encontraaracaju.com.br\/sobre\/#\/schema\/person\/4ffad47e9e50db5f93e67859b297b0be\",\"name\":\"Encontra Aracaju\",\"image\":{\"@type\":\"ImageObject\",\"inLanguage\":\"pt-BR\",\"@id\":\"https:\/\/www.encontraaracaju.com.br\/sobre\/#\/schema\/person\/image\/\",\"url\":\"https:\/\/secure.gravatar.com\/avatar\/507340682b8270222e1f208e23198b6ae7e2c6a1033ae84e99bc6bce4f82a387?s=96&d=mm&r=g\",\"contentUrl\":\"https:\/\/secure.gravatar.com\/avatar\/507340682b8270222e1f208e23198b6ae7e2c6a1033ae84e99bc6bce4f82a387?s=96&d=mm&r=g\",\"caption\":\"Encontra Aracaju\"},\"sameAs\":[\"http:\/\/www.encontraaracaju.com.br\"]}]}<\/script>\n<!-- \/ Yoast SEO plugin. -->","yoast_head_json":{"title":"Prefeita Em\u00edlia Corr\u00eaa celebra 40 mil atendimentos em 10 edi\u00e7\u00f5es do Tamo Junto Aracaju - Encontra Aracaju","robots":{"index":"index","follow":"follow","max-snippet":"max-snippet:-1","max-image-preview":"max-image-preview:large","max-video-preview":"max-video-preview:-1"},"canonical":"https:\/\/www.encontraaracaju.com.br\/sobre\/prefeita-emilia-correa-celebra-40-mil-atendimentos-em-10-edicoes-do-tamo-junto-aracaju\/","og_locale":"pt_BR","og_type":"article","og_title":"Prefeita Em\u00edlia Corr\u00eaa celebra 40 mil atendimentos em 10 edi\u00e7\u00f5es do Tamo Junto Aracaju - Encontra Aracaju","og_description":"Tamo Junto Aracaju j\u00e1 realizou 40 mil atendimentos com a prefeita Em\u00edlia Corr\u00eaa \u00e0 frente.","og_url":"https:\/\/www.encontraaracaju.com.br\/sobre\/prefeita-emilia-correa-celebra-40-mil-atendimentos-em-10-edicoes-do-tamo-junto-aracaju\/","og_site_name":"Encontra Aracaju","article_published_time":"2026-08-15T05:48:57+00:00","og_image":[{"url":"https:\/\/www.encontraaracaju.com.br\/sobre\/wp-content\/uploads\/2026\/08\/prefeita-emilia-correa-celebra-40-mil-atendimentos-em-10-edicoes-do-tamo-junto-aracaju.webp","type":"","width":"","height":""}],"author":"Encontra Aracaju","twitter_card":"summary_large_image","twitter_misc":{"Escrito por":"Encontra Aracaju","Est. tempo de leitura":"5 minutos"},"schema":{"@context":"https:\/\/schema.org","@graph":[{"@type":"WebPage","@id":"https:\/\/www.encontraaracaju.com.br\/sobre\/prefeita-emilia-correa-celebra-40-mil-atendimentos-em-10-edicoes-do-tamo-junto-aracaju\/","url":"https:\/\/www.encontraaracaju.com.br\/sobre\/prefeita-emilia-correa-celebra-40-mil-atendimentos-em-10-edicoes-do-tamo-junto-aracaju\/","name":"Prefeita Em\u00edlia Corr\u00eaa celebra 40 mil atendimentos em 10 edi\u00e7\u00f5es do Tamo Junto Aracaju - Encontra Aracaju","isPartOf":{"@id":"https:\/\/www.encontraaracaju.com.br\/sobre\/#website"},"primaryImageOfPage":{"@id":"https:\/\/www.encontraaracaju.com.br\/sobre\/prefeita-emilia-correa-celebra-40-mil-atendimentos-em-10-edicoes-do-tamo-junto-aracaju\/#primaryimage"},"image":{"@id":"https:\/\/www.encontraaracaju.com.br\/sobre\/prefeita-emilia-correa-celebra-40-mil-atendimentos-em-10-edicoes-do-tamo-junto-aracaju\/#primaryimage"},"thumbnailUrl":"https:\/\/www.encontraaracaju.com.br\/sobre\/wp-content\/uploads\/2026\/08\/prefeita-emilia-correa-celebra-40-mil-atendimentos-em-10-edicoes-do-tamo-junto-aracaju.webp","datePublished":"2026-08-15T05:48:57+00:00","author":{"@id":"https:\/\/www.encontraaracaju.com.br\/sobre\/#\/schema\/person\/4ffad47e9e50db5f93e67859b297b0be"},"breadcrumb":{"@id":"https:\/\/www.encontraaracaju.com.br\/sobre\/prefeita-emilia-correa-celebra-40-mil-atendimentos-em-10-edicoes-do-tamo-junto-aracaju\/#breadcrumb"},"inLanguage":"pt-BR","potentialAction":[{"@type":"ReadAction","target":["https:\/\/www.encontraaracaju.com.br\/sobre\/prefeita-emilia-correa-celebra-40-mil-atendimentos-em-10-edicoes-do-tamo-junto-aracaju\/"]}]},{"@type":"ImageObject","inLanguage":"pt-BR","@id":"https:\/\/www.encontraaracaju.com.br\/sobre\/prefeita-emilia-correa-celebra-40-mil-atendimentos-em-10-edicoes-do-tamo-junto-aracaju\/#primaryimage","url":"https:\/\/www.encontraaracaju.com.br\/sobre\/wp-content\/uploads\/2026\/08\/prefeita-emilia-correa-celebra-40-mil-atendimentos-em-10-edicoes-do-tamo-junto-aracaju.webp","contentUrl":"https:\/\/www.encontraaracaju.com.br\/sobre\/wp-content\/uploads\/2026\/08\/prefeita-emilia-correa-celebra-40-mil-atendimentos-em-10-edicoes-do-tamo-junto-aracaju.webp","width":280,"height":280,"caption":"Tamo Junto Aracaju"},{"@type":"BreadcrumbList","@id":"https:\/\/www.encontraaracaju.com.br\/sobre\/prefeita-emilia-correa-celebra-40-mil-atendimentos-em-10-edicoes-do-tamo-junto-aracaju\/#breadcrumb","itemListElement":[{"@type":"ListItem","position":1,"name":"In\u00edcio","item":"https:\/\/www.encontraaracaju.com.br\/sobre\/"},{"@type":"ListItem","position":2,"name":"Prefeita Em\u00edlia Corr\u00eaa celebra 40 mil atendimentos em 10 edi\u00e7\u00f5es do Tamo Junto Aracaju"}]},{"@type":"WebSite","@id":"https:\/\/www.encontraaracaju.com.br\/sobre\/#website","url":"https:\/\/www.encontraaracaju.com.br\/sobre\/","name":"Encontra Aracaju","description":"Not\u00edcias, eventos, informa\u00e7\u00f5es e dicas na cidade Aracaju e regi\u00e3o.","potentialAction":[{"@type":"SearchAction","target":{"@type":"EntryPoint","urlTemplate":"https:\/\/www.encontraaracaju.com.br\/sobre\/?s={search_term_string}"},"query-input":{"@type":"PropertyValueSpecification","valueRequired":true,"valueName":"search_term_string"}}],"inLanguage":"pt-BR"},{"@type":"Person","@id":"https:\/\/www.encontraaracaju.com.br\/sobre\/#\/schema\/person\/4ffad47e9e50db5f93e67859b297b0be","name":"Encontra Aracaju","image":{"@type":"ImageObject","inLanguage":"pt-BR","@id":"https:\/\/www.encontraaracaju.com.br\/sobre\/#\/schema\/person\/image\/","url":"https:\/\/secure.gravatar.com\/avatar\/507340682b8270222e1f208e23198b6ae7e2c6a1033ae84e99bc6bce4f82a387?s=96&d=mm&r=g","contentUrl":"https:\/\/secure.gravatar.com\/avatar\/507340682b8270222e1f208e23198b6ae7e2c6a1033ae84e99bc6bce4f82a387?s=96&d=mm&r=g","caption":"Encontra Aracaju"},"sameAs":["http:\/\/www.encontraaracaju.com.br"]}]}},"_links":{"self":[{"href":"https:\/\/www.encontraaracaju.com.br\/sobre\/wp-json\/wp\/v2\/posts\/2460","targetHints":{"allow":["GET"]}}],"collection":[{"href":"https:\/\/www.encontraaracaju.com.br\/sobre\/wp-json\/wp\/v2\/posts"}],"about":[{"href":"https:\/\/www.encontraaracaju.com.br\/sobre\/wp-json\/wp\/v2\/types\/post"}],"author":[{"embeddable":true,"href":"https:\/\/www.encontraaracaju.com.br\/sobre\/wp-json\/wp\/v2\/users\/1"}],"replies":[{"embeddable":true,"href":"https:\/\/www.encontraaracaju.com.br\/sobre\/wp-json\/wp\/v2\/comments?post=2460"}],"version-history":[{"count":0,"href":"https:\/\/www.encontraaracaju.com.br\/sobre\/wp-json\/wp\/v2\/posts\/2460\/revisions"}],"wp:featuredmedia":[{"embeddable":true,"href":"https:\/\/www.encontraaracaju.com.br\/sobre\/wp-json\/wp\/v2\/media\/2459"}],"wp:attachment":[{"href":"https:\/\/www.encontraaracaju.com.br\/sobre\/wp-json\/wp\/v2\/media?parent=2460"}],"wp:term":[{"taxonomy":"category","embeddable":true,"href":"https:\/\/www.encontraaracaju.com.br\/sobre\/wp-json\/wp\/v2\/categories?post=2460"},{"taxonomy":"post_tag","embeddable":true,"href":"https:\/\/www.encontraaracaju.com.br\/sobre\/wp-json\/wp\/v2\/tags?post=2460"}],"curies":[{"name":"wp","href":"https:\/\/api.w.org\/{rel}","templated":true}]}}