{"id":2458,"date":"2026-08-15T02:47:55","date_gmt":"2026-08-15T05:47:55","guid":{"rendered":"https:\/\/www.encontraaracaju.com.br\/sobre\/prefeita-emilia-reforca-participacao-popular-na-construcao-do-novo-plano-diretor-de-aracaju\/"},"modified":"2026-08-15T02:47:55","modified_gmt":"2026-08-15T05:47:55","slug":"prefeita-emilia-reforca-participacao-popular-na-construcao-do-novo-plano-diretor-de-aracaju","status":"publish","type":"post","link":"https:\/\/www.encontraaracaju.com.br\/sobre\/prefeita-emilia-reforca-participacao-popular-na-construcao-do-novo-plano-diretor-de-aracaju\/","title":{"rendered":"Prefeita Em\u00edlia refor\u00e7a participa\u00e7\u00e3o popular na constru\u00e7\u00e3o do novo Plano Diretor de Aracaju"},"content":{"rendered":"<div class=\"0de350683d360aa04277a39db0bae410\" data-index=\"1\" style=\"float: none; margin:0px;\">\n<!-- Anuncio display - global -->\r\n<ins class=\"adsbygoogle\"\r\n     style=\"display:block\"\r\n     data-ad-client=\"ca-pub-8585364105181520\"\r\n     data-ad-slot=\"8789329856\"\r\n     data-ad-format=\"auto\"\r\n     data-full-width-responsive=\"true\"><\/ins>\r\n<script>\r\n     (adsbygoogle = window.adsbygoogle || []).push({});\r\n<\/script>\n<\/div>\n<h2>O que \u00e9 o Plano Diretor de Aracaju?<\/h2>\n<p>O <strong>Plano Diretor de Desenvolvimento Urbano (PDDU)<\/strong> de Aracaju \u00e9 uma ferramenta essencial que orienta o planejamento e a organiza\u00e7\u00e3o da cidade. Este documento serve como base para as diretrizes do crescimento urbano, abrangendo aspectos como o uso do solo, mobilidade, habita\u00e7\u00e3o, infraestrutura, preserva\u00e7\u00e3o ambiental e desenvolvimento econ\u00f4mico. O PDDU visa assegurar um crescimento sustent\u00e1vel e equilibrado da cidade, promovendo a qualidade de vida de seus habitantes.<\/p>\n<h2>Import\u00e2ncia da Revis\u00e3o do Plano Diretor<\/h2>\n<p>A revis\u00e3o do Plano Diretor \u00e9 crucial, pois garante que o planejamento urbano esteja alinhado com as novas demandas e realidades da cidade. Ap\u00f3s 26 anos sem uma atualiza\u00e7\u00e3o significativa, essa revis\u00e3o se torna urgente para enfrentar desafios contempor\u00e2neos, como as mudan\u00e7as clim\u00e1ticas e a vulnerabilidade social. O novo plano busca, portanto, refletir as necessidades atuais da popula\u00e7\u00e3o e assegurar que as pol\u00edticas p\u00fablicas sejam adaptadas aos novos contextos.<\/p>\n<h2>Como a Participa\u00e7\u00e3o Popular Est\u00e1 Sendo Incentivada<\/h2>\n<p>O processo de revis\u00e3o do PDDU envolve a <strong>participa\u00e7\u00e3o ativa da popula\u00e7\u00e3o<\/strong>, com a proposta de criar um espa\u00e7o onde as vozes dos cidad\u00e3os sejam ouvidas. A atua\u00e7\u00e3o do Grupo Gestor da Revis\u00e3o enfatiza a import\u00e2ncia do envolvimento popular em todas as fases do planejamento, promovendo reuni\u00f5es e audi\u00eancias que incentivam a discuss\u00e3o e a apresenta\u00e7\u00e3o de sugest\u00f5es. Essa abordagem garante que o novo plano seja realmente representativo e atenda \u00e0s diversas realidades da popula\u00e7\u00e3o aracajuana.<\/p>\n<p><img decoding=\"async\" src=\"https:\/\/www.encontraaracaju.com.br\/sobre\/wp-content\/uploads\/2026\/08\/prefeita-emilia-reforca-participacao-popular-na-construcao-do-novo-plano-diretor-de-aracaju.webp\" alt=\"participa\u00e7\u00e3o popular\" loading=\"lazy\" \/><\/p>\n<h2>Avan\u00e7os e Desafios no Processo de Revis\u00e3o<\/h2>\n<p>Durante o processo de revis\u00e3o, diversos avan\u00e7os t\u00eam sido alcan\u00e7ados, como a identifica\u00e7\u00e3o de \u00e1reas cr\u00edticas e a defini\u00e7\u00e3o de prioridades que precisam ser abordadas. Entretanto, existem desafios, como a necessidade de engajar todas as camadas da sociedade, especialmente aquelas que historicamente foram exclu\u00eddas dos processos de planejamento urbano. O reconhecimento e supera\u00e7\u00e3o desses desafios s\u00e3o vitais para o sucesso da revis\u00e3o.<\/p>\n<h2>A Metodologia para Inclus\u00e3o da Sociedade<\/h2>\n<p>A metodologia adotada para a revis\u00e3o do PDDU \u00e9 projetada para ser inclusiva e acess\u00edvel. Isso inclui a realiza\u00e7\u00e3o de audi\u00eancias p\u00fablicas, workshops e oficinas em diferentes regi\u00f5es da cidade, visando alcan\u00e7ar comunidades tradicionais e grupos marginalizados. A proposta \u00e9 assegurar que todos tenham a oportunidade de contribuir e ter suas necessidades consideradas no novo plano, promovendo uma constru\u00e7\u00e3o coletiva e democr\u00e1tica.<\/p>\n<h2>O Papel das Institui\u00e7\u00f5es na Revis\u00e3o do Plano<\/h2>\n<p>Institui\u00e7\u00f5es como o Minist\u00e9rio P\u00fablico e a Defensoria P\u00fablica desempenham um papel fundamental nesse processo, oferecendo supervis\u00e3o e garantindo a transpar\u00eancia das a\u00e7\u00f5es. Essas entidades apoiam o objetivo de atualiza\u00e7\u00e3o do Plano Diretor, enfatizando a relev\u00e2ncia de um diagn\u00f3stico preciso das necessidades da cidade e a inclus\u00e3o de todos os segmentos sociais. A colabora\u00e7\u00e3o entre entidades governamentais e a sociedade civil fortalece o processo de revis\u00e3o.<\/p>\n<h2>Setores que Precisam de Aten\u00e7\u00e3o no Planejamento Urbano<\/h2>\n<p>Dentre os setores que requerem aten\u00e7\u00e3o no contexto do novo PDDU, destacam-se:<\/p>\n<ul>\n<li><strong>Mobilidade Urbana:<\/strong> A melhoria do transporte p\u00fablico e das condi\u00e7\u00f5es para pedestres e ciclistas \u00e9 essencial para a qualidade de vida na cidade.<\/li>\n<li><strong>Habita\u00e7\u00e3o:<\/strong> Garantir moradia digna e acess\u00edvel para todos os cidad\u00e3os, visando atender a demanda habitacional crescente.<\/li>\n<li><strong>Meio Ambiente:<\/strong> Preserva\u00e7\u00e3o de \u00e1reas verdes e gest\u00e3o sustent\u00e1vel dos recursos naturais s\u00e3o fundamentais para o desenvolvimento urbano.<\/li>\n<li><strong>Infraestrutura:<\/strong> Investimentos em infraestrutura s\u00e3o necess\u00e1rios para atender \u00e0s crescentes demandas da popula\u00e7\u00e3o.<\/li>\n<\/ul>\n<h2>O Que Esperar das Audi\u00eancias P\u00fablicas<\/h2>\n<p>As audi\u00eancias p\u00fablicas planejadas s\u00e3o um espa\u00e7o crucial para a constru\u00e7\u00e3o do PDDU. Elas proporcionar\u00e3o a oportunidade para que os cidad\u00e3os apresentem suas preocupa\u00e7\u00f5es, sugest\u00f5es e expectativas diretamente aos respons\u00e1veis pela revis\u00e3o. Este di\u00e1logo aberto \u00e9 essencial para garantir que o plano reflita as reais demandas da popula\u00e7\u00e3o de Aracaju e contribua para um desenvolvimento mais equilibrado e sustent\u00e1vel.<\/p>\n<h2>Como a Transpar\u00eancia Impacta na Participa\u00e7\u00e3o<\/h2>\n<p>A transpar\u00eancia \u00e9 um elemento fundamental que impacta diretamente a participa\u00e7\u00e3o popular. Ao tornar o processo de revis\u00e3o do Plano Diretor acess\u00edvel e claro, as institui\u00e7\u00f5es respons\u00e1veis ajudam a construir confian\u00e7a com a popula\u00e7\u00e3o. Isso inclui o compartilhamento de informa\u00e7\u00f5es sobre as etapas do processo, bem como a disponibiliza\u00e7\u00e3o de relat\u00f3rios e dados relevantes, que permitem que os cidad\u00e3os compreendam melhor as decis\u00f5es que est\u00e3o sendo tomadas e seu impacto na cidade.<\/p>\n<h2>Legado da Prefeita Em\u00edlia para Aracaju<\/h2>\n<p>A prefeita Em\u00edlia Corr\u00eaa tem demonstrado um forte compromisso com a participa\u00e7\u00e3o popular e a transpar\u00eancia no processo de revis\u00e3o do PDDU. Sua vis\u00e3o de deixar um legado positivo para Aracaju inclui a constru\u00e7\u00e3o de um plano que priorize as necessidades da popula\u00e7\u00e3o e promova um crescimento sustent\u00e1vel. Ao reafirmar a import\u00e2ncia da contribui\u00e7\u00e3o cidad\u00e3, Em\u00edlia busca garantir que as futuras gera\u00e7\u00f5es de aracajuanos heredem uma cidade mais justa e organizada.<\/p>\n\n<div style=\"font-size: 0px; height: 0px; line-height: 0px; margin: 0; padding: 0; clear: both;\"><\/div>","protected":false},"excerpt":{"rendered":"<p>A participa\u00e7\u00e3o popular \u00e9 fundamental na constru\u00e7\u00e3o do novo Plano Diretor de Aracaju.<\/p>\n","protected":false},"author":1,"featured_media":2457,"comment_status":"closed","ping_status":"closed","sticky":false,"template":"","format":"standard","meta":{"footnotes":""},"categories":[22],"tags":[],"class_list":["post-2458","post","type-post","status-publish","format-standard","has-post-thumbnail","hentry","category-cultura-em-aracaju","has_thumb"],"yoast_head":"<!-- This site is optimized with the Yoast SEO plugin v26.4 - https:\/\/yoast.com\/wordpress\/plugins\/seo\/ -->\n<title>Prefeita Em\u00edlia refor\u00e7a participa\u00e7\u00e3o popular na constru\u00e7\u00e3o do novo Plano Diretor de Aracaju - Encontra Aracaju<\/title>\n<meta name=\"robots\" content=\"index, follow, max-snippet:-1, max-image-preview:large, max-video-preview:-1\" \/>\n<link rel=\"canonical\" href=\"https:\/\/www.encontraaracaju.com.br\/sobre\/prefeita-emilia-reforca-participacao-popular-na-construcao-do-novo-plano-diretor-de-aracaju\/\" \/>\n<meta property=\"og:locale\" content=\"pt_BR\" \/>\n<meta property=\"og:type\" content=\"article\" \/>\n<meta property=\"og:title\" content=\"Prefeita Em\u00edlia refor\u00e7a participa\u00e7\u00e3o popular na constru\u00e7\u00e3o do novo Plano Diretor de Aracaju - Encontra Aracaju\" \/>\n<meta property=\"og:description\" content=\"A participa\u00e7\u00e3o popular \u00e9 fundamental na constru\u00e7\u00e3o do novo Plano Diretor de Aracaju.\" \/>\n<meta property=\"og:url\" content=\"https:\/\/www.encontraaracaju.com.br\/sobre\/prefeita-emilia-reforca-participacao-popular-na-construcao-do-novo-plano-diretor-de-aracaju\/\" \/>\n<meta property=\"og:site_name\" content=\"Encontra Aracaju\" \/>\n<meta property=\"article:published_time\" content=\"2026-08-15T05:47:55+00:00\" \/>\n<meta property=\"og:image\" content=\"https:\/\/www.encontraaracaju.com.br\/sobre\/wp-content\/uploads\/2026\/08\/prefeita-emilia-reforca-participacao-popular-na-construcao-do-novo-plano-diretor-de-aracaju.webp\" \/>\n<meta name=\"author\" content=\"Encontra Aracaju\" \/>\n<meta name=\"twitter:card\" content=\"summary_large_image\" \/>\n<meta name=\"twitter:label1\" content=\"Escrito por\" \/>\n\t<meta name=\"twitter:data1\" content=\"Encontra Aracaju\" \/>\n\t<meta name=\"twitter:label2\" content=\"Est. tempo de leitura\" \/>\n\t<meta name=\"twitter:data2\" content=\"4 minutos\" \/>\n<script type=\"application\/ld+json\" class=\"yoast-schema-graph\">{\"@context\":\"https:\/\/schema.org\",\"@graph\":[{\"@type\":\"WebPage\",\"@id\":\"https:\/\/www.encontraaracaju.com.br\/sobre\/prefeita-emilia-reforca-participacao-popular-na-construcao-do-novo-plano-diretor-de-aracaju\/\",\"url\":\"https:\/\/www.encontraaracaju.com.br\/sobre\/prefeita-emilia-reforca-participacao-popular-na-construcao-do-novo-plano-diretor-de-aracaju\/\",\"name\":\"Prefeita Em\u00edlia refor\u00e7a participa\u00e7\u00e3o popular na constru\u00e7\u00e3o do novo Plano Diretor de Aracaju - Encontra Aracaju\",\"isPartOf\":{\"@id\":\"https:\/\/www.encontraaracaju.com.br\/sobre\/#website\"},\"primaryImageOfPage\":{\"@id\":\"https:\/\/www.encontraaracaju.com.br\/sobre\/prefeita-emilia-reforca-participacao-popular-na-construcao-do-novo-plano-diretor-de-aracaju\/#primaryimage\"},\"image\":{\"@id\":\"https:\/\/www.encontraaracaju.com.br\/sobre\/prefeita-emilia-reforca-participacao-popular-na-construcao-do-novo-plano-diretor-de-aracaju\/#primaryimage\"},\"thumbnailUrl\":\"https:\/\/www.encontraaracaju.com.br\/sobre\/wp-content\/uploads\/2026\/08\/prefeita-emilia-reforca-participacao-popular-na-construcao-do-novo-plano-diretor-de-aracaju.webp\",\"datePublished\":\"2026-08-15T05:47:55+00:00\",\"author\":{\"@id\":\"https:\/\/www.encontraaracaju.com.br\/sobre\/#\/schema\/person\/4ffad47e9e50db5f93e67859b297b0be\"},\"breadcrumb\":{\"@id\":\"https:\/\/www.encontraaracaju.com.br\/sobre\/prefeita-emilia-reforca-participacao-popular-na-construcao-do-novo-plano-diretor-de-aracaju\/#breadcrumb\"},\"inLanguage\":\"pt-BR\",\"potentialAction\":[{\"@type\":\"ReadAction\",\"target\":[\"https:\/\/www.encontraaracaju.com.br\/sobre\/prefeita-emilia-reforca-participacao-popular-na-construcao-do-novo-plano-diretor-de-aracaju\/\"]}]},{\"@type\":\"ImageObject\",\"inLanguage\":\"pt-BR\",\"@id\":\"https:\/\/www.encontraaracaju.com.br\/sobre\/prefeita-emilia-reforca-participacao-popular-na-construcao-do-novo-plano-diretor-de-aracaju\/#primaryimage\",\"url\":\"https:\/\/www.encontraaracaju.com.br\/sobre\/wp-content\/uploads\/2026\/08\/prefeita-emilia-reforca-participacao-popular-na-construcao-do-novo-plano-diretor-de-aracaju.webp\",\"contentUrl\":\"https:\/\/www.encontraaracaju.com.br\/sobre\/wp-content\/uploads\/2026\/08\/prefeita-emilia-reforca-participacao-popular-na-construcao-do-novo-plano-diretor-de-aracaju.webp\",\"width\":280,\"height\":280,\"caption\":\"participa\u00e7\u00e3o popular\"},{\"@type\":\"BreadcrumbList\",\"@id\":\"https:\/\/www.encontraaracaju.com.br\/sobre\/prefeita-emilia-reforca-participacao-popular-na-construcao-do-novo-plano-diretor-de-aracaju\/#breadcrumb\",\"itemListElement\":[{\"@type\":\"ListItem\",\"position\":1,\"name\":\"In\u00edcio\",\"item\":\"https:\/\/www.encontraaracaju.com.br\/sobre\/\"},{\"@type\":\"ListItem\",\"position\":2,\"name\":\"Prefeita Em\u00edlia refor\u00e7a participa\u00e7\u00e3o popular na constru\u00e7\u00e3o do novo Plano Diretor de Aracaju\"}]},{\"@type\":\"WebSite\",\"@id\":\"https:\/\/www.encontraaracaju.com.br\/sobre\/#website\",\"url\":\"https:\/\/www.encontraaracaju.com.br\/sobre\/\",\"name\":\"Encontra Aracaju\",\"description\":\"Not\u00edcias, eventos, informa\u00e7\u00f5es e dicas na cidade Aracaju e regi\u00e3o.\",\"potentialAction\":[{\"@type\":\"SearchAction\",\"target\":{\"@type\":\"EntryPoint\",\"urlTemplate\":\"https:\/\/www.encontraaracaju.com.br\/sobre\/?s={search_term_string}\"},\"query-input\":{\"@type\":\"PropertyValueSpecification\",\"valueRequired\":true,\"valueName\":\"search_term_string\"}}],\"inLanguage\":\"pt-BR\"},{\"@type\":\"Person\",\"@id\":\"https:\/\/www.encontraaracaju.com.br\/sobre\/#\/schema\/person\/4ffad47e9e50db5f93e67859b297b0be\",\"name\":\"Encontra Aracaju\",\"image\":{\"@type\":\"ImageObject\",\"inLanguage\":\"pt-BR\",\"@id\":\"https:\/\/www.encontraaracaju.com.br\/sobre\/#\/schema\/person\/image\/\",\"url\":\"https:\/\/secure.gravatar.com\/avatar\/507340682b8270222e1f208e23198b6ae7e2c6a1033ae84e99bc6bce4f82a387?s=96&d=mm&r=g\",\"contentUrl\":\"https:\/\/secure.gravatar.com\/avatar\/507340682b8270222e1f208e23198b6ae7e2c6a1033ae84e99bc6bce4f82a387?s=96&d=mm&r=g\",\"caption\":\"Encontra Aracaju\"},\"sameAs\":[\"http:\/\/www.encontraaracaju.com.br\"]}]}<\/script>\n<!-- \/ Yoast SEO plugin. -->","yoast_head_json":{"title":"Prefeita Em\u00edlia refor\u00e7a participa\u00e7\u00e3o popular na constru\u00e7\u00e3o do novo Plano Diretor de Aracaju - Encontra Aracaju","robots":{"index":"index","follow":"follow","max-snippet":"max-snippet:-1","max-image-preview":"max-image-preview:large","max-video-preview":"max-video-preview:-1"},"canonical":"https:\/\/www.encontraaracaju.com.br\/sobre\/prefeita-emilia-reforca-participacao-popular-na-construcao-do-novo-plano-diretor-de-aracaju\/","og_locale":"pt_BR","og_type":"article","og_title":"Prefeita Em\u00edlia refor\u00e7a participa\u00e7\u00e3o popular na constru\u00e7\u00e3o do novo Plano Diretor de Aracaju - Encontra Aracaju","og_description":"A participa\u00e7\u00e3o popular \u00e9 fundamental na constru\u00e7\u00e3o do novo Plano Diretor de Aracaju.","og_url":"https:\/\/www.encontraaracaju.com.br\/sobre\/prefeita-emilia-reforca-participacao-popular-na-construcao-do-novo-plano-diretor-de-aracaju\/","og_site_name":"Encontra Aracaju","article_published_time":"2026-08-15T05:47:55+00:00","og_image":[{"url":"https:\/\/www.encontraaracaju.com.br\/sobre\/wp-content\/uploads\/2026\/08\/prefeita-emilia-reforca-participacao-popular-na-construcao-do-novo-plano-diretor-de-aracaju.webp","type":"","width":"","height":""}],"author":"Encontra Aracaju","twitter_card":"summary_large_image","twitter_misc":{"Escrito por":"Encontra Aracaju","Est. tempo de leitura":"4 minutos"},"schema":{"@context":"https:\/\/schema.org","@graph":[{"@type":"WebPage","@id":"https:\/\/www.encontraaracaju.com.br\/sobre\/prefeita-emilia-reforca-participacao-popular-na-construcao-do-novo-plano-diretor-de-aracaju\/","url":"https:\/\/www.encontraaracaju.com.br\/sobre\/prefeita-emilia-reforca-participacao-popular-na-construcao-do-novo-plano-diretor-de-aracaju\/","name":"Prefeita Em\u00edlia refor\u00e7a participa\u00e7\u00e3o popular na constru\u00e7\u00e3o do novo Plano Diretor de Aracaju - Encontra Aracaju","isPartOf":{"@id":"https:\/\/www.encontraaracaju.com.br\/sobre\/#website"},"primaryImageOfPage":{"@id":"https:\/\/www.encontraaracaju.com.br\/sobre\/prefeita-emilia-reforca-participacao-popular-na-construcao-do-novo-plano-diretor-de-aracaju\/#primaryimage"},"image":{"@id":"https:\/\/www.encontraaracaju.com.br\/sobre\/prefeita-emilia-reforca-participacao-popular-na-construcao-do-novo-plano-diretor-de-aracaju\/#primaryimage"},"thumbnailUrl":"https:\/\/www.encontraaracaju.com.br\/sobre\/wp-content\/uploads\/2026\/08\/prefeita-emilia-reforca-participacao-popular-na-construcao-do-novo-plano-diretor-de-aracaju.webp","datePublished":"2026-08-15T05:47:55+00:00","author":{"@id":"https:\/\/www.encontraaracaju.com.br\/sobre\/#\/schema\/person\/4ffad47e9e50db5f93e67859b297b0be"},"breadcrumb":{"@id":"https:\/\/www.encontraaracaju.com.br\/sobre\/prefeita-emilia-reforca-participacao-popular-na-construcao-do-novo-plano-diretor-de-aracaju\/#breadcrumb"},"inLanguage":"pt-BR","potentialAction":[{"@type":"ReadAction","target":["https:\/\/www.encontraaracaju.com.br\/sobre\/prefeita-emilia-reforca-participacao-popular-na-construcao-do-novo-plano-diretor-de-aracaju\/"]}]},{"@type":"ImageObject","inLanguage":"pt-BR","@id":"https:\/\/www.encontraaracaju.com.br\/sobre\/prefeita-emilia-reforca-participacao-popular-na-construcao-do-novo-plano-diretor-de-aracaju\/#primaryimage","url":"https:\/\/www.encontraaracaju.com.br\/sobre\/wp-content\/uploads\/2026\/08\/prefeita-emilia-reforca-participacao-popular-na-construcao-do-novo-plano-diretor-de-aracaju.webp","contentUrl":"https:\/\/www.encontraaracaju.com.br\/sobre\/wp-content\/uploads\/2026\/08\/prefeita-emilia-reforca-participacao-popular-na-construcao-do-novo-plano-diretor-de-aracaju.webp","width":280,"height":280,"caption":"participa\u00e7\u00e3o popular"},{"@type":"BreadcrumbList","@id":"https:\/\/www.encontraaracaju.com.br\/sobre\/prefeita-emilia-reforca-participacao-popular-na-construcao-do-novo-plano-diretor-de-aracaju\/#breadcrumb","itemListElement":[{"@type":"ListItem","position":1,"name":"In\u00edcio","item":"https:\/\/www.encontraaracaju.com.br\/sobre\/"},{"@type":"ListItem","position":2,"name":"Prefeita Em\u00edlia refor\u00e7a participa\u00e7\u00e3o popular na constru\u00e7\u00e3o do novo Plano Diretor de Aracaju"}]},{"@type":"WebSite","@id":"https:\/\/www.encontraaracaju.com.br\/sobre\/#website","url":"https:\/\/www.encontraaracaju.com.br\/sobre\/","name":"Encontra Aracaju","description":"Not\u00edcias, eventos, informa\u00e7\u00f5es e dicas na cidade Aracaju e regi\u00e3o.","potentialAction":[{"@type":"SearchAction","target":{"@type":"EntryPoint","urlTemplate":"https:\/\/www.encontraaracaju.com.br\/sobre\/?s={search_term_string}"},"query-input":{"@type":"PropertyValueSpecification","valueRequired":true,"valueName":"search_term_string"}}],"inLanguage":"pt-BR"},{"@type":"Person","@id":"https:\/\/www.encontraaracaju.com.br\/sobre\/#\/schema\/person\/4ffad47e9e50db5f93e67859b297b0be","name":"Encontra Aracaju","image":{"@type":"ImageObject","inLanguage":"pt-BR","@id":"https:\/\/www.encontraaracaju.com.br\/sobre\/#\/schema\/person\/image\/","url":"https:\/\/secure.gravatar.com\/avatar\/507340682b8270222e1f208e23198b6ae7e2c6a1033ae84e99bc6bce4f82a387?s=96&d=mm&r=g","contentUrl":"https:\/\/secure.gravatar.com\/avatar\/507340682b8270222e1f208e23198b6ae7e2c6a1033ae84e99bc6bce4f82a387?s=96&d=mm&r=g","caption":"Encontra Aracaju"},"sameAs":["http:\/\/www.encontraaracaju.com.br"]}]}},"_links":{"self":[{"href":"https:\/\/www.encontraaracaju.com.br\/sobre\/wp-json\/wp\/v2\/posts\/2458","targetHints":{"allow":["GET"]}}],"collection":[{"href":"https:\/\/www.encontraaracaju.com.br\/sobre\/wp-json\/wp\/v2\/posts"}],"about":[{"href":"https:\/\/www.encontraaracaju.com.br\/sobre\/wp-json\/wp\/v2\/types\/post"}],"author":[{"embeddable":true,"href":"https:\/\/www.encontraaracaju.com.br\/sobre\/wp-json\/wp\/v2\/users\/1"}],"replies":[{"embeddable":true,"href":"https:\/\/www.encontraaracaju.com.br\/sobre\/wp-json\/wp\/v2\/comments?post=2458"}],"version-history":[{"count":0,"href":"https:\/\/www.encontraaracaju.com.br\/sobre\/wp-json\/wp\/v2\/posts\/2458\/revisions"}],"wp:featuredmedia":[{"embeddable":true,"href":"https:\/\/www.encontraaracaju.com.br\/sobre\/wp-json\/wp\/v2\/media\/2457"}],"wp:attachment":[{"href":"https:\/\/www.encontraaracaju.com.br\/sobre\/wp-json\/wp\/v2\/media?parent=2458"}],"wp:term":[{"taxonomy":"category","embeddable":true,"href":"https:\/\/www.encontraaracaju.com.br\/sobre\/wp-json\/wp\/v2\/categories?post=2458"},{"taxonomy":"post_tag","embeddable":true,"href":"https:\/\/www.encontraaracaju.com.br\/sobre\/wp-json\/wp\/v2\/tags?post=2458"}],"curies":[{"name":"wp","href":"https:\/\/api.w.org\/{rel}","templated":true}]}}