{"id":2454,"date":"2026-08-14T02:49:14","date_gmt":"2026-08-14T05:49:14","guid":{"rendered":"https:\/\/www.encontraaracaju.com.br\/sobre\/aracaju-registra-recorde-no-ideb-e-alcanca-1-lugar-em-crescimento-entre-as-capitais-do-nordeste\/"},"modified":"2026-08-14T02:49:14","modified_gmt":"2026-08-14T05:49:14","slug":"aracaju-registra-recorde-no-ideb-e-alcanca-1-lugar-em-crescimento-entre-as-capitais-do-nordeste","status":"publish","type":"post","link":"https:\/\/www.encontraaracaju.com.br\/sobre\/aracaju-registra-recorde-no-ideb-e-alcanca-1-lugar-em-crescimento-entre-as-capitais-do-nordeste\/","title":{"rendered":"Aracaju registra recorde no Ideb e alcan\u00e7a 1\u00b0 lugar em crescimento entre as capitais do Nordeste"},"content":{"rendered":"<div class=\"0de350683d360aa04277a39db0bae410\" data-index=\"1\" style=\"float: none; margin:0px;\">\n<!-- Anuncio display - global -->\r\n<ins class=\"adsbygoogle\"\r\n     style=\"display:block\"\r\n     data-ad-client=\"ca-pub-8585364105181520\"\r\n     data-ad-slot=\"8789329856\"\r\n     data-ad-format=\"auto\"\r\n     data-full-width-responsive=\"true\"><\/ins>\r\n<script>\r\n     (adsbygoogle = window.adsbygoogle || []).push({});\r\n<\/script>\n<\/div>\n<h2>O que \u00e9 o Ideb?<\/h2>\n<p>O \u00cdndice de Desenvolvimento da Educa\u00e7\u00e3o B\u00e1sica (Ideb) \u00e9 um indicador essencial que avalia a qualidade da educa\u00e7\u00e3o b\u00e1sica no Brasil. Criado com o intuito de medir n\u00e3o apenas o aprendizado dos alunos, mas tamb\u00e9m o fluxo escolar, ele \u00e9 calculado com base em dados de aprova\u00e7\u00e3o e nas avalia\u00e7\u00f5es do Sistema de Avalia\u00e7\u00e3o da Educa\u00e7\u00e3o B\u00e1sica (Saeb). O Ideb \u00e9 divulgado a cada dois anos e oferece uma vis\u00e3o abrangente da educa\u00e7\u00e3o nas diferentes regi\u00f5es do pa\u00eds.<\/p>\n<h2>Como Aracaju alcan\u00e7ou esse resultado?<\/h2>\n<p>Aracaju destacou-se no \u00faltimo Ideb, subindo de 5,2 para 5,8 nos anos iniciais do Ensino Fundamental. Este avan\u00e7o \u00e9 um reflexo de uma gest\u00e3o educacional comprometida, que prioriza a qualidade do ensino. A implementa\u00e7\u00e3o de pol\u00edticas de monitoramento pedag\u00f3gico e a \u00eanfase na alfabetiza\u00e7\u00e3o na idade correta foram fundamentais para esse crescimento. A participa\u00e7\u00e3o ativa de professores, gestores, e de toda a comunidade escolar tamb\u00e9m teve um papel relevante nesses resultados robustos.<\/p>\n<h2>Import\u00e2ncia da educa\u00e7\u00e3o na forma\u00e7\u00e3o cidad\u00e3<\/h2>\n<p>A educa\u00e7\u00e3o desempenha um papel vital na forma\u00e7\u00e3o de cidad\u00e3os conscientes e cr\u00edticos. Ao proporcionar uma base s\u00f3lida em conhecimento e habilidades, a educa\u00e7\u00e3o permite que os jovens fa\u00e7am escolhas informadas, contribuam para a sociedade e participem ativamente da vida p\u00fablica. O Ideb reflete essa import\u00e2ncia ao destacar n\u00e3o apenas os n\u00fameros, mas o potencial transformador que uma educa\u00e7\u00e3o de qualidade pode ter na vida das pessoas.<\/p>\n<p><img decoding=\"async\" src=\"https:\/\/www.encontraaracaju.com.br\/sobre\/wp-content\/uploads\/2026\/08\/aracaju-registra-recorde-no-ideb-e-alcanca-1-lugar-em-crescimento-entre-as-capitais-do-nordeste.webp\" alt=\"Aracaju no Ideb\" loading=\"lazy\" \/><\/p>\n<h2>A gest\u00e3o da educa\u00e7\u00e3o em Aracaju<\/h2>\n<p>A pol\u00edtica educacional em Aracaju foi rigorosamente estruturada para garantir que todos os alunos possam aprender em um ambiente apropriado. Sob a lideran\u00e7a da prefeita Em\u00edlia Corr\u00eaa, a gest\u00e3o educacional se firmou como uma prioridade municipal. Com a cria\u00e7\u00e3o da Pol\u00edtica Municipal de Alfabetiza\u00e7\u00e3o, a cidade transformou diretrizes pedag\u00f3gicas em pr\u00e1ticas institucionais, permitindo um planejamento a longo prazo que gera resultados. A forma\u00e7\u00e3o cont\u00ednua dos docentes \u00e9 um dos pilares dessa gest\u00e3o, garantindo que os educadores estejam sempre atualizados com as melhores pr\u00e1ticas de ensino.<\/p>\n<h2>Iniciativas para melhorar o ensino<\/h2>\n<p>Dentre as v\u00e1rias iniciativas implementadas, destaca-se o programa &#8220;Descomplica nas F\u00e9rias&#8221;, que atendeu mil alunos durante o recesso, ajudando a recompor a aprendizagem. Outras a\u00e7\u00f5es, como os &#8220;Cantinhos de Leitura&#8221;, visam incentivar o h\u00e1bito da leitura desde a alfabetiza\u00e7\u00e3o e foram introduzidos em todas as escolas da rede. Al\u00e9m disso, a moderniza\u00e7\u00e3o tecnol\u00f3gica nas salas de aula tamb\u00e9m contribui para a din\u00e2mica do ensino, aprimorando o aprendizado.<\/p>\n<h2>Depoimentos de professores e alunos<\/h2>\n<p>Os depoimentos de educadores e alunos ressaltam a import\u00e2ncia das mudan\u00e7as implementadas. Muitos professores relataram a melhoria no engajamento dos alunos e na din\u00e2mica das aulas, fruto das novas metodologias e do suporte que est\u00e3o recebendo. Estudantes expressaram maior interesse em aprender, o que claramente reflete nos resultados positivos obtidos no Ideb.<\/p>\n<h2>O papel da comunidade na educa\u00e7\u00e3o<\/h2>\n<p>A participa\u00e7\u00e3o da comunidade \u00e9 crucial para o sucesso educacional. A intera\u00e7\u00e3o entre as fam\u00edlias e as escolas tem sido incentivada atrav\u00e9s de reuni\u00f5es e eventos, permitindo que os pais se tornem aliados no aprendizado de seus filhos. O apoio familiar se transforma em um benef\u00edcio significativo para a motiva\u00e7\u00e3o dos alunos, pois eles percebem que a educa\u00e7\u00e3o \u00e9 uma prioridade compartilhada por todos.<\/p>\n<h2>Resultados dos programas educacionais implementados<\/h2>\n<p>Os programas educacionais, especialmente aqueles voltados para a alfabetiza\u00e7\u00e3o e acompanhamento pedag\u00f3gico, demonstraram efic\u00e1cia. A certifica\u00e7\u00e3o que Aracaju obteve, como o Selo Ouro do Compromisso Nacional Crian\u00e7a Alfabetizada, ilustra a seriedade e o impacto das pol\u00edticas educacionais em andamento. Esses resultados s\u00e3o fruto de uma sinergia entre o governo, educadores e a comunidade, refor\u00e7ando a ideia de que uma educa\u00e7\u00e3o de qualidade \u00e9 um compromisso coletivo.<\/p>\n<h2>Desafios futuros para a educa\u00e7\u00e3o em Aracaju<\/h2>\n<p>Apesar do sucesso alcan\u00e7ado, Aracaju enfrenta desafios cont\u00ednuos. A manuten\u00e7\u00e3o desses \u00edndices de qualidade exigir\u00e1 uma constante atualiza\u00e7\u00e3o das pr\u00e1ticas educacionais e a forte forma\u00e7\u00e3o te\u00f3rica e pr\u00e1tica dos educadores. A gest\u00e3o tamb\u00e9m deve continuar a investir em infraestrutura e em recursos para garantir que todos os alunos tenham acesso a uma educa\u00e7\u00e3o que n\u00e3o apenas ensine, mas tamb\u00e9m inspire e prepare para o futuro.<\/p>\n<h2>O que podemos aprender com essa experi\u00eancia?<\/h2>\n<p>A trajet\u00f3ria de Aracaju demonstra que a melhoria educacional \u00e9 vi\u00e1vel quando h\u00e1 planejamento, prioridade e envolvimento de toda a comunidade. A aplica\u00e7\u00e3o cont\u00ednua de pol\u00edticas focadas na alfabetiza\u00e7\u00e3o e no aprendizado efetivo dos alunos pode ser replicada em outras cidades como um modelo de sucesso. A evolu\u00e7\u00e3o dos \u00edndices do Ideb n\u00e3o \u00e9 apenas um n\u00famero, mas um reflexo das esperan\u00e7as e potenciais transformadores da educa\u00e7\u00e3o, que lan\u00e7am fundamentos s\u00f3lidos para um futuro mais promissor.<\/p>\n\n<div style=\"font-size: 0px; height: 0px; line-height: 0px; margin: 0; padding: 0; clear: both;\"><\/div>","protected":false},"excerpt":{"rendered":"<p>Aracaju alcan\u00e7a 1\u00b0 lugar em crescimento no Ideb entre as capitais do Nordeste, um verdadeiro exemplo de educa\u00e7\u00e3o.<\/p>\n","protected":false},"author":1,"featured_media":2453,"comment_status":"closed","ping_status":"closed","sticky":false,"template":"","format":"standard","meta":{"footnotes":""},"categories":[23],"tags":[],"class_list":["post-2454","post","type-post","status-publish","format-standard","has-post-thumbnail","hentry","category-educacao-em-aracaju","has_thumb"],"yoast_head":"<!-- This site is optimized with the Yoast SEO plugin v26.4 - https:\/\/yoast.com\/wordpress\/plugins\/seo\/ -->\n<title>Aracaju registra recorde no Ideb e alcan\u00e7a 1\u00b0 lugar em crescimento entre as capitais do Nordeste - Encontra Aracaju<\/title>\n<meta name=\"robots\" content=\"index, follow, max-snippet:-1, max-image-preview:large, max-video-preview:-1\" \/>\n<link rel=\"canonical\" href=\"https:\/\/www.encontraaracaju.com.br\/sobre\/aracaju-registra-recorde-no-ideb-e-alcanca-1-lugar-em-crescimento-entre-as-capitais-do-nordeste\/\" \/>\n<meta property=\"og:locale\" content=\"pt_BR\" \/>\n<meta property=\"og:type\" content=\"article\" \/>\n<meta property=\"og:title\" content=\"Aracaju registra recorde no Ideb e alcan\u00e7a 1\u00b0 lugar em crescimento entre as capitais do Nordeste - Encontra Aracaju\" \/>\n<meta property=\"og:description\" content=\"Aracaju alcan\u00e7a 1\u00b0 lugar em crescimento no Ideb entre as capitais do Nordeste, um verdadeiro exemplo de educa\u00e7\u00e3o.\" \/>\n<meta property=\"og:url\" content=\"https:\/\/www.encontraaracaju.com.br\/sobre\/aracaju-registra-recorde-no-ideb-e-alcanca-1-lugar-em-crescimento-entre-as-capitais-do-nordeste\/\" \/>\n<meta property=\"og:site_name\" content=\"Encontra Aracaju\" \/>\n<meta property=\"article:published_time\" content=\"2026-08-14T05:49:14+00:00\" \/>\n<meta property=\"og:image\" content=\"https:\/\/www.encontraaracaju.com.br\/sobre\/wp-content\/uploads\/2026\/08\/aracaju-registra-recorde-no-ideb-e-alcanca-1-lugar-em-crescimento-entre-as-capitais-do-nordeste.webp\" \/>\n<meta name=\"author\" content=\"Encontra Aracaju\" \/>\n<meta name=\"twitter:card\" content=\"summary_large_image\" \/>\n<meta name=\"twitter:label1\" content=\"Escrito por\" \/>\n\t<meta name=\"twitter:data1\" content=\"Encontra Aracaju\" \/>\n\t<meta name=\"twitter:label2\" content=\"Est. tempo de leitura\" \/>\n\t<meta name=\"twitter:data2\" content=\"4 minutos\" \/>\n<script type=\"application\/ld+json\" class=\"yoast-schema-graph\">{\"@context\":\"https:\/\/schema.org\",\"@graph\":[{\"@type\":\"WebPage\",\"@id\":\"https:\/\/www.encontraaracaju.com.br\/sobre\/aracaju-registra-recorde-no-ideb-e-alcanca-1-lugar-em-crescimento-entre-as-capitais-do-nordeste\/\",\"url\":\"https:\/\/www.encontraaracaju.com.br\/sobre\/aracaju-registra-recorde-no-ideb-e-alcanca-1-lugar-em-crescimento-entre-as-capitais-do-nordeste\/\",\"name\":\"Aracaju registra recorde no Ideb e alcan\u00e7a 1\u00b0 lugar em crescimento entre as capitais do Nordeste - Encontra Aracaju\",\"isPartOf\":{\"@id\":\"https:\/\/www.encontraaracaju.com.br\/sobre\/#website\"},\"primaryImageOfPage\":{\"@id\":\"https:\/\/www.encontraaracaju.com.br\/sobre\/aracaju-registra-recorde-no-ideb-e-alcanca-1-lugar-em-crescimento-entre-as-capitais-do-nordeste\/#primaryimage\"},\"image\":{\"@id\":\"https:\/\/www.encontraaracaju.com.br\/sobre\/aracaju-registra-recorde-no-ideb-e-alcanca-1-lugar-em-crescimento-entre-as-capitais-do-nordeste\/#primaryimage\"},\"thumbnailUrl\":\"https:\/\/www.encontraaracaju.com.br\/sobre\/wp-content\/uploads\/2026\/08\/aracaju-registra-recorde-no-ideb-e-alcanca-1-lugar-em-crescimento-entre-as-capitais-do-nordeste.webp\",\"datePublished\":\"2026-08-14T05:49:14+00:00\",\"author\":{\"@id\":\"https:\/\/www.encontraaracaju.com.br\/sobre\/#\/schema\/person\/4ffad47e9e50db5f93e67859b297b0be\"},\"breadcrumb\":{\"@id\":\"https:\/\/www.encontraaracaju.com.br\/sobre\/aracaju-registra-recorde-no-ideb-e-alcanca-1-lugar-em-crescimento-entre-as-capitais-do-nordeste\/#breadcrumb\"},\"inLanguage\":\"pt-BR\",\"potentialAction\":[{\"@type\":\"ReadAction\",\"target\":[\"https:\/\/www.encontraaracaju.com.br\/sobre\/aracaju-registra-recorde-no-ideb-e-alcanca-1-lugar-em-crescimento-entre-as-capitais-do-nordeste\/\"]}]},{\"@type\":\"ImageObject\",\"inLanguage\":\"pt-BR\",\"@id\":\"https:\/\/www.encontraaracaju.com.br\/sobre\/aracaju-registra-recorde-no-ideb-e-alcanca-1-lugar-em-crescimento-entre-as-capitais-do-nordeste\/#primaryimage\",\"url\":\"https:\/\/www.encontraaracaju.com.br\/sobre\/wp-content\/uploads\/2026\/08\/aracaju-registra-recorde-no-ideb-e-alcanca-1-lugar-em-crescimento-entre-as-capitais-do-nordeste.webp\",\"contentUrl\":\"https:\/\/www.encontraaracaju.com.br\/sobre\/wp-content\/uploads\/2026\/08\/aracaju-registra-recorde-no-ideb-e-alcanca-1-lugar-em-crescimento-entre-as-capitais-do-nordeste.webp\",\"width\":280,\"height\":280,\"caption\":\"Aracaju no Ideb\"},{\"@type\":\"BreadcrumbList\",\"@id\":\"https:\/\/www.encontraaracaju.com.br\/sobre\/aracaju-registra-recorde-no-ideb-e-alcanca-1-lugar-em-crescimento-entre-as-capitais-do-nordeste\/#breadcrumb\",\"itemListElement\":[{\"@type\":\"ListItem\",\"position\":1,\"name\":\"In\u00edcio\",\"item\":\"https:\/\/www.encontraaracaju.com.br\/sobre\/\"},{\"@type\":\"ListItem\",\"position\":2,\"name\":\"Aracaju registra recorde no Ideb e alcan\u00e7a 1\u00b0 lugar em crescimento entre as capitais do Nordeste\"}]},{\"@type\":\"WebSite\",\"@id\":\"https:\/\/www.encontraaracaju.com.br\/sobre\/#website\",\"url\":\"https:\/\/www.encontraaracaju.com.br\/sobre\/\",\"name\":\"Encontra Aracaju\",\"description\":\"Not\u00edcias, eventos, informa\u00e7\u00f5es e dicas na cidade Aracaju e regi\u00e3o.\",\"potentialAction\":[{\"@type\":\"SearchAction\",\"target\":{\"@type\":\"EntryPoint\",\"urlTemplate\":\"https:\/\/www.encontraaracaju.com.br\/sobre\/?s={search_term_string}\"},\"query-input\":{\"@type\":\"PropertyValueSpecification\",\"valueRequired\":true,\"valueName\":\"search_term_string\"}}],\"inLanguage\":\"pt-BR\"},{\"@type\":\"Person\",\"@id\":\"https:\/\/www.encontraaracaju.com.br\/sobre\/#\/schema\/person\/4ffad47e9e50db5f93e67859b297b0be\",\"name\":\"Encontra Aracaju\",\"image\":{\"@type\":\"ImageObject\",\"inLanguage\":\"pt-BR\",\"@id\":\"https:\/\/www.encontraaracaju.com.br\/sobre\/#\/schema\/person\/image\/\",\"url\":\"https:\/\/secure.gravatar.com\/avatar\/507340682b8270222e1f208e23198b6ae7e2c6a1033ae84e99bc6bce4f82a387?s=96&d=mm&r=g\",\"contentUrl\":\"https:\/\/secure.gravatar.com\/avatar\/507340682b8270222e1f208e23198b6ae7e2c6a1033ae84e99bc6bce4f82a387?s=96&d=mm&r=g\",\"caption\":\"Encontra Aracaju\"},\"sameAs\":[\"http:\/\/www.encontraaracaju.com.br\"]}]}<\/script>\n<!-- \/ Yoast SEO plugin. -->","yoast_head_json":{"title":"Aracaju registra recorde no Ideb e alcan\u00e7a 1\u00b0 lugar em crescimento entre as capitais do Nordeste - Encontra Aracaju","robots":{"index":"index","follow":"follow","max-snippet":"max-snippet:-1","max-image-preview":"max-image-preview:large","max-video-preview":"max-video-preview:-1"},"canonical":"https:\/\/www.encontraaracaju.com.br\/sobre\/aracaju-registra-recorde-no-ideb-e-alcanca-1-lugar-em-crescimento-entre-as-capitais-do-nordeste\/","og_locale":"pt_BR","og_type":"article","og_title":"Aracaju registra recorde no Ideb e alcan\u00e7a 1\u00b0 lugar em crescimento entre as capitais do Nordeste - Encontra Aracaju","og_description":"Aracaju alcan\u00e7a 1\u00b0 lugar em crescimento no Ideb entre as capitais do Nordeste, um verdadeiro exemplo de educa\u00e7\u00e3o.","og_url":"https:\/\/www.encontraaracaju.com.br\/sobre\/aracaju-registra-recorde-no-ideb-e-alcanca-1-lugar-em-crescimento-entre-as-capitais-do-nordeste\/","og_site_name":"Encontra Aracaju","article_published_time":"2026-08-14T05:49:14+00:00","og_image":[{"url":"https:\/\/www.encontraaracaju.com.br\/sobre\/wp-content\/uploads\/2026\/08\/aracaju-registra-recorde-no-ideb-e-alcanca-1-lugar-em-crescimento-entre-as-capitais-do-nordeste.webp","type":"","width":"","height":""}],"author":"Encontra Aracaju","twitter_card":"summary_large_image","twitter_misc":{"Escrito por":"Encontra Aracaju","Est. tempo de leitura":"4 minutos"},"schema":{"@context":"https:\/\/schema.org","@graph":[{"@type":"WebPage","@id":"https:\/\/www.encontraaracaju.com.br\/sobre\/aracaju-registra-recorde-no-ideb-e-alcanca-1-lugar-em-crescimento-entre-as-capitais-do-nordeste\/","url":"https:\/\/www.encontraaracaju.com.br\/sobre\/aracaju-registra-recorde-no-ideb-e-alcanca-1-lugar-em-crescimento-entre-as-capitais-do-nordeste\/","name":"Aracaju registra recorde no Ideb e alcan\u00e7a 1\u00b0 lugar em crescimento entre as capitais do Nordeste - Encontra Aracaju","isPartOf":{"@id":"https:\/\/www.encontraaracaju.com.br\/sobre\/#website"},"primaryImageOfPage":{"@id":"https:\/\/www.encontraaracaju.com.br\/sobre\/aracaju-registra-recorde-no-ideb-e-alcanca-1-lugar-em-crescimento-entre-as-capitais-do-nordeste\/#primaryimage"},"image":{"@id":"https:\/\/www.encontraaracaju.com.br\/sobre\/aracaju-registra-recorde-no-ideb-e-alcanca-1-lugar-em-crescimento-entre-as-capitais-do-nordeste\/#primaryimage"},"thumbnailUrl":"https:\/\/www.encontraaracaju.com.br\/sobre\/wp-content\/uploads\/2026\/08\/aracaju-registra-recorde-no-ideb-e-alcanca-1-lugar-em-crescimento-entre-as-capitais-do-nordeste.webp","datePublished":"2026-08-14T05:49:14+00:00","author":{"@id":"https:\/\/www.encontraaracaju.com.br\/sobre\/#\/schema\/person\/4ffad47e9e50db5f93e67859b297b0be"},"breadcrumb":{"@id":"https:\/\/www.encontraaracaju.com.br\/sobre\/aracaju-registra-recorde-no-ideb-e-alcanca-1-lugar-em-crescimento-entre-as-capitais-do-nordeste\/#breadcrumb"},"inLanguage":"pt-BR","potentialAction":[{"@type":"ReadAction","target":["https:\/\/www.encontraaracaju.com.br\/sobre\/aracaju-registra-recorde-no-ideb-e-alcanca-1-lugar-em-crescimento-entre-as-capitais-do-nordeste\/"]}]},{"@type":"ImageObject","inLanguage":"pt-BR","@id":"https:\/\/www.encontraaracaju.com.br\/sobre\/aracaju-registra-recorde-no-ideb-e-alcanca-1-lugar-em-crescimento-entre-as-capitais-do-nordeste\/#primaryimage","url":"https:\/\/www.encontraaracaju.com.br\/sobre\/wp-content\/uploads\/2026\/08\/aracaju-registra-recorde-no-ideb-e-alcanca-1-lugar-em-crescimento-entre-as-capitais-do-nordeste.webp","contentUrl":"https:\/\/www.encontraaracaju.com.br\/sobre\/wp-content\/uploads\/2026\/08\/aracaju-registra-recorde-no-ideb-e-alcanca-1-lugar-em-crescimento-entre-as-capitais-do-nordeste.webp","width":280,"height":280,"caption":"Aracaju no Ideb"},{"@type":"BreadcrumbList","@id":"https:\/\/www.encontraaracaju.com.br\/sobre\/aracaju-registra-recorde-no-ideb-e-alcanca-1-lugar-em-crescimento-entre-as-capitais-do-nordeste\/#breadcrumb","itemListElement":[{"@type":"ListItem","position":1,"name":"In\u00edcio","item":"https:\/\/www.encontraaracaju.com.br\/sobre\/"},{"@type":"ListItem","position":2,"name":"Aracaju registra recorde no Ideb e alcan\u00e7a 1\u00b0 lugar em crescimento entre as capitais do Nordeste"}]},{"@type":"WebSite","@id":"https:\/\/www.encontraaracaju.com.br\/sobre\/#website","url":"https:\/\/www.encontraaracaju.com.br\/sobre\/","name":"Encontra Aracaju","description":"Not\u00edcias, eventos, informa\u00e7\u00f5es e dicas na cidade Aracaju e regi\u00e3o.","potentialAction":[{"@type":"SearchAction","target":{"@type":"EntryPoint","urlTemplate":"https:\/\/www.encontraaracaju.com.br\/sobre\/?s={search_term_string}"},"query-input":{"@type":"PropertyValueSpecification","valueRequired":true,"valueName":"search_term_string"}}],"inLanguage":"pt-BR"},{"@type":"Person","@id":"https:\/\/www.encontraaracaju.com.br\/sobre\/#\/schema\/person\/4ffad47e9e50db5f93e67859b297b0be","name":"Encontra Aracaju","image":{"@type":"ImageObject","inLanguage":"pt-BR","@id":"https:\/\/www.encontraaracaju.com.br\/sobre\/#\/schema\/person\/image\/","url":"https:\/\/secure.gravatar.com\/avatar\/507340682b8270222e1f208e23198b6ae7e2c6a1033ae84e99bc6bce4f82a387?s=96&d=mm&r=g","contentUrl":"https:\/\/secure.gravatar.com\/avatar\/507340682b8270222e1f208e23198b6ae7e2c6a1033ae84e99bc6bce4f82a387?s=96&d=mm&r=g","caption":"Encontra Aracaju"},"sameAs":["http:\/\/www.encontraaracaju.com.br"]}]}},"_links":{"self":[{"href":"https:\/\/www.encontraaracaju.com.br\/sobre\/wp-json\/wp\/v2\/posts\/2454","targetHints":{"allow":["GET"]}}],"collection":[{"href":"https:\/\/www.encontraaracaju.com.br\/sobre\/wp-json\/wp\/v2\/posts"}],"about":[{"href":"https:\/\/www.encontraaracaju.com.br\/sobre\/wp-json\/wp\/v2\/types\/post"}],"author":[{"embeddable":true,"href":"https:\/\/www.encontraaracaju.com.br\/sobre\/wp-json\/wp\/v2\/users\/1"}],"replies":[{"embeddable":true,"href":"https:\/\/www.encontraaracaju.com.br\/sobre\/wp-json\/wp\/v2\/comments?post=2454"}],"version-history":[{"count":0,"href":"https:\/\/www.encontraaracaju.com.br\/sobre\/wp-json\/wp\/v2\/posts\/2454\/revisions"}],"wp:featuredmedia":[{"embeddable":true,"href":"https:\/\/www.encontraaracaju.com.br\/sobre\/wp-json\/wp\/v2\/media\/2453"}],"wp:attachment":[{"href":"https:\/\/www.encontraaracaju.com.br\/sobre\/wp-json\/wp\/v2\/media?parent=2454"}],"wp:term":[{"taxonomy":"category","embeddable":true,"href":"https:\/\/www.encontraaracaju.com.br\/sobre\/wp-json\/wp\/v2\/categories?post=2454"},{"taxonomy":"post_tag","embeddable":true,"href":"https:\/\/www.encontraaracaju.com.br\/sobre\/wp-json\/wp\/v2\/tags?post=2454"}],"curies":[{"name":"wp","href":"https:\/\/api.w.org\/{rel}","templated":true}]}}