{"id":2424,"date":"2026-08-09T03:13:06","date_gmt":"2026-08-09T06:13:06","guid":{"rendered":"https:\/\/www.encontraaracaju.com.br\/sobre\/prefeitura-avanca-no-plano-da-primeira-infancia-com-formacao-sobre-parques-naturalizados\/"},"modified":"2026-08-09T03:13:06","modified_gmt":"2026-08-09T06:13:06","slug":"prefeitura-avanca-no-plano-da-primeira-infancia-com-formacao-sobre-parques-naturalizados","status":"publish","type":"post","link":"https:\/\/www.encontraaracaju.com.br\/sobre\/prefeitura-avanca-no-plano-da-primeira-infancia-com-formacao-sobre-parques-naturalizados\/","title":{"rendered":"Prefeitura avan\u00e7a no Plano da Primeira Inf\u00e2ncia com forma\u00e7\u00e3o sobre parques naturalizados"},"content":{"rendered":"<div class=\"0de350683d360aa04277a39db0bae410\" data-index=\"1\" style=\"float: none; margin:0px;\">\n<!-- Anuncio display - global -->\r\n<ins class=\"adsbygoogle\"\r\n     style=\"display:block\"\r\n     data-ad-client=\"ca-pub-8585364105181520\"\r\n     data-ad-slot=\"8789329856\"\r\n     data-ad-format=\"auto\"\r\n     data-full-width-responsive=\"true\"><\/ins>\r\n<script>\r\n     (adsbygoogle = window.adsbygoogle || []).push({});\r\n<\/script>\n<\/div>\n<h2>A Import\u00e2ncia dos Parques Naturalizados<\/h2>\n<p>Os parques naturalizados representam um conceito inovador em ambientes urbanos, especialmente no que se refere ao desenvolvimento da primeira inf\u00e2ncia. Esses espa\u00e7os s\u00e3o projetados para integrar elementos naturais, proporcionando \u00e0s crian\u00e7as a oportunidade de se conectar com a natureza. Adicionalmente, promovem um contexto que vai al\u00e9m do simples lazer, atuando numa perspectiva educativa e de bem-estar.<\/p>\n<p>Esta abordagem vai ao encontro de uma necessidade urgente em muitas cidades, onde a urbaniza\u00e7\u00e3o excessiva tem limitado o acesso das crian\u00e7as a ambientes naturais. Ao incorporar parques naturalizados, as cidades podem n\u00e3o s\u00f3 melhorar a qualidade de vida, mas tamb\u00e9m estimular a curiosidade e a criatividade das crian\u00e7as.<\/p>\n<h2>Educa\u00e7\u00e3o e Meio Ambiente em Harmoniza\u00e7\u00e3o<\/h2>\n<p>A educa\u00e7\u00e3o ambiental ocupa uma posi\u00e7\u00e3o de destaque quando se trata de parques e p\u00e1tios naturalizados. \u00c9 fundamental que as crian\u00e7as n\u00e3o apenas vivenciem a natureza, mas tamb\u00e9m compreendam sua import\u00e2ncia. As experi\u00eancias proporcionadas por esses espa\u00e7os favorecem uma educa\u00e7\u00e3o que valoriza a sustentabilidade e a preserva\u00e7\u00e3o ambiental desde os primeiros anos de vida.<\/p>\n<p><img decoding=\"async\" src=\"https:\/\/www.encontraaracaju.com.br\/sobre\/wp-content\/uploads\/2026\/08\/prefeitura-avanca-no-plano-da-primeira-infancia-com-formacao-sobre-parques-naturalizados.webp\" alt=\"Plano da Primeira Inf\u00e2ncia\" loading=\"lazy\" \/><\/p>\n<p>Neste contexto, os professores e educadores t\u00eam uma importante responsabilidade em integrar atividades que estimulem o conhecimento sobre a flora, fauna e ecossistemas, criando uma conex\u00e3o mais profunda entre as crian\u00e7as e o meio ambiente.<\/p>\n<h2>Desenvolvimento da Primeira Inf\u00e2ncia<\/h2>\n<p>A proposta de parques naturalizados visa promover o desenvolvimento integral das crian\u00e7as, fortalecendo \u00e1reas fundamentais como a motricidade, socializa\u00e7\u00e3o, emocional e cognitiva. Ao estimular a explora\u00e7\u00e3o, as crian\u00e7as adquirem habilidades motoras atrav\u00e9s de atividades f\u00edsicas livres e introspetivas no contato direto com a terra, \u00e1rvores e outros elementos naturais.<\/p>\n<p>Al\u00e9m disso, o fato de interagir com o ambiente natural ajuda a desenvolver habilidades sociais, uma vez que as crian\u00e7as aprendem a compartilhar, cooperar e resolver conflitos em grupos. Este aspecto social \u00e9 vital para a forma\u00e7\u00e3o de v\u00ednculos e amizades duradouras.<\/p>\n<h2>Interven\u00e7\u00f5es Arquitet\u00f4nicas para Crian\u00e7as<\/h2>\n<p>As interven\u00e7\u00f5es arquitet\u00f4nicas nos p\u00e1tios e parques escolarizados devem ser pensadas sob a \u00f3tica da crian\u00e7a. Isso significa que o mobili\u00e1rio urbano deve ser adapt\u00e1vel e seguro, considerando as dimens\u00f5es e necessidades dos pequenos. Elementos como troncos, pedras e \u00e1reas de terra podem ser introduzidos de forma intencional, criando um espa\u00e7o que inspira aprendizado e descoberta.<\/p>\n<p>De acordo com Rodolfo Anjos, coordenador de Infraestrutura e Edifica\u00e7\u00e3o da Secretaria Municipal de Educa\u00e7\u00e3o, essas interven\u00e7\u00f5es visam transformar as \u00e1reas externas em ambientes enriquecedores. Isso envolve um planejamento cuidadoso e colabora\u00e7\u00e3o com especialistas em educa\u00e7\u00e3o e meio ambiente.<\/p>\n<h2>O Papel das Fam\u00edlias na Educa\u00e7\u00e3o Infantil<\/h2>\n<p>As fam\u00edlias desempenham um papel cr\u00edtico neste processo educativo. Ao entender o potencial dos parques naturalizados, elas se tornam parceiras no desenvolvimento educacional das crian\u00e7as. Encorajar os pais a participar de atividades ao ar livre e a explorar juntos essas \u00e1reas verdes ajuda a consolidar a aprendizagem.<\/p>\n<p>Al\u00e9m disso, \u00e9 importante que os pais sejam informados e educados sobre os benef\u00edcios dessas experi\u00eancias naturales, tornando-se seus defensores e incentivadores.<\/p>\n<h2>A Conex\u00e3o Entre Natureza e Aprendizagem<\/h2>\n<p>O contato com a natureza durante a primeira inf\u00e2ncia tem efeitos positivos comprovados no aprendizado. Estudos demonstram que crian\u00e7as que passam mais tempo ao ar livre desenvolvem habilidades cognitivas superiores e t\u00eam melhor desempenho acad\u00eamico.<\/p>\n<p>A explora\u00e7\u00e3o livre em ambientes naturais aumenta a curiosidade, enquanto o jogo n\u00e3o estruturado fomenta a criatividade. Essa conex\u00e3o vital entre natureza e aprendizagem \u00e9 fundamental para o desenvolvimento hol\u00edstico das crian\u00e7as.<\/p>\n<h2>Ambientes Inclusivos e Estimulantes<\/h2>\n<p>Os parques naturalizados devem ser projetados para serem inclusivos. Isso significa que crian\u00e7as com diferentes habilidades e necessidades devem poder experimentar e explorar esses espa\u00e7os de maneira equitativa. O planejamento inclusivo proporciona acesso a todos, garantindo que cada crian\u00e7a se sinta acolhida e valorizada ao explorar seu ambiente.<\/p>\n<p>Ambientes estimulantes s\u00e3o aqueles que provocam os sentidos e encorajam a curiosidade e o desejo de explorar. Por isso, a diversidade de elementos e atividades nos parques naturalizados \u00e9 essencial para o desenvolvimento infantil.<\/p>\n<h2>Experi\u00eancias Sensoriais no Aprendizado Infantojuvenil<\/h2>\n<p>Parques naturalizados oferecem um vasto leque de experi\u00eancias sensoriais que s\u00e3o essenciais para o aprendizado nas primeiras idades. As crian\u00e7as s\u00e3o convidadas a tocar, ver, cheirar e ouvir a natureza ao seu redor, fazendo com que a aprendizagem seja mais envolvente e memor\u00e1vel.<\/p>\n<p>Essas experi\u00eancias sensoriais n\u00e3o apenas promovem o desenvolvimento cognitivo, mas tamb\u00e9m favorecem o bem-estar emocional. Os ambientes naturais t\u00eam um efeito calmante e rejuvenescedor, ajudando as crian\u00e7as a lidar com o estresse e as ansiedades do dia a dia.<\/p>\n<h2>Intersetorialidade no Plano da Primeira Inf\u00e2ncia<\/h2>\n<p>Um dos grandes benef\u00edcios dos parques naturalizados \u00e9 a possibilidade de implementar uma abordagem intersetorial no desenvolvimento das pol\u00edticas p\u00fablicas voltadas \u00e0 primeira inf\u00e2ncia. A colabora\u00e7\u00e3o entre diferentes secretarias municipais &#8211; educa\u00e7\u00e3o, meio ambiente, sa\u00fade e urbanismo &#8211; \u00e9 essencial para criar espa\u00e7os que atendam \u00e0s realidades das crian\u00e7as e de suas comunidades.<\/p>\n<p>A gest\u00e3o integrada permite que cada departamento contribua com sua expertise, resultando em um ambiente mais coeso e \u00fatil, onde as crian\u00e7as se sentem seguras, estimuladas e cuidadas.<\/p>\n<h2>O Futuro das Escolas com Parques Naturalizados<\/h2>\n<p>O futuro das escolas que adotam a abordagem dos parques naturalizados \u00e9 promissor. Estas institui\u00e7\u00f5es se tornam lugares onde a educa\u00e7\u00e3o vai al\u00e9m da sala de aula, incentivando uma aprendizagem hol\u00edstica que abrange n\u00e3o somente o intelecto, mas tamb\u00e9m o emocional e o social.<\/p>\n<p>O objetivo final \u00e9 desenvolver n\u00e3o apenas cidad\u00e3os bem-educados, mas tamb\u00e9m cidad\u00e3os conscientes, respons\u00e1veis e respeitadores do meio ambiente, prontos para enfrentar os desafios do futuro com criatividade e empatia.<\/p>\n\n<div style=\"font-size: 0px; height: 0px; line-height: 0px; margin: 0; padding: 0; clear: both;\"><\/div>","protected":false},"excerpt":{"rendered":"<p>Uma iniciativa da Prefeitura revoluciona os parques naturalizados voltados para a Primeira Inf\u00e2ncia!<\/p>\n","protected":false},"author":1,"featured_media":2423,"comment_status":"closed","ping_status":"closed","sticky":false,"template":"","format":"standard","meta":{"footnotes":""},"categories":[23],"tags":[],"class_list":["post-2424","post","type-post","status-publish","format-standard","has-post-thumbnail","hentry","category-educacao-em-aracaju","has_thumb"],"yoast_head":"<!-- This site is optimized with the Yoast SEO plugin v26.4 - https:\/\/yoast.com\/wordpress\/plugins\/seo\/ -->\n<title>Prefeitura avan\u00e7a no Plano da Primeira Inf\u00e2ncia com forma\u00e7\u00e3o sobre parques naturalizados - Encontra Aracaju<\/title>\n<meta name=\"robots\" content=\"index, follow, max-snippet:-1, max-image-preview:large, max-video-preview:-1\" \/>\n<link rel=\"canonical\" href=\"https:\/\/www.encontraaracaju.com.br\/sobre\/prefeitura-avanca-no-plano-da-primeira-infancia-com-formacao-sobre-parques-naturalizados\/\" \/>\n<meta property=\"og:locale\" content=\"pt_BR\" \/>\n<meta property=\"og:type\" content=\"article\" \/>\n<meta property=\"og:title\" content=\"Prefeitura avan\u00e7a no Plano da Primeira Inf\u00e2ncia com forma\u00e7\u00e3o sobre parques naturalizados - Encontra Aracaju\" \/>\n<meta property=\"og:description\" content=\"Uma iniciativa da Prefeitura revoluciona os parques naturalizados voltados para a Primeira Inf\u00e2ncia!\" \/>\n<meta property=\"og:url\" content=\"https:\/\/www.encontraaracaju.com.br\/sobre\/prefeitura-avanca-no-plano-da-primeira-infancia-com-formacao-sobre-parques-naturalizados\/\" \/>\n<meta property=\"og:site_name\" content=\"Encontra Aracaju\" \/>\n<meta property=\"article:published_time\" content=\"2026-08-09T06:13:06+00:00\" \/>\n<meta property=\"og:image\" content=\"https:\/\/www.encontraaracaju.com.br\/sobre\/wp-content\/uploads\/2026\/08\/prefeitura-avanca-no-plano-da-primeira-infancia-com-formacao-sobre-parques-naturalizados.webp\" \/>\n<meta name=\"author\" content=\"Encontra Aracaju\" \/>\n<meta name=\"twitter:card\" content=\"summary_large_image\" \/>\n<meta name=\"twitter:label1\" content=\"Escrito por\" \/>\n\t<meta name=\"twitter:data1\" content=\"Encontra Aracaju\" \/>\n\t<meta name=\"twitter:label2\" content=\"Est. tempo de leitura\" \/>\n\t<meta name=\"twitter:data2\" content=\"5 minutos\" \/>\n<script type=\"application\/ld+json\" class=\"yoast-schema-graph\">{\"@context\":\"https:\/\/schema.org\",\"@graph\":[{\"@type\":\"WebPage\",\"@id\":\"https:\/\/www.encontraaracaju.com.br\/sobre\/prefeitura-avanca-no-plano-da-primeira-infancia-com-formacao-sobre-parques-naturalizados\/\",\"url\":\"https:\/\/www.encontraaracaju.com.br\/sobre\/prefeitura-avanca-no-plano-da-primeira-infancia-com-formacao-sobre-parques-naturalizados\/\",\"name\":\"Prefeitura avan\u00e7a no Plano da Primeira Inf\u00e2ncia com forma\u00e7\u00e3o sobre parques naturalizados - Encontra Aracaju\",\"isPartOf\":{\"@id\":\"https:\/\/www.encontraaracaju.com.br\/sobre\/#website\"},\"primaryImageOfPage\":{\"@id\":\"https:\/\/www.encontraaracaju.com.br\/sobre\/prefeitura-avanca-no-plano-da-primeira-infancia-com-formacao-sobre-parques-naturalizados\/#primaryimage\"},\"image\":{\"@id\":\"https:\/\/www.encontraaracaju.com.br\/sobre\/prefeitura-avanca-no-plano-da-primeira-infancia-com-formacao-sobre-parques-naturalizados\/#primaryimage\"},\"thumbnailUrl\":\"https:\/\/www.encontraaracaju.com.br\/sobre\/wp-content\/uploads\/2026\/08\/prefeitura-avanca-no-plano-da-primeira-infancia-com-formacao-sobre-parques-naturalizados.webp\",\"datePublished\":\"2026-08-09T06:13:06+00:00\",\"author\":{\"@id\":\"https:\/\/www.encontraaracaju.com.br\/sobre\/#\/schema\/person\/4ffad47e9e50db5f93e67859b297b0be\"},\"breadcrumb\":{\"@id\":\"https:\/\/www.encontraaracaju.com.br\/sobre\/prefeitura-avanca-no-plano-da-primeira-infancia-com-formacao-sobre-parques-naturalizados\/#breadcrumb\"},\"inLanguage\":\"pt-BR\",\"potentialAction\":[{\"@type\":\"ReadAction\",\"target\":[\"https:\/\/www.encontraaracaju.com.br\/sobre\/prefeitura-avanca-no-plano-da-primeira-infancia-com-formacao-sobre-parques-naturalizados\/\"]}]},{\"@type\":\"ImageObject\",\"inLanguage\":\"pt-BR\",\"@id\":\"https:\/\/www.encontraaracaju.com.br\/sobre\/prefeitura-avanca-no-plano-da-primeira-infancia-com-formacao-sobre-parques-naturalizados\/#primaryimage\",\"url\":\"https:\/\/www.encontraaracaju.com.br\/sobre\/wp-content\/uploads\/2026\/08\/prefeitura-avanca-no-plano-da-primeira-infancia-com-formacao-sobre-parques-naturalizados.webp\",\"contentUrl\":\"https:\/\/www.encontraaracaju.com.br\/sobre\/wp-content\/uploads\/2026\/08\/prefeitura-avanca-no-plano-da-primeira-infancia-com-formacao-sobre-parques-naturalizados.webp\",\"width\":280,\"height\":280,\"caption\":\"Plano da Primeira Inf\u00e2ncia\"},{\"@type\":\"BreadcrumbList\",\"@id\":\"https:\/\/www.encontraaracaju.com.br\/sobre\/prefeitura-avanca-no-plano-da-primeira-infancia-com-formacao-sobre-parques-naturalizados\/#breadcrumb\",\"itemListElement\":[{\"@type\":\"ListItem\",\"position\":1,\"name\":\"In\u00edcio\",\"item\":\"https:\/\/www.encontraaracaju.com.br\/sobre\/\"},{\"@type\":\"ListItem\",\"position\":2,\"name\":\"Prefeitura avan\u00e7a no Plano da Primeira Inf\u00e2ncia com forma\u00e7\u00e3o sobre parques naturalizados\"}]},{\"@type\":\"WebSite\",\"@id\":\"https:\/\/www.encontraaracaju.com.br\/sobre\/#website\",\"url\":\"https:\/\/www.encontraaracaju.com.br\/sobre\/\",\"name\":\"Encontra Aracaju\",\"description\":\"Not\u00edcias, eventos, informa\u00e7\u00f5es e dicas na cidade Aracaju e regi\u00e3o.\",\"potentialAction\":[{\"@type\":\"SearchAction\",\"target\":{\"@type\":\"EntryPoint\",\"urlTemplate\":\"https:\/\/www.encontraaracaju.com.br\/sobre\/?s={search_term_string}\"},\"query-input\":{\"@type\":\"PropertyValueSpecification\",\"valueRequired\":true,\"valueName\":\"search_term_string\"}}],\"inLanguage\":\"pt-BR\"},{\"@type\":\"Person\",\"@id\":\"https:\/\/www.encontraaracaju.com.br\/sobre\/#\/schema\/person\/4ffad47e9e50db5f93e67859b297b0be\",\"name\":\"Encontra Aracaju\",\"image\":{\"@type\":\"ImageObject\",\"inLanguage\":\"pt-BR\",\"@id\":\"https:\/\/www.encontraaracaju.com.br\/sobre\/#\/schema\/person\/image\/\",\"url\":\"https:\/\/secure.gravatar.com\/avatar\/507340682b8270222e1f208e23198b6ae7e2c6a1033ae84e99bc6bce4f82a387?s=96&d=mm&r=g\",\"contentUrl\":\"https:\/\/secure.gravatar.com\/avatar\/507340682b8270222e1f208e23198b6ae7e2c6a1033ae84e99bc6bce4f82a387?s=96&d=mm&r=g\",\"caption\":\"Encontra Aracaju\"},\"sameAs\":[\"http:\/\/www.encontraaracaju.com.br\"]}]}<\/script>\n<!-- \/ Yoast SEO plugin. -->","yoast_head_json":{"title":"Prefeitura avan\u00e7a no Plano da Primeira Inf\u00e2ncia com forma\u00e7\u00e3o sobre parques naturalizados - Encontra Aracaju","robots":{"index":"index","follow":"follow","max-snippet":"max-snippet:-1","max-image-preview":"max-image-preview:large","max-video-preview":"max-video-preview:-1"},"canonical":"https:\/\/www.encontraaracaju.com.br\/sobre\/prefeitura-avanca-no-plano-da-primeira-infancia-com-formacao-sobre-parques-naturalizados\/","og_locale":"pt_BR","og_type":"article","og_title":"Prefeitura avan\u00e7a no Plano da Primeira Inf\u00e2ncia com forma\u00e7\u00e3o sobre parques naturalizados - Encontra Aracaju","og_description":"Uma iniciativa da Prefeitura revoluciona os parques naturalizados voltados para a Primeira Inf\u00e2ncia!","og_url":"https:\/\/www.encontraaracaju.com.br\/sobre\/prefeitura-avanca-no-plano-da-primeira-infancia-com-formacao-sobre-parques-naturalizados\/","og_site_name":"Encontra Aracaju","article_published_time":"2026-08-09T06:13:06+00:00","og_image":[{"url":"https:\/\/www.encontraaracaju.com.br\/sobre\/wp-content\/uploads\/2026\/08\/prefeitura-avanca-no-plano-da-primeira-infancia-com-formacao-sobre-parques-naturalizados.webp","type":"","width":"","height":""}],"author":"Encontra Aracaju","twitter_card":"summary_large_image","twitter_misc":{"Escrito por":"Encontra Aracaju","Est. tempo de leitura":"5 minutos"},"schema":{"@context":"https:\/\/schema.org","@graph":[{"@type":"WebPage","@id":"https:\/\/www.encontraaracaju.com.br\/sobre\/prefeitura-avanca-no-plano-da-primeira-infancia-com-formacao-sobre-parques-naturalizados\/","url":"https:\/\/www.encontraaracaju.com.br\/sobre\/prefeitura-avanca-no-plano-da-primeira-infancia-com-formacao-sobre-parques-naturalizados\/","name":"Prefeitura avan\u00e7a no Plano da Primeira Inf\u00e2ncia com forma\u00e7\u00e3o sobre parques naturalizados - Encontra Aracaju","isPartOf":{"@id":"https:\/\/www.encontraaracaju.com.br\/sobre\/#website"},"primaryImageOfPage":{"@id":"https:\/\/www.encontraaracaju.com.br\/sobre\/prefeitura-avanca-no-plano-da-primeira-infancia-com-formacao-sobre-parques-naturalizados\/#primaryimage"},"image":{"@id":"https:\/\/www.encontraaracaju.com.br\/sobre\/prefeitura-avanca-no-plano-da-primeira-infancia-com-formacao-sobre-parques-naturalizados\/#primaryimage"},"thumbnailUrl":"https:\/\/www.encontraaracaju.com.br\/sobre\/wp-content\/uploads\/2026\/08\/prefeitura-avanca-no-plano-da-primeira-infancia-com-formacao-sobre-parques-naturalizados.webp","datePublished":"2026-08-09T06:13:06+00:00","author":{"@id":"https:\/\/www.encontraaracaju.com.br\/sobre\/#\/schema\/person\/4ffad47e9e50db5f93e67859b297b0be"},"breadcrumb":{"@id":"https:\/\/www.encontraaracaju.com.br\/sobre\/prefeitura-avanca-no-plano-da-primeira-infancia-com-formacao-sobre-parques-naturalizados\/#breadcrumb"},"inLanguage":"pt-BR","potentialAction":[{"@type":"ReadAction","target":["https:\/\/www.encontraaracaju.com.br\/sobre\/prefeitura-avanca-no-plano-da-primeira-infancia-com-formacao-sobre-parques-naturalizados\/"]}]},{"@type":"ImageObject","inLanguage":"pt-BR","@id":"https:\/\/www.encontraaracaju.com.br\/sobre\/prefeitura-avanca-no-plano-da-primeira-infancia-com-formacao-sobre-parques-naturalizados\/#primaryimage","url":"https:\/\/www.encontraaracaju.com.br\/sobre\/wp-content\/uploads\/2026\/08\/prefeitura-avanca-no-plano-da-primeira-infancia-com-formacao-sobre-parques-naturalizados.webp","contentUrl":"https:\/\/www.encontraaracaju.com.br\/sobre\/wp-content\/uploads\/2026\/08\/prefeitura-avanca-no-plano-da-primeira-infancia-com-formacao-sobre-parques-naturalizados.webp","width":280,"height":280,"caption":"Plano da Primeira Inf\u00e2ncia"},{"@type":"BreadcrumbList","@id":"https:\/\/www.encontraaracaju.com.br\/sobre\/prefeitura-avanca-no-plano-da-primeira-infancia-com-formacao-sobre-parques-naturalizados\/#breadcrumb","itemListElement":[{"@type":"ListItem","position":1,"name":"In\u00edcio","item":"https:\/\/www.encontraaracaju.com.br\/sobre\/"},{"@type":"ListItem","position":2,"name":"Prefeitura avan\u00e7a no Plano da Primeira Inf\u00e2ncia com forma\u00e7\u00e3o sobre parques naturalizados"}]},{"@type":"WebSite","@id":"https:\/\/www.encontraaracaju.com.br\/sobre\/#website","url":"https:\/\/www.encontraaracaju.com.br\/sobre\/","name":"Encontra Aracaju","description":"Not\u00edcias, eventos, informa\u00e7\u00f5es e dicas na cidade Aracaju e regi\u00e3o.","potentialAction":[{"@type":"SearchAction","target":{"@type":"EntryPoint","urlTemplate":"https:\/\/www.encontraaracaju.com.br\/sobre\/?s={search_term_string}"},"query-input":{"@type":"PropertyValueSpecification","valueRequired":true,"valueName":"search_term_string"}}],"inLanguage":"pt-BR"},{"@type":"Person","@id":"https:\/\/www.encontraaracaju.com.br\/sobre\/#\/schema\/person\/4ffad47e9e50db5f93e67859b297b0be","name":"Encontra Aracaju","image":{"@type":"ImageObject","inLanguage":"pt-BR","@id":"https:\/\/www.encontraaracaju.com.br\/sobre\/#\/schema\/person\/image\/","url":"https:\/\/secure.gravatar.com\/avatar\/507340682b8270222e1f208e23198b6ae7e2c6a1033ae84e99bc6bce4f82a387?s=96&d=mm&r=g","contentUrl":"https:\/\/secure.gravatar.com\/avatar\/507340682b8270222e1f208e23198b6ae7e2c6a1033ae84e99bc6bce4f82a387?s=96&d=mm&r=g","caption":"Encontra Aracaju"},"sameAs":["http:\/\/www.encontraaracaju.com.br"]}]}},"_links":{"self":[{"href":"https:\/\/www.encontraaracaju.com.br\/sobre\/wp-json\/wp\/v2\/posts\/2424","targetHints":{"allow":["GET"]}}],"collection":[{"href":"https:\/\/www.encontraaracaju.com.br\/sobre\/wp-json\/wp\/v2\/posts"}],"about":[{"href":"https:\/\/www.encontraaracaju.com.br\/sobre\/wp-json\/wp\/v2\/types\/post"}],"author":[{"embeddable":true,"href":"https:\/\/www.encontraaracaju.com.br\/sobre\/wp-json\/wp\/v2\/users\/1"}],"replies":[{"embeddable":true,"href":"https:\/\/www.encontraaracaju.com.br\/sobre\/wp-json\/wp\/v2\/comments?post=2424"}],"version-history":[{"count":0,"href":"https:\/\/www.encontraaracaju.com.br\/sobre\/wp-json\/wp\/v2\/posts\/2424\/revisions"}],"wp:featuredmedia":[{"embeddable":true,"href":"https:\/\/www.encontraaracaju.com.br\/sobre\/wp-json\/wp\/v2\/media\/2423"}],"wp:attachment":[{"href":"https:\/\/www.encontraaracaju.com.br\/sobre\/wp-json\/wp\/v2\/media?parent=2424"}],"wp:term":[{"taxonomy":"category","embeddable":true,"href":"https:\/\/www.encontraaracaju.com.br\/sobre\/wp-json\/wp\/v2\/categories?post=2424"},{"taxonomy":"post_tag","embeddable":true,"href":"https:\/\/www.encontraaracaju.com.br\/sobre\/wp-json\/wp\/v2\/tags?post=2424"}],"curies":[{"name":"wp","href":"https:\/\/api.w.org\/{rel}","templated":true}]}}