{"id":2402,"date":"2026-08-06T03:47:13","date_gmt":"2026-08-06T06:47:13","guid":{"rendered":"https:\/\/www.encontraaracaju.com.br\/sobre\/prefeitura-fortalece-rede-municipal-de-saude-e-amplia-acesso-da-populacao-aos-servicos\/"},"modified":"2026-08-06T03:47:13","modified_gmt":"2026-08-06T06:47:13","slug":"prefeitura-fortalece-rede-municipal-de-saude-e-amplia-acesso-da-populacao-aos-servicos","status":"publish","type":"post","link":"https:\/\/www.encontraaracaju.com.br\/sobre\/prefeitura-fortalece-rede-municipal-de-saude-e-amplia-acesso-da-populacao-aos-servicos\/","title":{"rendered":"Prefeitura fortalece rede municipal de sa\u00fade e amplia acesso da popula\u00e7\u00e3o aos servi\u00e7os"},"content":{"rendered":"<div class=\"0de350683d360aa04277a39db0bae410\" data-index=\"1\" style=\"float: none; margin:0px;\">\n<!-- Anuncio display - global -->\r\n<ins class=\"adsbygoogle\"\r\n     style=\"display:block\"\r\n     data-ad-client=\"ca-pub-8585364105181520\"\r\n     data-ad-slot=\"8789329856\"\r\n     data-ad-format=\"auto\"\r\n     data-full-width-responsive=\"true\"><\/ins>\r\n<script>\r\n     (adsbygoogle = window.adsbygoogle || []).push({});\r\n<\/script>\n<\/div>\n<h2>Comemora\u00e7\u00f5es do Dia Nacional da Sa\u00fade em Aracaju<\/h2>\n<p>No dia 5 de agosto, celebra-se o Dia Nacional da Sa\u00fade, um momento que destaca a relev\u00e2ncia do acesso a servi\u00e7os de sa\u00fade de qualidade e o cuidado em todas as fases da vida. Em Aracaju, essa data simboliza os avan\u00e7os realizados pela Prefeitura, principalmente atrav\u00e9s da Secretaria Municipal da Sa\u00fade (SMS), que tem se empenhado em fortalecer sua rede de sa\u00fade. Esse fortalecimento se traduz em maior acesso da popula\u00e7\u00e3o a consultas, exames, cirurgias e tratamentos especializados, al\u00e9m de investimentos significativos na Aten\u00e7\u00e3o Prim\u00e1ria \u00e0 Sa\u00fade (APS), moderniza\u00e7\u00e3o da infraestrutura e humaniza\u00e7\u00e3o do atendimento.<\/p>\n<h2>Investimentos na Aten\u00e7\u00e3o Prim\u00e1ria<\/h2>\n<p>A Aten\u00e7\u00e3o Prim\u00e1ria \u00e0 Sa\u00fade atua como a porta de entrada dos usu\u00e1rios no Sistema \u00danico de Sa\u00fade (SUS) e recebeu investimentos fundamentais que visam aumentar o acesso da popula\u00e7\u00e3o aos servi\u00e7os dispon\u00edveis. O n\u00famero de equipes da Sa\u00fade da Fam\u00edlia foi ampliado de 149 para 152, enquanto as equipes de Aten\u00e7\u00e3o Prim\u00e1ria cresceram de seis para oito. Al\u00e9m disso, as equipes multiprofissionais de Aten\u00e7\u00e3o Prim\u00e1ria foram aumentadas de duas para tr\u00eas, e os Consult\u00f3rios na Rua, crescidos de duas para tr\u00eas equipes. A Sa\u00fade Bucal tamb\u00e9m teve um incremento, passando de 61 para 87 equipes.<\/p>\n<h2>Aumento de Equipes da Sa\u00fade da Fam\u00edlia<\/h2>\n<p>Essas altera\u00e7\u00f5es na forma\u00e7\u00e3o das equipes foram essenciais para a reorganiza\u00e7\u00e3o do acesso. O antigo sistema de agendamentos mensais foi substitu\u00eddo pelo modelo de Acesso Avan\u00e7ado, que permite uma agenda aberta e atendimento para demanda espont\u00e2nea. Isso garantiu maior agilidade e facilitou o acesso dos pacientes \u00e0s Unidades B\u00e1sicas de Sa\u00fade (UBS).<\/p>\n<p><img decoding=\"async\" src=\"https:\/\/www.encontraaracaju.com.br\/sobre\/wp-content\/uploads\/2026\/08\/prefeitura-fortalece-rede-municipal-de-saude-e-amplia-acesso-da-populacao-aos-servicos.webp\" alt=\"fortalecimento da rede municipal de sa\u00fade\" loading=\"lazy\" \/><\/p>\n<h2>Mudan\u00e7as no Modelo de Acesso \u00e0 Sa\u00fade<\/h2>\n<p>Al\u00e9m de aumentar o n\u00famero de equipes, a Prefeitura tamb\u00e9m implantou oito apoiadores institucionais, que atuam em cada regi\u00e3o de sa\u00fade, com a miss\u00e3o de auxiliar na gest\u00e3o das unidades, otimizar os processos de trabalho e promover educa\u00e7\u00e3o permanente para as equipes. A Aten\u00e7\u00e3o Prim\u00e1ria se consolidou como o eixo central da Rede de Aten\u00e7\u00e3o \u00e0 Sa\u00fade, permitindo uma integra\u00e7\u00e3o mais eficaz entre os servi\u00e7os de assist\u00eancia especializada e a regula\u00e7\u00e3o, o que resulta na diminui\u00e7\u00e3o de filas e na resolu\u00e7\u00e3o efetiva dos problemas dos usu\u00e1rios.<\/p>\n<h2>Resultados dos Atendimentos na Aten\u00e7\u00e3o Prim\u00e1ria<\/h2>\n<p>Os resultados das a\u00e7\u00f5es implementadas s\u00e3o evidentes. No primeiro semestre de 2026, foram realizados 1.235.880 atendimentos, um aumento not\u00e1vel de cerca de 23% em compara\u00e7\u00e3o ao mesmo per\u00edodo de 2024, quando foram registrados 1.001.410 atendimentos. Isso demonstra a efic\u00e1cia das estrat\u00e9gias adotadas em prol da sa\u00fade p\u00fablica.<\/p>\n<h2>Amplia\u00e7\u00e3o da Assist\u00eancia Especializada<\/h2>\n<p>A expans\u00e3o da rede de sa\u00fade n\u00e3o se limitou \u00e0 Aten\u00e7\u00e3o Prim\u00e1ria. A assist\u00eancia especializada tamb\u00e9m foi intensificada, resultando em significativas redu\u00e7\u00f5es nos prazos de espera para v\u00e1rios exames e procedimentos. Por exemplo, o tempo m\u00e1ximo de espera para tomografias ca\u00edram drasticamente de 387 para apenas 19 dias. Outros exames, como ultrassonografias e facoemulsifica\u00e7\u00f5es, tamb\u00e9m mostraram melhorias consider\u00e1veis, refletindo o compromisso da gest\u00e3o com a sa\u00fade da popula\u00e7\u00e3o.<\/p>\n<h2>Redu\u00e7\u00e3o do Tempo de Espera por Exames<\/h2>\n<p>A melhora no tempo de espera viabilizou um acesso mais imediato \u00e0 sa\u00fade. O Projeto Novo Olhar, que j\u00e1 proporcionou mais de 120 mil atendimentos oftalmol\u00f3gicos, exemplifica essa amplia\u00e7\u00e3o no acesso \u00e0 sa\u00fade ocular. Al\u00e9m disso, o n\u00famero de exames laboratoriais realizados mensalmente aumentou cerca de 125%, reafirmando a agilidade no diagn\u00f3stico e na ado\u00e7\u00e3o de tratamentos adequados.<\/p>\n<h2>Projetos de Inclus\u00e3o e Acompanhamento de Pacientes<\/h2>\n<p>Uma das inova\u00e7\u00f5es mais relevantes foi a contrata\u00e7\u00e3o de institui\u00e7\u00f5es como a APAE de Aracaju para ampliar a assist\u00eancia a pessoas com Transtorno do Espectro Autista (TEA). Programas de monitoramento cont\u00ednuo, como o Sem Medir a Vida \u2014 que distribui sensores de glicose para diab\u00e9ticos \u2014 tamb\u00e9m possuem um papel central nas pol\u00edticas de inclus\u00e3o e acompanhamento da sa\u00fade de pacientes que necessitam de cuidados especiais.<\/p>\n<h2>Reforma de Unidades B\u00e1sicas de Sa\u00fade<\/h2>\n<p>Por meio do programa &#8220;Minha UBS de Cara Nova&#8221;, v\u00e1rias Unidades B\u00e1sicas de Sa\u00fade receberam reformas significativas, com a constru\u00e7\u00e3o de novas unidades e o refor\u00e7o de estruturas existentes. Isso \u00e9 evidenciado pela requalifica\u00e7\u00e3o da Unidade Pedi\u00e1trica Dra. Gl\u00f3ria Tereza Lima Batista Lopes, que, ap\u00f3s um ano de funcionamento, j\u00e1 totalizou cerca de 35 mil atendimentos.<\/p>\n<h2>Depoimentos de Usu\u00e1rios sobre o Atendimento<\/h2>\n<p>Os resultados positivos tamb\u00e9m s\u00e3o reconhecidos pelos usu\u00e1rios da rede. A dona de casa Thais Almeida destacou a qualidade do atendimento recebido, afirmando que sempre percebeu um acolhimento no servi\u00e7o prestado. Outros usu\u00e1rios, como a aposentada Margarida Macedo, notaram melhorias significativas em rela\u00e7\u00e3o ao passado, tanto no acolhimento quanto na infraestrutura e organiza\u00e7\u00e3o das unidades de sa\u00fade.<\/p>\n<p>Em suma, os esfor\u00e7os da Prefeitura, atrav\u00e9s da SMS, t\u00eam se mostrado efetivos na constru\u00e7\u00e3o de uma rede de sa\u00fade mais robusta e acess\u00edvel, promovendo melhorias cont\u00ednuas que atendem \u00e0s necessidades da popula\u00e7\u00e3o aracajuana. As a\u00e7\u00f5es coletivas e os investimentos n\u00e3o s\u00f3 refor\u00e7am o Sistema \u00danico de Sa\u00fade, mas tamb\u00e9m garantem um atendimento humanizado e de qualidade. Ao focar na Aten\u00e7\u00e3o Prim\u00e1ria e na assist\u00eancia especializada, Aracaju se destaca como um exemplo a ser seguido em termos de gest\u00e3o p\u00fablica na \u00e1rea da sa\u00fade.<\/p>\n\n<div style=\"font-size: 0px; height: 0px; line-height: 0px; margin: 0; padding: 0; clear: both;\"><\/div>","protected":false},"excerpt":{"rendered":"<p>A Prefeitura amplia o acesso \u00e0 sa\u00fade, melhorando servi\u00e7os e infraestrutura em Aracaju.<\/p>\n","protected":false},"author":1,"featured_media":2401,"comment_status":"closed","ping_status":"closed","sticky":false,"template":"","format":"standard","meta":{"footnotes":""},"categories":[32],"tags":[],"class_list":["post-2402","post","type-post","status-publish","format-standard","has-post-thumbnail","hentry","category-saude-em-aracaju","has_thumb"],"yoast_head":"<!-- This site is optimized with the Yoast SEO plugin v26.4 - https:\/\/yoast.com\/wordpress\/plugins\/seo\/ -->\n<title>Prefeitura fortalece rede municipal de sa\u00fade e amplia acesso da popula\u00e7\u00e3o aos servi\u00e7os - Encontra Aracaju<\/title>\n<meta name=\"robots\" content=\"index, follow, max-snippet:-1, max-image-preview:large, max-video-preview:-1\" \/>\n<link rel=\"canonical\" href=\"https:\/\/www.encontraaracaju.com.br\/sobre\/prefeitura-fortalece-rede-municipal-de-saude-e-amplia-acesso-da-populacao-aos-servicos\/\" \/>\n<meta property=\"og:locale\" content=\"pt_BR\" \/>\n<meta property=\"og:type\" content=\"article\" \/>\n<meta property=\"og:title\" content=\"Prefeitura fortalece rede municipal de sa\u00fade e amplia acesso da popula\u00e7\u00e3o aos servi\u00e7os - Encontra Aracaju\" \/>\n<meta property=\"og:description\" content=\"A Prefeitura amplia o acesso \u00e0 sa\u00fade, melhorando servi\u00e7os e infraestrutura em Aracaju.\" \/>\n<meta property=\"og:url\" content=\"https:\/\/www.encontraaracaju.com.br\/sobre\/prefeitura-fortalece-rede-municipal-de-saude-e-amplia-acesso-da-populacao-aos-servicos\/\" \/>\n<meta property=\"og:site_name\" content=\"Encontra Aracaju\" \/>\n<meta property=\"article:published_time\" content=\"2026-08-06T06:47:13+00:00\" \/>\n<meta property=\"og:image\" content=\"https:\/\/www.encontraaracaju.com.br\/sobre\/wp-content\/uploads\/2026\/08\/prefeitura-fortalece-rede-municipal-de-saude-e-amplia-acesso-da-populacao-aos-servicos.webp\" \/>\n<meta name=\"author\" content=\"Encontra Aracaju\" \/>\n<meta name=\"twitter:card\" content=\"summary_large_image\" \/>\n<meta name=\"twitter:label1\" content=\"Escrito por\" \/>\n\t<meta name=\"twitter:data1\" content=\"Encontra Aracaju\" \/>\n\t<meta name=\"twitter:label2\" content=\"Est. tempo de leitura\" \/>\n\t<meta name=\"twitter:data2\" content=\"5 minutos\" \/>\n<script type=\"application\/ld+json\" class=\"yoast-schema-graph\">{\"@context\":\"https:\/\/schema.org\",\"@graph\":[{\"@type\":\"WebPage\",\"@id\":\"https:\/\/www.encontraaracaju.com.br\/sobre\/prefeitura-fortalece-rede-municipal-de-saude-e-amplia-acesso-da-populacao-aos-servicos\/\",\"url\":\"https:\/\/www.encontraaracaju.com.br\/sobre\/prefeitura-fortalece-rede-municipal-de-saude-e-amplia-acesso-da-populacao-aos-servicos\/\",\"name\":\"Prefeitura fortalece rede municipal de sa\u00fade e amplia acesso da popula\u00e7\u00e3o aos servi\u00e7os - Encontra Aracaju\",\"isPartOf\":{\"@id\":\"https:\/\/www.encontraaracaju.com.br\/sobre\/#website\"},\"primaryImageOfPage\":{\"@id\":\"https:\/\/www.encontraaracaju.com.br\/sobre\/prefeitura-fortalece-rede-municipal-de-saude-e-amplia-acesso-da-populacao-aos-servicos\/#primaryimage\"},\"image\":{\"@id\":\"https:\/\/www.encontraaracaju.com.br\/sobre\/prefeitura-fortalece-rede-municipal-de-saude-e-amplia-acesso-da-populacao-aos-servicos\/#primaryimage\"},\"thumbnailUrl\":\"https:\/\/www.encontraaracaju.com.br\/sobre\/wp-content\/uploads\/2026\/08\/prefeitura-fortalece-rede-municipal-de-saude-e-amplia-acesso-da-populacao-aos-servicos.webp\",\"datePublished\":\"2026-08-06T06:47:13+00:00\",\"author\":{\"@id\":\"https:\/\/www.encontraaracaju.com.br\/sobre\/#\/schema\/person\/4ffad47e9e50db5f93e67859b297b0be\"},\"breadcrumb\":{\"@id\":\"https:\/\/www.encontraaracaju.com.br\/sobre\/prefeitura-fortalece-rede-municipal-de-saude-e-amplia-acesso-da-populacao-aos-servicos\/#breadcrumb\"},\"inLanguage\":\"pt-BR\",\"potentialAction\":[{\"@type\":\"ReadAction\",\"target\":[\"https:\/\/www.encontraaracaju.com.br\/sobre\/prefeitura-fortalece-rede-municipal-de-saude-e-amplia-acesso-da-populacao-aos-servicos\/\"]}]},{\"@type\":\"ImageObject\",\"inLanguage\":\"pt-BR\",\"@id\":\"https:\/\/www.encontraaracaju.com.br\/sobre\/prefeitura-fortalece-rede-municipal-de-saude-e-amplia-acesso-da-populacao-aos-servicos\/#primaryimage\",\"url\":\"https:\/\/www.encontraaracaju.com.br\/sobre\/wp-content\/uploads\/2026\/08\/prefeitura-fortalece-rede-municipal-de-saude-e-amplia-acesso-da-populacao-aos-servicos.webp\",\"contentUrl\":\"https:\/\/www.encontraaracaju.com.br\/sobre\/wp-content\/uploads\/2026\/08\/prefeitura-fortalece-rede-municipal-de-saude-e-amplia-acesso-da-populacao-aos-servicos.webp\",\"width\":280,\"height\":280,\"caption\":\"fortalecimento da rede municipal de sa\u00fade\"},{\"@type\":\"BreadcrumbList\",\"@id\":\"https:\/\/www.encontraaracaju.com.br\/sobre\/prefeitura-fortalece-rede-municipal-de-saude-e-amplia-acesso-da-populacao-aos-servicos\/#breadcrumb\",\"itemListElement\":[{\"@type\":\"ListItem\",\"position\":1,\"name\":\"In\u00edcio\",\"item\":\"https:\/\/www.encontraaracaju.com.br\/sobre\/\"},{\"@type\":\"ListItem\",\"position\":2,\"name\":\"Prefeitura fortalece rede municipal de sa\u00fade e amplia acesso da popula\u00e7\u00e3o aos servi\u00e7os\"}]},{\"@type\":\"WebSite\",\"@id\":\"https:\/\/www.encontraaracaju.com.br\/sobre\/#website\",\"url\":\"https:\/\/www.encontraaracaju.com.br\/sobre\/\",\"name\":\"Encontra Aracaju\",\"description\":\"Not\u00edcias, eventos, informa\u00e7\u00f5es e dicas na cidade Aracaju e regi\u00e3o.\",\"potentialAction\":[{\"@type\":\"SearchAction\",\"target\":{\"@type\":\"EntryPoint\",\"urlTemplate\":\"https:\/\/www.encontraaracaju.com.br\/sobre\/?s={search_term_string}\"},\"query-input\":{\"@type\":\"PropertyValueSpecification\",\"valueRequired\":true,\"valueName\":\"search_term_string\"}}],\"inLanguage\":\"pt-BR\"},{\"@type\":\"Person\",\"@id\":\"https:\/\/www.encontraaracaju.com.br\/sobre\/#\/schema\/person\/4ffad47e9e50db5f93e67859b297b0be\",\"name\":\"Encontra Aracaju\",\"image\":{\"@type\":\"ImageObject\",\"inLanguage\":\"pt-BR\",\"@id\":\"https:\/\/www.encontraaracaju.com.br\/sobre\/#\/schema\/person\/image\/\",\"url\":\"https:\/\/secure.gravatar.com\/avatar\/507340682b8270222e1f208e23198b6ae7e2c6a1033ae84e99bc6bce4f82a387?s=96&d=mm&r=g\",\"contentUrl\":\"https:\/\/secure.gravatar.com\/avatar\/507340682b8270222e1f208e23198b6ae7e2c6a1033ae84e99bc6bce4f82a387?s=96&d=mm&r=g\",\"caption\":\"Encontra Aracaju\"},\"sameAs\":[\"http:\/\/www.encontraaracaju.com.br\"]}]}<\/script>\n<!-- \/ Yoast SEO plugin. -->","yoast_head_json":{"title":"Prefeitura fortalece rede municipal de sa\u00fade e amplia acesso da popula\u00e7\u00e3o aos servi\u00e7os - Encontra Aracaju","robots":{"index":"index","follow":"follow","max-snippet":"max-snippet:-1","max-image-preview":"max-image-preview:large","max-video-preview":"max-video-preview:-1"},"canonical":"https:\/\/www.encontraaracaju.com.br\/sobre\/prefeitura-fortalece-rede-municipal-de-saude-e-amplia-acesso-da-populacao-aos-servicos\/","og_locale":"pt_BR","og_type":"article","og_title":"Prefeitura fortalece rede municipal de sa\u00fade e amplia acesso da popula\u00e7\u00e3o aos servi\u00e7os - Encontra Aracaju","og_description":"A Prefeitura amplia o acesso \u00e0 sa\u00fade, melhorando servi\u00e7os e infraestrutura em Aracaju.","og_url":"https:\/\/www.encontraaracaju.com.br\/sobre\/prefeitura-fortalece-rede-municipal-de-saude-e-amplia-acesso-da-populacao-aos-servicos\/","og_site_name":"Encontra Aracaju","article_published_time":"2026-08-06T06:47:13+00:00","og_image":[{"url":"https:\/\/www.encontraaracaju.com.br\/sobre\/wp-content\/uploads\/2026\/08\/prefeitura-fortalece-rede-municipal-de-saude-e-amplia-acesso-da-populacao-aos-servicos.webp","type":"","width":"","height":""}],"author":"Encontra Aracaju","twitter_card":"summary_large_image","twitter_misc":{"Escrito por":"Encontra Aracaju","Est. tempo de leitura":"5 minutos"},"schema":{"@context":"https:\/\/schema.org","@graph":[{"@type":"WebPage","@id":"https:\/\/www.encontraaracaju.com.br\/sobre\/prefeitura-fortalece-rede-municipal-de-saude-e-amplia-acesso-da-populacao-aos-servicos\/","url":"https:\/\/www.encontraaracaju.com.br\/sobre\/prefeitura-fortalece-rede-municipal-de-saude-e-amplia-acesso-da-populacao-aos-servicos\/","name":"Prefeitura fortalece rede municipal de sa\u00fade e amplia acesso da popula\u00e7\u00e3o aos servi\u00e7os - Encontra Aracaju","isPartOf":{"@id":"https:\/\/www.encontraaracaju.com.br\/sobre\/#website"},"primaryImageOfPage":{"@id":"https:\/\/www.encontraaracaju.com.br\/sobre\/prefeitura-fortalece-rede-municipal-de-saude-e-amplia-acesso-da-populacao-aos-servicos\/#primaryimage"},"image":{"@id":"https:\/\/www.encontraaracaju.com.br\/sobre\/prefeitura-fortalece-rede-municipal-de-saude-e-amplia-acesso-da-populacao-aos-servicos\/#primaryimage"},"thumbnailUrl":"https:\/\/www.encontraaracaju.com.br\/sobre\/wp-content\/uploads\/2026\/08\/prefeitura-fortalece-rede-municipal-de-saude-e-amplia-acesso-da-populacao-aos-servicos.webp","datePublished":"2026-08-06T06:47:13+00:00","author":{"@id":"https:\/\/www.encontraaracaju.com.br\/sobre\/#\/schema\/person\/4ffad47e9e50db5f93e67859b297b0be"},"breadcrumb":{"@id":"https:\/\/www.encontraaracaju.com.br\/sobre\/prefeitura-fortalece-rede-municipal-de-saude-e-amplia-acesso-da-populacao-aos-servicos\/#breadcrumb"},"inLanguage":"pt-BR","potentialAction":[{"@type":"ReadAction","target":["https:\/\/www.encontraaracaju.com.br\/sobre\/prefeitura-fortalece-rede-municipal-de-saude-e-amplia-acesso-da-populacao-aos-servicos\/"]}]},{"@type":"ImageObject","inLanguage":"pt-BR","@id":"https:\/\/www.encontraaracaju.com.br\/sobre\/prefeitura-fortalece-rede-municipal-de-saude-e-amplia-acesso-da-populacao-aos-servicos\/#primaryimage","url":"https:\/\/www.encontraaracaju.com.br\/sobre\/wp-content\/uploads\/2026\/08\/prefeitura-fortalece-rede-municipal-de-saude-e-amplia-acesso-da-populacao-aos-servicos.webp","contentUrl":"https:\/\/www.encontraaracaju.com.br\/sobre\/wp-content\/uploads\/2026\/08\/prefeitura-fortalece-rede-municipal-de-saude-e-amplia-acesso-da-populacao-aos-servicos.webp","width":280,"height":280,"caption":"fortalecimento da rede municipal de sa\u00fade"},{"@type":"BreadcrumbList","@id":"https:\/\/www.encontraaracaju.com.br\/sobre\/prefeitura-fortalece-rede-municipal-de-saude-e-amplia-acesso-da-populacao-aos-servicos\/#breadcrumb","itemListElement":[{"@type":"ListItem","position":1,"name":"In\u00edcio","item":"https:\/\/www.encontraaracaju.com.br\/sobre\/"},{"@type":"ListItem","position":2,"name":"Prefeitura fortalece rede municipal de sa\u00fade e amplia acesso da popula\u00e7\u00e3o aos servi\u00e7os"}]},{"@type":"WebSite","@id":"https:\/\/www.encontraaracaju.com.br\/sobre\/#website","url":"https:\/\/www.encontraaracaju.com.br\/sobre\/","name":"Encontra Aracaju","description":"Not\u00edcias, eventos, informa\u00e7\u00f5es e dicas na cidade Aracaju e regi\u00e3o.","potentialAction":[{"@type":"SearchAction","target":{"@type":"EntryPoint","urlTemplate":"https:\/\/www.encontraaracaju.com.br\/sobre\/?s={search_term_string}"},"query-input":{"@type":"PropertyValueSpecification","valueRequired":true,"valueName":"search_term_string"}}],"inLanguage":"pt-BR"},{"@type":"Person","@id":"https:\/\/www.encontraaracaju.com.br\/sobre\/#\/schema\/person\/4ffad47e9e50db5f93e67859b297b0be","name":"Encontra Aracaju","image":{"@type":"ImageObject","inLanguage":"pt-BR","@id":"https:\/\/www.encontraaracaju.com.br\/sobre\/#\/schema\/person\/image\/","url":"https:\/\/secure.gravatar.com\/avatar\/507340682b8270222e1f208e23198b6ae7e2c6a1033ae84e99bc6bce4f82a387?s=96&d=mm&r=g","contentUrl":"https:\/\/secure.gravatar.com\/avatar\/507340682b8270222e1f208e23198b6ae7e2c6a1033ae84e99bc6bce4f82a387?s=96&d=mm&r=g","caption":"Encontra Aracaju"},"sameAs":["http:\/\/www.encontraaracaju.com.br"]}]}},"_links":{"self":[{"href":"https:\/\/www.encontraaracaju.com.br\/sobre\/wp-json\/wp\/v2\/posts\/2402","targetHints":{"allow":["GET"]}}],"collection":[{"href":"https:\/\/www.encontraaracaju.com.br\/sobre\/wp-json\/wp\/v2\/posts"}],"about":[{"href":"https:\/\/www.encontraaracaju.com.br\/sobre\/wp-json\/wp\/v2\/types\/post"}],"author":[{"embeddable":true,"href":"https:\/\/www.encontraaracaju.com.br\/sobre\/wp-json\/wp\/v2\/users\/1"}],"replies":[{"embeddable":true,"href":"https:\/\/www.encontraaracaju.com.br\/sobre\/wp-json\/wp\/v2\/comments?post=2402"}],"version-history":[{"count":0,"href":"https:\/\/www.encontraaracaju.com.br\/sobre\/wp-json\/wp\/v2\/posts\/2402\/revisions"}],"wp:featuredmedia":[{"embeddable":true,"href":"https:\/\/www.encontraaracaju.com.br\/sobre\/wp-json\/wp\/v2\/media\/2401"}],"wp:attachment":[{"href":"https:\/\/www.encontraaracaju.com.br\/sobre\/wp-json\/wp\/v2\/media?parent=2402"}],"wp:term":[{"taxonomy":"category","embeddable":true,"href":"https:\/\/www.encontraaracaju.com.br\/sobre\/wp-json\/wp\/v2\/categories?post=2402"},{"taxonomy":"post_tag","embeddable":true,"href":"https:\/\/www.encontraaracaju.com.br\/sobre\/wp-json\/wp\/v2\/tags?post=2402"}],"curies":[{"name":"wp","href":"https:\/\/api.w.org\/{rel}","templated":true}]}}