{"id":2398,"date":"2026-08-05T04:04:35","date_gmt":"2026-08-05T07:04:35","guid":{"rendered":"https:\/\/www.encontraaracaju.com.br\/sobre\/inscricoes-para-concurso-da-guarda-municipal-de-aracaju-encerram-nesta-quarta\/"},"modified":"2026-08-05T04:04:35","modified_gmt":"2026-08-05T07:04:35","slug":"inscricoes-para-concurso-da-guarda-municipal-de-aracaju-encerram-nesta-quarta","status":"publish","type":"post","link":"https:\/\/www.encontraaracaju.com.br\/sobre\/inscricoes-para-concurso-da-guarda-municipal-de-aracaju-encerram-nesta-quarta\/","title":{"rendered":"Inscri\u00e7\u00f5es para concurso da Guarda Municipal de Aracaju encerram nesta quarta"},"content":{"rendered":"<div class=\"0de350683d360aa04277a39db0bae410\" data-index=\"1\" style=\"float: none; margin:0px;\">\n<!-- Anuncio display - global -->\r\n<ins class=\"adsbygoogle\"\r\n     style=\"display:block\"\r\n     data-ad-client=\"ca-pub-8585364105181520\"\r\n     data-ad-slot=\"8789329856\"\r\n     data-ad-format=\"auto\"\r\n     data-full-width-responsive=\"true\"><\/ins>\r\n<script>\r\n     (adsbygoogle = window.adsbygoogle || []).push({});\r\n<\/script>\n<\/div>\n<h2>Vagas e Sal\u00e1rio da Guarda Municipal<\/h2>\n<p>O concurso para a Guarda Municipal de Aracaju (GMA) est\u00e1 oferecendo <strong>100 vagas<\/strong>, com um <strong>sal\u00e1rio inicial de R$ 4.055,53<\/strong>. Dessa quantidade, 85 vagas s\u00e3o destinadas \u00e0 ampla concorr\u00eancia, 10 vagas s\u00e3o reservadas para cotas raciais e 5 vagas s\u00e3o espec\u00edficas para pessoas com defici\u00eancia (PcD). Esta \u00e9 uma excelente oportunidade para quem busca estabilidade e uma carreira no servi\u00e7o p\u00fablico.<\/p>\n<h2>Como Realizar a Inscri\u00e7\u00e3o<\/h2>\n<p>A inscri\u00e7\u00e3o deve ser realizada <strong>exclusivamente online<\/strong>, atrav\u00e9s do site oficial do <strong>Instituto de Desenvolvimento Educacional, Cultural e Assistencial Nacional (Idecan)<\/strong>. \u00c9 fundamental que os candidatos acessem o site e sigam as orienta\u00e7\u00f5es para efetuar a inscri\u00e7\u00e3o corretamente.<\/p>\n<h2>Taxa de Inscri\u00e7\u00e3o e Prazo<\/h2>\n<p>O valor da taxa de inscri\u00e7\u00e3o \u00e9 de <strong>R$ 160<\/strong>. Os candidatos t\u00eam at\u00e9 o <strong>dia 6 de agosto<\/strong> para efetuar o pagamento da taxa, garantindo que sua inscri\u00e7\u00e3o seja validada para participar do concurso.<\/p>\n<p><img decoding=\"async\" src=\"https:\/\/www.encontraaracaju.com.br\/sobre\/wp-content\/uploads\/2026\/08\/inscricoes-para-concurso-da-guarda-municipal-de-aracaju-encerram-nesta-quarta.webp\" alt=\"inscri\u00e7\u00f5es para concurso da Guarda Municipal de Aracaju\" loading=\"lazy\" \/><\/p>\n<h2>Detec\u00e7\u00e3o de Fraudes no Processo<\/h2>\n<p>O Idecan implementar\u00e1 diversas medidas de seguran\u00e7a para evitar fraudes durante o processo seletivo. Isso inclui monitoramento rigoroso das inscri\u00e7\u00f5es e aplica\u00e7\u00e3o de exames, assegurando que apenas candidatos qualificados sejam selecionados.<\/p>\n<h2>Conte\u00fado da Prova Objetiva<\/h2>\n<p>A aplica\u00e7\u00e3o da prova objetiva est\u00e1 agendada para <strong>13 de setembro<\/strong>. Os candidatos ir\u00e3o enfrentar quest\u00f5es abrangendo:<\/p>\n<ul>\n<li>L\u00edngua Portuguesa<\/li>\n<li>Racioc\u00ednio L\u00f3gico<\/li>\n<li>No\u00e7\u00f5es de Inform\u00e1tica<\/li>\n<li>Atualidades<\/li>\n<li>Conhecimentos sobre Aracaju<\/li>\n<li>No\u00e7\u00f5es de Direito Administrativo<\/li>\n<li>Direito Constitucional<\/li>\n<li>Direito Penal<\/li>\n<li>Direitos Humanos<\/li>\n<li>Legisla\u00e7\u00e3o Extravagante<\/li>\n<\/ul>\n<h2>Organiza\u00e7\u00e3o do Instituto Idecan<\/h2>\n<p>O Idecan \u00e9 o respons\u00e1vel pela organiza\u00e7\u00e3o do concurso e pela aplica\u00e7\u00e3o das provas. Com vasta experi\u00eancia em certames dessa natureza, o Instituto se compromete a realizar um processo seletivo transparente e justo.<\/p>\n<h2>Avalia\u00e7\u00e3o de Candidatos e Resultados<\/h2>\n<p>Os resultados da prova ser\u00e3o divulgados no site do Idecan, onde os candidatos poder\u00e3o consultar seu desempenho. Aqueles que obtiverem as notas necess\u00e1rias para classifica\u00e7\u00e3o estar\u00e3o aptos a seguir para as pr\u00f3ximas etapas do processo seletivo.<\/p>\n<h2>Resumo e Prazos Importantes<\/h2>\n<p>Para garantir a participa\u00e7\u00e3o no concurso da Guarda Municipal de Aracaju, fique atento aos seguintes prazos:<\/p>\n<ul>\n<li><strong>Encerramento das Inscri\u00e7\u00f5es:<\/strong> 5 de agosto<\/li>\n<li><strong>Prazo para Pagamento da Taxa:<\/strong> 6 de agosto<\/li>\n<li><strong>Data da Prova Objetiva:<\/strong> 13 de setembro<\/li>\n<\/ul>\n<h2>Dicas para a Prova<\/h2>\n<p>Para se preparar adequadamente para a prova, considere as seguintes dicas:<\/p>\n<ul>\n<li>Estude por meio de materiais atualizados e espec\u00edficos para o concurso da Guarda Municipal.<\/li>\n<li>Realize simulados e exerc\u00edcios pr\u00e1ticos para testar seus conhecimentos.<\/li>\n<li>Fique atento ao cronograma e \u00e0s mudan\u00e7as que possam surgir com o concurso.<\/li>\n<\/ul>\n<h2>Perspectivas de Carreira na Guarda Municipal<\/h2>\n<p>Ingressar na Guarda Municipal de Aracaju representa uma oportunidade significativa para o desenvolvimento profissional. Os guardas municipais s\u00e3o essenciais na promo\u00e7\u00e3o da seguran\u00e7a e do bem-estar da popula\u00e7\u00e3o, al\u00e9m de poderem participar de diversas especializa\u00e7\u00f5es ao longo de sua carreira, aumentando suas possibilidades de crescimento e avan\u00e7os internos.<\/p>\n\n<div style=\"font-size: 0px; height: 0px; line-height: 0px; margin: 0; padding: 0; clear: both;\"><\/div>","protected":false},"excerpt":{"rendered":"<p>Garanta sua vaga na Guarda Municipal de Aracaju, \u00faltimo dia para se inscrever!<\/p>\n","protected":false},"author":1,"featured_media":2397,"comment_status":"closed","ping_status":"closed","sticky":false,"template":"","format":"standard","meta":{"footnotes":""},"categories":[20],"tags":[],"class_list":["post-2398","post","type-post","status-publish","format-standard","has-post-thumbnail","hentry","category-concursos-em-aracaju","has_thumb"],"yoast_head":"<!-- This site is optimized with the Yoast SEO plugin v26.4 - https:\/\/yoast.com\/wordpress\/plugins\/seo\/ -->\n<title>Inscri\u00e7\u00f5es para concurso da Guarda Municipal de Aracaju encerram nesta quarta - Encontra Aracaju<\/title>\n<meta name=\"robots\" content=\"index, follow, max-snippet:-1, max-image-preview:large, max-video-preview:-1\" \/>\n<link rel=\"canonical\" href=\"https:\/\/www.encontraaracaju.com.br\/sobre\/inscricoes-para-concurso-da-guarda-municipal-de-aracaju-encerram-nesta-quarta\/\" \/>\n<meta property=\"og:locale\" content=\"pt_BR\" \/>\n<meta property=\"og:type\" content=\"article\" \/>\n<meta property=\"og:title\" content=\"Inscri\u00e7\u00f5es para concurso da Guarda Municipal de Aracaju encerram nesta quarta - Encontra Aracaju\" \/>\n<meta property=\"og:description\" content=\"Garanta sua vaga na Guarda Municipal de Aracaju, \u00faltimo dia para se inscrever!\" \/>\n<meta property=\"og:url\" content=\"https:\/\/www.encontraaracaju.com.br\/sobre\/inscricoes-para-concurso-da-guarda-municipal-de-aracaju-encerram-nesta-quarta\/\" \/>\n<meta property=\"og:site_name\" content=\"Encontra Aracaju\" \/>\n<meta property=\"article:published_time\" content=\"2026-08-05T07:04:35+00:00\" \/>\n<meta property=\"og:image\" content=\"https:\/\/www.encontraaracaju.com.br\/sobre\/wp-content\/uploads\/2026\/08\/inscricoes-para-concurso-da-guarda-municipal-de-aracaju-encerram-nesta-quarta.webp\" \/>\n<meta name=\"author\" content=\"Encontra Aracaju\" \/>\n<meta name=\"twitter:card\" content=\"summary_large_image\" \/>\n<meta name=\"twitter:label1\" content=\"Escrito por\" \/>\n\t<meta name=\"twitter:data1\" content=\"Encontra Aracaju\" \/>\n\t<meta name=\"twitter:label2\" content=\"Est. tempo de leitura\" \/>\n\t<meta name=\"twitter:data2\" content=\"2 minutos\" \/>\n<script type=\"application\/ld+json\" class=\"yoast-schema-graph\">{\"@context\":\"https:\/\/schema.org\",\"@graph\":[{\"@type\":\"WebPage\",\"@id\":\"https:\/\/www.encontraaracaju.com.br\/sobre\/inscricoes-para-concurso-da-guarda-municipal-de-aracaju-encerram-nesta-quarta\/\",\"url\":\"https:\/\/www.encontraaracaju.com.br\/sobre\/inscricoes-para-concurso-da-guarda-municipal-de-aracaju-encerram-nesta-quarta\/\",\"name\":\"Inscri\u00e7\u00f5es para concurso da Guarda Municipal de Aracaju encerram nesta quarta - Encontra Aracaju\",\"isPartOf\":{\"@id\":\"https:\/\/www.encontraaracaju.com.br\/sobre\/#website\"},\"primaryImageOfPage\":{\"@id\":\"https:\/\/www.encontraaracaju.com.br\/sobre\/inscricoes-para-concurso-da-guarda-municipal-de-aracaju-encerram-nesta-quarta\/#primaryimage\"},\"image\":{\"@id\":\"https:\/\/www.encontraaracaju.com.br\/sobre\/inscricoes-para-concurso-da-guarda-municipal-de-aracaju-encerram-nesta-quarta\/#primaryimage\"},\"thumbnailUrl\":\"https:\/\/www.encontraaracaju.com.br\/sobre\/wp-content\/uploads\/2026\/08\/inscricoes-para-concurso-da-guarda-municipal-de-aracaju-encerram-nesta-quarta.webp\",\"datePublished\":\"2026-08-05T07:04:35+00:00\",\"author\":{\"@id\":\"https:\/\/www.encontraaracaju.com.br\/sobre\/#\/schema\/person\/4ffad47e9e50db5f93e67859b297b0be\"},\"breadcrumb\":{\"@id\":\"https:\/\/www.encontraaracaju.com.br\/sobre\/inscricoes-para-concurso-da-guarda-municipal-de-aracaju-encerram-nesta-quarta\/#breadcrumb\"},\"inLanguage\":\"pt-BR\",\"potentialAction\":[{\"@type\":\"ReadAction\",\"target\":[\"https:\/\/www.encontraaracaju.com.br\/sobre\/inscricoes-para-concurso-da-guarda-municipal-de-aracaju-encerram-nesta-quarta\/\"]}]},{\"@type\":\"ImageObject\",\"inLanguage\":\"pt-BR\",\"@id\":\"https:\/\/www.encontraaracaju.com.br\/sobre\/inscricoes-para-concurso-da-guarda-municipal-de-aracaju-encerram-nesta-quarta\/#primaryimage\",\"url\":\"https:\/\/www.encontraaracaju.com.br\/sobre\/wp-content\/uploads\/2026\/08\/inscricoes-para-concurso-da-guarda-municipal-de-aracaju-encerram-nesta-quarta.webp\",\"contentUrl\":\"https:\/\/www.encontraaracaju.com.br\/sobre\/wp-content\/uploads\/2026\/08\/inscricoes-para-concurso-da-guarda-municipal-de-aracaju-encerram-nesta-quarta.webp\",\"width\":280,\"height\":280,\"caption\":\"inscri\u00e7\u00f5es para concurso da Guarda Municipal de Aracaju\"},{\"@type\":\"BreadcrumbList\",\"@id\":\"https:\/\/www.encontraaracaju.com.br\/sobre\/inscricoes-para-concurso-da-guarda-municipal-de-aracaju-encerram-nesta-quarta\/#breadcrumb\",\"itemListElement\":[{\"@type\":\"ListItem\",\"position\":1,\"name\":\"In\u00edcio\",\"item\":\"https:\/\/www.encontraaracaju.com.br\/sobre\/\"},{\"@type\":\"ListItem\",\"position\":2,\"name\":\"Inscri\u00e7\u00f5es para concurso da Guarda Municipal de Aracaju encerram nesta quarta\"}]},{\"@type\":\"WebSite\",\"@id\":\"https:\/\/www.encontraaracaju.com.br\/sobre\/#website\",\"url\":\"https:\/\/www.encontraaracaju.com.br\/sobre\/\",\"name\":\"Encontra Aracaju\",\"description\":\"Not\u00edcias, eventos, informa\u00e7\u00f5es e dicas na cidade Aracaju e regi\u00e3o.\",\"potentialAction\":[{\"@type\":\"SearchAction\",\"target\":{\"@type\":\"EntryPoint\",\"urlTemplate\":\"https:\/\/www.encontraaracaju.com.br\/sobre\/?s={search_term_string}\"},\"query-input\":{\"@type\":\"PropertyValueSpecification\",\"valueRequired\":true,\"valueName\":\"search_term_string\"}}],\"inLanguage\":\"pt-BR\"},{\"@type\":\"Person\",\"@id\":\"https:\/\/www.encontraaracaju.com.br\/sobre\/#\/schema\/person\/4ffad47e9e50db5f93e67859b297b0be\",\"name\":\"Encontra Aracaju\",\"image\":{\"@type\":\"ImageObject\",\"inLanguage\":\"pt-BR\",\"@id\":\"https:\/\/www.encontraaracaju.com.br\/sobre\/#\/schema\/person\/image\/\",\"url\":\"https:\/\/secure.gravatar.com\/avatar\/507340682b8270222e1f208e23198b6ae7e2c6a1033ae84e99bc6bce4f82a387?s=96&d=mm&r=g\",\"contentUrl\":\"https:\/\/secure.gravatar.com\/avatar\/507340682b8270222e1f208e23198b6ae7e2c6a1033ae84e99bc6bce4f82a387?s=96&d=mm&r=g\",\"caption\":\"Encontra Aracaju\"},\"sameAs\":[\"http:\/\/www.encontraaracaju.com.br\"]}]}<\/script>\n<!-- \/ Yoast SEO plugin. -->","yoast_head_json":{"title":"Inscri\u00e7\u00f5es para concurso da Guarda Municipal de Aracaju encerram nesta quarta - Encontra Aracaju","robots":{"index":"index","follow":"follow","max-snippet":"max-snippet:-1","max-image-preview":"max-image-preview:large","max-video-preview":"max-video-preview:-1"},"canonical":"https:\/\/www.encontraaracaju.com.br\/sobre\/inscricoes-para-concurso-da-guarda-municipal-de-aracaju-encerram-nesta-quarta\/","og_locale":"pt_BR","og_type":"article","og_title":"Inscri\u00e7\u00f5es para concurso da Guarda Municipal de Aracaju encerram nesta quarta - Encontra Aracaju","og_description":"Garanta sua vaga na Guarda Municipal de Aracaju, \u00faltimo dia para se inscrever!","og_url":"https:\/\/www.encontraaracaju.com.br\/sobre\/inscricoes-para-concurso-da-guarda-municipal-de-aracaju-encerram-nesta-quarta\/","og_site_name":"Encontra Aracaju","article_published_time":"2026-08-05T07:04:35+00:00","og_image":[{"url":"https:\/\/www.encontraaracaju.com.br\/sobre\/wp-content\/uploads\/2026\/08\/inscricoes-para-concurso-da-guarda-municipal-de-aracaju-encerram-nesta-quarta.webp","type":"","width":"","height":""}],"author":"Encontra Aracaju","twitter_card":"summary_large_image","twitter_misc":{"Escrito por":"Encontra Aracaju","Est. tempo de leitura":"2 minutos"},"schema":{"@context":"https:\/\/schema.org","@graph":[{"@type":"WebPage","@id":"https:\/\/www.encontraaracaju.com.br\/sobre\/inscricoes-para-concurso-da-guarda-municipal-de-aracaju-encerram-nesta-quarta\/","url":"https:\/\/www.encontraaracaju.com.br\/sobre\/inscricoes-para-concurso-da-guarda-municipal-de-aracaju-encerram-nesta-quarta\/","name":"Inscri\u00e7\u00f5es para concurso da Guarda Municipal de Aracaju encerram nesta quarta - Encontra Aracaju","isPartOf":{"@id":"https:\/\/www.encontraaracaju.com.br\/sobre\/#website"},"primaryImageOfPage":{"@id":"https:\/\/www.encontraaracaju.com.br\/sobre\/inscricoes-para-concurso-da-guarda-municipal-de-aracaju-encerram-nesta-quarta\/#primaryimage"},"image":{"@id":"https:\/\/www.encontraaracaju.com.br\/sobre\/inscricoes-para-concurso-da-guarda-municipal-de-aracaju-encerram-nesta-quarta\/#primaryimage"},"thumbnailUrl":"https:\/\/www.encontraaracaju.com.br\/sobre\/wp-content\/uploads\/2026\/08\/inscricoes-para-concurso-da-guarda-municipal-de-aracaju-encerram-nesta-quarta.webp","datePublished":"2026-08-05T07:04:35+00:00","author":{"@id":"https:\/\/www.encontraaracaju.com.br\/sobre\/#\/schema\/person\/4ffad47e9e50db5f93e67859b297b0be"},"breadcrumb":{"@id":"https:\/\/www.encontraaracaju.com.br\/sobre\/inscricoes-para-concurso-da-guarda-municipal-de-aracaju-encerram-nesta-quarta\/#breadcrumb"},"inLanguage":"pt-BR","potentialAction":[{"@type":"ReadAction","target":["https:\/\/www.encontraaracaju.com.br\/sobre\/inscricoes-para-concurso-da-guarda-municipal-de-aracaju-encerram-nesta-quarta\/"]}]},{"@type":"ImageObject","inLanguage":"pt-BR","@id":"https:\/\/www.encontraaracaju.com.br\/sobre\/inscricoes-para-concurso-da-guarda-municipal-de-aracaju-encerram-nesta-quarta\/#primaryimage","url":"https:\/\/www.encontraaracaju.com.br\/sobre\/wp-content\/uploads\/2026\/08\/inscricoes-para-concurso-da-guarda-municipal-de-aracaju-encerram-nesta-quarta.webp","contentUrl":"https:\/\/www.encontraaracaju.com.br\/sobre\/wp-content\/uploads\/2026\/08\/inscricoes-para-concurso-da-guarda-municipal-de-aracaju-encerram-nesta-quarta.webp","width":280,"height":280,"caption":"inscri\u00e7\u00f5es para concurso da Guarda Municipal de Aracaju"},{"@type":"BreadcrumbList","@id":"https:\/\/www.encontraaracaju.com.br\/sobre\/inscricoes-para-concurso-da-guarda-municipal-de-aracaju-encerram-nesta-quarta\/#breadcrumb","itemListElement":[{"@type":"ListItem","position":1,"name":"In\u00edcio","item":"https:\/\/www.encontraaracaju.com.br\/sobre\/"},{"@type":"ListItem","position":2,"name":"Inscri\u00e7\u00f5es para concurso da Guarda Municipal de Aracaju encerram nesta quarta"}]},{"@type":"WebSite","@id":"https:\/\/www.encontraaracaju.com.br\/sobre\/#website","url":"https:\/\/www.encontraaracaju.com.br\/sobre\/","name":"Encontra Aracaju","description":"Not\u00edcias, eventos, informa\u00e7\u00f5es e dicas na cidade Aracaju e regi\u00e3o.","potentialAction":[{"@type":"SearchAction","target":{"@type":"EntryPoint","urlTemplate":"https:\/\/www.encontraaracaju.com.br\/sobre\/?s={search_term_string}"},"query-input":{"@type":"PropertyValueSpecification","valueRequired":true,"valueName":"search_term_string"}}],"inLanguage":"pt-BR"},{"@type":"Person","@id":"https:\/\/www.encontraaracaju.com.br\/sobre\/#\/schema\/person\/4ffad47e9e50db5f93e67859b297b0be","name":"Encontra Aracaju","image":{"@type":"ImageObject","inLanguage":"pt-BR","@id":"https:\/\/www.encontraaracaju.com.br\/sobre\/#\/schema\/person\/image\/","url":"https:\/\/secure.gravatar.com\/avatar\/507340682b8270222e1f208e23198b6ae7e2c6a1033ae84e99bc6bce4f82a387?s=96&d=mm&r=g","contentUrl":"https:\/\/secure.gravatar.com\/avatar\/507340682b8270222e1f208e23198b6ae7e2c6a1033ae84e99bc6bce4f82a387?s=96&d=mm&r=g","caption":"Encontra Aracaju"},"sameAs":["http:\/\/www.encontraaracaju.com.br"]}]}},"_links":{"self":[{"href":"https:\/\/www.encontraaracaju.com.br\/sobre\/wp-json\/wp\/v2\/posts\/2398","targetHints":{"allow":["GET"]}}],"collection":[{"href":"https:\/\/www.encontraaracaju.com.br\/sobre\/wp-json\/wp\/v2\/posts"}],"about":[{"href":"https:\/\/www.encontraaracaju.com.br\/sobre\/wp-json\/wp\/v2\/types\/post"}],"author":[{"embeddable":true,"href":"https:\/\/www.encontraaracaju.com.br\/sobre\/wp-json\/wp\/v2\/users\/1"}],"replies":[{"embeddable":true,"href":"https:\/\/www.encontraaracaju.com.br\/sobre\/wp-json\/wp\/v2\/comments?post=2398"}],"version-history":[{"count":0,"href":"https:\/\/www.encontraaracaju.com.br\/sobre\/wp-json\/wp\/v2\/posts\/2398\/revisions"}],"wp:featuredmedia":[{"embeddable":true,"href":"https:\/\/www.encontraaracaju.com.br\/sobre\/wp-json\/wp\/v2\/media\/2397"}],"wp:attachment":[{"href":"https:\/\/www.encontraaracaju.com.br\/sobre\/wp-json\/wp\/v2\/media?parent=2398"}],"wp:term":[{"taxonomy":"category","embeddable":true,"href":"https:\/\/www.encontraaracaju.com.br\/sobre\/wp-json\/wp\/v2\/categories?post=2398"},{"taxonomy":"post_tag","embeddable":true,"href":"https:\/\/www.encontraaracaju.com.br\/sobre\/wp-json\/wp\/v2\/tags?post=2398"}],"curies":[{"name":"wp","href":"https:\/\/api.w.org\/{rel}","templated":true}]}}