{"id":2388,"date":"2026-08-03T04:40:56","date_gmt":"2026-08-03T07:40:56","guid":{"rendered":"https:\/\/www.encontraaracaju.com.br\/sobre\/prefeitura-leva-projeto-itinerante-de-educacao-ambiental-para-o-bairro-siqueira-campos-nesta-sexta\/"},"modified":"2026-08-03T04:40:56","modified_gmt":"2026-08-03T07:40:56","slug":"prefeitura-leva-projeto-itinerante-de-educacao-ambiental-para-o-bairro-siqueira-campos-nesta-sexta","status":"publish","type":"post","link":"https:\/\/www.encontraaracaju.com.br\/sobre\/prefeitura-leva-projeto-itinerante-de-educacao-ambiental-para-o-bairro-siqueira-campos-nesta-sexta\/","title":{"rendered":"Prefeitura leva projeto itinerante de educa\u00e7\u00e3o ambiental para o bairro Siqueira Campos nesta sexta"},"content":{"rendered":"<div class=\"0de350683d360aa04277a39db0bae410\" data-index=\"1\" style=\"float: none; margin:0px;\">\n<!-- Anuncio display - global -->\r\n<ins class=\"adsbygoogle\"\r\n     style=\"display:block\"\r\n     data-ad-client=\"ca-pub-8585364105181520\"\r\n     data-ad-slot=\"8789329856\"\r\n     data-ad-format=\"auto\"\r\n     data-full-width-responsive=\"true\"><\/ins>\r\n<script>\r\n     (adsbygoogle = window.adsbygoogle || []).push({});\r\n<\/script>\n<\/div>\n<h2>O que \u00e9 o Projeto Sema no Seu Bairro<\/h2>\n<p>O projeto &#8220;Sema no Seu Bairro&#8221; \u00e9 uma iniciativa da Prefeitura de Aracaju, promovida pela Secretaria Municipal do Meio Ambiente (Sema). O objetivo principal \u00e9 levar educa\u00e7\u00e3o ambiental e promover pr\u00e1ticas sustent\u00e1veis diretamente para os bairros. Este projeto itinerante se desloca pela cidade, oferecendo suporte e dicas sobre a jardinagem e o cultivo de plantas, priorizando esp\u00e9cies medicinais e arb\u00f3reas. A pr\u00f3xima a\u00e7\u00e3o est\u00e1 marcada para a sexta-feira, 31, no Siqueira Campos, e ocorrer\u00e1 a partir das 9h na Unidade de Sa\u00fade da Fam\u00edlia Ed\u00e9zio Vieira de Melo, situada na Rua Para\u00edba.<\/p>\n<h2>Import\u00e2ncia da Educa\u00e7\u00e3o Ambiental na Comunidade<\/h2>\n<p>A educa\u00e7\u00e3o ambiental desempenha um papel fundamental na conscientiza\u00e7\u00e3o e no engajamento da popula\u00e7\u00e3o em rela\u00e7\u00e3o \u00e0s quest\u00f5es ambientais. Por meio de a\u00e7\u00f5es como o &#8220;Sema no Seu Bairro&#8221;, a Prefeitura busca informar os cidad\u00e3os sobre a import\u00e2ncia da preserva\u00e7\u00e3o do meio ambiente, o uso sustent\u00e1vel dos recursos naturais e a necessidade de proteger a biodiversidade local. Atrav\u00e9s dessas intera\u00e7\u00f5es, a comunidade pode adquirir conhecimento pr\u00e1tico e te\u00f3rico sobre como cultivar plantas e implementar medidas que contribuem para um ambiente mais saud\u00e1vel.<\/p>\n<h2>Distribui\u00e7\u00e3o de Mudas Arb\u00f3reas e Medicinais<\/h2>\n<p>Um dos atrativos do &#8220;Sema no Seu Bairro&#8221; \u00e9 a distribui\u00e7\u00e3o gratuita de mudas arb\u00f3reas e medicinais. Essas mudas s\u00e3o essenciais n\u00e3o apenas para embelezar os espa\u00e7os urbanos, mas tamb\u00e9m para promover a sustentabilidade. As \u00e1rvores contribuem para a melhoria da qualidade do ar, fornecendo oxig\u00eanio e absorvendo poluentes. Por outro lado, as plantas medicinais oferecem benef\u00edcios \u00e0 sa\u00fade, incentivando pr\u00e1ticas de medicina alternativa e o uso de recursos locais.<\/p>\n<p><img decoding=\"async\" src=\"https:\/\/www.encontraaracaju.com.br\/sobre\/wp-content\/uploads\/2026\/08\/prefeitura-leva-projeto-itinerante-de-educacao-ambiental-para-o-bairro-siqueira-campos-nesta-sexta.webp\" alt=\"educa\u00e7\u00e3o ambiental\" loading=\"lazy\" \/><\/p>\n<h2>O Papel da Prefeitura na Sustentabilidade Local<\/h2>\n<p>O envolvimento da Prefeitura na promo\u00e7\u00e3o de projetos como o &#8220;Sema no Seu Bairro&#8221; evidencia seu compromisso com a sustentabilidade. A gest\u00e3o municipal tem o dever de zelar pelo bem-estar da popula\u00e7\u00e3o e pela sa\u00fade do meio ambiente. Este projeto se destaca como um canal direto entre a administra\u00e7\u00e3o e os cidad\u00e3os, possibilitando que sugest\u00f5es e cr\u00edticas sejam ouvidas e que as necessidades da comunidade sejam atendidas. Uma gest\u00e3o participativa fortalece a implementa\u00e7\u00e3o de pol\u00edticas ambientais mais eficazes.<\/p>\n<h2>Como Participar da A\u00e7\u00e3o no Siqueira Campos<\/h2>\n<p>Para participar da a\u00e7\u00e3o que acontecer\u00e1 em Siqueira Campos, os interessados podem comparecer \u00e0 Unidade de Sa\u00fade da Fam\u00edlia Ed\u00e9zio Vieira de Melo no dia do evento. \u00c9 uma excelente oportunidade para aprender sobre t\u00e9cnicas de plantio e manejo de plantas, al\u00e9m de receber mudas gratuitamente. A participa\u00e7\u00e3o \u00e9 aberta a todas as idades, fazendo do evento um espa\u00e7o inclusivo para toda a comunidade.<\/p>\n<h2>Benef\u00edcios do Cultivo Dom\u00e9stico de Plantas<\/h2>\n<p>Cultivar plantas em casa traz diversos benef\u00edcios, tanto para a sa\u00fade quanto para o ambiente. Os principais benef\u00edcios incluem:<\/p>\n<ul>\n<li><strong>Melhora da Qualidade do Ar:<\/strong> Plantas ajudam a filtrar poluentes e aumentam a umidade do ar.<\/li>\n<li><strong>Produ\u00e7\u00e3o de Alimentos:<\/strong> Cultivar ervas e vegetais em casa pode resultar em uma alimenta\u00e7\u00e3o mais saud\u00e1vel e sustent\u00e1vel.<\/li>\n<li><strong>Apoio \u00e0 Biodiversidade:<\/strong> O cultivo de esp\u00e9cies nativas contribui para a fauna local, atraindo polinizadores como abelhas e borboletas.<\/li>\n<li><strong>Bem-estar Psicol\u00f3gico:<\/strong> Cuidar das plantas proporciona um senso de realiza\u00e7\u00e3o e pode reduzir o estresse.<\/li>\n<\/ul>\n<h2>A Equipe T\u00e9cnica da Sema e Suas Fun\u00e7\u00f5es<\/h2>\n<p>A equipe t\u00e9cnica da Sema desempenha um papel crucial na execu\u00e7\u00e3o do projeto &#8220;Sema no Seu Bairro&#8221;. Seus membros s\u00e3o respons\u00e1veis por fornecer informa\u00e7\u00f5es valiosas sobre cultivo e manejo de plantas. Eles ajudam os participantes com:<\/p>\n<ul>\n<li><strong>Orienta\u00e7\u00f5es sobre Plantio:<\/strong> Ensinar a melhor forma de plantar as mudas recebidas.<\/li>\n<li><strong>Cuidados Necess\u00e1rios:<\/strong> Informa\u00e7\u00f5es sobre irriga\u00e7\u00e3o, aduba\u00e7\u00e3o e prote\u00e7\u00e3o das plantas.<\/li>\n<li><strong>Pr\u00e1ticas Sustent\u00e1veis:<\/strong> Dicas sobre como manter um jardim saud\u00e1vel e produtivo, respeitando o meio ambiente.<\/li>\n<\/ul>\n<h2>Fortalecendo o Di\u00e1logo entre a Prefeitura e a Popula\u00e7\u00e3o<\/h2>\n<p>Um dos objetivos centrais do &#8220;Sema no Seu Bairro&#8221; \u00e9 criar um espa\u00e7o para di\u00e1logo ativo entre a Prefeitura e a comunidade. Essa intera\u00e7\u00e3o permite que as demandas locais sejam ouvidas, e solu\u00e7\u00f5es personalizadas sejam propostas. O gestor de Projetos da Sema, Pedro Menezes, destaca a import\u00e2ncia desse contato, afirmando que possibilita uma melhor compreens\u00e3o das peculiaridades de cada bairro, resultando em solu\u00e7\u00f5es mais adequadas \u00e0s necessidades da popula\u00e7\u00e3o.<\/p>\n<h2>Resultados Esperados do Projeto Itinerante<\/h2>\n<p>Os resultados esperados com a realiza\u00e7\u00e3o do &#8220;Sema no Seu Bairro&#8221; incluem:<\/p>\n<ul>\n<li><strong>Aumento da Conscientiza\u00e7\u00e3o:<\/strong> Espera-se um aumento na conscientiza\u00e7\u00e3o ambiental entre os moradores que participaram da a\u00e7\u00e3o.<\/li>\n<li><strong>Cultivo de Esp\u00e9cies Medicinais:<\/strong> Incentivar o cultivo de plantas que podem melhorar a sa\u00fade da popula\u00e7\u00e3o.<\/li>\n<li><strong>Redu\u00e7\u00e3o de Impactos Ambientais:<\/strong> Promover a sustentabilidade e contribuir para a conserva\u00e7\u00e3o do meio ambiente local.<\/li>\n<li><strong>Maior Intera\u00e7\u00e3o Comunit\u00e1ria:<\/strong> Criar la\u00e7os mais fortes entre a comunidade e a administra\u00e7\u00e3o p\u00fablica, incentivando a participa\u00e7\u00e3o cidad\u00e3.<\/li>\n<\/ul>\n<h2>Pr\u00e1ticas Sustent\u00e1veis e o Futuro do Meio Ambiente<\/h2>\n<p>Com a crescente preocupa\u00e7\u00e3o com as quest\u00f5es ambientais, iniciativas como o &#8220;Sema no Seu Bairro&#8221; se tornam cada vez mais relevantes. A promo\u00e7\u00e3o de pr\u00e1ticas sustent\u00e1veis dentro da comunidade n\u00e3o apenas ajuda a preservar o meio ambiente, mas tamb\u00e9m oferece \u00e0s pessoas recursos para melhorar sua qualidade de vida. O futuro do meio ambiente depende do comprometimento de todos, e projetos que incentivam a participa\u00e7\u00e3o ativa da popula\u00e7\u00e3o s\u00e3o fundamentais para esse objetivo.<\/p>\n\n<div style=\"font-size: 0px; height: 0px; line-height: 0px; margin: 0; padding: 0; clear: both;\"><\/div>","protected":false},"excerpt":{"rendered":"<p>Prefeitura leva projeto de educa\u00e7\u00e3o ambiental, incluindo mudas, para o bairro Siqueira Campos.<\/p>\n","protected":false},"author":1,"featured_media":2387,"comment_status":"closed","ping_status":"closed","sticky":false,"template":"","format":"standard","meta":{"footnotes":""},"categories":[23],"tags":[],"class_list":["post-2388","post","type-post","status-publish","format-standard","has-post-thumbnail","hentry","category-educacao-em-aracaju","has_thumb"],"yoast_head":"<!-- This site is optimized with the Yoast SEO plugin v26.4 - https:\/\/yoast.com\/wordpress\/plugins\/seo\/ -->\n<title>Prefeitura leva projeto itinerante de educa\u00e7\u00e3o ambiental para o bairro Siqueira Campos nesta sexta - Encontra Aracaju<\/title>\n<meta name=\"robots\" content=\"index, follow, max-snippet:-1, max-image-preview:large, max-video-preview:-1\" \/>\n<link rel=\"canonical\" href=\"https:\/\/www.encontraaracaju.com.br\/sobre\/prefeitura-leva-projeto-itinerante-de-educacao-ambiental-para-o-bairro-siqueira-campos-nesta-sexta\/\" \/>\n<meta property=\"og:locale\" content=\"pt_BR\" \/>\n<meta property=\"og:type\" content=\"article\" \/>\n<meta property=\"og:title\" content=\"Prefeitura leva projeto itinerante de educa\u00e7\u00e3o ambiental para o bairro Siqueira Campos nesta sexta - Encontra Aracaju\" \/>\n<meta property=\"og:description\" content=\"Prefeitura leva projeto de educa\u00e7\u00e3o ambiental, incluindo mudas, para o bairro Siqueira Campos.\" \/>\n<meta property=\"og:url\" content=\"https:\/\/www.encontraaracaju.com.br\/sobre\/prefeitura-leva-projeto-itinerante-de-educacao-ambiental-para-o-bairro-siqueira-campos-nesta-sexta\/\" \/>\n<meta property=\"og:site_name\" content=\"Encontra Aracaju\" \/>\n<meta property=\"article:published_time\" content=\"2026-08-03T07:40:56+00:00\" \/>\n<meta property=\"og:image\" content=\"https:\/\/www.encontraaracaju.com.br\/sobre\/wp-content\/uploads\/2026\/08\/prefeitura-leva-projeto-itinerante-de-educacao-ambiental-para-o-bairro-siqueira-campos-nesta-sexta.webp\" \/>\n<meta name=\"author\" content=\"Encontra Aracaju\" \/>\n<meta name=\"twitter:card\" content=\"summary_large_image\" \/>\n<meta name=\"twitter:label1\" content=\"Escrito por\" \/>\n\t<meta name=\"twitter:data1\" content=\"Encontra Aracaju\" \/>\n\t<meta name=\"twitter:label2\" content=\"Est. tempo de leitura\" \/>\n\t<meta name=\"twitter:data2\" content=\"5 minutos\" \/>\n<script type=\"application\/ld+json\" class=\"yoast-schema-graph\">{\"@context\":\"https:\/\/schema.org\",\"@graph\":[{\"@type\":\"WebPage\",\"@id\":\"https:\/\/www.encontraaracaju.com.br\/sobre\/prefeitura-leva-projeto-itinerante-de-educacao-ambiental-para-o-bairro-siqueira-campos-nesta-sexta\/\",\"url\":\"https:\/\/www.encontraaracaju.com.br\/sobre\/prefeitura-leva-projeto-itinerante-de-educacao-ambiental-para-o-bairro-siqueira-campos-nesta-sexta\/\",\"name\":\"Prefeitura leva projeto itinerante de educa\u00e7\u00e3o ambiental para o bairro Siqueira Campos nesta sexta - Encontra Aracaju\",\"isPartOf\":{\"@id\":\"https:\/\/www.encontraaracaju.com.br\/sobre\/#website\"},\"primaryImageOfPage\":{\"@id\":\"https:\/\/www.encontraaracaju.com.br\/sobre\/prefeitura-leva-projeto-itinerante-de-educacao-ambiental-para-o-bairro-siqueira-campos-nesta-sexta\/#primaryimage\"},\"image\":{\"@id\":\"https:\/\/www.encontraaracaju.com.br\/sobre\/prefeitura-leva-projeto-itinerante-de-educacao-ambiental-para-o-bairro-siqueira-campos-nesta-sexta\/#primaryimage\"},\"thumbnailUrl\":\"https:\/\/www.encontraaracaju.com.br\/sobre\/wp-content\/uploads\/2026\/08\/prefeitura-leva-projeto-itinerante-de-educacao-ambiental-para-o-bairro-siqueira-campos-nesta-sexta.webp\",\"datePublished\":\"2026-08-03T07:40:56+00:00\",\"author\":{\"@id\":\"https:\/\/www.encontraaracaju.com.br\/sobre\/#\/schema\/person\/4ffad47e9e50db5f93e67859b297b0be\"},\"breadcrumb\":{\"@id\":\"https:\/\/www.encontraaracaju.com.br\/sobre\/prefeitura-leva-projeto-itinerante-de-educacao-ambiental-para-o-bairro-siqueira-campos-nesta-sexta\/#breadcrumb\"},\"inLanguage\":\"pt-BR\",\"potentialAction\":[{\"@type\":\"ReadAction\",\"target\":[\"https:\/\/www.encontraaracaju.com.br\/sobre\/prefeitura-leva-projeto-itinerante-de-educacao-ambiental-para-o-bairro-siqueira-campos-nesta-sexta\/\"]}]},{\"@type\":\"ImageObject\",\"inLanguage\":\"pt-BR\",\"@id\":\"https:\/\/www.encontraaracaju.com.br\/sobre\/prefeitura-leva-projeto-itinerante-de-educacao-ambiental-para-o-bairro-siqueira-campos-nesta-sexta\/#primaryimage\",\"url\":\"https:\/\/www.encontraaracaju.com.br\/sobre\/wp-content\/uploads\/2026\/08\/prefeitura-leva-projeto-itinerante-de-educacao-ambiental-para-o-bairro-siqueira-campos-nesta-sexta.webp\",\"contentUrl\":\"https:\/\/www.encontraaracaju.com.br\/sobre\/wp-content\/uploads\/2026\/08\/prefeitura-leva-projeto-itinerante-de-educacao-ambiental-para-o-bairro-siqueira-campos-nesta-sexta.webp\",\"width\":280,\"height\":280,\"caption\":\"educa\u00e7\u00e3o ambiental\"},{\"@type\":\"BreadcrumbList\",\"@id\":\"https:\/\/www.encontraaracaju.com.br\/sobre\/prefeitura-leva-projeto-itinerante-de-educacao-ambiental-para-o-bairro-siqueira-campos-nesta-sexta\/#breadcrumb\",\"itemListElement\":[{\"@type\":\"ListItem\",\"position\":1,\"name\":\"In\u00edcio\",\"item\":\"https:\/\/www.encontraaracaju.com.br\/sobre\/\"},{\"@type\":\"ListItem\",\"position\":2,\"name\":\"Prefeitura leva projeto itinerante de educa\u00e7\u00e3o ambiental para o bairro Siqueira Campos nesta sexta\"}]},{\"@type\":\"WebSite\",\"@id\":\"https:\/\/www.encontraaracaju.com.br\/sobre\/#website\",\"url\":\"https:\/\/www.encontraaracaju.com.br\/sobre\/\",\"name\":\"Encontra Aracaju\",\"description\":\"Not\u00edcias, eventos, informa\u00e7\u00f5es e dicas na cidade Aracaju e regi\u00e3o.\",\"potentialAction\":[{\"@type\":\"SearchAction\",\"target\":{\"@type\":\"EntryPoint\",\"urlTemplate\":\"https:\/\/www.encontraaracaju.com.br\/sobre\/?s={search_term_string}\"},\"query-input\":{\"@type\":\"PropertyValueSpecification\",\"valueRequired\":true,\"valueName\":\"search_term_string\"}}],\"inLanguage\":\"pt-BR\"},{\"@type\":\"Person\",\"@id\":\"https:\/\/www.encontraaracaju.com.br\/sobre\/#\/schema\/person\/4ffad47e9e50db5f93e67859b297b0be\",\"name\":\"Encontra Aracaju\",\"image\":{\"@type\":\"ImageObject\",\"inLanguage\":\"pt-BR\",\"@id\":\"https:\/\/www.encontraaracaju.com.br\/sobre\/#\/schema\/person\/image\/\",\"url\":\"https:\/\/secure.gravatar.com\/avatar\/507340682b8270222e1f208e23198b6ae7e2c6a1033ae84e99bc6bce4f82a387?s=96&d=mm&r=g\",\"contentUrl\":\"https:\/\/secure.gravatar.com\/avatar\/507340682b8270222e1f208e23198b6ae7e2c6a1033ae84e99bc6bce4f82a387?s=96&d=mm&r=g\",\"caption\":\"Encontra Aracaju\"},\"sameAs\":[\"http:\/\/www.encontraaracaju.com.br\"]}]}<\/script>\n<!-- \/ Yoast SEO plugin. -->","yoast_head_json":{"title":"Prefeitura leva projeto itinerante de educa\u00e7\u00e3o ambiental para o bairro Siqueira Campos nesta sexta - Encontra Aracaju","robots":{"index":"index","follow":"follow","max-snippet":"max-snippet:-1","max-image-preview":"max-image-preview:large","max-video-preview":"max-video-preview:-1"},"canonical":"https:\/\/www.encontraaracaju.com.br\/sobre\/prefeitura-leva-projeto-itinerante-de-educacao-ambiental-para-o-bairro-siqueira-campos-nesta-sexta\/","og_locale":"pt_BR","og_type":"article","og_title":"Prefeitura leva projeto itinerante de educa\u00e7\u00e3o ambiental para o bairro Siqueira Campos nesta sexta - Encontra Aracaju","og_description":"Prefeitura leva projeto de educa\u00e7\u00e3o ambiental, incluindo mudas, para o bairro Siqueira Campos.","og_url":"https:\/\/www.encontraaracaju.com.br\/sobre\/prefeitura-leva-projeto-itinerante-de-educacao-ambiental-para-o-bairro-siqueira-campos-nesta-sexta\/","og_site_name":"Encontra Aracaju","article_published_time":"2026-08-03T07:40:56+00:00","og_image":[{"url":"https:\/\/www.encontraaracaju.com.br\/sobre\/wp-content\/uploads\/2026\/08\/prefeitura-leva-projeto-itinerante-de-educacao-ambiental-para-o-bairro-siqueira-campos-nesta-sexta.webp","type":"","width":"","height":""}],"author":"Encontra Aracaju","twitter_card":"summary_large_image","twitter_misc":{"Escrito por":"Encontra Aracaju","Est. tempo de leitura":"5 minutos"},"schema":{"@context":"https:\/\/schema.org","@graph":[{"@type":"WebPage","@id":"https:\/\/www.encontraaracaju.com.br\/sobre\/prefeitura-leva-projeto-itinerante-de-educacao-ambiental-para-o-bairro-siqueira-campos-nesta-sexta\/","url":"https:\/\/www.encontraaracaju.com.br\/sobre\/prefeitura-leva-projeto-itinerante-de-educacao-ambiental-para-o-bairro-siqueira-campos-nesta-sexta\/","name":"Prefeitura leva projeto itinerante de educa\u00e7\u00e3o ambiental para o bairro Siqueira Campos nesta sexta - Encontra Aracaju","isPartOf":{"@id":"https:\/\/www.encontraaracaju.com.br\/sobre\/#website"},"primaryImageOfPage":{"@id":"https:\/\/www.encontraaracaju.com.br\/sobre\/prefeitura-leva-projeto-itinerante-de-educacao-ambiental-para-o-bairro-siqueira-campos-nesta-sexta\/#primaryimage"},"image":{"@id":"https:\/\/www.encontraaracaju.com.br\/sobre\/prefeitura-leva-projeto-itinerante-de-educacao-ambiental-para-o-bairro-siqueira-campos-nesta-sexta\/#primaryimage"},"thumbnailUrl":"https:\/\/www.encontraaracaju.com.br\/sobre\/wp-content\/uploads\/2026\/08\/prefeitura-leva-projeto-itinerante-de-educacao-ambiental-para-o-bairro-siqueira-campos-nesta-sexta.webp","datePublished":"2026-08-03T07:40:56+00:00","author":{"@id":"https:\/\/www.encontraaracaju.com.br\/sobre\/#\/schema\/person\/4ffad47e9e50db5f93e67859b297b0be"},"breadcrumb":{"@id":"https:\/\/www.encontraaracaju.com.br\/sobre\/prefeitura-leva-projeto-itinerante-de-educacao-ambiental-para-o-bairro-siqueira-campos-nesta-sexta\/#breadcrumb"},"inLanguage":"pt-BR","potentialAction":[{"@type":"ReadAction","target":["https:\/\/www.encontraaracaju.com.br\/sobre\/prefeitura-leva-projeto-itinerante-de-educacao-ambiental-para-o-bairro-siqueira-campos-nesta-sexta\/"]}]},{"@type":"ImageObject","inLanguage":"pt-BR","@id":"https:\/\/www.encontraaracaju.com.br\/sobre\/prefeitura-leva-projeto-itinerante-de-educacao-ambiental-para-o-bairro-siqueira-campos-nesta-sexta\/#primaryimage","url":"https:\/\/www.encontraaracaju.com.br\/sobre\/wp-content\/uploads\/2026\/08\/prefeitura-leva-projeto-itinerante-de-educacao-ambiental-para-o-bairro-siqueira-campos-nesta-sexta.webp","contentUrl":"https:\/\/www.encontraaracaju.com.br\/sobre\/wp-content\/uploads\/2026\/08\/prefeitura-leva-projeto-itinerante-de-educacao-ambiental-para-o-bairro-siqueira-campos-nesta-sexta.webp","width":280,"height":280,"caption":"educa\u00e7\u00e3o ambiental"},{"@type":"BreadcrumbList","@id":"https:\/\/www.encontraaracaju.com.br\/sobre\/prefeitura-leva-projeto-itinerante-de-educacao-ambiental-para-o-bairro-siqueira-campos-nesta-sexta\/#breadcrumb","itemListElement":[{"@type":"ListItem","position":1,"name":"In\u00edcio","item":"https:\/\/www.encontraaracaju.com.br\/sobre\/"},{"@type":"ListItem","position":2,"name":"Prefeitura leva projeto itinerante de educa\u00e7\u00e3o ambiental para o bairro Siqueira Campos nesta sexta"}]},{"@type":"WebSite","@id":"https:\/\/www.encontraaracaju.com.br\/sobre\/#website","url":"https:\/\/www.encontraaracaju.com.br\/sobre\/","name":"Encontra Aracaju","description":"Not\u00edcias, eventos, informa\u00e7\u00f5es e dicas na cidade Aracaju e regi\u00e3o.","potentialAction":[{"@type":"SearchAction","target":{"@type":"EntryPoint","urlTemplate":"https:\/\/www.encontraaracaju.com.br\/sobre\/?s={search_term_string}"},"query-input":{"@type":"PropertyValueSpecification","valueRequired":true,"valueName":"search_term_string"}}],"inLanguage":"pt-BR"},{"@type":"Person","@id":"https:\/\/www.encontraaracaju.com.br\/sobre\/#\/schema\/person\/4ffad47e9e50db5f93e67859b297b0be","name":"Encontra Aracaju","image":{"@type":"ImageObject","inLanguage":"pt-BR","@id":"https:\/\/www.encontraaracaju.com.br\/sobre\/#\/schema\/person\/image\/","url":"https:\/\/secure.gravatar.com\/avatar\/507340682b8270222e1f208e23198b6ae7e2c6a1033ae84e99bc6bce4f82a387?s=96&d=mm&r=g","contentUrl":"https:\/\/secure.gravatar.com\/avatar\/507340682b8270222e1f208e23198b6ae7e2c6a1033ae84e99bc6bce4f82a387?s=96&d=mm&r=g","caption":"Encontra Aracaju"},"sameAs":["http:\/\/www.encontraaracaju.com.br"]}]}},"_links":{"self":[{"href":"https:\/\/www.encontraaracaju.com.br\/sobre\/wp-json\/wp\/v2\/posts\/2388","targetHints":{"allow":["GET"]}}],"collection":[{"href":"https:\/\/www.encontraaracaju.com.br\/sobre\/wp-json\/wp\/v2\/posts"}],"about":[{"href":"https:\/\/www.encontraaracaju.com.br\/sobre\/wp-json\/wp\/v2\/types\/post"}],"author":[{"embeddable":true,"href":"https:\/\/www.encontraaracaju.com.br\/sobre\/wp-json\/wp\/v2\/users\/1"}],"replies":[{"embeddable":true,"href":"https:\/\/www.encontraaracaju.com.br\/sobre\/wp-json\/wp\/v2\/comments?post=2388"}],"version-history":[{"count":0,"href":"https:\/\/www.encontraaracaju.com.br\/sobre\/wp-json\/wp\/v2\/posts\/2388\/revisions"}],"wp:featuredmedia":[{"embeddable":true,"href":"https:\/\/www.encontraaracaju.com.br\/sobre\/wp-json\/wp\/v2\/media\/2387"}],"wp:attachment":[{"href":"https:\/\/www.encontraaracaju.com.br\/sobre\/wp-json\/wp\/v2\/media?parent=2388"}],"wp:term":[{"taxonomy":"category","embeddable":true,"href":"https:\/\/www.encontraaracaju.com.br\/sobre\/wp-json\/wp\/v2\/categories?post=2388"},{"taxonomy":"post_tag","embeddable":true,"href":"https:\/\/www.encontraaracaju.com.br\/sobre\/wp-json\/wp\/v2\/tags?post=2388"}],"curies":[{"name":"wp","href":"https:\/\/api.w.org\/{rel}","templated":true}]}}