{"id":2384,"date":"2026-08-03T04:38:12","date_gmt":"2026-08-03T07:38:12","guid":{"rendered":"https:\/\/www.encontraaracaju.com.br\/sobre\/prefeitura-amplia-acesso-a-saude-para-catadores-de-reciclaveis-durante-projeto-conexao-cidada\/"},"modified":"2026-08-03T04:38:12","modified_gmt":"2026-08-03T07:38:12","slug":"prefeitura-amplia-acesso-a-saude-para-catadores-de-reciclaveis-durante-projeto-conexao-cidada","status":"publish","type":"post","link":"https:\/\/www.encontraaracaju.com.br\/sobre\/prefeitura-amplia-acesso-a-saude-para-catadores-de-reciclaveis-durante-projeto-conexao-cidada\/","title":{"rendered":"Prefeitura amplia acesso \u00e0 sa\u00fade para catadores de recicl\u00e1veis durante Projeto Conex\u00e3o Cidad\u00e3"},"content":{"rendered":"<div class=\"0de350683d360aa04277a39db0bae410\" data-index=\"1\" style=\"float: none; margin:0px;\">\n<!-- Anuncio display - global -->\r\n<ins class=\"adsbygoogle\"\r\n     style=\"display:block\"\r\n     data-ad-client=\"ca-pub-8585364105181520\"\r\n     data-ad-slot=\"8789329856\"\r\n     data-ad-format=\"auto\"\r\n     data-full-width-responsive=\"true\"><\/ins>\r\n<script>\r\n     (adsbygoogle = window.adsbygoogle || []).push({});\r\n<\/script>\n<\/div>\n<h2>Servi\u00e7os de Sa\u00fade Acess\u00edveis para Todos<\/h2>\n<p>A Prefeitura de Aracaju, atrav\u00e9s da Secretaria Municipal da Sa\u00fade (SMS), implementou um projeto significativo chamado Conex\u00e3o Cidad\u00e3, focando na amplia\u00e7\u00e3o do acesso \u00e0 sa\u00fade para catadores de materiais recicl\u00e1veis e suas fam\u00edlias. Esta a\u00e7\u00e3o foi realizada no dia 22 de julho de 2026, no Centro de Refer\u00eancia de Assist\u00eancia Social (Cras) Dr. Carlos Fernandes de Melo, localizado no bairro Lamar\u00e3o.<\/p>\n<h2>Benef\u00edcios do Projeto Conex\u00e3o Cidad\u00e3<\/h2>\n<p>O Conex\u00e3o Cidad\u00e3 est\u00e1 em sinergia com o Termo de Coopera\u00e7\u00e3o firmado entre o Governo Municipal e a Associa\u00e7\u00e3o Nacional de Catadores e Catadoras de Materiais Recicl\u00e1veis (ANCAT). O objetivo principal \u00e9 garantir que uma popula\u00e7\u00e3o muitas vezes exclu\u00edda do sistema de sa\u00fade tenha acesso a servi\u00e7os m\u00e9dicos essenciais. Essa iniciativa n\u00e3o apenas melhora a sa\u00fade de indiv\u00edduos, mas tamb\u00e9m busca atender as metas dos Objetivos de Desenvolvimento Sustent\u00e1vel (ODS) estipulados pela ONU.<\/p>\n<h2>Atendimentos Cl\u00ednicos e Exames Oferecidos<\/h2>\n<p>Durante essa edi\u00e7\u00e3o do projeto, v\u00e1rios servi\u00e7os foram disponibilizados, incluindo:<\/p>\n<p><img decoding=\"async\" src=\"https:\/\/www.encontraaracaju.com.br\/sobre\/wp-content\/uploads\/2026\/08\/prefeitura-amplia-acesso-a-saude-para-catadores-de-reciclaveis-durante-projeto-conexao-cidada.webp\" alt=\"Prefeitura amplia acesso \u00e0 sa\u00fade para catadores de recicl\u00e1veis\" loading=\"lazy\" \/><\/p>\n<ul>\n<li>Atendimentos cl\u00ednicos gerais para adultos e crian\u00e7as;<\/li>\n<li>Vacina\u00e7\u00e3o;<\/li>\n<li>Aferi\u00e7\u00e3o de press\u00e3o arterial e glicemia;<\/li>\n<li>Orienta\u00e7\u00e3o em higiene bucal;<\/li>\n<li>Rastreamento de c\u00e2ncer bucal;<\/li>\n<li>Avalia\u00e7\u00e3o antropom\u00e9trica;<\/li>\n<li>Avalia\u00e7\u00e3o de risco cardiovascular;<\/li>\n<li>Orienta\u00e7\u00e3o nutricional;<\/li>\n<li>Testes r\u00e1pidos para Infec\u00e7\u00f5es Sexualmente Transmiss\u00edveis (ISTs);<\/li>\n<li>Anamnese para hansen\u00edase;<\/li>\n<li>Pr\u00e1ticas Integrativas e Complementares em Sa\u00fade (PICS), abrangendo massoterapia e auriculoterapia.<\/li>\n<\/ul>\n<h2>Import\u00e2ncia da Vacina\u00e7\u00e3o para Catadores<\/h2>\n<p>A vacina\u00e7\u00e3o oferece uma camada extra de prote\u00e7\u00e3o para os catadores, que frequentemente enfrentam riscos \u00e0 sa\u00fade devido \u00e0 natureza de seu trabalho. O acesso \u00e0 vacina\u00e7\u00e3o em eventos como este \u00e9 crucial, pois promove a sa\u00fade e bem-estar geral de uma popula\u00e7\u00e3o que, de outra forma, pode n\u00e3o ter acesso f\u00e1cil aos servi\u00e7os de sa\u00fade.<\/p>\n<h2>Acompanhamento Continuado na Rede Municipal<\/h2>\n<p>De acordo com Karinne Bourbon, assessora estrat\u00e9gica da Rede de Aten\u00e7\u00e3o Prim\u00e1ria (Reap), a a\u00e7\u00e3o n\u00e3o se limitou apenas aos atendimentos imediatos. Os participantes que necessitaram de acompanhamento posterior foram prontamente orientados a se dirigirem \u00e0s unidades de sa\u00fade, garantindo que a continuidade do cuidado fosse assegurada. Essa estrat\u00e9gia \u00e9 fundamental para a sa\u00fade p\u00fablica, pois permite que os usu\u00e1rios mantenham o acompanhamento m\u00e9dico necess\u00e1rio.<\/p>\n<h2>Depoimentos de Catadores Participantes<\/h2>\n<p>Participantes do projeto relataram suas experi\u00eancias positivas:<\/p>\n<ul>\n<li><strong>Rosa Maria Santos,<\/strong> catadora h\u00e1 15 anos, expressou sua satisfa\u00e7\u00e3o ao receber atendimentos no pr\u00f3prio bairro. Ela afirmou: &#8220;A falta de tempo muitas vezes impede que procuremos servi\u00e7os de sa\u00fade, ent\u00e3o ter isso perto de casa \u00e9 uma grande vantagem.&#8221;<\/li>\n<li><strong>Mirabel Marques,<\/strong> que atua no grupo Reviver, destacou: &#8220;Tive a oportunidade de fazer diversos exames e receber orienta\u00e7\u00f5es importantes. \u00c9 um momento essencial para cuidar de mim.&#8221;<\/li>\n<li><strong>Rog\u00e9rio Oliveira,<\/strong> que coleta recicl\u00e1veis h\u00e1 sete anos, enfatizou a import\u00e2ncia do acompanhamento regular, dizendo: &#8220;\u00c9 crucial monitorar a sa\u00fade e saber quando \u00e9 necess\u00e1rio buscar mais aten\u00e7\u00e3o m\u00e9dica.&#8221;<\/li>\n<\/ul>\n<h2>Impacto do Atendimento Perto de Casa<\/h2>\n<p>A realiza\u00e7\u00e3o de a\u00e7\u00f5es de sa\u00fade nas proximidades do local de trabalho dos catadores tem um impacto positivo em sua vida cotidiana. A facilidade de acesso aos servi\u00e7os m\u00e9dicos diminui as barreiras que muitas pessoas enfrentam ao buscar atendimento, especialmente aqueles que priorizam o trabalho sobre a sa\u00fade. Este projeto traz n\u00e3o apenas os cuidados de sa\u00fade necess\u00e1rios, mas tamb\u00e9m promove a conscientiza\u00e7\u00e3o sobre a import\u00e2ncia da preven\u00e7\u00e3o.<\/p>\n<h2>Apoio da ANCAT nas Iniciativas<\/h2>\n<p>A ANCAT desempenha um papel crucial na facilita\u00e7\u00e3o dessas iniciativas de sa\u00fade para catadores, ajudando a tornar esses servi\u00e7os mais acess\u00edveis. Cristiane Francelino, representante da ANCAT, comentou sobre a import\u00e2ncia de a\u00e7\u00f5es direcionadas, destacando que quando servi\u00e7os s\u00e3o planejados considerando as necessidades dessa popula\u00e7\u00e3o, o acesso a cuidados essenciais se torna muito mais vi\u00e1vel.<\/p>\n<h2>Objetivos de Desenvolvimento Sustent\u00e1vel em A\u00e7\u00e3o<\/h2>\n<p>O projeto Conex\u00e3o Cidad\u00e3 reflete um compromisso com os ODS da ONU, especialmente ao promover sa\u00fade e bem-estar para todos. A a\u00e7\u00e3o solicita a contribui\u00e7\u00e3o dos catadores como agentes de mudan\u00e7a comunit\u00e1ria, demonstrando que o acesso \u00e0 sa\u00fade \u00e9 um direito fundamental que deve ser garantido a todos, independentemente de sua situa\u00e7\u00e3o socioecon\u00f4mica.<\/p>\n<h2>Futuras Edi\u00e7\u00f5es do Projeto Conex\u00e3o Cidad\u00e3<\/h2>\n<p>O Projeto Conex\u00e3o Cidad\u00e3 ter\u00e1 novas edi\u00e7\u00f5es planejadas para o restante do ano, continuando a fornecer acesso a servi\u00e7os de sa\u00fade essenciais para catadores e seus familiares. O objetivo \u00e9 reafirmar a import\u00e2ncia do cuidado cont\u00ednuo e da aten\u00e7\u00e3o \u00e0 sa\u00fade nessa popula\u00e7\u00e3o vulner\u00e1vel, garantindo que eles tenham um suporte adequado que respeite suas rotinas de trabalho. Essa abordagem n\u00e3o apenas busca atender \u00e0s necessidades imediatas, mas tamb\u00e9m criar um impacto positivo a longo prazo, contribuindo para a melhoria na qualidade de vida dos catadores.<\/p>\n\n<div style=\"font-size: 0px; height: 0px; line-height: 0px; margin: 0; padding: 0; clear: both;\"><\/div>","protected":false},"excerpt":{"rendered":"<p>Prefeitura amplia acesso \u00e0 sa\u00fade para catadores de recicl\u00e1veis com projeto inovador.<\/p>\n","protected":false},"author":1,"featured_media":2383,"comment_status":"closed","ping_status":"closed","sticky":false,"template":"","format":"standard","meta":{"footnotes":""},"categories":[32],"tags":[],"class_list":["post-2384","post","type-post","status-publish","format-standard","has-post-thumbnail","hentry","category-saude-em-aracaju","has_thumb"],"yoast_head":"<!-- This site is optimized with the Yoast SEO plugin v26.4 - https:\/\/yoast.com\/wordpress\/plugins\/seo\/ -->\n<title>Prefeitura amplia acesso \u00e0 sa\u00fade para catadores de recicl\u00e1veis durante Projeto Conex\u00e3o Cidad\u00e3 - Encontra Aracaju<\/title>\n<meta name=\"robots\" content=\"index, follow, max-snippet:-1, max-image-preview:large, max-video-preview:-1\" \/>\n<link rel=\"canonical\" href=\"https:\/\/www.encontraaracaju.com.br\/sobre\/prefeitura-amplia-acesso-a-saude-para-catadores-de-reciclaveis-durante-projeto-conexao-cidada\/\" \/>\n<meta property=\"og:locale\" content=\"pt_BR\" \/>\n<meta property=\"og:type\" content=\"article\" \/>\n<meta property=\"og:title\" content=\"Prefeitura amplia acesso \u00e0 sa\u00fade para catadores de recicl\u00e1veis durante Projeto Conex\u00e3o Cidad\u00e3 - Encontra Aracaju\" \/>\n<meta property=\"og:description\" content=\"Prefeitura amplia acesso \u00e0 sa\u00fade para catadores de recicl\u00e1veis com projeto inovador.\" \/>\n<meta property=\"og:url\" content=\"https:\/\/www.encontraaracaju.com.br\/sobre\/prefeitura-amplia-acesso-a-saude-para-catadores-de-reciclaveis-durante-projeto-conexao-cidada\/\" \/>\n<meta property=\"og:site_name\" content=\"Encontra Aracaju\" \/>\n<meta property=\"article:published_time\" content=\"2026-08-03T07:38:12+00:00\" \/>\n<meta property=\"og:image\" content=\"https:\/\/www.encontraaracaju.com.br\/sobre\/wp-content\/uploads\/2026\/08\/prefeitura-amplia-acesso-a-saude-para-catadores-de-reciclaveis-durante-projeto-conexao-cidada.webp\" \/>\n<meta name=\"author\" content=\"Encontra Aracaju\" \/>\n<meta name=\"twitter:card\" content=\"summary_large_image\" \/>\n<meta name=\"twitter:label1\" content=\"Escrito por\" \/>\n\t<meta name=\"twitter:data1\" content=\"Encontra Aracaju\" \/>\n\t<meta name=\"twitter:label2\" content=\"Est. tempo de leitura\" \/>\n\t<meta name=\"twitter:data2\" content=\"4 minutos\" \/>\n<script type=\"application\/ld+json\" class=\"yoast-schema-graph\">{\"@context\":\"https:\/\/schema.org\",\"@graph\":[{\"@type\":\"WebPage\",\"@id\":\"https:\/\/www.encontraaracaju.com.br\/sobre\/prefeitura-amplia-acesso-a-saude-para-catadores-de-reciclaveis-durante-projeto-conexao-cidada\/\",\"url\":\"https:\/\/www.encontraaracaju.com.br\/sobre\/prefeitura-amplia-acesso-a-saude-para-catadores-de-reciclaveis-durante-projeto-conexao-cidada\/\",\"name\":\"Prefeitura amplia acesso \u00e0 sa\u00fade para catadores de recicl\u00e1veis durante Projeto Conex\u00e3o Cidad\u00e3 - Encontra Aracaju\",\"isPartOf\":{\"@id\":\"https:\/\/www.encontraaracaju.com.br\/sobre\/#website\"},\"primaryImageOfPage\":{\"@id\":\"https:\/\/www.encontraaracaju.com.br\/sobre\/prefeitura-amplia-acesso-a-saude-para-catadores-de-reciclaveis-durante-projeto-conexao-cidada\/#primaryimage\"},\"image\":{\"@id\":\"https:\/\/www.encontraaracaju.com.br\/sobre\/prefeitura-amplia-acesso-a-saude-para-catadores-de-reciclaveis-durante-projeto-conexao-cidada\/#primaryimage\"},\"thumbnailUrl\":\"https:\/\/www.encontraaracaju.com.br\/sobre\/wp-content\/uploads\/2026\/08\/prefeitura-amplia-acesso-a-saude-para-catadores-de-reciclaveis-durante-projeto-conexao-cidada.webp\",\"datePublished\":\"2026-08-03T07:38:12+00:00\",\"author\":{\"@id\":\"https:\/\/www.encontraaracaju.com.br\/sobre\/#\/schema\/person\/4ffad47e9e50db5f93e67859b297b0be\"},\"breadcrumb\":{\"@id\":\"https:\/\/www.encontraaracaju.com.br\/sobre\/prefeitura-amplia-acesso-a-saude-para-catadores-de-reciclaveis-durante-projeto-conexao-cidada\/#breadcrumb\"},\"inLanguage\":\"pt-BR\",\"potentialAction\":[{\"@type\":\"ReadAction\",\"target\":[\"https:\/\/www.encontraaracaju.com.br\/sobre\/prefeitura-amplia-acesso-a-saude-para-catadores-de-reciclaveis-durante-projeto-conexao-cidada\/\"]}]},{\"@type\":\"ImageObject\",\"inLanguage\":\"pt-BR\",\"@id\":\"https:\/\/www.encontraaracaju.com.br\/sobre\/prefeitura-amplia-acesso-a-saude-para-catadores-de-reciclaveis-durante-projeto-conexao-cidada\/#primaryimage\",\"url\":\"https:\/\/www.encontraaracaju.com.br\/sobre\/wp-content\/uploads\/2026\/08\/prefeitura-amplia-acesso-a-saude-para-catadores-de-reciclaveis-durante-projeto-conexao-cidada.webp\",\"contentUrl\":\"https:\/\/www.encontraaracaju.com.br\/sobre\/wp-content\/uploads\/2026\/08\/prefeitura-amplia-acesso-a-saude-para-catadores-de-reciclaveis-durante-projeto-conexao-cidada.webp\",\"width\":280,\"height\":280,\"caption\":\"Prefeitura amplia acesso \u00e0 sa\u00fade para catadores de recicl\u00e1veis\"},{\"@type\":\"BreadcrumbList\",\"@id\":\"https:\/\/www.encontraaracaju.com.br\/sobre\/prefeitura-amplia-acesso-a-saude-para-catadores-de-reciclaveis-durante-projeto-conexao-cidada\/#breadcrumb\",\"itemListElement\":[{\"@type\":\"ListItem\",\"position\":1,\"name\":\"In\u00edcio\",\"item\":\"https:\/\/www.encontraaracaju.com.br\/sobre\/\"},{\"@type\":\"ListItem\",\"position\":2,\"name\":\"Prefeitura amplia acesso \u00e0 sa\u00fade para catadores de recicl\u00e1veis durante Projeto Conex\u00e3o Cidad\u00e3\"}]},{\"@type\":\"WebSite\",\"@id\":\"https:\/\/www.encontraaracaju.com.br\/sobre\/#website\",\"url\":\"https:\/\/www.encontraaracaju.com.br\/sobre\/\",\"name\":\"Encontra Aracaju\",\"description\":\"Not\u00edcias, eventos, informa\u00e7\u00f5es e dicas na cidade Aracaju e regi\u00e3o.\",\"potentialAction\":[{\"@type\":\"SearchAction\",\"target\":{\"@type\":\"EntryPoint\",\"urlTemplate\":\"https:\/\/www.encontraaracaju.com.br\/sobre\/?s={search_term_string}\"},\"query-input\":{\"@type\":\"PropertyValueSpecification\",\"valueRequired\":true,\"valueName\":\"search_term_string\"}}],\"inLanguage\":\"pt-BR\"},{\"@type\":\"Person\",\"@id\":\"https:\/\/www.encontraaracaju.com.br\/sobre\/#\/schema\/person\/4ffad47e9e50db5f93e67859b297b0be\",\"name\":\"Encontra Aracaju\",\"image\":{\"@type\":\"ImageObject\",\"inLanguage\":\"pt-BR\",\"@id\":\"https:\/\/www.encontraaracaju.com.br\/sobre\/#\/schema\/person\/image\/\",\"url\":\"https:\/\/secure.gravatar.com\/avatar\/507340682b8270222e1f208e23198b6ae7e2c6a1033ae84e99bc6bce4f82a387?s=96&d=mm&r=g\",\"contentUrl\":\"https:\/\/secure.gravatar.com\/avatar\/507340682b8270222e1f208e23198b6ae7e2c6a1033ae84e99bc6bce4f82a387?s=96&d=mm&r=g\",\"caption\":\"Encontra Aracaju\"},\"sameAs\":[\"http:\/\/www.encontraaracaju.com.br\"]}]}<\/script>\n<!-- \/ Yoast SEO plugin. -->","yoast_head_json":{"title":"Prefeitura amplia acesso \u00e0 sa\u00fade para catadores de recicl\u00e1veis durante Projeto Conex\u00e3o Cidad\u00e3 - Encontra Aracaju","robots":{"index":"index","follow":"follow","max-snippet":"max-snippet:-1","max-image-preview":"max-image-preview:large","max-video-preview":"max-video-preview:-1"},"canonical":"https:\/\/www.encontraaracaju.com.br\/sobre\/prefeitura-amplia-acesso-a-saude-para-catadores-de-reciclaveis-durante-projeto-conexao-cidada\/","og_locale":"pt_BR","og_type":"article","og_title":"Prefeitura amplia acesso \u00e0 sa\u00fade para catadores de recicl\u00e1veis durante Projeto Conex\u00e3o Cidad\u00e3 - Encontra Aracaju","og_description":"Prefeitura amplia acesso \u00e0 sa\u00fade para catadores de recicl\u00e1veis com projeto inovador.","og_url":"https:\/\/www.encontraaracaju.com.br\/sobre\/prefeitura-amplia-acesso-a-saude-para-catadores-de-reciclaveis-durante-projeto-conexao-cidada\/","og_site_name":"Encontra Aracaju","article_published_time":"2026-08-03T07:38:12+00:00","og_image":[{"url":"https:\/\/www.encontraaracaju.com.br\/sobre\/wp-content\/uploads\/2026\/08\/prefeitura-amplia-acesso-a-saude-para-catadores-de-reciclaveis-durante-projeto-conexao-cidada.webp","type":"","width":"","height":""}],"author":"Encontra Aracaju","twitter_card":"summary_large_image","twitter_misc":{"Escrito por":"Encontra Aracaju","Est. tempo de leitura":"4 minutos"},"schema":{"@context":"https:\/\/schema.org","@graph":[{"@type":"WebPage","@id":"https:\/\/www.encontraaracaju.com.br\/sobre\/prefeitura-amplia-acesso-a-saude-para-catadores-de-reciclaveis-durante-projeto-conexao-cidada\/","url":"https:\/\/www.encontraaracaju.com.br\/sobre\/prefeitura-amplia-acesso-a-saude-para-catadores-de-reciclaveis-durante-projeto-conexao-cidada\/","name":"Prefeitura amplia acesso \u00e0 sa\u00fade para catadores de recicl\u00e1veis durante Projeto Conex\u00e3o Cidad\u00e3 - Encontra Aracaju","isPartOf":{"@id":"https:\/\/www.encontraaracaju.com.br\/sobre\/#website"},"primaryImageOfPage":{"@id":"https:\/\/www.encontraaracaju.com.br\/sobre\/prefeitura-amplia-acesso-a-saude-para-catadores-de-reciclaveis-durante-projeto-conexao-cidada\/#primaryimage"},"image":{"@id":"https:\/\/www.encontraaracaju.com.br\/sobre\/prefeitura-amplia-acesso-a-saude-para-catadores-de-reciclaveis-durante-projeto-conexao-cidada\/#primaryimage"},"thumbnailUrl":"https:\/\/www.encontraaracaju.com.br\/sobre\/wp-content\/uploads\/2026\/08\/prefeitura-amplia-acesso-a-saude-para-catadores-de-reciclaveis-durante-projeto-conexao-cidada.webp","datePublished":"2026-08-03T07:38:12+00:00","author":{"@id":"https:\/\/www.encontraaracaju.com.br\/sobre\/#\/schema\/person\/4ffad47e9e50db5f93e67859b297b0be"},"breadcrumb":{"@id":"https:\/\/www.encontraaracaju.com.br\/sobre\/prefeitura-amplia-acesso-a-saude-para-catadores-de-reciclaveis-durante-projeto-conexao-cidada\/#breadcrumb"},"inLanguage":"pt-BR","potentialAction":[{"@type":"ReadAction","target":["https:\/\/www.encontraaracaju.com.br\/sobre\/prefeitura-amplia-acesso-a-saude-para-catadores-de-reciclaveis-durante-projeto-conexao-cidada\/"]}]},{"@type":"ImageObject","inLanguage":"pt-BR","@id":"https:\/\/www.encontraaracaju.com.br\/sobre\/prefeitura-amplia-acesso-a-saude-para-catadores-de-reciclaveis-durante-projeto-conexao-cidada\/#primaryimage","url":"https:\/\/www.encontraaracaju.com.br\/sobre\/wp-content\/uploads\/2026\/08\/prefeitura-amplia-acesso-a-saude-para-catadores-de-reciclaveis-durante-projeto-conexao-cidada.webp","contentUrl":"https:\/\/www.encontraaracaju.com.br\/sobre\/wp-content\/uploads\/2026\/08\/prefeitura-amplia-acesso-a-saude-para-catadores-de-reciclaveis-durante-projeto-conexao-cidada.webp","width":280,"height":280,"caption":"Prefeitura amplia acesso \u00e0 sa\u00fade para catadores de recicl\u00e1veis"},{"@type":"BreadcrumbList","@id":"https:\/\/www.encontraaracaju.com.br\/sobre\/prefeitura-amplia-acesso-a-saude-para-catadores-de-reciclaveis-durante-projeto-conexao-cidada\/#breadcrumb","itemListElement":[{"@type":"ListItem","position":1,"name":"In\u00edcio","item":"https:\/\/www.encontraaracaju.com.br\/sobre\/"},{"@type":"ListItem","position":2,"name":"Prefeitura amplia acesso \u00e0 sa\u00fade para catadores de recicl\u00e1veis durante Projeto Conex\u00e3o Cidad\u00e3"}]},{"@type":"WebSite","@id":"https:\/\/www.encontraaracaju.com.br\/sobre\/#website","url":"https:\/\/www.encontraaracaju.com.br\/sobre\/","name":"Encontra Aracaju","description":"Not\u00edcias, eventos, informa\u00e7\u00f5es e dicas na cidade Aracaju e regi\u00e3o.","potentialAction":[{"@type":"SearchAction","target":{"@type":"EntryPoint","urlTemplate":"https:\/\/www.encontraaracaju.com.br\/sobre\/?s={search_term_string}"},"query-input":{"@type":"PropertyValueSpecification","valueRequired":true,"valueName":"search_term_string"}}],"inLanguage":"pt-BR"},{"@type":"Person","@id":"https:\/\/www.encontraaracaju.com.br\/sobre\/#\/schema\/person\/4ffad47e9e50db5f93e67859b297b0be","name":"Encontra Aracaju","image":{"@type":"ImageObject","inLanguage":"pt-BR","@id":"https:\/\/www.encontraaracaju.com.br\/sobre\/#\/schema\/person\/image\/","url":"https:\/\/secure.gravatar.com\/avatar\/507340682b8270222e1f208e23198b6ae7e2c6a1033ae84e99bc6bce4f82a387?s=96&d=mm&r=g","contentUrl":"https:\/\/secure.gravatar.com\/avatar\/507340682b8270222e1f208e23198b6ae7e2c6a1033ae84e99bc6bce4f82a387?s=96&d=mm&r=g","caption":"Encontra Aracaju"},"sameAs":["http:\/\/www.encontraaracaju.com.br"]}]}},"_links":{"self":[{"href":"https:\/\/www.encontraaracaju.com.br\/sobre\/wp-json\/wp\/v2\/posts\/2384","targetHints":{"allow":["GET"]}}],"collection":[{"href":"https:\/\/www.encontraaracaju.com.br\/sobre\/wp-json\/wp\/v2\/posts"}],"about":[{"href":"https:\/\/www.encontraaracaju.com.br\/sobre\/wp-json\/wp\/v2\/types\/post"}],"author":[{"embeddable":true,"href":"https:\/\/www.encontraaracaju.com.br\/sobre\/wp-json\/wp\/v2\/users\/1"}],"replies":[{"embeddable":true,"href":"https:\/\/www.encontraaracaju.com.br\/sobre\/wp-json\/wp\/v2\/comments?post=2384"}],"version-history":[{"count":0,"href":"https:\/\/www.encontraaracaju.com.br\/sobre\/wp-json\/wp\/v2\/posts\/2384\/revisions"}],"wp:featuredmedia":[{"embeddable":true,"href":"https:\/\/www.encontraaracaju.com.br\/sobre\/wp-json\/wp\/v2\/media\/2383"}],"wp:attachment":[{"href":"https:\/\/www.encontraaracaju.com.br\/sobre\/wp-json\/wp\/v2\/media?parent=2384"}],"wp:term":[{"taxonomy":"category","embeddable":true,"href":"https:\/\/www.encontraaracaju.com.br\/sobre\/wp-json\/wp\/v2\/categories?post=2384"},{"taxonomy":"post_tag","embeddable":true,"href":"https:\/\/www.encontraaracaju.com.br\/sobre\/wp-json\/wp\/v2\/tags?post=2384"}],"curies":[{"name":"wp","href":"https:\/\/api.w.org\/{rel}","templated":true}]}}