{"id":2380,"date":"2026-08-02T04:59:33","date_gmt":"2026-08-02T07:59:33","guid":{"rendered":"https:\/\/www.encontraaracaju.com.br\/sobre\/prefeita-emilia-inaugura-ecoponto-no-porto-dantas-e-amplia-rede-de-descarte-sustentavel-em-aracaju\/"},"modified":"2026-08-02T04:59:33","modified_gmt":"2026-08-02T07:59:33","slug":"prefeita-emilia-inaugura-ecoponto-no-porto-dantas-e-amplia-rede-de-descarte-sustentavel-em-aracaju","status":"publish","type":"post","link":"https:\/\/www.encontraaracaju.com.br\/sobre\/prefeita-emilia-inaugura-ecoponto-no-porto-dantas-e-amplia-rede-de-descarte-sustentavel-em-aracaju\/","title":{"rendered":"Prefeita Em\u00edlia inaugura ecoponto no Porto Dantas e amplia rede de descarte sustent\u00e1vel em Aracaju"},"content":{"rendered":"<div class=\"0de350683d360aa04277a39db0bae410\" data-index=\"1\" style=\"float: none; margin:0px;\">\n<!-- Anuncio display - global -->\r\n<ins class=\"adsbygoogle\"\r\n     style=\"display:block\"\r\n     data-ad-client=\"ca-pub-8585364105181520\"\r\n     data-ad-slot=\"8789329856\"\r\n     data-ad-format=\"auto\"\r\n     data-full-width-responsive=\"true\"><\/ins>\r\n<script>\r\n     (adsbygoogle = window.adsbygoogle || []).push({});\r\n<\/script>\n<\/div>\n<h2>O que \u00e9 um Ecoponto?<\/h2>\n<p>Um ecoponto \u00e9 uma estrutura destinada a facilitar o descarte adequado de materiais recicl\u00e1veis e res\u00edduos que, de outra forma, poderiam ser descartados de maneira inadequada nas ruas, cadeias, encostas e terrenos baldios. Essas unidades desempenham um papel essencial na limpeza urbana, al\u00e9m de contribu\u00edrem para a prote\u00e7\u00e3o do meio ambiente e a promo\u00e7\u00e3o de uma vida de qualidade para os habitantes.<\/p>\n<h2>Localiza\u00e7\u00e3o do Novo Ecoponto<\/h2>\n<p>No dia 22 de julho de 2026, a prefeita Em\u00edlia Corr\u00eaa inaugurou um novo ecoponto em Porto Dantas, situado na Avenida Euclides Figueiredo. Esta localiza\u00e7\u00e3o, anteriormente afetada por descarte irregular e frequente de lixo, agora se transforma em um espa\u00e7o dedicado \u00e0 conscientiza\u00e7\u00e3o e ao cuidado com o meio ambiente.<\/p>\n<h2>Hor\u00e1rio de Funcionamento<\/h2>\n<p>O novo ecoponto funcionar\u00e1 de segunda a s\u00e1bado, das 7h \u00e0s 17h, proporcionando \u00e0 popula\u00e7\u00e3o acesso a um local onde podem descartar seus res\u00edduos de maneira respons\u00e1vel e sustent\u00e1vel.<\/p>\n<p><img decoding=\"async\" src=\"https:\/\/www.encontraaracaju.com.br\/sobre\/wp-content\/uploads\/2026\/08\/prefeita-emilia-inaugura-ecoponto-no-porto-dantas-e-amplia-rede-de-descarte-sustentavel-em-aracaju.webp\" alt=\"ecoponto\" loading=\"lazy\" \/><\/p>\n<h2>Tipos de Materiais Aceitos<\/h2>\n<p>O ecoponto foi projetado para receber uma variedade de materiais, incluindo:<\/p>\n<ul>\n<li>Restos de m\u00f3veis;<\/li>\n<li>Res\u00edduos de podas;<\/li>\n<li>Entulho e res\u00edduos de constru\u00e7\u00e3o civil em pequenas quantidades;<\/li>\n<li>Papel, papel\u00e3o e pl\u00e1sticos;<\/li>\n<li>Vidros e metais;<\/li>\n<li>Pneus;<\/li>\n<li>\u00d3leo de cozinha usado;<\/li>\n<li>Pilhas, l\u00e2mpadas e pequenos eletroeletr\u00f4nicos;<\/li>\n<li>Res\u00edduos t\u00eaxteis, como roupas e cal\u00e7ados, em um coletor espec\u00edfico.<\/li>\n<\/ul>\n<p>\u00c9 importante ressaltar que n\u00e3o s\u00e3o aceitos res\u00edduos domiciliares comuns, como o lixo org\u00e2nico proveniente de cozinhas ou banheiros.<\/p>\n<h2>Impacto na Comunidade<\/h2>\n<p>A instala\u00e7\u00e3o do novo ecoponto n\u00e3o apenas atua como uma solu\u00e7\u00e3o para o descarte inadequado que antes dominava a \u00e1rea, mas tamb\u00e9m representa um passo significativo na constru\u00e7\u00e3o de uma cidade mais limpa e organizada. A prefeita Em\u00edlia Corr\u00eaa ressaltou que este espa\u00e7o transformado simboliza um esfor\u00e7o conjunto em prol de um ambiente mais saud\u00e1vel e sustenta a import\u00e2ncia da responsabilidade compartilhada em cuidar do nosso territ\u00f3rio.<\/p>\n<h2>Hist\u00f3rico de Descarte Irregular<\/h2>\n<p>Antes da instala\u00e7\u00e3o do ecoponto, a \u00e1rea era conhecida por ser um dos principais focos de descarte irregular de res\u00edduos na regi\u00e3o. Limpezas frequentes eram realizadas, mas n\u00e3o conseguiam resolver completamente o problema. Agora, com este novo equipamento, espera-se que a popula\u00e7\u00e3o tenha uma alternativa vi\u00e1vel e pr\u00e1tica para o destino correto de seus res\u00edduos.<\/p>\n<h2>Pol\u00edtica Municipal de Res\u00edduos<\/h2>\n<p>A expans\u00e3o do ecoponto faz parte da pol\u00edtica municipal de gest\u00e3o de res\u00edduos s\u00f3lidos da Prefeitura de Aracaju, implementada atrav\u00e9s da Empresa Municipal de Servi\u00e7os Urbanos (Emsurb). Esta pol\u00edtica visa a promo\u00e7\u00e3o de pr\u00e1ticas sustent\u00e1veis e o incentivo ao descarte correto, contribuindo significativamente para a limpeza da cidade e a prote\u00e7\u00e3o do meio ambiente.<\/p>\n<h2>Depoimento da Prefeita Em\u00edlia<\/h2>\n<p>Durante a cerim\u00f4nia de inaugura\u00e7\u00e3o, a prefeita Em\u00edlia Corr\u00eaa afirmou: &#8220;Estamos transformando um espa\u00e7o que antes era s\u00edmbolo de descarte irregular em um local de conscientiza\u00e7\u00e3o, cidadania e cuidado com o meio ambiente. O ecoponto oferece \u00e0 popula\u00e7\u00e3o uma alternativa gratuita e correta para a destina\u00e7\u00e3o de res\u00edduos que frequentemente terminam nas ruas e em \u00e1reas do nosso ecossistema. Cuidar da cidade \u00e9 uma responsabilidade compartilhada, e com mais ecopontos, damos condi\u00e7\u00f5es para que cada cidad\u00e3o fa\u00e7a a sua parte.&#8221;<\/p>\n<h2>A\u00e7\u00f5es de Conscientiza\u00e7\u00e3o Ambiental<\/h2>\n<p>Os ecopontos n\u00e3o s\u00f3 facilitam o descarte correto, mas tamb\u00e9m impulsionam a conscientiza\u00e7\u00e3o ambiental nas comunidades. Programas educativos e campanhas de sensibiliza\u00e7\u00e3o ser\u00e3o desenvolvidos para informar a popula\u00e7\u00e3o sobre a import\u00e2ncia da reciclagem e a redu\u00e7\u00e3o do desperd\u00edcio, fomentando uma cultura de preserva\u00e7\u00e3o ambiental.<\/p>\n<h2>Rede de Ecopontos em Aracaju<\/h2>\n<p>Com a adi\u00e7\u00e3o do ecoponto em Porto Dantas, Aracaju agora conta com um total de dez ecopontos localizados em diferentes partes da cidade. Estes locais s\u00e3o:<\/p>\n<ul>\n<li><strong>17 de Mar\u00e7o:<\/strong> Rua Vereador Manoel Nunes Resende, s\/n;<\/li>\n<li><strong>Coroa do Meio:<\/strong> Rua Jornalista Jo\u00e3o Batista de Santanna, 2618;<\/li>\n<li><strong>In\u00e1cio Barbosa:<\/strong> Rua J\u00fapiter, s\/n;<\/li>\n<li><strong>Ponto Novo:<\/strong> Rua Massaranduba, s\/n;<\/li>\n<li><strong>Jabotiana:<\/strong> Rua Projetada, s\/n;<\/li>\n<li><strong>18 do Forte:<\/strong> Rua Jansen Melo, s\/n;<\/li>\n<li><strong>Industrial:<\/strong> Avenida Confian\u00e7a, 131;<\/li>\n<li><strong>Jardim Centen\u00e1rio:<\/strong> Rua Radialista Jos\u00e9 da Silva Lima, 331;<\/li>\n<li><strong>Santos Dumont:<\/strong> Rua Jane Bonfim, s\/n;<\/li>\n<li><strong>Porto Dantas:<\/strong> Avenida Euclides Figueiredo.<\/li>\n<\/ul>\n<p>Essa vasta rede de ecopontos \u00e9 essencial para garantir que a popula\u00e7\u00e3o tenha acesso a locais apropriados para o descarte dos seus res\u00edduos, eliminando assim os pontos de descarte irregular e promovendo um ambiente mais saud\u00e1vel para todos.<\/p>\n\n<div style=\"font-size: 0px; height: 0px; line-height: 0px; margin: 0; padding: 0; clear: both;\"><\/div>","protected":false},"excerpt":{"rendered":"<p>Ecoponto no Porto Dantas promove descarte sustent\u00e1vel em Aracaju.<\/p>\n","protected":false},"author":1,"featured_media":2379,"comment_status":"closed","ping_status":"closed","sticky":false,"template":"","format":"standard","meta":{"footnotes":""},"categories":[37],"tags":[],"class_list":["post-2380","post","type-post","status-publish","format-standard","has-post-thumbnail","hentry","category-autorizadas-aracaju","has_thumb"],"yoast_head":"<!-- This site is optimized with the Yoast SEO plugin v26.4 - https:\/\/yoast.com\/wordpress\/plugins\/seo\/ -->\n<title>Prefeita Em\u00edlia inaugura ecoponto no Porto Dantas e amplia rede de descarte sustent\u00e1vel em Aracaju - Encontra Aracaju<\/title>\n<meta name=\"robots\" content=\"index, follow, max-snippet:-1, max-image-preview:large, max-video-preview:-1\" \/>\n<link rel=\"canonical\" href=\"https:\/\/www.encontraaracaju.com.br\/sobre\/prefeita-emilia-inaugura-ecoponto-no-porto-dantas-e-amplia-rede-de-descarte-sustentavel-em-aracaju\/\" \/>\n<meta property=\"og:locale\" content=\"pt_BR\" \/>\n<meta property=\"og:type\" content=\"article\" \/>\n<meta property=\"og:title\" content=\"Prefeita Em\u00edlia inaugura ecoponto no Porto Dantas e amplia rede de descarte sustent\u00e1vel em Aracaju - Encontra Aracaju\" \/>\n<meta property=\"og:description\" content=\"Ecoponto no Porto Dantas promove descarte sustent\u00e1vel em Aracaju.\" \/>\n<meta property=\"og:url\" content=\"https:\/\/www.encontraaracaju.com.br\/sobre\/prefeita-emilia-inaugura-ecoponto-no-porto-dantas-e-amplia-rede-de-descarte-sustentavel-em-aracaju\/\" \/>\n<meta property=\"og:site_name\" content=\"Encontra Aracaju\" \/>\n<meta property=\"article:published_time\" content=\"2026-08-02T07:59:33+00:00\" \/>\n<meta property=\"og:image\" content=\"https:\/\/www.encontraaracaju.com.br\/sobre\/wp-content\/uploads\/2026\/08\/prefeita-emilia-inaugura-ecoponto-no-porto-dantas-e-amplia-rede-de-descarte-sustentavel-em-aracaju.webp\" \/>\n<meta name=\"author\" content=\"Encontra Aracaju\" \/>\n<meta name=\"twitter:card\" content=\"summary_large_image\" \/>\n<meta name=\"twitter:label1\" content=\"Escrito por\" \/>\n\t<meta name=\"twitter:data1\" content=\"Encontra Aracaju\" \/>\n\t<meta name=\"twitter:label2\" content=\"Est. tempo de leitura\" \/>\n\t<meta name=\"twitter:data2\" content=\"4 minutos\" \/>\n<script type=\"application\/ld+json\" class=\"yoast-schema-graph\">{\"@context\":\"https:\/\/schema.org\",\"@graph\":[{\"@type\":\"WebPage\",\"@id\":\"https:\/\/www.encontraaracaju.com.br\/sobre\/prefeita-emilia-inaugura-ecoponto-no-porto-dantas-e-amplia-rede-de-descarte-sustentavel-em-aracaju\/\",\"url\":\"https:\/\/www.encontraaracaju.com.br\/sobre\/prefeita-emilia-inaugura-ecoponto-no-porto-dantas-e-amplia-rede-de-descarte-sustentavel-em-aracaju\/\",\"name\":\"Prefeita Em\u00edlia inaugura ecoponto no Porto Dantas e amplia rede de descarte sustent\u00e1vel em Aracaju - Encontra Aracaju\",\"isPartOf\":{\"@id\":\"https:\/\/www.encontraaracaju.com.br\/sobre\/#website\"},\"primaryImageOfPage\":{\"@id\":\"https:\/\/www.encontraaracaju.com.br\/sobre\/prefeita-emilia-inaugura-ecoponto-no-porto-dantas-e-amplia-rede-de-descarte-sustentavel-em-aracaju\/#primaryimage\"},\"image\":{\"@id\":\"https:\/\/www.encontraaracaju.com.br\/sobre\/prefeita-emilia-inaugura-ecoponto-no-porto-dantas-e-amplia-rede-de-descarte-sustentavel-em-aracaju\/#primaryimage\"},\"thumbnailUrl\":\"https:\/\/www.encontraaracaju.com.br\/sobre\/wp-content\/uploads\/2026\/08\/prefeita-emilia-inaugura-ecoponto-no-porto-dantas-e-amplia-rede-de-descarte-sustentavel-em-aracaju.webp\",\"datePublished\":\"2026-08-02T07:59:33+00:00\",\"author\":{\"@id\":\"https:\/\/www.encontraaracaju.com.br\/sobre\/#\/schema\/person\/4ffad47e9e50db5f93e67859b297b0be\"},\"breadcrumb\":{\"@id\":\"https:\/\/www.encontraaracaju.com.br\/sobre\/prefeita-emilia-inaugura-ecoponto-no-porto-dantas-e-amplia-rede-de-descarte-sustentavel-em-aracaju\/#breadcrumb\"},\"inLanguage\":\"pt-BR\",\"potentialAction\":[{\"@type\":\"ReadAction\",\"target\":[\"https:\/\/www.encontraaracaju.com.br\/sobre\/prefeita-emilia-inaugura-ecoponto-no-porto-dantas-e-amplia-rede-de-descarte-sustentavel-em-aracaju\/\"]}]},{\"@type\":\"ImageObject\",\"inLanguage\":\"pt-BR\",\"@id\":\"https:\/\/www.encontraaracaju.com.br\/sobre\/prefeita-emilia-inaugura-ecoponto-no-porto-dantas-e-amplia-rede-de-descarte-sustentavel-em-aracaju\/#primaryimage\",\"url\":\"https:\/\/www.encontraaracaju.com.br\/sobre\/wp-content\/uploads\/2026\/08\/prefeita-emilia-inaugura-ecoponto-no-porto-dantas-e-amplia-rede-de-descarte-sustentavel-em-aracaju.webp\",\"contentUrl\":\"https:\/\/www.encontraaracaju.com.br\/sobre\/wp-content\/uploads\/2026\/08\/prefeita-emilia-inaugura-ecoponto-no-porto-dantas-e-amplia-rede-de-descarte-sustentavel-em-aracaju.webp\",\"width\":280,\"height\":280,\"caption\":\"ecoponto\"},{\"@type\":\"BreadcrumbList\",\"@id\":\"https:\/\/www.encontraaracaju.com.br\/sobre\/prefeita-emilia-inaugura-ecoponto-no-porto-dantas-e-amplia-rede-de-descarte-sustentavel-em-aracaju\/#breadcrumb\",\"itemListElement\":[{\"@type\":\"ListItem\",\"position\":1,\"name\":\"In\u00edcio\",\"item\":\"https:\/\/www.encontraaracaju.com.br\/sobre\/\"},{\"@type\":\"ListItem\",\"position\":2,\"name\":\"Prefeita Em\u00edlia inaugura ecoponto no Porto Dantas e amplia rede de descarte sustent\u00e1vel em Aracaju\"}]},{\"@type\":\"WebSite\",\"@id\":\"https:\/\/www.encontraaracaju.com.br\/sobre\/#website\",\"url\":\"https:\/\/www.encontraaracaju.com.br\/sobre\/\",\"name\":\"Encontra Aracaju\",\"description\":\"Not\u00edcias, eventos, informa\u00e7\u00f5es e dicas na cidade Aracaju e regi\u00e3o.\",\"potentialAction\":[{\"@type\":\"SearchAction\",\"target\":{\"@type\":\"EntryPoint\",\"urlTemplate\":\"https:\/\/www.encontraaracaju.com.br\/sobre\/?s={search_term_string}\"},\"query-input\":{\"@type\":\"PropertyValueSpecification\",\"valueRequired\":true,\"valueName\":\"search_term_string\"}}],\"inLanguage\":\"pt-BR\"},{\"@type\":\"Person\",\"@id\":\"https:\/\/www.encontraaracaju.com.br\/sobre\/#\/schema\/person\/4ffad47e9e50db5f93e67859b297b0be\",\"name\":\"Encontra Aracaju\",\"image\":{\"@type\":\"ImageObject\",\"inLanguage\":\"pt-BR\",\"@id\":\"https:\/\/www.encontraaracaju.com.br\/sobre\/#\/schema\/person\/image\/\",\"url\":\"https:\/\/secure.gravatar.com\/avatar\/507340682b8270222e1f208e23198b6ae7e2c6a1033ae84e99bc6bce4f82a387?s=96&d=mm&r=g\",\"contentUrl\":\"https:\/\/secure.gravatar.com\/avatar\/507340682b8270222e1f208e23198b6ae7e2c6a1033ae84e99bc6bce4f82a387?s=96&d=mm&r=g\",\"caption\":\"Encontra Aracaju\"},\"sameAs\":[\"http:\/\/www.encontraaracaju.com.br\"]}]}<\/script>\n<!-- \/ Yoast SEO plugin. -->","yoast_head_json":{"title":"Prefeita Em\u00edlia inaugura ecoponto no Porto Dantas e amplia rede de descarte sustent\u00e1vel em Aracaju - Encontra Aracaju","robots":{"index":"index","follow":"follow","max-snippet":"max-snippet:-1","max-image-preview":"max-image-preview:large","max-video-preview":"max-video-preview:-1"},"canonical":"https:\/\/www.encontraaracaju.com.br\/sobre\/prefeita-emilia-inaugura-ecoponto-no-porto-dantas-e-amplia-rede-de-descarte-sustentavel-em-aracaju\/","og_locale":"pt_BR","og_type":"article","og_title":"Prefeita Em\u00edlia inaugura ecoponto no Porto Dantas e amplia rede de descarte sustent\u00e1vel em Aracaju - Encontra Aracaju","og_description":"Ecoponto no Porto Dantas promove descarte sustent\u00e1vel em Aracaju.","og_url":"https:\/\/www.encontraaracaju.com.br\/sobre\/prefeita-emilia-inaugura-ecoponto-no-porto-dantas-e-amplia-rede-de-descarte-sustentavel-em-aracaju\/","og_site_name":"Encontra Aracaju","article_published_time":"2026-08-02T07:59:33+00:00","og_image":[{"url":"https:\/\/www.encontraaracaju.com.br\/sobre\/wp-content\/uploads\/2026\/08\/prefeita-emilia-inaugura-ecoponto-no-porto-dantas-e-amplia-rede-de-descarte-sustentavel-em-aracaju.webp","type":"","width":"","height":""}],"author":"Encontra Aracaju","twitter_card":"summary_large_image","twitter_misc":{"Escrito por":"Encontra Aracaju","Est. tempo de leitura":"4 minutos"},"schema":{"@context":"https:\/\/schema.org","@graph":[{"@type":"WebPage","@id":"https:\/\/www.encontraaracaju.com.br\/sobre\/prefeita-emilia-inaugura-ecoponto-no-porto-dantas-e-amplia-rede-de-descarte-sustentavel-em-aracaju\/","url":"https:\/\/www.encontraaracaju.com.br\/sobre\/prefeita-emilia-inaugura-ecoponto-no-porto-dantas-e-amplia-rede-de-descarte-sustentavel-em-aracaju\/","name":"Prefeita Em\u00edlia inaugura ecoponto no Porto Dantas e amplia rede de descarte sustent\u00e1vel em Aracaju - Encontra Aracaju","isPartOf":{"@id":"https:\/\/www.encontraaracaju.com.br\/sobre\/#website"},"primaryImageOfPage":{"@id":"https:\/\/www.encontraaracaju.com.br\/sobre\/prefeita-emilia-inaugura-ecoponto-no-porto-dantas-e-amplia-rede-de-descarte-sustentavel-em-aracaju\/#primaryimage"},"image":{"@id":"https:\/\/www.encontraaracaju.com.br\/sobre\/prefeita-emilia-inaugura-ecoponto-no-porto-dantas-e-amplia-rede-de-descarte-sustentavel-em-aracaju\/#primaryimage"},"thumbnailUrl":"https:\/\/www.encontraaracaju.com.br\/sobre\/wp-content\/uploads\/2026\/08\/prefeita-emilia-inaugura-ecoponto-no-porto-dantas-e-amplia-rede-de-descarte-sustentavel-em-aracaju.webp","datePublished":"2026-08-02T07:59:33+00:00","author":{"@id":"https:\/\/www.encontraaracaju.com.br\/sobre\/#\/schema\/person\/4ffad47e9e50db5f93e67859b297b0be"},"breadcrumb":{"@id":"https:\/\/www.encontraaracaju.com.br\/sobre\/prefeita-emilia-inaugura-ecoponto-no-porto-dantas-e-amplia-rede-de-descarte-sustentavel-em-aracaju\/#breadcrumb"},"inLanguage":"pt-BR","potentialAction":[{"@type":"ReadAction","target":["https:\/\/www.encontraaracaju.com.br\/sobre\/prefeita-emilia-inaugura-ecoponto-no-porto-dantas-e-amplia-rede-de-descarte-sustentavel-em-aracaju\/"]}]},{"@type":"ImageObject","inLanguage":"pt-BR","@id":"https:\/\/www.encontraaracaju.com.br\/sobre\/prefeita-emilia-inaugura-ecoponto-no-porto-dantas-e-amplia-rede-de-descarte-sustentavel-em-aracaju\/#primaryimage","url":"https:\/\/www.encontraaracaju.com.br\/sobre\/wp-content\/uploads\/2026\/08\/prefeita-emilia-inaugura-ecoponto-no-porto-dantas-e-amplia-rede-de-descarte-sustentavel-em-aracaju.webp","contentUrl":"https:\/\/www.encontraaracaju.com.br\/sobre\/wp-content\/uploads\/2026\/08\/prefeita-emilia-inaugura-ecoponto-no-porto-dantas-e-amplia-rede-de-descarte-sustentavel-em-aracaju.webp","width":280,"height":280,"caption":"ecoponto"},{"@type":"BreadcrumbList","@id":"https:\/\/www.encontraaracaju.com.br\/sobre\/prefeita-emilia-inaugura-ecoponto-no-porto-dantas-e-amplia-rede-de-descarte-sustentavel-em-aracaju\/#breadcrumb","itemListElement":[{"@type":"ListItem","position":1,"name":"In\u00edcio","item":"https:\/\/www.encontraaracaju.com.br\/sobre\/"},{"@type":"ListItem","position":2,"name":"Prefeita Em\u00edlia inaugura ecoponto no Porto Dantas e amplia rede de descarte sustent\u00e1vel em Aracaju"}]},{"@type":"WebSite","@id":"https:\/\/www.encontraaracaju.com.br\/sobre\/#website","url":"https:\/\/www.encontraaracaju.com.br\/sobre\/","name":"Encontra Aracaju","description":"Not\u00edcias, eventos, informa\u00e7\u00f5es e dicas na cidade Aracaju e regi\u00e3o.","potentialAction":[{"@type":"SearchAction","target":{"@type":"EntryPoint","urlTemplate":"https:\/\/www.encontraaracaju.com.br\/sobre\/?s={search_term_string}"},"query-input":{"@type":"PropertyValueSpecification","valueRequired":true,"valueName":"search_term_string"}}],"inLanguage":"pt-BR"},{"@type":"Person","@id":"https:\/\/www.encontraaracaju.com.br\/sobre\/#\/schema\/person\/4ffad47e9e50db5f93e67859b297b0be","name":"Encontra Aracaju","image":{"@type":"ImageObject","inLanguage":"pt-BR","@id":"https:\/\/www.encontraaracaju.com.br\/sobre\/#\/schema\/person\/image\/","url":"https:\/\/secure.gravatar.com\/avatar\/507340682b8270222e1f208e23198b6ae7e2c6a1033ae84e99bc6bce4f82a387?s=96&d=mm&r=g","contentUrl":"https:\/\/secure.gravatar.com\/avatar\/507340682b8270222e1f208e23198b6ae7e2c6a1033ae84e99bc6bce4f82a387?s=96&d=mm&r=g","caption":"Encontra Aracaju"},"sameAs":["http:\/\/www.encontraaracaju.com.br"]}]}},"_links":{"self":[{"href":"https:\/\/www.encontraaracaju.com.br\/sobre\/wp-json\/wp\/v2\/posts\/2380","targetHints":{"allow":["GET"]}}],"collection":[{"href":"https:\/\/www.encontraaracaju.com.br\/sobre\/wp-json\/wp\/v2\/posts"}],"about":[{"href":"https:\/\/www.encontraaracaju.com.br\/sobre\/wp-json\/wp\/v2\/types\/post"}],"author":[{"embeddable":true,"href":"https:\/\/www.encontraaracaju.com.br\/sobre\/wp-json\/wp\/v2\/users\/1"}],"replies":[{"embeddable":true,"href":"https:\/\/www.encontraaracaju.com.br\/sobre\/wp-json\/wp\/v2\/comments?post=2380"}],"version-history":[{"count":0,"href":"https:\/\/www.encontraaracaju.com.br\/sobre\/wp-json\/wp\/v2\/posts\/2380\/revisions"}],"wp:featuredmedia":[{"embeddable":true,"href":"https:\/\/www.encontraaracaju.com.br\/sobre\/wp-json\/wp\/v2\/media\/2379"}],"wp:attachment":[{"href":"https:\/\/www.encontraaracaju.com.br\/sobre\/wp-json\/wp\/v2\/media?parent=2380"}],"wp:term":[{"taxonomy":"category","embeddable":true,"href":"https:\/\/www.encontraaracaju.com.br\/sobre\/wp-json\/wp\/v2\/categories?post=2380"},{"taxonomy":"post_tag","embeddable":true,"href":"https:\/\/www.encontraaracaju.com.br\/sobre\/wp-json\/wp\/v2\/tags?post=2380"}],"curies":[{"name":"wp","href":"https:\/\/api.w.org\/{rel}","templated":true}]}}