{"id":2378,"date":"2026-08-02T04:43:10","date_gmt":"2026-08-02T07:43:10","guid":{"rendered":"https:\/\/www.encontraaracaju.com.br\/sobre\/educacao-de-aracaju-avanca-nas-politicas-publicas-educacionais-voltadas-ao-ensino-fundamental\/"},"modified":"2026-08-02T04:43:10","modified_gmt":"2026-08-02T07:43:10","slug":"educacao-de-aracaju-avanca-nas-politicas-publicas-educacionais-voltadas-ao-ensino-fundamental","status":"publish","type":"post","link":"https:\/\/www.encontraaracaju.com.br\/sobre\/educacao-de-aracaju-avanca-nas-politicas-publicas-educacionais-voltadas-ao-ensino-fundamental\/","title":{"rendered":"Educa\u00e7\u00e3o de Aracaju avan\u00e7a nas pol\u00edticas p\u00fablicas educacionais voltadas ao Ensino Fundamental"},"content":{"rendered":"<div class=\"0de350683d360aa04277a39db0bae410\" data-index=\"1\" style=\"float: none; margin:0px;\">\n<!-- Anuncio display - global -->\r\n<ins class=\"adsbygoogle\"\r\n     style=\"display:block\"\r\n     data-ad-client=\"ca-pub-8585364105181520\"\r\n     data-ad-slot=\"8789329856\"\r\n     data-ad-format=\"auto\"\r\n     data-full-width-responsive=\"true\"><\/ins>\r\n<script>\r\n     (adsbygoogle = window.adsbygoogle || []).push({});\r\n<\/script>\n<\/div>\n<h2>Pol\u00edticas P\u00fablicas da Educa\u00e7\u00e3o Municipal<\/h2>\n<p>A Secretaria Municipal da Educa\u00e7\u00e3o (Semed) de Aracaju desempenha um papel fundamental na implementa\u00e7\u00e3o de pol\u00edticas p\u00fablicas que visam melhorar a aprendizagem dos alunos e a qualidade do ensino nas escolas da rede municipal. A coordena\u00e7\u00e3o do Ensino Fundamental, especificamente, desenvolve e aporta esfor\u00e7os que buscam maximizar o aprendizado dos estudantes entre o 1\u00ba e o 9\u00ba ano.<\/p>\n<p>Atualmente, aproximadamente 21.000 alunos est\u00e3o integrados nas diversas etapas do Ensino Fundamental, abrangendo tanto os anos iniciais (1\u00ba a 5\u00ba ano) quanto os anos finais (6\u00ba a 9\u00ba ano). Envolvendo uma equipe de coordenadores e t\u00e9cnicos qualificados, a Coordenadoria de Ensino Fundamental (Coef) implementa estrat\u00e9gias cont\u00ednuas com o objetivo de aprimorar a atua\u00e7\u00e3o nas escolas e assegurar que sejam realizados avan\u00e7os significativos em indicadores educacionais.<\/p>\n<h2>O Papel da Secretaria Municipal da Educa\u00e7\u00e3o<\/h2>\n<p>A Semed \u00e9 respons\u00e1vel por criar um ambiente educacional progressivo, onde alunos podem desenvolver suas capacidades sociais e cognitivas. Com um foco na alfabetiza\u00e7\u00e3o, a Secretaria tem trabalhado de forma a garantir que as escolas consigam atender todas as suas demandas. Um dos marcos desta atua\u00e7\u00e3o foi a obten\u00e7\u00e3o do Selo Ouro do Compromisso Nacional Crian\u00e7a Alfabetizada, demonstrando o comprometimento da gest\u00e3o municipal com a qualidade do ensino infantil e a alfabetiza\u00e7\u00e3o precoce dos alunos.<\/p>\n<p><img decoding=\"async\" src=\"https:\/\/www.encontraaracaju.com.br\/sobre\/wp-content\/uploads\/2026\/08\/educacao-de-aracaju-avanca-nas-politicas-publicas-educacionais-voltadas-ao-ensino-fundamental.webp\" alt=\"Educa\u00e7\u00e3o de Aracaju\" loading=\"lazy\" \/><\/p>\n<p>Esse selamento, conferido pelo Minist\u00e9rio da Educa\u00e7\u00e3o (MEC), \u00e9 dirigido \u00e0s institui\u00e7\u00f5es que atingem padr\u00f5es criteriosos na alfabetiza\u00e7\u00e3o de crian\u00e7as at\u00e9 os finais do 2\u00ba ano do Ensino Fundamental. Essa iniciativa foi gravemente refor\u00e7ada pela ado\u00e7\u00e3o da Pol\u00edtica Municipal de Alfabetiza\u00e7\u00e3o, que estabelece diretrizes claras para melhorar a qualidade do ensino.<\/p>\n<h2>Estrat\u00e9gias para Melhoria da Aprendizagem<\/h2>\n<p>Para mensurar o avan\u00e7o da aprendizagem, v\u00e1rias a\u00e7\u00f5es s\u00e3o realizadas, como a implementa\u00e7\u00e3o de programas de forma\u00e7\u00e3o cont\u00ednua para professores, acompanhamento sistem\u00e1tico do andamento educacional e avalia\u00e7\u00f5es peri\u00f3dicas, que asseguram que as pr\u00e1ticas pedag\u00f3gicas estejam sintonizadas com as necessidades dos estudantes. Esses esfor\u00e7os s\u00e3o fundamentais para garantir um ensino eficaz que alcance todos os alunos, especialmente aqueles que possuem dificuldades em leitura e escrita.<\/p>\n<p>De 2025 a 2026, diversas a\u00e7\u00f5es t\u00eam sido postas em pr\u00e1tica com o intuito de n\u00e3o apenas elevar a qualidade do ensino, mas tamb\u00e9m fortalecer os resultados desejados. Isso incluiu m\u00e9todos de avalia\u00e7\u00e3o educacional como o Sistema de Avalia\u00e7\u00e3o da Educa\u00e7\u00e3o B\u00e1sica de Sergipe (Saese) e o Sistema de Avalia\u00e7\u00e3o da Educa\u00e7\u00e3o B\u00e1sica (Saeb), utilizados para aferir o desempenho acad\u00eamico.<\/p>\n<h2>Resultados da Avalia\u00e7\u00e3o da Alfabetiza\u00e7\u00e3o<\/h2>\n<p>Os resultados dos indicadores educacionais demonstram ganho significativo no desempenho acad\u00eamico dos alunos. O \u00cdndice de Crian\u00e7a Alfabetizada (ICA), publicado recentemente e gerado a partir dos resultados do Saese, revelou um crescimento de 56,4% em 2025, o que representa um avan\u00e7o de 9,2 pontos percentuais quando comparado ao ano anterior.<\/p>\n<p>A coordena\u00e7\u00e3o e implementa\u00e7\u00e3o destas pol\u00edticas foram reconhecidas pela assessora da Coef, Jamilly Menezes, que enfatiza a import\u00e2ncia de medidas espec\u00edficas e direcionadas \u00e0 alfabetiza\u00e7\u00e3o como um precursor das conquistas obtidas. As a\u00e7\u00f5es que incluem a entrega de material did\u00e1tico complementar e a promo\u00e7\u00e3o de forma\u00e7\u00f5es direcionadas para educadores e gestores t\u00eam sido fundamentais para promover um aprendizado s\u00f3lido durante os anos formativos.<\/p>\n<h2>Import\u00e2ncia da Forma\u00e7\u00e3o Continuada dos Professores<\/h2>\n<p>A forma\u00e7\u00e3o cont\u00ednua dos educadores \u00e9 uma prioridade dentro da estrat\u00e9gia da Coef, buscando edificar uma equipe pedag\u00f3gica capacitada e atualizada frente \u00e0s constantes mudan\u00e7as no cen\u00e1rio educacional. Por meio de programas de forma\u00e7\u00e3o, os docentes t\u00eam a oportunidade de dialogar, trocar experi\u00eancias e desenvolver novas metodologias que atendam \u00e0s diversificadas necessidades dos alunos.<\/p>\n<p>Giselle Machado, coordenadora da Coef, destaca que o aprimoramento profissional \u00e9 essencial para o desenvolvimento da pr\u00e1tica pedag\u00f3gica. Sendo assim, os docentes t\u00eam a responsabilidade de buscar sempre sua atualiza\u00e7\u00e3o, refletindo sobre sua atua\u00e7\u00e3o e adequando suas pr\u00e1ticas ao que h\u00e1 de mais moderno e eficaz no ensino.<\/p>\n<h2>An\u00e1lise das A\u00e7\u00f5es de Acompanhamento Escolar<\/h2>\n<p>As visitas realizadas pela equipe da Coef \u00e0s escolas s\u00e3o um componente vital no acompanhamento pedag\u00f3gico. A equipe t\u00e9cnica colabora com as coordena\u00e7\u00f5es pedag\u00f3gicas para monitorar e avaliar pr\u00e1ticas de ensino e sugerir interven\u00e7\u00f5es que possam auxiliar os alunos em seu desenvolvimento. Essa metodologia garante que a atua\u00e7\u00e3o pedag\u00f3gica seja ajustada conforme as necessidades observadas em cada unidade escolar.<\/p>\n<p>Esse trabalho integrado \u00e9 ali\u00e7ado a uma equipe que se preocupa em garantir equidade educacional, favorecendo o crescimento integral dos alunos. Ao observar regras e intera\u00e7\u00f5es di\u00e1rias em sala de aula, os profissionais asseguram que interven\u00e7\u00f5es mais assertivas sejam direcionadas para as realidades particulares das escolas.<\/p>\n<h2>O Projeto Descomplica nas F\u00e9rias<\/h2>\n<p>Os projetos que buscam o desenvolvimento educacional, como o &#8220;Descomplica nas F\u00e9rias&#8221;, t\u00eam se mostrado eficazes para reconectar alunos \u00e0s aprendizagens essenciais durante os recessos de aula. Implementado pela Coef, o projeto teve uma presen\u00e7a significativa em 2026, atendendo cerca de mil estudantes em 46 escolas municipais, promovendo uma nova chance de desenvolver habilidades de leitura e flu\u00eancia nos alunos que precisam de suporte adicional.<\/p>\n<h2>Implanta\u00e7\u00e3o dos Cantinhos da Leitura<\/h2>\n<p>A iniciativa de criar &#8220;Cantinhos da Leitura&#8221; nas escolas enfatiza a import\u00e2ncia do incentivo \u00e0 leitura desde os primeiros anos. Esses ambientes pedag\u00f3gicos s\u00e3o elaborados para fomentar o interesse dos alunos pelos livros, incentivando uma cultura liter\u00e1ria e o h\u00e1bito de ler.<\/p>\n<p>Os Cantinhos da Leitura n\u00e3o apenas oferecem espa\u00e7o para leitura, mas tamb\u00e9m proporcionam experi\u00eancias ricas que facilitam um aprendizado coeso e pr\u00e1tico. Giselle Machado afirma que tais espa\u00e7os ajudam a desenvolver uma gama de compet\u00eancias que s\u00e3o essenciais para o progresso acad\u00eamico dos alunos, pois melhoram a compreens\u00e3o, interpreta\u00e7\u00e3o e flu\u00eancia do que \u00e9 lido.<\/p>\n<h2>Avalia\u00e7\u00f5es Educacionais e Seus Impactos<\/h2>\n<p>A aplica\u00e7\u00e3o de avalia\u00e7\u00f5es educacionais, que englobam tanto m\u00e9todos internos quanto externos, \u00e9 um aspecto vital para o progresso das habilidades dos alunos do Ensino Fundamental. Esses instrumentos de avalia\u00e7\u00e3o ajudam a identificar tanto os pontos positivos quanto os desafios que precisam ser enfrentados nas pr\u00e1ticas pedag\u00f3gicas. As avalia\u00e7\u00f5es n\u00e3o s\u00e3o apenas um meio de mensura\u00e7\u00e3o, mas tamb\u00e9m um guia para adequa\u00e7\u00e3o e melhoria das estrat\u00e9gias de ensino.<\/p>\n<p>Entre os principais instrumentos avaliativos utilizados pela Semed, destacam-se: Leitura do Sima-Aju; Avalia\u00e7\u00f5es da Plataforma SAEV; Avalia\u00e7\u00e3o de Flu\u00eancia Leitora para as turmas do 2\u00ba ano; e avalia\u00e7\u00f5es da Rede para os estudantes do 2\u00ba, 5\u00ba e 9\u00ba anos, realizadas em parceria com o CAEd\/UFJF. Essas avalia\u00e7\u00f5es s\u00e3o essenciais para sustentar decis\u00f5es informadas em torno do planejamento pedag\u00f3gico.<\/p>\n<h2>Aracaju como Refer\u00eancia em Alfabetiza\u00e7\u00e3o<\/h2>\n<p>Aracaju se tornou uma refer\u00eancia no contexto nacional na \u00e1rea de alfabetiza\u00e7\u00e3o. A cidade sediou, em mar\u00e7o deste ano, a Forma\u00e7\u00e3o Nacional de Formadores, um evento que reuniu educadores de diversas partes do Brasil. O encontro teve o objetivo de compartilhar experi\u00eancias e pr\u00e1ticas pedag\u00f3gicas que podem beneficiar a educa\u00e7\u00e3o nos anos iniciais do Ensino Fundamental.<\/p>\n<p>A escolha de Aracaju como sede deste importante evento est\u00e1 atrelada aos expressivos resultados que a cidade tem alcan\u00e7ado na educa\u00e7\u00e3o, especialmente nas \u00e1reas de alfabetiza\u00e7\u00e3o e aprendizagem, que se tornaram exemplos para outros munic\u00edpios. As pr\u00e1ticas desenvolvidas pela Coef t\u00eam servido como modelo e inspira\u00e7\u00e3o para aqueles que buscam melhorar seus indicadores educacionais.<\/p>\n\n<div style=\"font-size: 0px; height: 0px; line-height: 0px; margin: 0; padding: 0; clear: both;\"><\/div>","protected":false},"excerpt":{"rendered":"<p>Educa\u00e7\u00e3o de Aracaju se destaca com melhorias significativas no Ensino Fundamental.<\/p>\n","protected":false},"author":1,"featured_media":2377,"comment_status":"closed","ping_status":"closed","sticky":false,"template":"","format":"standard","meta":{"footnotes":""},"categories":[23],"tags":[],"class_list":["post-2378","post","type-post","status-publish","format-standard","has-post-thumbnail","hentry","category-educacao-em-aracaju","has_thumb"],"yoast_head":"<!-- This site is optimized with the Yoast SEO plugin v26.4 - https:\/\/yoast.com\/wordpress\/plugins\/seo\/ -->\n<title>Educa\u00e7\u00e3o de Aracaju avan\u00e7a nas pol\u00edticas p\u00fablicas educacionais voltadas ao Ensino Fundamental - Encontra Aracaju<\/title>\n<meta name=\"robots\" content=\"index, follow, max-snippet:-1, max-image-preview:large, max-video-preview:-1\" \/>\n<link rel=\"canonical\" href=\"https:\/\/www.encontraaracaju.com.br\/sobre\/educacao-de-aracaju-avanca-nas-politicas-publicas-educacionais-voltadas-ao-ensino-fundamental\/\" \/>\n<meta property=\"og:locale\" content=\"pt_BR\" \/>\n<meta property=\"og:type\" content=\"article\" \/>\n<meta property=\"og:title\" content=\"Educa\u00e7\u00e3o de Aracaju avan\u00e7a nas pol\u00edticas p\u00fablicas educacionais voltadas ao Ensino Fundamental - Encontra Aracaju\" \/>\n<meta property=\"og:description\" content=\"Educa\u00e7\u00e3o de Aracaju se destaca com melhorias significativas no Ensino Fundamental.\" \/>\n<meta property=\"og:url\" content=\"https:\/\/www.encontraaracaju.com.br\/sobre\/educacao-de-aracaju-avanca-nas-politicas-publicas-educacionais-voltadas-ao-ensino-fundamental\/\" \/>\n<meta property=\"og:site_name\" content=\"Encontra Aracaju\" \/>\n<meta property=\"article:published_time\" content=\"2026-08-02T07:43:10+00:00\" \/>\n<meta property=\"og:image\" content=\"https:\/\/www.encontraaracaju.com.br\/sobre\/wp-content\/uploads\/2026\/08\/educacao-de-aracaju-avanca-nas-politicas-publicas-educacionais-voltadas-ao-ensino-fundamental.webp\" \/>\n<meta name=\"author\" content=\"Encontra Aracaju\" \/>\n<meta name=\"twitter:card\" content=\"summary_large_image\" \/>\n<meta name=\"twitter:label1\" content=\"Escrito por\" \/>\n\t<meta name=\"twitter:data1\" content=\"Encontra Aracaju\" \/>\n\t<meta name=\"twitter:label2\" content=\"Est. tempo de leitura\" \/>\n\t<meta name=\"twitter:data2\" content=\"6 minutos\" \/>\n<script type=\"application\/ld+json\" class=\"yoast-schema-graph\">{\"@context\":\"https:\/\/schema.org\",\"@graph\":[{\"@type\":\"WebPage\",\"@id\":\"https:\/\/www.encontraaracaju.com.br\/sobre\/educacao-de-aracaju-avanca-nas-politicas-publicas-educacionais-voltadas-ao-ensino-fundamental\/\",\"url\":\"https:\/\/www.encontraaracaju.com.br\/sobre\/educacao-de-aracaju-avanca-nas-politicas-publicas-educacionais-voltadas-ao-ensino-fundamental\/\",\"name\":\"Educa\u00e7\u00e3o de Aracaju avan\u00e7a nas pol\u00edticas p\u00fablicas educacionais voltadas ao Ensino Fundamental - Encontra Aracaju\",\"isPartOf\":{\"@id\":\"https:\/\/www.encontraaracaju.com.br\/sobre\/#website\"},\"primaryImageOfPage\":{\"@id\":\"https:\/\/www.encontraaracaju.com.br\/sobre\/educacao-de-aracaju-avanca-nas-politicas-publicas-educacionais-voltadas-ao-ensino-fundamental\/#primaryimage\"},\"image\":{\"@id\":\"https:\/\/www.encontraaracaju.com.br\/sobre\/educacao-de-aracaju-avanca-nas-politicas-publicas-educacionais-voltadas-ao-ensino-fundamental\/#primaryimage\"},\"thumbnailUrl\":\"https:\/\/www.encontraaracaju.com.br\/sobre\/wp-content\/uploads\/2026\/08\/educacao-de-aracaju-avanca-nas-politicas-publicas-educacionais-voltadas-ao-ensino-fundamental.webp\",\"datePublished\":\"2026-08-02T07:43:10+00:00\",\"author\":{\"@id\":\"https:\/\/www.encontraaracaju.com.br\/sobre\/#\/schema\/person\/4ffad47e9e50db5f93e67859b297b0be\"},\"breadcrumb\":{\"@id\":\"https:\/\/www.encontraaracaju.com.br\/sobre\/educacao-de-aracaju-avanca-nas-politicas-publicas-educacionais-voltadas-ao-ensino-fundamental\/#breadcrumb\"},\"inLanguage\":\"pt-BR\",\"potentialAction\":[{\"@type\":\"ReadAction\",\"target\":[\"https:\/\/www.encontraaracaju.com.br\/sobre\/educacao-de-aracaju-avanca-nas-politicas-publicas-educacionais-voltadas-ao-ensino-fundamental\/\"]}]},{\"@type\":\"ImageObject\",\"inLanguage\":\"pt-BR\",\"@id\":\"https:\/\/www.encontraaracaju.com.br\/sobre\/educacao-de-aracaju-avanca-nas-politicas-publicas-educacionais-voltadas-ao-ensino-fundamental\/#primaryimage\",\"url\":\"https:\/\/www.encontraaracaju.com.br\/sobre\/wp-content\/uploads\/2026\/08\/educacao-de-aracaju-avanca-nas-politicas-publicas-educacionais-voltadas-ao-ensino-fundamental.webp\",\"contentUrl\":\"https:\/\/www.encontraaracaju.com.br\/sobre\/wp-content\/uploads\/2026\/08\/educacao-de-aracaju-avanca-nas-politicas-publicas-educacionais-voltadas-ao-ensino-fundamental.webp\",\"width\":280,\"height\":280,\"caption\":\"Educa\u00e7\u00e3o de Aracaju\"},{\"@type\":\"BreadcrumbList\",\"@id\":\"https:\/\/www.encontraaracaju.com.br\/sobre\/educacao-de-aracaju-avanca-nas-politicas-publicas-educacionais-voltadas-ao-ensino-fundamental\/#breadcrumb\",\"itemListElement\":[{\"@type\":\"ListItem\",\"position\":1,\"name\":\"In\u00edcio\",\"item\":\"https:\/\/www.encontraaracaju.com.br\/sobre\/\"},{\"@type\":\"ListItem\",\"position\":2,\"name\":\"Educa\u00e7\u00e3o de Aracaju avan\u00e7a nas pol\u00edticas p\u00fablicas educacionais voltadas ao Ensino Fundamental\"}]},{\"@type\":\"WebSite\",\"@id\":\"https:\/\/www.encontraaracaju.com.br\/sobre\/#website\",\"url\":\"https:\/\/www.encontraaracaju.com.br\/sobre\/\",\"name\":\"Encontra Aracaju\",\"description\":\"Not\u00edcias, eventos, informa\u00e7\u00f5es e dicas na cidade Aracaju e regi\u00e3o.\",\"potentialAction\":[{\"@type\":\"SearchAction\",\"target\":{\"@type\":\"EntryPoint\",\"urlTemplate\":\"https:\/\/www.encontraaracaju.com.br\/sobre\/?s={search_term_string}\"},\"query-input\":{\"@type\":\"PropertyValueSpecification\",\"valueRequired\":true,\"valueName\":\"search_term_string\"}}],\"inLanguage\":\"pt-BR\"},{\"@type\":\"Person\",\"@id\":\"https:\/\/www.encontraaracaju.com.br\/sobre\/#\/schema\/person\/4ffad47e9e50db5f93e67859b297b0be\",\"name\":\"Encontra Aracaju\",\"image\":{\"@type\":\"ImageObject\",\"inLanguage\":\"pt-BR\",\"@id\":\"https:\/\/www.encontraaracaju.com.br\/sobre\/#\/schema\/person\/image\/\",\"url\":\"https:\/\/secure.gravatar.com\/avatar\/507340682b8270222e1f208e23198b6ae7e2c6a1033ae84e99bc6bce4f82a387?s=96&d=mm&r=g\",\"contentUrl\":\"https:\/\/secure.gravatar.com\/avatar\/507340682b8270222e1f208e23198b6ae7e2c6a1033ae84e99bc6bce4f82a387?s=96&d=mm&r=g\",\"caption\":\"Encontra Aracaju\"},\"sameAs\":[\"http:\/\/www.encontraaracaju.com.br\"]}]}<\/script>\n<!-- \/ Yoast SEO plugin. -->","yoast_head_json":{"title":"Educa\u00e7\u00e3o de Aracaju avan\u00e7a nas pol\u00edticas p\u00fablicas educacionais voltadas ao Ensino Fundamental - Encontra Aracaju","robots":{"index":"index","follow":"follow","max-snippet":"max-snippet:-1","max-image-preview":"max-image-preview:large","max-video-preview":"max-video-preview:-1"},"canonical":"https:\/\/www.encontraaracaju.com.br\/sobre\/educacao-de-aracaju-avanca-nas-politicas-publicas-educacionais-voltadas-ao-ensino-fundamental\/","og_locale":"pt_BR","og_type":"article","og_title":"Educa\u00e7\u00e3o de Aracaju avan\u00e7a nas pol\u00edticas p\u00fablicas educacionais voltadas ao Ensino Fundamental - Encontra Aracaju","og_description":"Educa\u00e7\u00e3o de Aracaju se destaca com melhorias significativas no Ensino Fundamental.","og_url":"https:\/\/www.encontraaracaju.com.br\/sobre\/educacao-de-aracaju-avanca-nas-politicas-publicas-educacionais-voltadas-ao-ensino-fundamental\/","og_site_name":"Encontra Aracaju","article_published_time":"2026-08-02T07:43:10+00:00","og_image":[{"url":"https:\/\/www.encontraaracaju.com.br\/sobre\/wp-content\/uploads\/2026\/08\/educacao-de-aracaju-avanca-nas-politicas-publicas-educacionais-voltadas-ao-ensino-fundamental.webp","type":"","width":"","height":""}],"author":"Encontra Aracaju","twitter_card":"summary_large_image","twitter_misc":{"Escrito por":"Encontra Aracaju","Est. tempo de leitura":"6 minutos"},"schema":{"@context":"https:\/\/schema.org","@graph":[{"@type":"WebPage","@id":"https:\/\/www.encontraaracaju.com.br\/sobre\/educacao-de-aracaju-avanca-nas-politicas-publicas-educacionais-voltadas-ao-ensino-fundamental\/","url":"https:\/\/www.encontraaracaju.com.br\/sobre\/educacao-de-aracaju-avanca-nas-politicas-publicas-educacionais-voltadas-ao-ensino-fundamental\/","name":"Educa\u00e7\u00e3o de Aracaju avan\u00e7a nas pol\u00edticas p\u00fablicas educacionais voltadas ao Ensino Fundamental - Encontra Aracaju","isPartOf":{"@id":"https:\/\/www.encontraaracaju.com.br\/sobre\/#website"},"primaryImageOfPage":{"@id":"https:\/\/www.encontraaracaju.com.br\/sobre\/educacao-de-aracaju-avanca-nas-politicas-publicas-educacionais-voltadas-ao-ensino-fundamental\/#primaryimage"},"image":{"@id":"https:\/\/www.encontraaracaju.com.br\/sobre\/educacao-de-aracaju-avanca-nas-politicas-publicas-educacionais-voltadas-ao-ensino-fundamental\/#primaryimage"},"thumbnailUrl":"https:\/\/www.encontraaracaju.com.br\/sobre\/wp-content\/uploads\/2026\/08\/educacao-de-aracaju-avanca-nas-politicas-publicas-educacionais-voltadas-ao-ensino-fundamental.webp","datePublished":"2026-08-02T07:43:10+00:00","author":{"@id":"https:\/\/www.encontraaracaju.com.br\/sobre\/#\/schema\/person\/4ffad47e9e50db5f93e67859b297b0be"},"breadcrumb":{"@id":"https:\/\/www.encontraaracaju.com.br\/sobre\/educacao-de-aracaju-avanca-nas-politicas-publicas-educacionais-voltadas-ao-ensino-fundamental\/#breadcrumb"},"inLanguage":"pt-BR","potentialAction":[{"@type":"ReadAction","target":["https:\/\/www.encontraaracaju.com.br\/sobre\/educacao-de-aracaju-avanca-nas-politicas-publicas-educacionais-voltadas-ao-ensino-fundamental\/"]}]},{"@type":"ImageObject","inLanguage":"pt-BR","@id":"https:\/\/www.encontraaracaju.com.br\/sobre\/educacao-de-aracaju-avanca-nas-politicas-publicas-educacionais-voltadas-ao-ensino-fundamental\/#primaryimage","url":"https:\/\/www.encontraaracaju.com.br\/sobre\/wp-content\/uploads\/2026\/08\/educacao-de-aracaju-avanca-nas-politicas-publicas-educacionais-voltadas-ao-ensino-fundamental.webp","contentUrl":"https:\/\/www.encontraaracaju.com.br\/sobre\/wp-content\/uploads\/2026\/08\/educacao-de-aracaju-avanca-nas-politicas-publicas-educacionais-voltadas-ao-ensino-fundamental.webp","width":280,"height":280,"caption":"Educa\u00e7\u00e3o de Aracaju"},{"@type":"BreadcrumbList","@id":"https:\/\/www.encontraaracaju.com.br\/sobre\/educacao-de-aracaju-avanca-nas-politicas-publicas-educacionais-voltadas-ao-ensino-fundamental\/#breadcrumb","itemListElement":[{"@type":"ListItem","position":1,"name":"In\u00edcio","item":"https:\/\/www.encontraaracaju.com.br\/sobre\/"},{"@type":"ListItem","position":2,"name":"Educa\u00e7\u00e3o de Aracaju avan\u00e7a nas pol\u00edticas p\u00fablicas educacionais voltadas ao Ensino Fundamental"}]},{"@type":"WebSite","@id":"https:\/\/www.encontraaracaju.com.br\/sobre\/#website","url":"https:\/\/www.encontraaracaju.com.br\/sobre\/","name":"Encontra Aracaju","description":"Not\u00edcias, eventos, informa\u00e7\u00f5es e dicas na cidade Aracaju e regi\u00e3o.","potentialAction":[{"@type":"SearchAction","target":{"@type":"EntryPoint","urlTemplate":"https:\/\/www.encontraaracaju.com.br\/sobre\/?s={search_term_string}"},"query-input":{"@type":"PropertyValueSpecification","valueRequired":true,"valueName":"search_term_string"}}],"inLanguage":"pt-BR"},{"@type":"Person","@id":"https:\/\/www.encontraaracaju.com.br\/sobre\/#\/schema\/person\/4ffad47e9e50db5f93e67859b297b0be","name":"Encontra Aracaju","image":{"@type":"ImageObject","inLanguage":"pt-BR","@id":"https:\/\/www.encontraaracaju.com.br\/sobre\/#\/schema\/person\/image\/","url":"https:\/\/secure.gravatar.com\/avatar\/507340682b8270222e1f208e23198b6ae7e2c6a1033ae84e99bc6bce4f82a387?s=96&d=mm&r=g","contentUrl":"https:\/\/secure.gravatar.com\/avatar\/507340682b8270222e1f208e23198b6ae7e2c6a1033ae84e99bc6bce4f82a387?s=96&d=mm&r=g","caption":"Encontra Aracaju"},"sameAs":["http:\/\/www.encontraaracaju.com.br"]}]}},"_links":{"self":[{"href":"https:\/\/www.encontraaracaju.com.br\/sobre\/wp-json\/wp\/v2\/posts\/2378","targetHints":{"allow":["GET"]}}],"collection":[{"href":"https:\/\/www.encontraaracaju.com.br\/sobre\/wp-json\/wp\/v2\/posts"}],"about":[{"href":"https:\/\/www.encontraaracaju.com.br\/sobre\/wp-json\/wp\/v2\/types\/post"}],"author":[{"embeddable":true,"href":"https:\/\/www.encontraaracaju.com.br\/sobre\/wp-json\/wp\/v2\/users\/1"}],"replies":[{"embeddable":true,"href":"https:\/\/www.encontraaracaju.com.br\/sobre\/wp-json\/wp\/v2\/comments?post=2378"}],"version-history":[{"count":0,"href":"https:\/\/www.encontraaracaju.com.br\/sobre\/wp-json\/wp\/v2\/posts\/2378\/revisions"}],"wp:featuredmedia":[{"embeddable":true,"href":"https:\/\/www.encontraaracaju.com.br\/sobre\/wp-json\/wp\/v2\/media\/2377"}],"wp:attachment":[{"href":"https:\/\/www.encontraaracaju.com.br\/sobre\/wp-json\/wp\/v2\/media?parent=2378"}],"wp:term":[{"taxonomy":"category","embeddable":true,"href":"https:\/\/www.encontraaracaju.com.br\/sobre\/wp-json\/wp\/v2\/categories?post=2378"},{"taxonomy":"post_tag","embeddable":true,"href":"https:\/\/www.encontraaracaju.com.br\/sobre\/wp-json\/wp\/v2\/tags?post=2378"}],"curies":[{"name":"wp","href":"https:\/\/api.w.org\/{rel}","templated":true}]}}