{"id":2374,"date":"2026-08-01T05:03:25","date_gmt":"2026-08-01T08:03:25","guid":{"rendered":"https:\/\/www.encontraaracaju.com.br\/sobre\/prefeitura-de-aracaju-abre-inscricoes-para-1a-copa-aracaju-de-futsal-de-surdos\/"},"modified":"2026-08-01T05:03:25","modified_gmt":"2026-08-01T08:03:25","slug":"prefeitura-de-aracaju-abre-inscricoes-para-1a-copa-aracaju-de-futsal-de-surdos","status":"publish","type":"post","link":"https:\/\/www.encontraaracaju.com.br\/sobre\/prefeitura-de-aracaju-abre-inscricoes-para-1a-copa-aracaju-de-futsal-de-surdos\/","title":{"rendered":"Prefeitura de Aracaju abre inscri\u00e7\u00f5es para 1\u00aa Copa Aracaju de Futsal de Surdos"},"content":{"rendered":"<div class=\"0de350683d360aa04277a39db0bae410\" data-index=\"1\" style=\"float: none; margin:0px;\">\n<!-- Anuncio display - global -->\r\n<ins class=\"adsbygoogle\"\r\n     style=\"display:block\"\r\n     data-ad-client=\"ca-pub-8585364105181520\"\r\n     data-ad-slot=\"8789329856\"\r\n     data-ad-format=\"auto\"\r\n     data-full-width-responsive=\"true\"><\/ins>\r\n<script>\r\n     (adsbygoogle = window.adsbygoogle || []).push({});\r\n<\/script>\n<\/div>\n<h2>Objetivo da Copa<\/h2>\n<p>A 1\u00aa Copa Aracaju de Futsal de Surdos tem como objetivo principal promover a inclus\u00e3o e a valoriza\u00e7\u00e3o de atletas surdos no esporte, criando um espa\u00e7o onde possam competir e interagir em um ambiente que respeita suas necessidades espec\u00edficas. Essa iniciativa tamb\u00e9m visa aumentar a conscientiza\u00e7\u00e3o sobre a import\u00e2ncia do acesso ao esporte para todos, independentemente de suas limita\u00e7\u00f5es auditivas.<\/p>\n<h2>Data e Local da Competi\u00e7\u00e3o<\/h2>\n<p>O torneio ter\u00e1 in\u00edcio no dia 30 de julho e ser\u00e1 realizado no Parque Governador Augusto Franco, tamb\u00e9m conhecido como Sementeira. Este local foi escolhido pela sua infraestrutura adequada e pela possibilidade de proporcionar uma experi\u00eancia esportiva segura e acess\u00edvel.<\/p>\n<h2>Como se Inscrever<\/h2>\n<p>As inscri\u00e7\u00f5es para a competi\u00e7\u00e3o s\u00e3o gratuitas e devem ser realizadas unicamente online. Os interessados podem se inscrever atrav\u00e9s do link destinado at\u00e9 o dia 29 de julho, um dia antes do in\u00edcio dos jogos. Este formato visa facilitar o acesso e garantir que todos os interessados tenham a chance de participar.<\/p>\n<p><img decoding=\"async\" src=\"https:\/\/www.encontraaracaju.com.br\/sobre\/wp-content\/uploads\/2026\/08\/prefeitura-de-aracaju-abre-inscricoes-para-1-copa-aracaju-de-futsal-de-surdos.webp\" alt=\"Copa Aracaju de Futsal de Surdos\" loading=\"lazy\" \/><\/p>\n<h2>Regras e Formato dos Jogos<\/h2>\n<p>As partidas ocorrer\u00e3o das 18h \u00e0s 21h e seguir\u00e3o as normas estabelecidas pela Confedera\u00e7\u00e3o Brasileira de Futsal (CBFS). Os jogos ser\u00e3o compostos por dois tempos de 20 minutos cada, com modifica\u00e7\u00f5es para garantir a acessibilidade, como a utiliza\u00e7\u00e3o de sinalizadores pelos \u00e1rbitros no lugar do apito, al\u00e9m da presen\u00e7a de int\u00e9rprete de Libras durante toda a competi\u00e7\u00e3o.<\/p>\n<h2>Inclus\u00e3o e Acessibilidade no Evento<\/h2>\n<p>A inclus\u00e3o \u00e9 um dos pilares principais do evento. A presen\u00e7a de int\u00e9rpretes de Libras e adapta\u00e7\u00f5es como sinalizadores para os \u00e1rbitros demonstram o esfor\u00e7o da organiza\u00e7\u00e3o em proporcionar um ambiente acess\u00edvel. Essas medidas asseguram que todos os atletas, independentemente de suas limita\u00e7\u00f5es, possam participar plenamente das competi\u00e7\u00f5es.<\/p>\n<h2>Expectativa para a Primeira Edi\u00e7\u00e3o<\/h2>\n<p>A expectativa para o torneio \u00e9 alta, com a participa\u00e7\u00e3o de at\u00e9 oito equipes, totalizando 96 atletas. O secret\u00e1rio municipal da Juventude e do Esporte, Aquiles Silveira, expressou suas esperan\u00e7as de que essa primeira edi\u00e7\u00e3o seja um sucesso, destacando o compromisso da Prefeitura em criar oportunidades de competi\u00e7\u00e3o para a comunidade surda.<\/p>\n<h2>Premia\u00e7\u00f5es e Reconhecimentos<\/h2>\n<p>Ao final da competi\u00e7\u00e3o, os vencedores receber\u00e3o medalhas e trof\u00e9us, al\u00e9m de reconhecimentos individuais para categorias como melhor jogador e artilheiro. Essas premia\u00e7\u00f5es s\u00e3o uma forma de incentivar o desempenho esportivo e celebrar as conquistas dos atletas.<\/p>\n<h2>Apoio da Prefeitura de Aracaju<\/h2>\n<p>A Prefeitura de Aracaju, por meio da Secretaria Municipal da Juventude e do Esporte, est\u00e1 ativamente apoiando essa iniciativa, mostrando que o governo local est\u00e1 empenhado em tornar o esporte acess\u00edvel a todos. As melhorias na infraestrutura do Parque Sementeira s\u00e3o uma prova desse compromisso.<\/p>\n<h2>Experi\u00eancias e Treinos Anteriores<\/h2>\n<p>Nos dias que antecedem o evento, a organiza\u00e7\u00e3o j\u00e1 promoveu treinos para equipes que se inscreveram, buscando preparar os atletas para a competi\u00e7\u00e3o. Esses treinos est\u00e3o alinhados com a proposta de criar um ambiente de apoio e desenvolvimento para os competidores.<\/p>\n<h2>Eventos Futebol\u00edsticos e Inclus\u00e3o<\/h2>\n<p>A Copa Aracaju de Futsal de Surdos n\u00e3o \u00e9 apenas um evento esportivo, mas tamb\u00e9m um passo significativo em dire\u00e7\u00e3o \u00e0 cria\u00e7\u00e3o de um espa\u00e7o inclusivo no cen\u00e1rio esportivo local. Competi\u00e7\u00f5es como estas ajudam a reduzir o preconceito e a promover a igualdade no esporte, servindo como exemplo para outras iniciativas em Aracaju e no pa\u00eds.<\/p>\n\n<div style=\"font-size: 0px; height: 0px; line-height: 0px; margin: 0; padding: 0; clear: both;\"><\/div>","protected":false},"excerpt":{"rendered":"<p>Copa Aracaju de Futsal de Surdos tem inscri\u00e7\u00f5es abertas at\u00e9 29 de julho.<\/p>\n","protected":false},"author":1,"featured_media":2373,"comment_status":"closed","ping_status":"closed","sticky":false,"template":"","format":"standard","meta":{"footnotes":""},"categories":[3],"tags":[],"class_list":["post-2374","post","type-post","status-publish","format-standard","has-post-thumbnail","hentry","category-cursos-em-aracaju","has_thumb"],"yoast_head":"<!-- This site is optimized with the Yoast SEO plugin v26.4 - https:\/\/yoast.com\/wordpress\/plugins\/seo\/ -->\n<title>Prefeitura de Aracaju abre inscri\u00e7\u00f5es para 1\u00aa Copa Aracaju de Futsal de Surdos - Encontra Aracaju<\/title>\n<meta name=\"robots\" content=\"index, follow, max-snippet:-1, max-image-preview:large, max-video-preview:-1\" \/>\n<link rel=\"canonical\" href=\"https:\/\/www.encontraaracaju.com.br\/sobre\/prefeitura-de-aracaju-abre-inscricoes-para-1a-copa-aracaju-de-futsal-de-surdos\/\" \/>\n<meta property=\"og:locale\" content=\"pt_BR\" \/>\n<meta property=\"og:type\" content=\"article\" \/>\n<meta property=\"og:title\" content=\"Prefeitura de Aracaju abre inscri\u00e7\u00f5es para 1\u00aa Copa Aracaju de Futsal de Surdos - Encontra Aracaju\" \/>\n<meta property=\"og:description\" content=\"Copa Aracaju de Futsal de Surdos tem inscri\u00e7\u00f5es abertas at\u00e9 29 de julho.\" \/>\n<meta property=\"og:url\" content=\"https:\/\/www.encontraaracaju.com.br\/sobre\/prefeitura-de-aracaju-abre-inscricoes-para-1a-copa-aracaju-de-futsal-de-surdos\/\" \/>\n<meta property=\"og:site_name\" content=\"Encontra Aracaju\" \/>\n<meta property=\"article:published_time\" content=\"2026-08-01T08:03:25+00:00\" \/>\n<meta property=\"og:image\" content=\"https:\/\/www.encontraaracaju.com.br\/sobre\/wp-content\/uploads\/2026\/08\/prefeitura-de-aracaju-abre-inscricoes-para-1-copa-aracaju-de-futsal-de-surdos.webp\" \/>\n<meta name=\"author\" content=\"Encontra Aracaju\" \/>\n<meta name=\"twitter:card\" content=\"summary_large_image\" \/>\n<meta name=\"twitter:label1\" content=\"Escrito por\" \/>\n\t<meta name=\"twitter:data1\" content=\"Encontra Aracaju\" \/>\n\t<meta name=\"twitter:label2\" content=\"Est. tempo de leitura\" \/>\n\t<meta name=\"twitter:data2\" content=\"3 minutos\" \/>\n<script type=\"application\/ld+json\" class=\"yoast-schema-graph\">{\"@context\":\"https:\/\/schema.org\",\"@graph\":[{\"@type\":\"WebPage\",\"@id\":\"https:\/\/www.encontraaracaju.com.br\/sobre\/prefeitura-de-aracaju-abre-inscricoes-para-1a-copa-aracaju-de-futsal-de-surdos\/\",\"url\":\"https:\/\/www.encontraaracaju.com.br\/sobre\/prefeitura-de-aracaju-abre-inscricoes-para-1a-copa-aracaju-de-futsal-de-surdos\/\",\"name\":\"Prefeitura de Aracaju abre inscri\u00e7\u00f5es para 1\u00aa Copa Aracaju de Futsal de Surdos - Encontra Aracaju\",\"isPartOf\":{\"@id\":\"https:\/\/www.encontraaracaju.com.br\/sobre\/#website\"},\"primaryImageOfPage\":{\"@id\":\"https:\/\/www.encontraaracaju.com.br\/sobre\/prefeitura-de-aracaju-abre-inscricoes-para-1a-copa-aracaju-de-futsal-de-surdos\/#primaryimage\"},\"image\":{\"@id\":\"https:\/\/www.encontraaracaju.com.br\/sobre\/prefeitura-de-aracaju-abre-inscricoes-para-1a-copa-aracaju-de-futsal-de-surdos\/#primaryimage\"},\"thumbnailUrl\":\"https:\/\/www.encontraaracaju.com.br\/sobre\/wp-content\/uploads\/2026\/08\/prefeitura-de-aracaju-abre-inscricoes-para-1-copa-aracaju-de-futsal-de-surdos.webp\",\"datePublished\":\"2026-08-01T08:03:25+00:00\",\"author\":{\"@id\":\"https:\/\/www.encontraaracaju.com.br\/sobre\/#\/schema\/person\/4ffad47e9e50db5f93e67859b297b0be\"},\"breadcrumb\":{\"@id\":\"https:\/\/www.encontraaracaju.com.br\/sobre\/prefeitura-de-aracaju-abre-inscricoes-para-1a-copa-aracaju-de-futsal-de-surdos\/#breadcrumb\"},\"inLanguage\":\"pt-BR\",\"potentialAction\":[{\"@type\":\"ReadAction\",\"target\":[\"https:\/\/www.encontraaracaju.com.br\/sobre\/prefeitura-de-aracaju-abre-inscricoes-para-1a-copa-aracaju-de-futsal-de-surdos\/\"]}]},{\"@type\":\"ImageObject\",\"inLanguage\":\"pt-BR\",\"@id\":\"https:\/\/www.encontraaracaju.com.br\/sobre\/prefeitura-de-aracaju-abre-inscricoes-para-1a-copa-aracaju-de-futsal-de-surdos\/#primaryimage\",\"url\":\"https:\/\/www.encontraaracaju.com.br\/sobre\/wp-content\/uploads\/2026\/08\/prefeitura-de-aracaju-abre-inscricoes-para-1-copa-aracaju-de-futsal-de-surdos.webp\",\"contentUrl\":\"https:\/\/www.encontraaracaju.com.br\/sobre\/wp-content\/uploads\/2026\/08\/prefeitura-de-aracaju-abre-inscricoes-para-1-copa-aracaju-de-futsal-de-surdos.webp\",\"width\":280,\"height\":280,\"caption\":\"Copa Aracaju de Futsal de Surdos\"},{\"@type\":\"BreadcrumbList\",\"@id\":\"https:\/\/www.encontraaracaju.com.br\/sobre\/prefeitura-de-aracaju-abre-inscricoes-para-1a-copa-aracaju-de-futsal-de-surdos\/#breadcrumb\",\"itemListElement\":[{\"@type\":\"ListItem\",\"position\":1,\"name\":\"In\u00edcio\",\"item\":\"https:\/\/www.encontraaracaju.com.br\/sobre\/\"},{\"@type\":\"ListItem\",\"position\":2,\"name\":\"Prefeitura de Aracaju abre inscri\u00e7\u00f5es para 1\u00aa Copa Aracaju de Futsal de Surdos\"}]},{\"@type\":\"WebSite\",\"@id\":\"https:\/\/www.encontraaracaju.com.br\/sobre\/#website\",\"url\":\"https:\/\/www.encontraaracaju.com.br\/sobre\/\",\"name\":\"Encontra Aracaju\",\"description\":\"Not\u00edcias, eventos, informa\u00e7\u00f5es e dicas na cidade Aracaju e regi\u00e3o.\",\"potentialAction\":[{\"@type\":\"SearchAction\",\"target\":{\"@type\":\"EntryPoint\",\"urlTemplate\":\"https:\/\/www.encontraaracaju.com.br\/sobre\/?s={search_term_string}\"},\"query-input\":{\"@type\":\"PropertyValueSpecification\",\"valueRequired\":true,\"valueName\":\"search_term_string\"}}],\"inLanguage\":\"pt-BR\"},{\"@type\":\"Person\",\"@id\":\"https:\/\/www.encontraaracaju.com.br\/sobre\/#\/schema\/person\/4ffad47e9e50db5f93e67859b297b0be\",\"name\":\"Encontra Aracaju\",\"image\":{\"@type\":\"ImageObject\",\"inLanguage\":\"pt-BR\",\"@id\":\"https:\/\/www.encontraaracaju.com.br\/sobre\/#\/schema\/person\/image\/\",\"url\":\"https:\/\/secure.gravatar.com\/avatar\/507340682b8270222e1f208e23198b6ae7e2c6a1033ae84e99bc6bce4f82a387?s=96&d=mm&r=g\",\"contentUrl\":\"https:\/\/secure.gravatar.com\/avatar\/507340682b8270222e1f208e23198b6ae7e2c6a1033ae84e99bc6bce4f82a387?s=96&d=mm&r=g\",\"caption\":\"Encontra Aracaju\"},\"sameAs\":[\"http:\/\/www.encontraaracaju.com.br\"]}]}<\/script>\n<!-- \/ Yoast SEO plugin. -->","yoast_head_json":{"title":"Prefeitura de Aracaju abre inscri\u00e7\u00f5es para 1\u00aa Copa Aracaju de Futsal de Surdos - Encontra Aracaju","robots":{"index":"index","follow":"follow","max-snippet":"max-snippet:-1","max-image-preview":"max-image-preview:large","max-video-preview":"max-video-preview:-1"},"canonical":"https:\/\/www.encontraaracaju.com.br\/sobre\/prefeitura-de-aracaju-abre-inscricoes-para-1a-copa-aracaju-de-futsal-de-surdos\/","og_locale":"pt_BR","og_type":"article","og_title":"Prefeitura de Aracaju abre inscri\u00e7\u00f5es para 1\u00aa Copa Aracaju de Futsal de Surdos - Encontra Aracaju","og_description":"Copa Aracaju de Futsal de Surdos tem inscri\u00e7\u00f5es abertas at\u00e9 29 de julho.","og_url":"https:\/\/www.encontraaracaju.com.br\/sobre\/prefeitura-de-aracaju-abre-inscricoes-para-1a-copa-aracaju-de-futsal-de-surdos\/","og_site_name":"Encontra Aracaju","article_published_time":"2026-08-01T08:03:25+00:00","og_image":[{"url":"https:\/\/www.encontraaracaju.com.br\/sobre\/wp-content\/uploads\/2026\/08\/prefeitura-de-aracaju-abre-inscricoes-para-1-copa-aracaju-de-futsal-de-surdos.webp","type":"","width":"","height":""}],"author":"Encontra Aracaju","twitter_card":"summary_large_image","twitter_misc":{"Escrito por":"Encontra Aracaju","Est. tempo de leitura":"3 minutos"},"schema":{"@context":"https:\/\/schema.org","@graph":[{"@type":"WebPage","@id":"https:\/\/www.encontraaracaju.com.br\/sobre\/prefeitura-de-aracaju-abre-inscricoes-para-1a-copa-aracaju-de-futsal-de-surdos\/","url":"https:\/\/www.encontraaracaju.com.br\/sobre\/prefeitura-de-aracaju-abre-inscricoes-para-1a-copa-aracaju-de-futsal-de-surdos\/","name":"Prefeitura de Aracaju abre inscri\u00e7\u00f5es para 1\u00aa Copa Aracaju de Futsal de Surdos - Encontra Aracaju","isPartOf":{"@id":"https:\/\/www.encontraaracaju.com.br\/sobre\/#website"},"primaryImageOfPage":{"@id":"https:\/\/www.encontraaracaju.com.br\/sobre\/prefeitura-de-aracaju-abre-inscricoes-para-1a-copa-aracaju-de-futsal-de-surdos\/#primaryimage"},"image":{"@id":"https:\/\/www.encontraaracaju.com.br\/sobre\/prefeitura-de-aracaju-abre-inscricoes-para-1a-copa-aracaju-de-futsal-de-surdos\/#primaryimage"},"thumbnailUrl":"https:\/\/www.encontraaracaju.com.br\/sobre\/wp-content\/uploads\/2026\/08\/prefeitura-de-aracaju-abre-inscricoes-para-1-copa-aracaju-de-futsal-de-surdos.webp","datePublished":"2026-08-01T08:03:25+00:00","author":{"@id":"https:\/\/www.encontraaracaju.com.br\/sobre\/#\/schema\/person\/4ffad47e9e50db5f93e67859b297b0be"},"breadcrumb":{"@id":"https:\/\/www.encontraaracaju.com.br\/sobre\/prefeitura-de-aracaju-abre-inscricoes-para-1a-copa-aracaju-de-futsal-de-surdos\/#breadcrumb"},"inLanguage":"pt-BR","potentialAction":[{"@type":"ReadAction","target":["https:\/\/www.encontraaracaju.com.br\/sobre\/prefeitura-de-aracaju-abre-inscricoes-para-1a-copa-aracaju-de-futsal-de-surdos\/"]}]},{"@type":"ImageObject","inLanguage":"pt-BR","@id":"https:\/\/www.encontraaracaju.com.br\/sobre\/prefeitura-de-aracaju-abre-inscricoes-para-1a-copa-aracaju-de-futsal-de-surdos\/#primaryimage","url":"https:\/\/www.encontraaracaju.com.br\/sobre\/wp-content\/uploads\/2026\/08\/prefeitura-de-aracaju-abre-inscricoes-para-1-copa-aracaju-de-futsal-de-surdos.webp","contentUrl":"https:\/\/www.encontraaracaju.com.br\/sobre\/wp-content\/uploads\/2026\/08\/prefeitura-de-aracaju-abre-inscricoes-para-1-copa-aracaju-de-futsal-de-surdos.webp","width":280,"height":280,"caption":"Copa Aracaju de Futsal de Surdos"},{"@type":"BreadcrumbList","@id":"https:\/\/www.encontraaracaju.com.br\/sobre\/prefeitura-de-aracaju-abre-inscricoes-para-1a-copa-aracaju-de-futsal-de-surdos\/#breadcrumb","itemListElement":[{"@type":"ListItem","position":1,"name":"In\u00edcio","item":"https:\/\/www.encontraaracaju.com.br\/sobre\/"},{"@type":"ListItem","position":2,"name":"Prefeitura de Aracaju abre inscri\u00e7\u00f5es para 1\u00aa Copa Aracaju de Futsal de Surdos"}]},{"@type":"WebSite","@id":"https:\/\/www.encontraaracaju.com.br\/sobre\/#website","url":"https:\/\/www.encontraaracaju.com.br\/sobre\/","name":"Encontra Aracaju","description":"Not\u00edcias, eventos, informa\u00e7\u00f5es e dicas na cidade Aracaju e regi\u00e3o.","potentialAction":[{"@type":"SearchAction","target":{"@type":"EntryPoint","urlTemplate":"https:\/\/www.encontraaracaju.com.br\/sobre\/?s={search_term_string}"},"query-input":{"@type":"PropertyValueSpecification","valueRequired":true,"valueName":"search_term_string"}}],"inLanguage":"pt-BR"},{"@type":"Person","@id":"https:\/\/www.encontraaracaju.com.br\/sobre\/#\/schema\/person\/4ffad47e9e50db5f93e67859b297b0be","name":"Encontra Aracaju","image":{"@type":"ImageObject","inLanguage":"pt-BR","@id":"https:\/\/www.encontraaracaju.com.br\/sobre\/#\/schema\/person\/image\/","url":"https:\/\/secure.gravatar.com\/avatar\/507340682b8270222e1f208e23198b6ae7e2c6a1033ae84e99bc6bce4f82a387?s=96&d=mm&r=g","contentUrl":"https:\/\/secure.gravatar.com\/avatar\/507340682b8270222e1f208e23198b6ae7e2c6a1033ae84e99bc6bce4f82a387?s=96&d=mm&r=g","caption":"Encontra Aracaju"},"sameAs":["http:\/\/www.encontraaracaju.com.br"]}]}},"_links":{"self":[{"href":"https:\/\/www.encontraaracaju.com.br\/sobre\/wp-json\/wp\/v2\/posts\/2374","targetHints":{"allow":["GET"]}}],"collection":[{"href":"https:\/\/www.encontraaracaju.com.br\/sobre\/wp-json\/wp\/v2\/posts"}],"about":[{"href":"https:\/\/www.encontraaracaju.com.br\/sobre\/wp-json\/wp\/v2\/types\/post"}],"author":[{"embeddable":true,"href":"https:\/\/www.encontraaracaju.com.br\/sobre\/wp-json\/wp\/v2\/users\/1"}],"replies":[{"embeddable":true,"href":"https:\/\/www.encontraaracaju.com.br\/sobre\/wp-json\/wp\/v2\/comments?post=2374"}],"version-history":[{"count":0,"href":"https:\/\/www.encontraaracaju.com.br\/sobre\/wp-json\/wp\/v2\/posts\/2374\/revisions"}],"wp:featuredmedia":[{"embeddable":true,"href":"https:\/\/www.encontraaracaju.com.br\/sobre\/wp-json\/wp\/v2\/media\/2373"}],"wp:attachment":[{"href":"https:\/\/www.encontraaracaju.com.br\/sobre\/wp-json\/wp\/v2\/media?parent=2374"}],"wp:term":[{"taxonomy":"category","embeddable":true,"href":"https:\/\/www.encontraaracaju.com.br\/sobre\/wp-json\/wp\/v2\/categories?post=2374"},{"taxonomy":"post_tag","embeddable":true,"href":"https:\/\/www.encontraaracaju.com.br\/sobre\/wp-json\/wp\/v2\/tags?post=2374"}],"curies":[{"name":"wp","href":"https:\/\/api.w.org\/{rel}","templated":true}]}}