{"id":2364,"date":"2026-07-30T08:51:32","date_gmt":"2026-07-30T11:51:32","guid":{"rendered":"https:\/\/www.encontraaracaju.com.br\/sobre\/camara-de-aracaju-destaca-o-papel-inclusivo-do-interprete-de-libras\/"},"modified":"2026-07-30T08:51:32","modified_gmt":"2026-07-30T11:51:32","slug":"camara-de-aracaju-destaca-o-papel-inclusivo-do-interprete-de-libras","status":"publish","type":"post","link":"https:\/\/www.encontraaracaju.com.br\/sobre\/camara-de-aracaju-destaca-o-papel-inclusivo-do-interprete-de-libras\/","title":{"rendered":"C\u00e2mara de Aracaju destaca o papel inclusivo do int\u00e9rprete de Libras"},"content":{"rendered":"<div class=\"0de350683d360aa04277a39db0bae410\" data-index=\"1\" style=\"float: none; margin:0px;\">\n<!-- Anuncio display - global -->\r\n<ins class=\"adsbygoogle\"\r\n     style=\"display:block\"\r\n     data-ad-client=\"ca-pub-8585364105181520\"\r\n     data-ad-slot=\"8789329856\"\r\n     data-ad-format=\"auto\"\r\n     data-full-width-responsive=\"true\"><\/ins>\r\n<script>\r\n     (adsbygoogle = window.adsbygoogle || []).push({});\r\n<\/script>\n<\/div>\n<h2>A Import\u00e2ncia do Int\u00e9rprete de Libras<\/h2>\n<p>O int\u00e9rprete de Libras desempenha um papel fundamental na valoriza\u00e7\u00e3o da inclus\u00e3o social das pessoas surdas. Ao atuar como facilitador da comunica\u00e7\u00e3o entre surdos e ouvintes, esse profissional assegura o acesso a informa\u00e7\u00f5es cruciais em diversos contextos, desde reuni\u00f5es e eventos p\u00fablicos at\u00e9 atendimentos em hospitais e institui\u00e7\u00f5es educativas. A presen\u00e7a do int\u00e9rprete \u00e9 essencial para permitir que a comunidade surda exer\u00e7a sua cidadania de forma plena, garantindo que seu direito \u00e0 comunica\u00e7\u00e3o seja respeitado e efetivamente praticado.<\/p>\n<h2>Desafios Enfrentados pela Comunidade Surda<\/h2>\n<p>Apesar dos avan\u00e7os na inclus\u00e3o, a comunidade surda ainda enfrenta muitos desafios. O acesso a informa\u00e7\u00f5es e servi\u00e7os continua limitado devido \u00e0 falta de profissionais qualificados, a dificuldades de comunica\u00e7\u00e3o e a resist\u00eancia cultural. Muitas vezes, os surdos s\u00e3o exclu\u00eddos de conversas e decis\u00f5es importantes, o que pode levar a uma marginaliza\u00e7\u00e3o social significativa. Criar um espa\u00e7o onde a Libras seja valorizada e onde os int\u00e9rpretes sejam disponibilizados regularmente nos diversos \u00e2mbitos sociais \u00e9 essencial para transformar essa realidade.<\/p>\n<h2>O Que Diz a Legisla\u00e7\u00e3o Sobre Libras?<\/h2>\n<p>A Libras possui amparo legal por meio da Lei Federal n\u00ba 10.436\/2002, que reconhece a L\u00edngua Brasileira de Sinais como meio de comunica\u00e7\u00e3o e express\u00e3o. Adicionalmente, a Lei n\u00ba 3.295\/2005 da cidade de Aracaju estabelece a obrigatoriedade de int\u00e9rpretes em servi\u00e7os p\u00fablicos e assegura que institui\u00e7\u00f5es de ensino implementem programas bil\u00edngues. Essa legisla\u00e7\u00e3o \u00e9 crucial para garantir que pessoas surdas tenham acesso a direitos fundamentais e possam participar ativamente da sociedade.<\/p>\n<p><img decoding=\"async\" src=\"https:\/\/www.encontraaracaju.com.br\/sobre\/wp-content\/uploads\/2026\/07\/camara-de-aracaju-destaca-o-papel-inclusivo-do-interprete-de-libras.webp\" alt=\"int\u00e9rprete de Libras\" loading=\"lazy\" \/><\/p>\n<h2>A Presen\u00e7a do Int\u00e9rprete em Eventos P\u00fablicos<\/h2>\n<p>Eventos p\u00fablicos, como audi\u00eancias e reuni\u00f5es do legislativo, t\u00eam se tornado mais inclusivos com a presen\u00e7a de int\u00e9rpretes de Libras. Essa pr\u00e1tica n\u00e3o apenas torna o evento acess\u00edvel a todos, mas tamb\u00e9m demonstra um compromisso com a igualdade e a diversidade. A inclus\u00e3o de int\u00e9rpretes em eventos culturais, como festivais e exposi\u00e7\u00f5es, \u00e9 igualmente importante para garantir que a cultura e a arte sejam apreciadas por todos, independentemente de sua habilidade auditiva.<\/p>\n<h2>Int\u00e9rpretes de Libras na Educa\u00e7\u00e3o<\/h2>\n<p>No ambiente educacional, a atua\u00e7\u00e3o de int\u00e9rpretes de Libras \u00e9 imprescind\u00edvel para garantir que alunos surdos tenham acesso ao conte\u00fado curricular. A educa\u00e7\u00e3o bil\u00edngue, que combina o ensino de Libras e portugu\u00eas, tem se mostrado eficaz na promo\u00e7\u00e3o do aprendizado e na forma\u00e7\u00e3o da identidade do estudante surdo. \u00c9 vital que as escolas contem com int\u00e9rpretes capacitados e que ofere\u00e7am forma\u00e7\u00e3o cont\u00ednua para os profissionais envolvidos nesse processo educativo.<\/p>\n<h2>A Atua\u00e7\u00e3o nas \u00c1reas da Sa\u00fade e Justi\u00e7a<\/h2>\n<p>Nas esferas da sa\u00fade e justi\u00e7a, a fun\u00e7\u00e3o do int\u00e9rprete \u00e9 ainda mais cr\u00edtica. Em hospitais, a aus\u00eancia de int\u00e9rpretes pode resultar em mal-entendidos que comprometam o tratamento adequado do paciente surdo. Da mesma forma, no sistema judici\u00e1rio, a presen\u00e7a do int\u00e9rprete \u00e9 fundamental para garantir que os direitos legais dos surdos sejam respeitados, especialmente em audi\u00eancias e depoimentos. A comunica\u00e7\u00e3o clara e eficiente \u00e9 essencial para que os procedimentos sejam justos e transparentes.<\/p>\n<h2>A Inclus\u00e3o no Mercado de Trabalho<\/h2>\n<p>O mercado de trabalho tamb\u00e9m precisa avan\u00e7ar em quest\u00f5es de acessibilidade para pessoas surdas. Promover a inclus\u00e3o de int\u00e9rpretes nas entrevistas e reuni\u00f5es de trabalho pode facilitar a integra\u00e7\u00e3o desses profissionais em equipes de diversas \u00e1reas. Al\u00e9m disso, pol\u00edticas de contrata\u00e7\u00e3o que priorizem a\u00e7\u00f5es inclusivas podem ajudar a reduzir o preconceito e a discrimina\u00e7\u00e3o no ambiente laboral, promovendo uma cultura de diversidade.<\/p>\n<h2>Como Garantir a Qualidade da Interpreta\u00e7\u00e3o<\/h2>\n<p>Garantir a qualidade do trabalho dos int\u00e9rpretes de Libras \u00e9 essencial para assegurar uma comunica\u00e7\u00e3o eficaz. \u00c9 importante que esses profissionais sejam certificados e que atendam a crit\u00e9rios de desempenho estabelecidos por \u00f3rg\u00e3os reguladores. Programas de treinamento e forma\u00e7\u00e3o continuada s\u00e3o fundamentais para que os int\u00e9rpretes estejam sempre atualizados sobre as melhores pr\u00e1ticas e as necessidades da comunidade surda.<\/p>\n<h2>Depoimentos de Profissionais da \u00c1rea<\/h2>\n<p>Profissionais da \u00e1rea t\u00eam relatado experi\u00eancias que destacam tanto as conquistas quanto os obst\u00e1culos enfrentados no dia a dia. Eles enfatizam a import\u00e2ncia de um trabalho colaborativo e a necessidade de sensibiliza\u00e7\u00e3o da sociedade sobre a relev\u00e2ncia da Libras e do papel do int\u00e9rprete. Essas vozes s\u00e3o fundamentais para promover uma maior compreens\u00e3o e valoriza\u00e7\u00e3o da diversidade lingu\u00edstica.<\/p>\n<h2>O Futuro da Interpreta\u00e7\u00e3o em Libras<\/h2>\n<p>O futuro da interpreta\u00e7\u00e3o em Libras \u00e9 promissor, \u00e0 medida que a sociedade avan\u00e7a em termos de inclus\u00e3o e diversidade. Com o crescimento das tecnologias assistivas, h\u00e1 uma esperan\u00e7a de que novos m\u00e9todos de transmiss\u00e3o e acesso \u00e0 informa\u00e7\u00e3o se tornem dispon\u00edveis. Al\u00e9m disso, \u00e9 necess\u00e1rio continuar investindo em pol\u00edticas p\u00fablicas que garantam a difus\u00e3o da Libras em todos os setores, como educa\u00e7\u00e3o, sa\u00fade e justi\u00e7a. Esse caminho levar\u00e1 a uma sociedade mais plural e respeitosa com todas as formas de express\u00e3o.<\/p>\n\n<div style=\"font-size: 0px; height: 0px; line-height: 0px; margin: 0; padding: 0; clear: both;\"><\/div>","protected":false},"excerpt":{"rendered":"<p>Entenda a import\u00e2ncia do int\u00e9rprete de Libras na inclus\u00e3o social.<\/p>\n","protected":false},"author":1,"featured_media":2363,"comment_status":"closed","ping_status":"closed","sticky":false,"template":"","format":"standard","meta":{"footnotes":""},"categories":[23],"tags":[],"class_list":["post-2364","post","type-post","status-publish","format-standard","has-post-thumbnail","hentry","category-educacao-em-aracaju","has_thumb"],"yoast_head":"<!-- This site is optimized with the Yoast SEO plugin v26.4 - https:\/\/yoast.com\/wordpress\/plugins\/seo\/ -->\n<title>C\u00e2mara de Aracaju destaca o papel inclusivo do int\u00e9rprete de Libras - Encontra Aracaju<\/title>\n<meta name=\"robots\" content=\"index, follow, max-snippet:-1, max-image-preview:large, max-video-preview:-1\" \/>\n<link rel=\"canonical\" href=\"https:\/\/www.encontraaracaju.com.br\/sobre\/camara-de-aracaju-destaca-o-papel-inclusivo-do-interprete-de-libras\/\" \/>\n<meta property=\"og:locale\" content=\"pt_BR\" \/>\n<meta property=\"og:type\" content=\"article\" \/>\n<meta property=\"og:title\" content=\"C\u00e2mara de Aracaju destaca o papel inclusivo do int\u00e9rprete de Libras - Encontra Aracaju\" \/>\n<meta property=\"og:description\" content=\"Entenda a import\u00e2ncia do int\u00e9rprete de Libras na inclus\u00e3o social.\" \/>\n<meta property=\"og:url\" content=\"https:\/\/www.encontraaracaju.com.br\/sobre\/camara-de-aracaju-destaca-o-papel-inclusivo-do-interprete-de-libras\/\" \/>\n<meta property=\"og:site_name\" content=\"Encontra Aracaju\" \/>\n<meta property=\"article:published_time\" content=\"2026-07-30T11:51:32+00:00\" \/>\n<meta property=\"og:image\" content=\"https:\/\/www.encontraaracaju.com.br\/sobre\/wp-content\/uploads\/2026\/07\/camara-de-aracaju-destaca-o-papel-inclusivo-do-interprete-de-libras.webp\" \/>\n<meta name=\"author\" content=\"Encontra Aracaju\" \/>\n<meta name=\"twitter:card\" content=\"summary_large_image\" \/>\n<meta name=\"twitter:label1\" content=\"Escrito por\" \/>\n\t<meta name=\"twitter:data1\" content=\"Encontra Aracaju\" \/>\n\t<meta name=\"twitter:label2\" content=\"Est. tempo de leitura\" \/>\n\t<meta name=\"twitter:data2\" content=\"4 minutos\" \/>\n<script type=\"application\/ld+json\" class=\"yoast-schema-graph\">{\"@context\":\"https:\/\/schema.org\",\"@graph\":[{\"@type\":\"WebPage\",\"@id\":\"https:\/\/www.encontraaracaju.com.br\/sobre\/camara-de-aracaju-destaca-o-papel-inclusivo-do-interprete-de-libras\/\",\"url\":\"https:\/\/www.encontraaracaju.com.br\/sobre\/camara-de-aracaju-destaca-o-papel-inclusivo-do-interprete-de-libras\/\",\"name\":\"C\u00e2mara de Aracaju destaca o papel inclusivo do int\u00e9rprete de Libras - Encontra Aracaju\",\"isPartOf\":{\"@id\":\"https:\/\/www.encontraaracaju.com.br\/sobre\/#website\"},\"primaryImageOfPage\":{\"@id\":\"https:\/\/www.encontraaracaju.com.br\/sobre\/camara-de-aracaju-destaca-o-papel-inclusivo-do-interprete-de-libras\/#primaryimage\"},\"image\":{\"@id\":\"https:\/\/www.encontraaracaju.com.br\/sobre\/camara-de-aracaju-destaca-o-papel-inclusivo-do-interprete-de-libras\/#primaryimage\"},\"thumbnailUrl\":\"https:\/\/www.encontraaracaju.com.br\/sobre\/wp-content\/uploads\/2026\/07\/camara-de-aracaju-destaca-o-papel-inclusivo-do-interprete-de-libras.webp\",\"datePublished\":\"2026-07-30T11:51:32+00:00\",\"author\":{\"@id\":\"https:\/\/www.encontraaracaju.com.br\/sobre\/#\/schema\/person\/4ffad47e9e50db5f93e67859b297b0be\"},\"breadcrumb\":{\"@id\":\"https:\/\/www.encontraaracaju.com.br\/sobre\/camara-de-aracaju-destaca-o-papel-inclusivo-do-interprete-de-libras\/#breadcrumb\"},\"inLanguage\":\"pt-BR\",\"potentialAction\":[{\"@type\":\"ReadAction\",\"target\":[\"https:\/\/www.encontraaracaju.com.br\/sobre\/camara-de-aracaju-destaca-o-papel-inclusivo-do-interprete-de-libras\/\"]}]},{\"@type\":\"ImageObject\",\"inLanguage\":\"pt-BR\",\"@id\":\"https:\/\/www.encontraaracaju.com.br\/sobre\/camara-de-aracaju-destaca-o-papel-inclusivo-do-interprete-de-libras\/#primaryimage\",\"url\":\"https:\/\/www.encontraaracaju.com.br\/sobre\/wp-content\/uploads\/2026\/07\/camara-de-aracaju-destaca-o-papel-inclusivo-do-interprete-de-libras.webp\",\"contentUrl\":\"https:\/\/www.encontraaracaju.com.br\/sobre\/wp-content\/uploads\/2026\/07\/camara-de-aracaju-destaca-o-papel-inclusivo-do-interprete-de-libras.webp\",\"width\":280,\"height\":280,\"caption\":\"int\u00e9rprete de Libras\"},{\"@type\":\"BreadcrumbList\",\"@id\":\"https:\/\/www.encontraaracaju.com.br\/sobre\/camara-de-aracaju-destaca-o-papel-inclusivo-do-interprete-de-libras\/#breadcrumb\",\"itemListElement\":[{\"@type\":\"ListItem\",\"position\":1,\"name\":\"In\u00edcio\",\"item\":\"https:\/\/www.encontraaracaju.com.br\/sobre\/\"},{\"@type\":\"ListItem\",\"position\":2,\"name\":\"C\u00e2mara de Aracaju destaca o papel inclusivo do int\u00e9rprete de Libras\"}]},{\"@type\":\"WebSite\",\"@id\":\"https:\/\/www.encontraaracaju.com.br\/sobre\/#website\",\"url\":\"https:\/\/www.encontraaracaju.com.br\/sobre\/\",\"name\":\"Encontra Aracaju\",\"description\":\"Not\u00edcias, eventos, informa\u00e7\u00f5es e dicas na cidade Aracaju e regi\u00e3o.\",\"potentialAction\":[{\"@type\":\"SearchAction\",\"target\":{\"@type\":\"EntryPoint\",\"urlTemplate\":\"https:\/\/www.encontraaracaju.com.br\/sobre\/?s={search_term_string}\"},\"query-input\":{\"@type\":\"PropertyValueSpecification\",\"valueRequired\":true,\"valueName\":\"search_term_string\"}}],\"inLanguage\":\"pt-BR\"},{\"@type\":\"Person\",\"@id\":\"https:\/\/www.encontraaracaju.com.br\/sobre\/#\/schema\/person\/4ffad47e9e50db5f93e67859b297b0be\",\"name\":\"Encontra Aracaju\",\"image\":{\"@type\":\"ImageObject\",\"inLanguage\":\"pt-BR\",\"@id\":\"https:\/\/www.encontraaracaju.com.br\/sobre\/#\/schema\/person\/image\/\",\"url\":\"https:\/\/secure.gravatar.com\/avatar\/507340682b8270222e1f208e23198b6ae7e2c6a1033ae84e99bc6bce4f82a387?s=96&d=mm&r=g\",\"contentUrl\":\"https:\/\/secure.gravatar.com\/avatar\/507340682b8270222e1f208e23198b6ae7e2c6a1033ae84e99bc6bce4f82a387?s=96&d=mm&r=g\",\"caption\":\"Encontra Aracaju\"},\"sameAs\":[\"http:\/\/www.encontraaracaju.com.br\"]}]}<\/script>\n<!-- \/ Yoast SEO plugin. -->","yoast_head_json":{"title":"C\u00e2mara de Aracaju destaca o papel inclusivo do int\u00e9rprete de Libras - Encontra Aracaju","robots":{"index":"index","follow":"follow","max-snippet":"max-snippet:-1","max-image-preview":"max-image-preview:large","max-video-preview":"max-video-preview:-1"},"canonical":"https:\/\/www.encontraaracaju.com.br\/sobre\/camara-de-aracaju-destaca-o-papel-inclusivo-do-interprete-de-libras\/","og_locale":"pt_BR","og_type":"article","og_title":"C\u00e2mara de Aracaju destaca o papel inclusivo do int\u00e9rprete de Libras - Encontra Aracaju","og_description":"Entenda a import\u00e2ncia do int\u00e9rprete de Libras na inclus\u00e3o social.","og_url":"https:\/\/www.encontraaracaju.com.br\/sobre\/camara-de-aracaju-destaca-o-papel-inclusivo-do-interprete-de-libras\/","og_site_name":"Encontra Aracaju","article_published_time":"2026-07-30T11:51:32+00:00","og_image":[{"url":"https:\/\/www.encontraaracaju.com.br\/sobre\/wp-content\/uploads\/2026\/07\/camara-de-aracaju-destaca-o-papel-inclusivo-do-interprete-de-libras.webp","type":"","width":"","height":""}],"author":"Encontra Aracaju","twitter_card":"summary_large_image","twitter_misc":{"Escrito por":"Encontra Aracaju","Est. tempo de leitura":"4 minutos"},"schema":{"@context":"https:\/\/schema.org","@graph":[{"@type":"WebPage","@id":"https:\/\/www.encontraaracaju.com.br\/sobre\/camara-de-aracaju-destaca-o-papel-inclusivo-do-interprete-de-libras\/","url":"https:\/\/www.encontraaracaju.com.br\/sobre\/camara-de-aracaju-destaca-o-papel-inclusivo-do-interprete-de-libras\/","name":"C\u00e2mara de Aracaju destaca o papel inclusivo do int\u00e9rprete de Libras - Encontra Aracaju","isPartOf":{"@id":"https:\/\/www.encontraaracaju.com.br\/sobre\/#website"},"primaryImageOfPage":{"@id":"https:\/\/www.encontraaracaju.com.br\/sobre\/camara-de-aracaju-destaca-o-papel-inclusivo-do-interprete-de-libras\/#primaryimage"},"image":{"@id":"https:\/\/www.encontraaracaju.com.br\/sobre\/camara-de-aracaju-destaca-o-papel-inclusivo-do-interprete-de-libras\/#primaryimage"},"thumbnailUrl":"https:\/\/www.encontraaracaju.com.br\/sobre\/wp-content\/uploads\/2026\/07\/camara-de-aracaju-destaca-o-papel-inclusivo-do-interprete-de-libras.webp","datePublished":"2026-07-30T11:51:32+00:00","author":{"@id":"https:\/\/www.encontraaracaju.com.br\/sobre\/#\/schema\/person\/4ffad47e9e50db5f93e67859b297b0be"},"breadcrumb":{"@id":"https:\/\/www.encontraaracaju.com.br\/sobre\/camara-de-aracaju-destaca-o-papel-inclusivo-do-interprete-de-libras\/#breadcrumb"},"inLanguage":"pt-BR","potentialAction":[{"@type":"ReadAction","target":["https:\/\/www.encontraaracaju.com.br\/sobre\/camara-de-aracaju-destaca-o-papel-inclusivo-do-interprete-de-libras\/"]}]},{"@type":"ImageObject","inLanguage":"pt-BR","@id":"https:\/\/www.encontraaracaju.com.br\/sobre\/camara-de-aracaju-destaca-o-papel-inclusivo-do-interprete-de-libras\/#primaryimage","url":"https:\/\/www.encontraaracaju.com.br\/sobre\/wp-content\/uploads\/2026\/07\/camara-de-aracaju-destaca-o-papel-inclusivo-do-interprete-de-libras.webp","contentUrl":"https:\/\/www.encontraaracaju.com.br\/sobre\/wp-content\/uploads\/2026\/07\/camara-de-aracaju-destaca-o-papel-inclusivo-do-interprete-de-libras.webp","width":280,"height":280,"caption":"int\u00e9rprete de Libras"},{"@type":"BreadcrumbList","@id":"https:\/\/www.encontraaracaju.com.br\/sobre\/camara-de-aracaju-destaca-o-papel-inclusivo-do-interprete-de-libras\/#breadcrumb","itemListElement":[{"@type":"ListItem","position":1,"name":"In\u00edcio","item":"https:\/\/www.encontraaracaju.com.br\/sobre\/"},{"@type":"ListItem","position":2,"name":"C\u00e2mara de Aracaju destaca o papel inclusivo do int\u00e9rprete de Libras"}]},{"@type":"WebSite","@id":"https:\/\/www.encontraaracaju.com.br\/sobre\/#website","url":"https:\/\/www.encontraaracaju.com.br\/sobre\/","name":"Encontra Aracaju","description":"Not\u00edcias, eventos, informa\u00e7\u00f5es e dicas na cidade Aracaju e regi\u00e3o.","potentialAction":[{"@type":"SearchAction","target":{"@type":"EntryPoint","urlTemplate":"https:\/\/www.encontraaracaju.com.br\/sobre\/?s={search_term_string}"},"query-input":{"@type":"PropertyValueSpecification","valueRequired":true,"valueName":"search_term_string"}}],"inLanguage":"pt-BR"},{"@type":"Person","@id":"https:\/\/www.encontraaracaju.com.br\/sobre\/#\/schema\/person\/4ffad47e9e50db5f93e67859b297b0be","name":"Encontra Aracaju","image":{"@type":"ImageObject","inLanguage":"pt-BR","@id":"https:\/\/www.encontraaracaju.com.br\/sobre\/#\/schema\/person\/image\/","url":"https:\/\/secure.gravatar.com\/avatar\/507340682b8270222e1f208e23198b6ae7e2c6a1033ae84e99bc6bce4f82a387?s=96&d=mm&r=g","contentUrl":"https:\/\/secure.gravatar.com\/avatar\/507340682b8270222e1f208e23198b6ae7e2c6a1033ae84e99bc6bce4f82a387?s=96&d=mm&r=g","caption":"Encontra Aracaju"},"sameAs":["http:\/\/www.encontraaracaju.com.br"]}]}},"_links":{"self":[{"href":"https:\/\/www.encontraaracaju.com.br\/sobre\/wp-json\/wp\/v2\/posts\/2364","targetHints":{"allow":["GET"]}}],"collection":[{"href":"https:\/\/www.encontraaracaju.com.br\/sobre\/wp-json\/wp\/v2\/posts"}],"about":[{"href":"https:\/\/www.encontraaracaju.com.br\/sobre\/wp-json\/wp\/v2\/types\/post"}],"author":[{"embeddable":true,"href":"https:\/\/www.encontraaracaju.com.br\/sobre\/wp-json\/wp\/v2\/users\/1"}],"replies":[{"embeddable":true,"href":"https:\/\/www.encontraaracaju.com.br\/sobre\/wp-json\/wp\/v2\/comments?post=2364"}],"version-history":[{"count":0,"href":"https:\/\/www.encontraaracaju.com.br\/sobre\/wp-json\/wp\/v2\/posts\/2364\/revisions"}],"wp:featuredmedia":[{"embeddable":true,"href":"https:\/\/www.encontraaracaju.com.br\/sobre\/wp-json\/wp\/v2\/media\/2363"}],"wp:attachment":[{"href":"https:\/\/www.encontraaracaju.com.br\/sobre\/wp-json\/wp\/v2\/media?parent=2364"}],"wp:term":[{"taxonomy":"category","embeddable":true,"href":"https:\/\/www.encontraaracaju.com.br\/sobre\/wp-json\/wp\/v2\/categories?post=2364"},{"taxonomy":"post_tag","embeddable":true,"href":"https:\/\/www.encontraaracaju.com.br\/sobre\/wp-json\/wp\/v2\/tags?post=2364"}],"curies":[{"name":"wp","href":"https:\/\/api.w.org\/{rel}","templated":true}]}}