{"id":2362,"date":"2026-07-30T08:44:49","date_gmt":"2026-07-30T11:44:49","guid":{"rendered":"https:\/\/www.encontraaracaju.com.br\/sobre\/obra-no-terminal-do-mercado-altera-embarque-e-desembarque-de-onibus-coletivos-em-aracaju\/"},"modified":"2026-07-30T08:44:49","modified_gmt":"2026-07-30T11:44:49","slug":"obra-no-terminal-do-mercado-altera-embarque-e-desembarque-de-onibus-coletivos-em-aracaju","status":"publish","type":"post","link":"https:\/\/www.encontraaracaju.com.br\/sobre\/obra-no-terminal-do-mercado-altera-embarque-e-desembarque-de-onibus-coletivos-em-aracaju\/","title":{"rendered":"Obra no Terminal do Mercado altera embarque e desembarque de \u00f4nibus coletivos em Aracaju"},"content":{"rendered":"<div class=\"0de350683d360aa04277a39db0bae410\" data-index=\"1\" style=\"float: none; margin:0px;\">\n<!-- Anuncio display - global -->\r\n<ins class=\"adsbygoogle\"\r\n     style=\"display:block\"\r\n     data-ad-client=\"ca-pub-8585364105181520\"\r\n     data-ad-slot=\"8789329856\"\r\n     data-ad-format=\"auto\"\r\n     data-full-width-responsive=\"true\"><\/ins>\r\n<script>\r\n     (adsbygoogle = window.adsbygoogle || []).push({});\r\n<\/script>\n<\/div>\n<h2>O que causou a reforma no Terminal do Mercado<\/h2>\n<p>A necessidade de melhorar a infraestrutura do Terminal do Mercado, localizado no centro de <strong>Aracaju<\/strong>, impulsionou a decis\u00e3o das autoridades locais de realizar uma reforma abrangente. Com o crescimento da demanda por servi\u00e7os de transporte p\u00fablico e a busca por um espa\u00e7o mais eficiente e seguro para os passageiros, a prefeitura determinou que reformas eram indispens\u00e1veis. O terminal, sendo uma das principais portas de entrada e sa\u00edda de passageiros na regi\u00e3o, apresenta problemas de acessibilidade e organiza\u00e7\u00e3o, que a reforma busca corrigir.<\/p>\n<h2>Linhas de \u00d4nibus Afetadas pela Mudan\u00e7a<\/h2>\n<p>As mudan\u00e7as inicialmente impactar\u00e3o v\u00e1rias linhas de \u00f4nibus que operam no terminal. O objetivo \u00e9 otimizar o fluxo de passageiros e melhorar a estrutura geral do espa\u00e7o. <strong>As linhas que ser\u00e3o afetadas incluem:<\/strong><\/p>\n<ul>\n<li><strong>Linha 061:<\/strong> A partir da reforma, passar\u00e1 a operar na plataforma 20.<\/li>\n<li><strong>Linha 021:<\/strong> Tamb\u00e9m ser\u00e1 transferida para a plataforma 20.<\/li>\n<li><strong>Linha 601:<\/strong> Passar\u00e1 a embarcar e desembarcar no mesmo local que as linhas 061 e 021.<\/li>\n<li><strong>Linha 008:<\/strong> Ser\u00e1 alocada na plataforma 2.<\/li>\n<li><strong>Linha 701:<\/strong> Operar\u00e1 na plataforma 8.<\/li>\n<li><strong>Linha 702:<\/strong> Assim como a linha 701, utilizar\u00e1 a plataforma 8.<\/li>\n<\/ul>\n<h2>Cronograma das Obras no Terminal do Mercado<\/h2>\n<p>As reformas no Terminal do Mercado ser\u00e3o realizadas em etapas, de modo a minimizar os impactos para os usu\u00e1rios. A prefeitura far\u00e1 atualiza\u00e7\u00f5es regulares informando sobre o progresso das obras e mudan\u00e7as adicionais. O cronograma inicial contempla:<\/p>\n<p><img decoding=\"async\" src=\"https:\/\/www.encontraaracaju.com.br\/sobre\/wp-content\/uploads\/2026\/07\/obra-no-terminal-do-mercado-altera-embarque-e-desembarque-de-onibus-coletivos-em-aracaju.webp\" alt=\"Terminal do Mercado Aracaju\" loading=\"lazy\" \/><\/p>\n<ul>\n<li><strong>In\u00edcio das obras:<\/strong> Previsto para 20 de julho de 2026.<\/li>\n<li><strong>Dura\u00e7\u00e3o:<\/strong> As obras devem ocorrer em v\u00e1rias fases, com cada fase sendo anunciada conforme o andamento.<\/li>\n<\/ul>\n<h2>Orienta\u00e7\u00f5es para Passageiros Durante a Reforma<\/h2>\n<p>Durante o per\u00edodo de reforma, os passageiros devem ficar atentos \u00e0s mudan\u00e7as e orienta\u00e7\u00f5es fornecidas pela prefeitura. Aqui est\u00e3o algumas dicas importantes:<\/p>\n<ul>\n<li><strong>Consultar regularmente:<\/strong> As informa\u00e7\u00f5es sobre as altera\u00e7\u00f5es ser\u00e3o divulgadas atrav\u00e9s de canais oficiais, como websites e redes sociais da prefeitura.<\/li>\n<li><strong>Evitar hor\u00e1rios de pico:<\/strong> Sempre que poss\u00edvel, utilizar o terminal fora dos hor\u00e1rios de maior movimento para evitar aglomera\u00e7\u00f5es.<\/li>\n<li><strong>Utilizar sinaliza\u00e7\u00f5es:<\/strong> Prestar aten\u00e7\u00e3o \u00e0s sinaliza\u00e7\u00f5es tempor\u00e1rias que ser\u00e3o instaladas no local para orientar os usu\u00e1rios.<\/li>\n<\/ul>\n<h2>Impactos no Tr\u00e2nsito nas Proximidades<\/h2>\n<p>As obras no Terminal do Mercado certamente afetar\u00e3o o tr\u00e2nsito na regi\u00e3o central de Aracaju. Espera-se que haja um aumento no fluxo de ve\u00edculos devido \u00e0 reestrutura\u00e7\u00e3o do terminal e, por isso, \u00e9 essencial estar ciente das poss\u00edveis altera\u00e7\u00f5es no tr\u00e1fego. Algumas considera\u00e7\u00f5es incluem:<\/p>\n<ul>\n<li><strong>Congestionamentos:<\/strong> Pode haver mais congestionamentos nas ruas adjacentes ao terminal.<\/li>\n<li><strong>Redirecionamento de rotas:<\/strong> Algumas rotas de \u00f4nibus e de ve\u00edculos particulares poder\u00e3o ser alteradas.<\/li>\n<li><strong>Alertas de tr\u00e2nsito:<\/strong> A popula\u00e7\u00e3o deve ficar atenta aos alertas de tr\u00e2nsito nas m\u00eddias sociais e nos meios de comunica\u00e7\u00e3o.<\/li>\n<\/ul>\n<h2>Alternativas para Transporte durante as Obras<\/h2>\n<p>Com as mudan\u00e7as no terminal, \u00e9 vital que os passageiros considerem alternativas de transporte para evitar transtornos. Algumas op\u00e7\u00f5es podem incluir:<\/p>\n<ul>\n<li><strong>Caronas:<\/strong> Organizar caronas com amigos ou colegas de trabalho para deslocamentos.<\/li>\n<li><strong>Aplicativos de transporte:<\/strong> Utilizar servi\u00e7os de transporte por aplicativo que operam na cidade.<\/li>\n<li><strong>Caminhadas ou bicicletas:<\/strong> Para aqueles que moram nas proximidades, considerar ir a p\u00e9 ou de bicicleta como alternativa sustent\u00e1vel.<\/li>\n<\/ul>\n<h2>Como a Reforma Melhorar\u00e1 o Terminal<\/h2>\n<p>Os benef\u00edcios esperados com as reformas incluem:<\/p>\n<ul>\n<li><strong>Melhor acessibilidade:<\/strong> O novo projeto ter\u00e1 como foco a inclus\u00e3o de todas as pessoas, incluindo aquelas com defici\u00eancia.<\/li>\n<li><strong>Espa\u00e7o mais organizado:<\/strong> As novas plataformas e \u00e1reas de espera proporcionar\u00e3o uma experi\u00eancia mais agrad\u00e1vel aos passageiros.<\/li>\n<li><strong>Infraestrutura moderna:<\/strong> Equipamentos e instala\u00e7\u00f5es atualizados que atendam \u00e0s necessidades atuais.<\/li>\n<\/ul>\n<h2>Expectativas para o Futuro do Terminal<\/h2>\n<p>Ap\u00f3s a conclus\u00e3o das obras, espera-se que o Terminal do Mercado se torne um modelo de efici\u00eancia e seguran\u00e7a no transporte p\u00fablico. As novas instala\u00e7\u00f5es permitir\u00e3o que mais usu\u00e1rios utilizem o transporte coletivo de forma segura e confort\u00e1vel. Al\u00e9m disso, isso poder\u00e1 incentivar um maior uso do transporte p\u00fablico, contribuindo para a redu\u00e7\u00e3o do tr\u00e1fego e da polui\u00e7\u00e3o na cidade.<\/p>\n<h2>Comunica\u00e7\u00e3o com a Prefeitura sobre as Mudan\u00e7as<\/h2>\n<p>\u00c9 fundamental que os usu\u00e1rios se mantenham informados sobre as novidades relacionadas \u00e0s obras. Para isso, recomenda-se:<\/p>\n<ul>\n<li><strong>Acompanhar as redes sociais:<\/strong> Os canais oficiais da prefeitura frequentemente publicam informa\u00e7\u00f5es atualizadas sobre as obras.<\/li>\n<li><strong>Participar de reuni\u00f5es:<\/strong> Caso sejam realizadas audi\u00eancias p\u00fablicas, \u00e9 uma boa oportunidade para expressar d\u00favidas e sugest\u00f5es.<\/li>\n<li><strong>Feedback:<\/strong> Contribuir com feedback sobre as mudan\u00e7as durante o per\u00edodo de reformas pode ajudar a aprimorar o projetofinal.<\/li>\n<\/ul>\n<h2>Dicas de Seguran\u00e7a Durante a Reforma<\/h2>\n<p>\u00c9 importante tamb\u00e9m que os passageiros fiquem atentos \u00e0 seguran\u00e7a durante as obras. Algumas dicas incluem:<\/p>\n<ul>\n<li><strong>Evitar \u00e1reas restritas:<\/strong> Respeitar o que for sinalizado como \u00e1rea de acesso restrito para garantir a pr\u00f3pria seguran\u00e7a.<\/li>\n<li><strong>Prestar aten\u00e7\u00e3o aos funcion\u00e1rios:<\/strong> Sempre seguir as instru\u00e7\u00f5es dadas por funcion\u00e1rios que estejam presentes nas \u00e1reas em reforma.<\/li>\n<li><strong>Cuidado ao entrar e sair:<\/strong> Acompanha o tr\u00e2nsito e estar ciente ao usar as entradas e sa\u00eddas do terminal.<\/li>\n<\/ul>\n<p>Essas medidas de seguran\u00e7a s\u00e3o essenciais para garantir que todos tenham uma experi\u00eancia positiva durante o per\u00edodo de reforma no Terminal do Mercado.<\/p>\n\n<div style=\"font-size: 0px; height: 0px; line-height: 0px; margin: 0; padding: 0; clear: both;\"><\/div>","protected":false},"excerpt":{"rendered":"<p>Mudan\u00e7as no Terminal do Mercado Aracaju impactam o embarque de \u00f4nibus.<\/p>\n","protected":false},"author":1,"featured_media":2361,"comment_status":"closed","ping_status":"closed","sticky":false,"template":"","format":"standard","meta":{"footnotes":""},"categories":[7],"tags":[],"class_list":["post-2362","post","type-post","status-publish","format-standard","has-post-thumbnail","hentry","category-servicos-em-aracaju","has_thumb"],"yoast_head":"<!-- This site is optimized with the Yoast SEO plugin v26.4 - https:\/\/yoast.com\/wordpress\/plugins\/seo\/ -->\n<title>Obra no Terminal do Mercado altera embarque e desembarque de \u00f4nibus coletivos em Aracaju - Encontra Aracaju<\/title>\n<meta name=\"robots\" content=\"index, follow, max-snippet:-1, max-image-preview:large, max-video-preview:-1\" \/>\n<link rel=\"canonical\" href=\"https:\/\/www.encontraaracaju.com.br\/sobre\/obra-no-terminal-do-mercado-altera-embarque-e-desembarque-de-onibus-coletivos-em-aracaju\/\" \/>\n<meta property=\"og:locale\" content=\"pt_BR\" \/>\n<meta property=\"og:type\" content=\"article\" \/>\n<meta property=\"og:title\" content=\"Obra no Terminal do Mercado altera embarque e desembarque de \u00f4nibus coletivos em Aracaju - Encontra Aracaju\" \/>\n<meta property=\"og:description\" content=\"Mudan\u00e7as no Terminal do Mercado Aracaju impactam o embarque de \u00f4nibus.\" \/>\n<meta property=\"og:url\" content=\"https:\/\/www.encontraaracaju.com.br\/sobre\/obra-no-terminal-do-mercado-altera-embarque-e-desembarque-de-onibus-coletivos-em-aracaju\/\" \/>\n<meta property=\"og:site_name\" content=\"Encontra Aracaju\" \/>\n<meta property=\"article:published_time\" content=\"2026-07-30T11:44:49+00:00\" \/>\n<meta property=\"og:image\" content=\"https:\/\/www.encontraaracaju.com.br\/sobre\/wp-content\/uploads\/2026\/07\/obra-no-terminal-do-mercado-altera-embarque-e-desembarque-de-onibus-coletivos-em-aracaju.webp\" \/>\n<meta name=\"author\" content=\"Encontra Aracaju\" \/>\n<meta name=\"twitter:card\" content=\"summary_large_image\" \/>\n<meta name=\"twitter:label1\" content=\"Escrito por\" \/>\n\t<meta name=\"twitter:data1\" content=\"Encontra Aracaju\" \/>\n\t<meta name=\"twitter:label2\" content=\"Est. tempo de leitura\" \/>\n\t<meta name=\"twitter:data2\" content=\"4 minutos\" \/>\n<script type=\"application\/ld+json\" class=\"yoast-schema-graph\">{\"@context\":\"https:\/\/schema.org\",\"@graph\":[{\"@type\":\"WebPage\",\"@id\":\"https:\/\/www.encontraaracaju.com.br\/sobre\/obra-no-terminal-do-mercado-altera-embarque-e-desembarque-de-onibus-coletivos-em-aracaju\/\",\"url\":\"https:\/\/www.encontraaracaju.com.br\/sobre\/obra-no-terminal-do-mercado-altera-embarque-e-desembarque-de-onibus-coletivos-em-aracaju\/\",\"name\":\"Obra no Terminal do Mercado altera embarque e desembarque de \u00f4nibus coletivos em Aracaju - Encontra Aracaju\",\"isPartOf\":{\"@id\":\"https:\/\/www.encontraaracaju.com.br\/sobre\/#website\"},\"primaryImageOfPage\":{\"@id\":\"https:\/\/www.encontraaracaju.com.br\/sobre\/obra-no-terminal-do-mercado-altera-embarque-e-desembarque-de-onibus-coletivos-em-aracaju\/#primaryimage\"},\"image\":{\"@id\":\"https:\/\/www.encontraaracaju.com.br\/sobre\/obra-no-terminal-do-mercado-altera-embarque-e-desembarque-de-onibus-coletivos-em-aracaju\/#primaryimage\"},\"thumbnailUrl\":\"https:\/\/www.encontraaracaju.com.br\/sobre\/wp-content\/uploads\/2026\/07\/obra-no-terminal-do-mercado-altera-embarque-e-desembarque-de-onibus-coletivos-em-aracaju.webp\",\"datePublished\":\"2026-07-30T11:44:49+00:00\",\"author\":{\"@id\":\"https:\/\/www.encontraaracaju.com.br\/sobre\/#\/schema\/person\/4ffad47e9e50db5f93e67859b297b0be\"},\"breadcrumb\":{\"@id\":\"https:\/\/www.encontraaracaju.com.br\/sobre\/obra-no-terminal-do-mercado-altera-embarque-e-desembarque-de-onibus-coletivos-em-aracaju\/#breadcrumb\"},\"inLanguage\":\"pt-BR\",\"potentialAction\":[{\"@type\":\"ReadAction\",\"target\":[\"https:\/\/www.encontraaracaju.com.br\/sobre\/obra-no-terminal-do-mercado-altera-embarque-e-desembarque-de-onibus-coletivos-em-aracaju\/\"]}]},{\"@type\":\"ImageObject\",\"inLanguage\":\"pt-BR\",\"@id\":\"https:\/\/www.encontraaracaju.com.br\/sobre\/obra-no-terminal-do-mercado-altera-embarque-e-desembarque-de-onibus-coletivos-em-aracaju\/#primaryimage\",\"url\":\"https:\/\/www.encontraaracaju.com.br\/sobre\/wp-content\/uploads\/2026\/07\/obra-no-terminal-do-mercado-altera-embarque-e-desembarque-de-onibus-coletivos-em-aracaju.webp\",\"contentUrl\":\"https:\/\/www.encontraaracaju.com.br\/sobre\/wp-content\/uploads\/2026\/07\/obra-no-terminal-do-mercado-altera-embarque-e-desembarque-de-onibus-coletivos-em-aracaju.webp\",\"width\":280,\"height\":280,\"caption\":\"Terminal do Mercado Aracaju\"},{\"@type\":\"BreadcrumbList\",\"@id\":\"https:\/\/www.encontraaracaju.com.br\/sobre\/obra-no-terminal-do-mercado-altera-embarque-e-desembarque-de-onibus-coletivos-em-aracaju\/#breadcrumb\",\"itemListElement\":[{\"@type\":\"ListItem\",\"position\":1,\"name\":\"In\u00edcio\",\"item\":\"https:\/\/www.encontraaracaju.com.br\/sobre\/\"},{\"@type\":\"ListItem\",\"position\":2,\"name\":\"Obra no Terminal do Mercado altera embarque e desembarque de \u00f4nibus coletivos em Aracaju\"}]},{\"@type\":\"WebSite\",\"@id\":\"https:\/\/www.encontraaracaju.com.br\/sobre\/#website\",\"url\":\"https:\/\/www.encontraaracaju.com.br\/sobre\/\",\"name\":\"Encontra Aracaju\",\"description\":\"Not\u00edcias, eventos, informa\u00e7\u00f5es e dicas na cidade Aracaju e regi\u00e3o.\",\"potentialAction\":[{\"@type\":\"SearchAction\",\"target\":{\"@type\":\"EntryPoint\",\"urlTemplate\":\"https:\/\/www.encontraaracaju.com.br\/sobre\/?s={search_term_string}\"},\"query-input\":{\"@type\":\"PropertyValueSpecification\",\"valueRequired\":true,\"valueName\":\"search_term_string\"}}],\"inLanguage\":\"pt-BR\"},{\"@type\":\"Person\",\"@id\":\"https:\/\/www.encontraaracaju.com.br\/sobre\/#\/schema\/person\/4ffad47e9e50db5f93e67859b297b0be\",\"name\":\"Encontra Aracaju\",\"image\":{\"@type\":\"ImageObject\",\"inLanguage\":\"pt-BR\",\"@id\":\"https:\/\/www.encontraaracaju.com.br\/sobre\/#\/schema\/person\/image\/\",\"url\":\"https:\/\/secure.gravatar.com\/avatar\/507340682b8270222e1f208e23198b6ae7e2c6a1033ae84e99bc6bce4f82a387?s=96&d=mm&r=g\",\"contentUrl\":\"https:\/\/secure.gravatar.com\/avatar\/507340682b8270222e1f208e23198b6ae7e2c6a1033ae84e99bc6bce4f82a387?s=96&d=mm&r=g\",\"caption\":\"Encontra Aracaju\"},\"sameAs\":[\"http:\/\/www.encontraaracaju.com.br\"]}]}<\/script>\n<!-- \/ Yoast SEO plugin. -->","yoast_head_json":{"title":"Obra no Terminal do Mercado altera embarque e desembarque de \u00f4nibus coletivos em Aracaju - Encontra Aracaju","robots":{"index":"index","follow":"follow","max-snippet":"max-snippet:-1","max-image-preview":"max-image-preview:large","max-video-preview":"max-video-preview:-1"},"canonical":"https:\/\/www.encontraaracaju.com.br\/sobre\/obra-no-terminal-do-mercado-altera-embarque-e-desembarque-de-onibus-coletivos-em-aracaju\/","og_locale":"pt_BR","og_type":"article","og_title":"Obra no Terminal do Mercado altera embarque e desembarque de \u00f4nibus coletivos em Aracaju - Encontra Aracaju","og_description":"Mudan\u00e7as no Terminal do Mercado Aracaju impactam o embarque de \u00f4nibus.","og_url":"https:\/\/www.encontraaracaju.com.br\/sobre\/obra-no-terminal-do-mercado-altera-embarque-e-desembarque-de-onibus-coletivos-em-aracaju\/","og_site_name":"Encontra Aracaju","article_published_time":"2026-07-30T11:44:49+00:00","og_image":[{"url":"https:\/\/www.encontraaracaju.com.br\/sobre\/wp-content\/uploads\/2026\/07\/obra-no-terminal-do-mercado-altera-embarque-e-desembarque-de-onibus-coletivos-em-aracaju.webp","type":"","width":"","height":""}],"author":"Encontra Aracaju","twitter_card":"summary_large_image","twitter_misc":{"Escrito por":"Encontra Aracaju","Est. tempo de leitura":"4 minutos"},"schema":{"@context":"https:\/\/schema.org","@graph":[{"@type":"WebPage","@id":"https:\/\/www.encontraaracaju.com.br\/sobre\/obra-no-terminal-do-mercado-altera-embarque-e-desembarque-de-onibus-coletivos-em-aracaju\/","url":"https:\/\/www.encontraaracaju.com.br\/sobre\/obra-no-terminal-do-mercado-altera-embarque-e-desembarque-de-onibus-coletivos-em-aracaju\/","name":"Obra no Terminal do Mercado altera embarque e desembarque de \u00f4nibus coletivos em Aracaju - Encontra Aracaju","isPartOf":{"@id":"https:\/\/www.encontraaracaju.com.br\/sobre\/#website"},"primaryImageOfPage":{"@id":"https:\/\/www.encontraaracaju.com.br\/sobre\/obra-no-terminal-do-mercado-altera-embarque-e-desembarque-de-onibus-coletivos-em-aracaju\/#primaryimage"},"image":{"@id":"https:\/\/www.encontraaracaju.com.br\/sobre\/obra-no-terminal-do-mercado-altera-embarque-e-desembarque-de-onibus-coletivos-em-aracaju\/#primaryimage"},"thumbnailUrl":"https:\/\/www.encontraaracaju.com.br\/sobre\/wp-content\/uploads\/2026\/07\/obra-no-terminal-do-mercado-altera-embarque-e-desembarque-de-onibus-coletivos-em-aracaju.webp","datePublished":"2026-07-30T11:44:49+00:00","author":{"@id":"https:\/\/www.encontraaracaju.com.br\/sobre\/#\/schema\/person\/4ffad47e9e50db5f93e67859b297b0be"},"breadcrumb":{"@id":"https:\/\/www.encontraaracaju.com.br\/sobre\/obra-no-terminal-do-mercado-altera-embarque-e-desembarque-de-onibus-coletivos-em-aracaju\/#breadcrumb"},"inLanguage":"pt-BR","potentialAction":[{"@type":"ReadAction","target":["https:\/\/www.encontraaracaju.com.br\/sobre\/obra-no-terminal-do-mercado-altera-embarque-e-desembarque-de-onibus-coletivos-em-aracaju\/"]}]},{"@type":"ImageObject","inLanguage":"pt-BR","@id":"https:\/\/www.encontraaracaju.com.br\/sobre\/obra-no-terminal-do-mercado-altera-embarque-e-desembarque-de-onibus-coletivos-em-aracaju\/#primaryimage","url":"https:\/\/www.encontraaracaju.com.br\/sobre\/wp-content\/uploads\/2026\/07\/obra-no-terminal-do-mercado-altera-embarque-e-desembarque-de-onibus-coletivos-em-aracaju.webp","contentUrl":"https:\/\/www.encontraaracaju.com.br\/sobre\/wp-content\/uploads\/2026\/07\/obra-no-terminal-do-mercado-altera-embarque-e-desembarque-de-onibus-coletivos-em-aracaju.webp","width":280,"height":280,"caption":"Terminal do Mercado Aracaju"},{"@type":"BreadcrumbList","@id":"https:\/\/www.encontraaracaju.com.br\/sobre\/obra-no-terminal-do-mercado-altera-embarque-e-desembarque-de-onibus-coletivos-em-aracaju\/#breadcrumb","itemListElement":[{"@type":"ListItem","position":1,"name":"In\u00edcio","item":"https:\/\/www.encontraaracaju.com.br\/sobre\/"},{"@type":"ListItem","position":2,"name":"Obra no Terminal do Mercado altera embarque e desembarque de \u00f4nibus coletivos em Aracaju"}]},{"@type":"WebSite","@id":"https:\/\/www.encontraaracaju.com.br\/sobre\/#website","url":"https:\/\/www.encontraaracaju.com.br\/sobre\/","name":"Encontra Aracaju","description":"Not\u00edcias, eventos, informa\u00e7\u00f5es e dicas na cidade Aracaju e regi\u00e3o.","potentialAction":[{"@type":"SearchAction","target":{"@type":"EntryPoint","urlTemplate":"https:\/\/www.encontraaracaju.com.br\/sobre\/?s={search_term_string}"},"query-input":{"@type":"PropertyValueSpecification","valueRequired":true,"valueName":"search_term_string"}}],"inLanguage":"pt-BR"},{"@type":"Person","@id":"https:\/\/www.encontraaracaju.com.br\/sobre\/#\/schema\/person\/4ffad47e9e50db5f93e67859b297b0be","name":"Encontra Aracaju","image":{"@type":"ImageObject","inLanguage":"pt-BR","@id":"https:\/\/www.encontraaracaju.com.br\/sobre\/#\/schema\/person\/image\/","url":"https:\/\/secure.gravatar.com\/avatar\/507340682b8270222e1f208e23198b6ae7e2c6a1033ae84e99bc6bce4f82a387?s=96&d=mm&r=g","contentUrl":"https:\/\/secure.gravatar.com\/avatar\/507340682b8270222e1f208e23198b6ae7e2c6a1033ae84e99bc6bce4f82a387?s=96&d=mm&r=g","caption":"Encontra Aracaju"},"sameAs":["http:\/\/www.encontraaracaju.com.br"]}]}},"_links":{"self":[{"href":"https:\/\/www.encontraaracaju.com.br\/sobre\/wp-json\/wp\/v2\/posts\/2362","targetHints":{"allow":["GET"]}}],"collection":[{"href":"https:\/\/www.encontraaracaju.com.br\/sobre\/wp-json\/wp\/v2\/posts"}],"about":[{"href":"https:\/\/www.encontraaracaju.com.br\/sobre\/wp-json\/wp\/v2\/types\/post"}],"author":[{"embeddable":true,"href":"https:\/\/www.encontraaracaju.com.br\/sobre\/wp-json\/wp\/v2\/users\/1"}],"replies":[{"embeddable":true,"href":"https:\/\/www.encontraaracaju.com.br\/sobre\/wp-json\/wp\/v2\/comments?post=2362"}],"version-history":[{"count":0,"href":"https:\/\/www.encontraaracaju.com.br\/sobre\/wp-json\/wp\/v2\/posts\/2362\/revisions"}],"wp:featuredmedia":[{"embeddable":true,"href":"https:\/\/www.encontraaracaju.com.br\/sobre\/wp-json\/wp\/v2\/media\/2361"}],"wp:attachment":[{"href":"https:\/\/www.encontraaracaju.com.br\/sobre\/wp-json\/wp\/v2\/media?parent=2362"}],"wp:term":[{"taxonomy":"category","embeddable":true,"href":"https:\/\/www.encontraaracaju.com.br\/sobre\/wp-json\/wp\/v2\/categories?post=2362"},{"taxonomy":"post_tag","embeddable":true,"href":"https:\/\/www.encontraaracaju.com.br\/sobre\/wp-json\/wp\/v2\/tags?post=2362"}],"curies":[{"name":"wp","href":"https:\/\/api.w.org\/{rel}","templated":true}]}}