{"id":2356,"date":"2026-07-30T08:38:43","date_gmt":"2026-07-30T11:38:43","guid":{"rendered":"https:\/\/www.encontraaracaju.com.br\/sobre\/prefeita-emilia-assina-projeto-que-viabiliza-polo-turistico-com-roda\/"},"modified":"2026-07-30T08:38:43","modified_gmt":"2026-07-30T11:38:43","slug":"prefeita-emilia-assina-projeto-que-viabiliza-polo-turistico-com-roda","status":"publish","type":"post","link":"https:\/\/www.encontraaracaju.com.br\/sobre\/prefeita-emilia-assina-projeto-que-viabiliza-polo-turistico-com-roda\/","title":{"rendered":"Prefeita Em\u00edlia assina projeto que viabiliza polo tur\u00edstico com roda"},"content":{"rendered":"<div class=\"0de350683d360aa04277a39db0bae410\" data-index=\"1\" style=\"float: none; margin:0px;\">\n<!-- Anuncio display - global -->\r\n<ins class=\"adsbygoogle\"\r\n     style=\"display:block\"\r\n     data-ad-client=\"ca-pub-8585364105181520\"\r\n     data-ad-slot=\"8789329856\"\r\n     data-ad-format=\"auto\"\r\n     data-full-width-responsive=\"true\"><\/ins>\r\n<script>\r\n     (adsbygoogle = window.adsbygoogle || []).push({});\r\n<\/script>\n<\/div>\n<h2>O que \u00e9 o Polo Tur\u00edstico com Roda-Gigante?<\/h2>\n<p>O Polo Tur\u00edstico com Roda-Gigante em Aracaju representa um novo espa\u00e7o destinado ao lazer e \u00e0 cultura, com intuito de impulsionar o turismo na regi\u00e3o. Este projeto ambiciona criar um ambiente vibrante onde visitantes e moradores possam desfrutar de atividades diversas, como gastronomia, arte e entretenimento, tendo como destaque a instala\u00e7\u00e3o de uma moderna roda-gigante. Essa atra\u00e7\u00e3o promete ser um \u00edcone da nova proposta tur\u00edstica da capital sergipana.<\/p>\n<h2>Objetivos do Projeto<\/h2>\n<p>O principal objetivo da iniciativa \u00e9 fomentar o turismo local e regional, promovendo Aracaju como um destino atrativo para visitantes. Entre os objetivos espec\u00edficos est\u00e3o:<\/p>\n<ul>\n<li><strong>Fortalecimento da infraestrutura tur\u00edstica:<\/strong> Equipar a cidade com uma nova op\u00e7\u00e3o de entretenimento que atrai a aten\u00e7\u00e3o de turistas.<\/li>\n<li><strong>Impulsionamento da economia local:<\/strong> A gera\u00e7\u00e3o de novos empregos e oportunidades de neg\u00f3cios para a popula\u00e7\u00e3o.<\/li>\n<li><strong>Promo\u00e7\u00e3o cultural:<\/strong> Integrar eventos e atividades culturais que celebrem a identidade sergipana e atraiam visitantes.<\/li>\n<\/ul>\n<h2>Benef\u00edcios Econ\u00f4micos Esperados<\/h2>\n<p>A implementa\u00e7\u00e3o do Polo Tur\u00edstico com Roda-Gigante traz uma gama de benef\u00edcios econ\u00f4mico-sociais, incluindo:<\/p>\n<p><img decoding=\"async\" src=\"https:\/\/www.encontraaracaju.com.br\/sobre\/wp-content\/uploads\/2026\/07\/prefeita-emilia-assina-projeto-que-viabiliza-polo-turistico-com-roda-1.webp\" alt=\"polo tur\u00edstico com roda-gigante em Aracaju\" loading=\"lazy\" \/><\/p>\n<ul>\n<li><strong>Cria\u00e7\u00e3o de empregos:<\/strong> A constru\u00e7\u00e3o e a opera\u00e7\u00e3o do novo espa\u00e7o gerar\u00e3o uma demanda significativa por m\u00e3o de obra direta e indireta.<\/li>\n<li><strong>Atra\u00e7\u00e3o de investimentos:<\/strong> A presen\u00e7a de uma nova atra\u00e7\u00e3o tur\u00edstica pode chamar a aten\u00e7\u00e3o de investidores locais e nacionais.<\/li>\n<li><strong>Fomento ao com\u00e9rcio local:<\/strong> O aumento do fluxo de visitantes deve beneficiar os comerciantes, restaurantes e hot\u00e9is da \u00e1rea.<\/li>\n<\/ul>\n<h2>Localiza\u00e7\u00e3o do Polo<\/h2>\n<p>O Polo Tur\u00edstico ser\u00e1 instalado em duas \u00e1reas p\u00fablicas na Rua Alda Mesquita Teixeira, no bairro Coroa do Meio, ocupando um total de aproximadamente 3.991,03 m\u00b2. Essa localiza\u00e7\u00e3o estrat\u00e9gica permite f\u00e1cil acesso tanto para turistas quanto para os residentes de Aracaju, facilitando a cria\u00e7\u00e3o de um ambiente multicultural e diversificado.<\/p>\n<h2>Rea\u00e7\u00e3o da Comunidade<\/h2>\n<p>A not\u00edcia da cria\u00e7\u00e3o do Polo Tur\u00edstico tem gerado expectativa entre os cidad\u00e3os locais. Muitos veem a iniciativa como uma oportunidade de crescimento para a cidade:<\/p>\n<ul>\n<li><strong>Apoio da popula\u00e7\u00e3o:<\/strong> V\u00e1rios grupos comunit\u00e1rios expressaram seu apoio ao projeto, ressaltando a import\u00e2ncia do turismo para a economia local.<\/li>\n<li><strong>Propostas de parcerias:<\/strong> O setor privado e associa\u00e7\u00f5es locais est\u00e3o interessados em se associar ao projeto, oferecendo servi\u00e7os e produtos que complementem a experi\u00eancia tur\u00edstica.<\/li>\n<\/ul>\n<h2>Papel da Prefeitura e do Estado<\/h2>\n<p>A colabora\u00e7\u00e3o entre a Prefeitura de Aracaju e o Governo do Estado \u00e9 fundamental para o sucesso do projeto. A gest\u00e3o municipal, sob a lideran\u00e7a da prefeita Em\u00edlia Corr\u00eaa, est\u00e1 comprometida em facilitar a implanta\u00e7\u00e3o do Polo, alinhando recursos e estrat\u00e9gias que visam o benef\u00edcio da popula\u00e7\u00e3o:<\/p>\n<ul>\n<li><strong>Facilita\u00e7\u00e3o de processos:<\/strong> A cess\u00e3o das \u00e1reas p\u00fablicas ao Governo Estadual \u00e9 um passo decisivo para a realiza\u00e7\u00e3o do projeto.<\/li>\n<li><strong>Promo\u00e7\u00e3o do di\u00e1logo:<\/strong> A gest\u00e3o municipal est\u00e1 aberta ao di\u00e1logo com a sociedade civil, buscando sempre incorporar as vozes da comunidade nas decis\u00f5es.<\/li>\n<\/ul>\n<h2>Import\u00e2ncia do Turismo em Aracaju<\/h2>\n<p>Aracaju, sendo uma das capitais do Nordeste brasileiro, possui um potencial tur\u00edstico inexplorado. O turismo \u00e9 uma fonte de receita significativa que contribui para o crescimento econ\u00f4mico. O Polo Tur\u00edstico com Roda-Gigante se alinha ao desenvolvimento de:<\/p>\n<ul>\n<li><strong>Atividades culturais:<\/strong> A valoriza\u00e7\u00e3o da cultura sergipana por meio de festivais, exposi\u00e7\u00f5es e outras iniciativas.<\/li>\n<li><strong>Atra\u00e7\u00f5es naturais:<\/strong> A promo\u00e7\u00e3o das belezas naturais da regi\u00e3o atrav\u00e9s de eventos que integrem os visitantes com o meio ambiente.<\/li>\n<\/ul>\n<h2>Pr\u00f3ximos Passos para o Projeto<\/h2>\n<p>Ap\u00f3s a assinatura do projeto de lei pela prefeita, o pr\u00f3ximo passo consiste em sua tramita\u00e7\u00e3o na C\u00e2mara Municipal de Aracaju. Os principais passos incluem:<\/p>\n<ul>\n<li><strong>Discuss\u00e3o e vota\u00e7\u00e3o:<\/strong> A proposta ser\u00e1 discutida e votada pelos vereadores, que avaliar\u00e3o sua viabilidade.<\/li>\n<li><strong>Planejamento e execu\u00e7\u00e3o:<\/strong> Uma vez aprovado, inicia-se a fase de planejamento detalhado para a constru\u00e7\u00e3o do espa\u00e7o tur\u00edstico.<\/li>\n<\/ul>\n<h2>Hist\u00f3ria da Roda-Gigante em Cidades<\/h2>\n<p>Rodas-gigantes t\u00eam se tornado um s\u00edmbolo de entretenimento em v\u00e1rias cidades do mundo. Originalmente, foram criadas como atra\u00e7\u00f5es de exposi\u00e7\u00f5es, mas passaram a ser permanentes em muitos lugares, atraindo visitantes com suas vistas panor\u00e2micas e experi\u00eancias emocionantes. Elas representam n\u00e3o apenas entretenimento, mas tamb\u00e9m a revitaliza\u00e7\u00e3o de \u00e1reas urbanas ao redor do mundo.<\/p>\n<h2>Poss\u00edveis Parcerias para o Desenvolvimento<\/h2>\n<p>Para garantir o sucesso do Polo Tur\u00edstico, v\u00e1rias parcerias podem ser exploradas:<\/p>\n<ul>\n<li><strong>Setor Privado:<\/strong> Amplia\u00e7\u00e3o de parcerias com empresas locais que possam fornecer servi\u00e7os gastron\u00f4micos, culturais e tur\u00edsticos.<\/li>\n<li><strong>Institui\u00e7\u00f5es de Ensino:<\/strong> Envolvimento de universidades e centros de pesquisa para implementar atividades educativas e pr\u00e1ticas sustent\u00e1veis.<\/li>\n<li><strong>Organiza\u00e7\u00f5es N\u00e3o-Governamentais:<\/strong> Colabora\u00e7\u00e3o com ONGs que atuam na promo\u00e7\u00e3o da cultura e no desenvolvimento econ\u00f4mico.<\/li>\n<\/ul>\n\n<div style=\"font-size: 0px; height: 0px; line-height: 0px; margin: 0; padding: 0; clear: both;\"><\/div>","protected":false},"excerpt":{"rendered":"<p>O Polo Tur\u00edstico com roda-gigante em Aracaju promete atrair mais visitantes e impulsionar a economia.<\/p>\n","protected":false},"author":1,"featured_media":2355,"comment_status":"closed","ping_status":"closed","sticky":false,"template":"","format":"standard","meta":{"footnotes":""},"categories":[35],"tags":[],"class_list":["post-2356","post","type-post","status-publish","format-standard","has-post-thumbnail","hentry","category-hoteis-aracaju","has_thumb"],"yoast_head":"<!-- This site is optimized with the Yoast SEO plugin v26.4 - https:\/\/yoast.com\/wordpress\/plugins\/seo\/ -->\n<title>Prefeita Em\u00edlia assina projeto que viabiliza polo tur\u00edstico com roda - Encontra Aracaju<\/title>\n<meta name=\"robots\" content=\"index, follow, max-snippet:-1, max-image-preview:large, max-video-preview:-1\" \/>\n<link rel=\"canonical\" href=\"https:\/\/www.encontraaracaju.com.br\/sobre\/prefeita-emilia-assina-projeto-que-viabiliza-polo-turistico-com-roda\/\" \/>\n<meta property=\"og:locale\" content=\"pt_BR\" \/>\n<meta property=\"og:type\" content=\"article\" \/>\n<meta property=\"og:title\" content=\"Prefeita Em\u00edlia assina projeto que viabiliza polo tur\u00edstico com roda - Encontra Aracaju\" \/>\n<meta property=\"og:description\" content=\"O Polo Tur\u00edstico com roda-gigante em Aracaju promete atrair mais visitantes e impulsionar a economia.\" \/>\n<meta property=\"og:url\" content=\"https:\/\/www.encontraaracaju.com.br\/sobre\/prefeita-emilia-assina-projeto-que-viabiliza-polo-turistico-com-roda\/\" \/>\n<meta property=\"og:site_name\" content=\"Encontra Aracaju\" \/>\n<meta property=\"article:published_time\" content=\"2026-07-30T11:38:43+00:00\" \/>\n<meta property=\"og:image\" content=\"https:\/\/www.encontraaracaju.com.br\/sobre\/wp-content\/uploads\/2026\/07\/prefeita-emilia-assina-projeto-que-viabiliza-polo-turistico-com-roda-1.webp\" \/>\n<meta name=\"author\" content=\"Encontra Aracaju\" \/>\n<meta name=\"twitter:card\" content=\"summary_large_image\" \/>\n<meta name=\"twitter:label1\" content=\"Escrito por\" \/>\n\t<meta name=\"twitter:data1\" content=\"Encontra Aracaju\" \/>\n\t<meta name=\"twitter:label2\" content=\"Est. tempo de leitura\" \/>\n\t<meta name=\"twitter:data2\" content=\"4 minutos\" \/>\n<script type=\"application\/ld+json\" class=\"yoast-schema-graph\">{\"@context\":\"https:\/\/schema.org\",\"@graph\":[{\"@type\":\"WebPage\",\"@id\":\"https:\/\/www.encontraaracaju.com.br\/sobre\/prefeita-emilia-assina-projeto-que-viabiliza-polo-turistico-com-roda\/\",\"url\":\"https:\/\/www.encontraaracaju.com.br\/sobre\/prefeita-emilia-assina-projeto-que-viabiliza-polo-turistico-com-roda\/\",\"name\":\"Prefeita Em\u00edlia assina projeto que viabiliza polo tur\u00edstico com roda - Encontra Aracaju\",\"isPartOf\":{\"@id\":\"https:\/\/www.encontraaracaju.com.br\/sobre\/#website\"},\"primaryImageOfPage\":{\"@id\":\"https:\/\/www.encontraaracaju.com.br\/sobre\/prefeita-emilia-assina-projeto-que-viabiliza-polo-turistico-com-roda\/#primaryimage\"},\"image\":{\"@id\":\"https:\/\/www.encontraaracaju.com.br\/sobre\/prefeita-emilia-assina-projeto-que-viabiliza-polo-turistico-com-roda\/#primaryimage\"},\"thumbnailUrl\":\"https:\/\/www.encontraaracaju.com.br\/sobre\/wp-content\/uploads\/2026\/07\/prefeita-emilia-assina-projeto-que-viabiliza-polo-turistico-com-roda-1.webp\",\"datePublished\":\"2026-07-30T11:38:43+00:00\",\"author\":{\"@id\":\"https:\/\/www.encontraaracaju.com.br\/sobre\/#\/schema\/person\/4ffad47e9e50db5f93e67859b297b0be\"},\"breadcrumb\":{\"@id\":\"https:\/\/www.encontraaracaju.com.br\/sobre\/prefeita-emilia-assina-projeto-que-viabiliza-polo-turistico-com-roda\/#breadcrumb\"},\"inLanguage\":\"pt-BR\",\"potentialAction\":[{\"@type\":\"ReadAction\",\"target\":[\"https:\/\/www.encontraaracaju.com.br\/sobre\/prefeita-emilia-assina-projeto-que-viabiliza-polo-turistico-com-roda\/\"]}]},{\"@type\":\"ImageObject\",\"inLanguage\":\"pt-BR\",\"@id\":\"https:\/\/www.encontraaracaju.com.br\/sobre\/prefeita-emilia-assina-projeto-que-viabiliza-polo-turistico-com-roda\/#primaryimage\",\"url\":\"https:\/\/www.encontraaracaju.com.br\/sobre\/wp-content\/uploads\/2026\/07\/prefeita-emilia-assina-projeto-que-viabiliza-polo-turistico-com-roda-1.webp\",\"contentUrl\":\"https:\/\/www.encontraaracaju.com.br\/sobre\/wp-content\/uploads\/2026\/07\/prefeita-emilia-assina-projeto-que-viabiliza-polo-turistico-com-roda-1.webp\",\"width\":280,\"height\":280,\"caption\":\"polo tur\u00edstico com roda-gigante em Aracaju\"},{\"@type\":\"BreadcrumbList\",\"@id\":\"https:\/\/www.encontraaracaju.com.br\/sobre\/prefeita-emilia-assina-projeto-que-viabiliza-polo-turistico-com-roda\/#breadcrumb\",\"itemListElement\":[{\"@type\":\"ListItem\",\"position\":1,\"name\":\"In\u00edcio\",\"item\":\"https:\/\/www.encontraaracaju.com.br\/sobre\/\"},{\"@type\":\"ListItem\",\"position\":2,\"name\":\"Prefeita Em\u00edlia assina projeto que viabiliza polo tur\u00edstico com roda\"}]},{\"@type\":\"WebSite\",\"@id\":\"https:\/\/www.encontraaracaju.com.br\/sobre\/#website\",\"url\":\"https:\/\/www.encontraaracaju.com.br\/sobre\/\",\"name\":\"Encontra Aracaju\",\"description\":\"Not\u00edcias, eventos, informa\u00e7\u00f5es e dicas na cidade Aracaju e regi\u00e3o.\",\"potentialAction\":[{\"@type\":\"SearchAction\",\"target\":{\"@type\":\"EntryPoint\",\"urlTemplate\":\"https:\/\/www.encontraaracaju.com.br\/sobre\/?s={search_term_string}\"},\"query-input\":{\"@type\":\"PropertyValueSpecification\",\"valueRequired\":true,\"valueName\":\"search_term_string\"}}],\"inLanguage\":\"pt-BR\"},{\"@type\":\"Person\",\"@id\":\"https:\/\/www.encontraaracaju.com.br\/sobre\/#\/schema\/person\/4ffad47e9e50db5f93e67859b297b0be\",\"name\":\"Encontra Aracaju\",\"image\":{\"@type\":\"ImageObject\",\"inLanguage\":\"pt-BR\",\"@id\":\"https:\/\/www.encontraaracaju.com.br\/sobre\/#\/schema\/person\/image\/\",\"url\":\"https:\/\/secure.gravatar.com\/avatar\/507340682b8270222e1f208e23198b6ae7e2c6a1033ae84e99bc6bce4f82a387?s=96&d=mm&r=g\",\"contentUrl\":\"https:\/\/secure.gravatar.com\/avatar\/507340682b8270222e1f208e23198b6ae7e2c6a1033ae84e99bc6bce4f82a387?s=96&d=mm&r=g\",\"caption\":\"Encontra Aracaju\"},\"sameAs\":[\"http:\/\/www.encontraaracaju.com.br\"]}]}<\/script>\n<!-- \/ Yoast SEO plugin. -->","yoast_head_json":{"title":"Prefeita Em\u00edlia assina projeto que viabiliza polo tur\u00edstico com roda - Encontra Aracaju","robots":{"index":"index","follow":"follow","max-snippet":"max-snippet:-1","max-image-preview":"max-image-preview:large","max-video-preview":"max-video-preview:-1"},"canonical":"https:\/\/www.encontraaracaju.com.br\/sobre\/prefeita-emilia-assina-projeto-que-viabiliza-polo-turistico-com-roda\/","og_locale":"pt_BR","og_type":"article","og_title":"Prefeita Em\u00edlia assina projeto que viabiliza polo tur\u00edstico com roda - Encontra Aracaju","og_description":"O Polo Tur\u00edstico com roda-gigante em Aracaju promete atrair mais visitantes e impulsionar a economia.","og_url":"https:\/\/www.encontraaracaju.com.br\/sobre\/prefeita-emilia-assina-projeto-que-viabiliza-polo-turistico-com-roda\/","og_site_name":"Encontra Aracaju","article_published_time":"2026-07-30T11:38:43+00:00","og_image":[{"url":"https:\/\/www.encontraaracaju.com.br\/sobre\/wp-content\/uploads\/2026\/07\/prefeita-emilia-assina-projeto-que-viabiliza-polo-turistico-com-roda-1.webp","type":"","width":"","height":""}],"author":"Encontra Aracaju","twitter_card":"summary_large_image","twitter_misc":{"Escrito por":"Encontra Aracaju","Est. tempo de leitura":"4 minutos"},"schema":{"@context":"https:\/\/schema.org","@graph":[{"@type":"WebPage","@id":"https:\/\/www.encontraaracaju.com.br\/sobre\/prefeita-emilia-assina-projeto-que-viabiliza-polo-turistico-com-roda\/","url":"https:\/\/www.encontraaracaju.com.br\/sobre\/prefeita-emilia-assina-projeto-que-viabiliza-polo-turistico-com-roda\/","name":"Prefeita Em\u00edlia assina projeto que viabiliza polo tur\u00edstico com roda - Encontra Aracaju","isPartOf":{"@id":"https:\/\/www.encontraaracaju.com.br\/sobre\/#website"},"primaryImageOfPage":{"@id":"https:\/\/www.encontraaracaju.com.br\/sobre\/prefeita-emilia-assina-projeto-que-viabiliza-polo-turistico-com-roda\/#primaryimage"},"image":{"@id":"https:\/\/www.encontraaracaju.com.br\/sobre\/prefeita-emilia-assina-projeto-que-viabiliza-polo-turistico-com-roda\/#primaryimage"},"thumbnailUrl":"https:\/\/www.encontraaracaju.com.br\/sobre\/wp-content\/uploads\/2026\/07\/prefeita-emilia-assina-projeto-que-viabiliza-polo-turistico-com-roda-1.webp","datePublished":"2026-07-30T11:38:43+00:00","author":{"@id":"https:\/\/www.encontraaracaju.com.br\/sobre\/#\/schema\/person\/4ffad47e9e50db5f93e67859b297b0be"},"breadcrumb":{"@id":"https:\/\/www.encontraaracaju.com.br\/sobre\/prefeita-emilia-assina-projeto-que-viabiliza-polo-turistico-com-roda\/#breadcrumb"},"inLanguage":"pt-BR","potentialAction":[{"@type":"ReadAction","target":["https:\/\/www.encontraaracaju.com.br\/sobre\/prefeita-emilia-assina-projeto-que-viabiliza-polo-turistico-com-roda\/"]}]},{"@type":"ImageObject","inLanguage":"pt-BR","@id":"https:\/\/www.encontraaracaju.com.br\/sobre\/prefeita-emilia-assina-projeto-que-viabiliza-polo-turistico-com-roda\/#primaryimage","url":"https:\/\/www.encontraaracaju.com.br\/sobre\/wp-content\/uploads\/2026\/07\/prefeita-emilia-assina-projeto-que-viabiliza-polo-turistico-com-roda-1.webp","contentUrl":"https:\/\/www.encontraaracaju.com.br\/sobre\/wp-content\/uploads\/2026\/07\/prefeita-emilia-assina-projeto-que-viabiliza-polo-turistico-com-roda-1.webp","width":280,"height":280,"caption":"polo tur\u00edstico com roda-gigante em Aracaju"},{"@type":"BreadcrumbList","@id":"https:\/\/www.encontraaracaju.com.br\/sobre\/prefeita-emilia-assina-projeto-que-viabiliza-polo-turistico-com-roda\/#breadcrumb","itemListElement":[{"@type":"ListItem","position":1,"name":"In\u00edcio","item":"https:\/\/www.encontraaracaju.com.br\/sobre\/"},{"@type":"ListItem","position":2,"name":"Prefeita Em\u00edlia assina projeto que viabiliza polo tur\u00edstico com roda"}]},{"@type":"WebSite","@id":"https:\/\/www.encontraaracaju.com.br\/sobre\/#website","url":"https:\/\/www.encontraaracaju.com.br\/sobre\/","name":"Encontra Aracaju","description":"Not\u00edcias, eventos, informa\u00e7\u00f5es e dicas na cidade Aracaju e regi\u00e3o.","potentialAction":[{"@type":"SearchAction","target":{"@type":"EntryPoint","urlTemplate":"https:\/\/www.encontraaracaju.com.br\/sobre\/?s={search_term_string}"},"query-input":{"@type":"PropertyValueSpecification","valueRequired":true,"valueName":"search_term_string"}}],"inLanguage":"pt-BR"},{"@type":"Person","@id":"https:\/\/www.encontraaracaju.com.br\/sobre\/#\/schema\/person\/4ffad47e9e50db5f93e67859b297b0be","name":"Encontra Aracaju","image":{"@type":"ImageObject","inLanguage":"pt-BR","@id":"https:\/\/www.encontraaracaju.com.br\/sobre\/#\/schema\/person\/image\/","url":"https:\/\/secure.gravatar.com\/avatar\/507340682b8270222e1f208e23198b6ae7e2c6a1033ae84e99bc6bce4f82a387?s=96&d=mm&r=g","contentUrl":"https:\/\/secure.gravatar.com\/avatar\/507340682b8270222e1f208e23198b6ae7e2c6a1033ae84e99bc6bce4f82a387?s=96&d=mm&r=g","caption":"Encontra Aracaju"},"sameAs":["http:\/\/www.encontraaracaju.com.br"]}]}},"_links":{"self":[{"href":"https:\/\/www.encontraaracaju.com.br\/sobre\/wp-json\/wp\/v2\/posts\/2356","targetHints":{"allow":["GET"]}}],"collection":[{"href":"https:\/\/www.encontraaracaju.com.br\/sobre\/wp-json\/wp\/v2\/posts"}],"about":[{"href":"https:\/\/www.encontraaracaju.com.br\/sobre\/wp-json\/wp\/v2\/types\/post"}],"author":[{"embeddable":true,"href":"https:\/\/www.encontraaracaju.com.br\/sobre\/wp-json\/wp\/v2\/users\/1"}],"replies":[{"embeddable":true,"href":"https:\/\/www.encontraaracaju.com.br\/sobre\/wp-json\/wp\/v2\/comments?post=2356"}],"version-history":[{"count":0,"href":"https:\/\/www.encontraaracaju.com.br\/sobre\/wp-json\/wp\/v2\/posts\/2356\/revisions"}],"wp:featuredmedia":[{"embeddable":true,"href":"https:\/\/www.encontraaracaju.com.br\/sobre\/wp-json\/wp\/v2\/media\/2355"}],"wp:attachment":[{"href":"https:\/\/www.encontraaracaju.com.br\/sobre\/wp-json\/wp\/v2\/media?parent=2356"}],"wp:term":[{"taxonomy":"category","embeddable":true,"href":"https:\/\/www.encontraaracaju.com.br\/sobre\/wp-json\/wp\/v2\/categories?post=2356"},{"taxonomy":"post_tag","embeddable":true,"href":"https:\/\/www.encontraaracaju.com.br\/sobre\/wp-json\/wp\/v2\/tags?post=2356"}],"curies":[{"name":"wp","href":"https:\/\/api.w.org\/{rel}","templated":true}]}}