{"id":2346,"date":"2026-07-29T04:11:00","date_gmt":"2026-07-29T07:11:00","guid":{"rendered":"https:\/\/www.encontraaracaju.com.br\/sobre\/edital-n-414-2026\/"},"modified":"2026-07-29T04:11:00","modified_gmt":"2026-07-29T07:11:00","slug":"edital-n-414-2026","status":"publish","type":"post","link":"https:\/\/www.encontraaracaju.com.br\/sobre\/edital-n-414-2026\/","title":{"rendered":"EDITAL N\u00b0 414\/2026"},"content":{"rendered":"<div class=\"0de350683d360aa04277a39db0bae410\" data-index=\"1\" style=\"float: none; margin:0px;\">\n<!-- Anuncio display - global -->\r\n<ins class=\"adsbygoogle\"\r\n     style=\"display:block\"\r\n     data-ad-client=\"ca-pub-8585364105181520\"\r\n     data-ad-slot=\"8789329856\"\r\n     data-ad-format=\"auto\"\r\n     data-full-width-responsive=\"true\"><\/ins>\r\n<script>\r\n     (adsbygoogle = window.adsbygoogle || []).push({});\r\n<\/script>\n<\/div>\n<h2>O que \u00e9 o Edital 414\/2026?<\/h2>\n<p>O Edital 414\/2026 \u00e9 um documento que oferece a oportunidade de inscri\u00e7\u00e3o para um processo seletivo simplificado na \u00e1rea da Aten\u00e7\u00e3o Prim\u00e1ria em Aracaju, Sergipe. Este edital detalha as condi\u00e7\u00f5es, requisitos e procedimentos necess\u00e1rios para que os interessados se candidatem a vagas dispon\u00edveis. As inscri\u00e7\u00f5es devem ser realizadas at\u00e9 o dia 30 de julho de 2026.<\/p>\n<h2>Quem pode se inscrever?<\/h2>\n<p>Podem se inscrever todos os profissionais que atendam os crit\u00e9rios estabelecidos no edital. \u00c9 importante que os candidatos consultem as especificidades de cada cargo aberto e verifiquem se possuem as qualifica\u00e7\u00f5es exigidas. O edital tamb\u00e9m garante espa\u00e7o para pessoas com defici\u00eancia, que t\u00eam o direito de se inscrever e ser\u00e3o consideradas nas avalia\u00e7\u00f5es de acordo com suas capacidades e o cargo pretendido.<\/p>\n<h2>Como fazer a inscri\u00e7\u00e3o?<\/h2>\n<p>A inscri\u00e7\u00e3o deve ser realizada de maneira online. O candidato precisa acessar o edital completo, dispon\u00edvel em formato PDF, e seguir as instru\u00e7\u00f5es espec\u00edficas contidas no documento. \u00c9 fundamental ler todo o edital para n\u00e3o perder informa\u00e7\u00f5es importantes sobre o processo, como documenta\u00e7\u00f5es necess\u00e1rias e prazos para a entrega.<\/p>\n<p><img decoding=\"async\" src=\"https:\/\/www.encontraaracaju.com.br\/sobre\/wp-content\/uploads\/2026\/07\/edital-n-414-2026.webp\" alt=\"EDITAL N\u00b0 414\/2026 \u2013 SIMPLIFICADO \u2013 ATEN\u00c7\u00c3O PRIM\u00c1RIA DE ARACAJU \u2013 SE\" loading=\"lazy\" \/><\/p>\n<h2>Prazos importantes do edital<\/h2>\n<ul>\n<li><strong>Encerramento das Inscri\u00e7\u00f5es:<\/strong> 30 de julho de 2026.<\/li>\n<li><strong>Data da Divulga\u00e7\u00e3o dos Aprovados:<\/strong> 30 de agosto de 2026.<\/li>\n<\/ul>\n<p>Esses prazos s\u00e3o cruciais e devem ser observados com aten\u00e7\u00e3o para que os candidatos n\u00e3o percam a oportunidade de participar do processo seletivo.<\/p>\n<h2>Benef\u00edcios de participar do processo seletivo<\/h2>\n<p>Participar deste processo seletivo pode trazer diversos benef\u00edcios, como:<\/p>\n<ul>\n<li><strong>Oportunidade profissional:<\/strong> A chance de integrar uma equipe em um setor essencial como a Sa\u00fade.<\/li>\n<li><strong>Crescimento na carreira:<\/strong> A possibilidade de adquirir novas experi\u00eancias e desenvolver compet\u00eancias em ambiente de trabalho.<\/li>\n<li><strong>Impacto social:<\/strong> Contribuir para a melhoria dos servi\u00e7os de sa\u00fade em sua comunidade.<\/li>\n<\/ul>\n<h2>Direitos das pessoas com defici\u00eancia<\/h2>\n<p>O edital assegura que as pessoas com defici\u00eancia t\u00eam o direito de participar da sele\u00e7\u00e3o. Cada caso deve ser avaliado da forma mais justa poss\u00edvel, respeitando as peculiaridades e uastec valores que estas pessoas podem agregar ao quadro de funcion\u00e1rios. O Instituto IDEAS tem o compromisso de promover a inclus\u00e3o em suas sele\u00e7\u00f5es.<\/p>\n<h2>O papel do Instituto IDEAS<\/h2>\n<p>O Instituto de Desenvolvimento, Ensino e Assist\u00eancia \u00e0 Sa\u00fade (IDEAS) \u00e9 respons\u00e1vel por administrar este edital. Sua miss\u00e3o \u00e9 promover a sa\u00fade e o bem-estar atrav\u00e9s de uma gest\u00e3o competente de recursos e capacita\u00e7\u00e3o de profissionais. O instituto atua em diversas \u00e1reas da sa\u00fade, priorizando a qualidade do atendimento e a forma\u00e7\u00e3o continuada de sua equipe.<\/p>\n<h2>A import\u00e2ncia da Aten\u00e7\u00e3o Prim\u00e1ria<\/h2>\n<p>A Aten\u00e7\u00e3o Prim\u00e1ria \u00e9 um dos pilares fundamentais do sistema de sa\u00fade, pois oferece um cuidado integral ao paciente. Seu foco principal \u00e9 garantir acesso e resolu\u00e7\u00e3o para a popula\u00e7\u00e3o em sua maioria, atuando de forma preventiva e promotora da sa\u00fade. Um bom sistema de aten\u00e7\u00e3o prim\u00e1ria publicamente acess\u00edvel reduz a demanda por servi\u00e7os de sa\u00fade mais complexos e especializados.<\/p>\n<h2>O que esperar ap\u00f3s a inscri\u00e7\u00e3o?<\/h2>\n<p>Ap\u00f3s realizar a inscri\u00e7\u00e3o, os candidatos devem aguardar a divulga\u00e7\u00e3o da lista de aprovados, prevista para o dia 30 de agosto de 2026. \u00c9 importante que os candidatos estejam atentos ao processo e \u00e0s poss\u00edveis convoca\u00e7\u00f5es para etapas subsequentes, como entrevistas ou avalia\u00e7\u00f5es pr\u00e1ticas, conforme a melhor t\u00e9cnica para avaliar cada perfil profissional.<\/p>\n<h2>Dicas para se destacar no processo seletivo<\/h2>\n<p>Para sobressair-se no processo seletivo, aqui est\u00e3o algumas dicas que podem fazer a diferen\u00e7a:<\/p>\n<ul>\n<li><strong>Prepare-se bem:<\/strong> Estude sobre a institui\u00e7\u00e3o e sobre a fun\u00e7\u00e3o que pretende ocupar. Conhecimento pr\u00e9vio sempre impressiona.<\/li>\n<li><strong>Documenta\u00e7\u00e3o em ordem:<\/strong> Certifique-se de que todos os documentos solicitados est\u00e3o prontos para apresenta\u00e7\u00e3o.<\/li>\n<li><strong>Seja claro e objetivo:<\/strong> Isso \u00e9 importante tanto na inscri\u00e7\u00e3o escrita quanto em poss\u00edveis entrevistas, onde a clareza na comunica\u00e7\u00e3o pode ser um diferencial.<\/li>\n<li><strong>Mostre suas habilidades:<\/strong> Durante o processo de sele\u00e7\u00e3o, demonstre suas compet\u00eancias, experi\u00eancias anteriores ou qualquer requisito que atenda \u00e0 vaga.<\/li>\n<\/ul>\n<p>Seguindo essas orienta\u00e7\u00f5es, os candidatos estar\u00e3o mais bem preparados para enfrentar as etapas do processo seletivo e aumentar suas chances de contrata\u00e7\u00e3o.<\/p>\n\n<div style=\"font-size: 0px; height: 0px; line-height: 0px; margin: 0; padding: 0; clear: both;\"><\/div>","protected":false},"excerpt":{"rendered":"<p>Edital 414\/2026 traz oportunidades em Aten\u00e7\u00e3o Prim\u00e1ria em Aracaju.<\/p>\n","protected":false},"author":1,"featured_media":2345,"comment_status":"closed","ping_status":"closed","sticky":false,"template":"","format":"standard","meta":{"footnotes":""},"categories":[20],"tags":[],"class_list":["post-2346","post","type-post","status-publish","format-standard","has-post-thumbnail","hentry","category-concursos-em-aracaju","has_thumb"],"yoast_head":"<!-- This site is optimized with the Yoast SEO plugin v26.4 - https:\/\/yoast.com\/wordpress\/plugins\/seo\/ -->\n<title>EDITAL N\u00b0 414\/2026 - Encontra Aracaju<\/title>\n<meta name=\"robots\" content=\"index, follow, max-snippet:-1, max-image-preview:large, max-video-preview:-1\" \/>\n<link rel=\"canonical\" href=\"https:\/\/www.encontraaracaju.com.br\/sobre\/edital-n-414-2026\/\" \/>\n<meta property=\"og:locale\" content=\"pt_BR\" \/>\n<meta property=\"og:type\" content=\"article\" \/>\n<meta property=\"og:title\" content=\"EDITAL N\u00b0 414\/2026 - Encontra Aracaju\" \/>\n<meta property=\"og:description\" content=\"Edital 414\/2026 traz oportunidades em Aten\u00e7\u00e3o Prim\u00e1ria em Aracaju.\" \/>\n<meta property=\"og:url\" content=\"https:\/\/www.encontraaracaju.com.br\/sobre\/edital-n-414-2026\/\" \/>\n<meta property=\"og:site_name\" content=\"Encontra Aracaju\" \/>\n<meta property=\"article:published_time\" content=\"2026-07-29T07:11:00+00:00\" \/>\n<meta property=\"og:image\" content=\"https:\/\/www.encontraaracaju.com.br\/sobre\/wp-content\/uploads\/2026\/07\/edital-n-414-2026.webp\" \/>\n<meta name=\"author\" content=\"Encontra Aracaju\" \/>\n<meta name=\"twitter:card\" content=\"summary_large_image\" \/>\n<meta name=\"twitter:label1\" content=\"Escrito por\" \/>\n\t<meta name=\"twitter:data1\" content=\"Encontra Aracaju\" \/>\n\t<meta name=\"twitter:label2\" content=\"Est. tempo de leitura\" \/>\n\t<meta name=\"twitter:data2\" content=\"4 minutos\" \/>\n<script type=\"application\/ld+json\" class=\"yoast-schema-graph\">{\"@context\":\"https:\/\/schema.org\",\"@graph\":[{\"@type\":\"WebPage\",\"@id\":\"https:\/\/www.encontraaracaju.com.br\/sobre\/edital-n-414-2026\/\",\"url\":\"https:\/\/www.encontraaracaju.com.br\/sobre\/edital-n-414-2026\/\",\"name\":\"EDITAL N\u00b0 414\/2026 - Encontra Aracaju\",\"isPartOf\":{\"@id\":\"https:\/\/www.encontraaracaju.com.br\/sobre\/#website\"},\"primaryImageOfPage\":{\"@id\":\"https:\/\/www.encontraaracaju.com.br\/sobre\/edital-n-414-2026\/#primaryimage\"},\"image\":{\"@id\":\"https:\/\/www.encontraaracaju.com.br\/sobre\/edital-n-414-2026\/#primaryimage\"},\"thumbnailUrl\":\"https:\/\/www.encontraaracaju.com.br\/sobre\/wp-content\/uploads\/2026\/07\/edital-n-414-2026.webp\",\"datePublished\":\"2026-07-29T07:11:00+00:00\",\"author\":{\"@id\":\"https:\/\/www.encontraaracaju.com.br\/sobre\/#\/schema\/person\/4ffad47e9e50db5f93e67859b297b0be\"},\"breadcrumb\":{\"@id\":\"https:\/\/www.encontraaracaju.com.br\/sobre\/edital-n-414-2026\/#breadcrumb\"},\"inLanguage\":\"pt-BR\",\"potentialAction\":[{\"@type\":\"ReadAction\",\"target\":[\"https:\/\/www.encontraaracaju.com.br\/sobre\/edital-n-414-2026\/\"]}]},{\"@type\":\"ImageObject\",\"inLanguage\":\"pt-BR\",\"@id\":\"https:\/\/www.encontraaracaju.com.br\/sobre\/edital-n-414-2026\/#primaryimage\",\"url\":\"https:\/\/www.encontraaracaju.com.br\/sobre\/wp-content\/uploads\/2026\/07\/edital-n-414-2026.webp\",\"contentUrl\":\"https:\/\/www.encontraaracaju.com.br\/sobre\/wp-content\/uploads\/2026\/07\/edital-n-414-2026.webp\",\"width\":280,\"height\":280,\"caption\":\"EDITAL N\u00b0 414\/2026 \u2013 SIMPLIFICADO \u2013 ATEN\u00c7\u00c3O PRIM\u00c1RIA DE ARACAJU \u2013 SE\"},{\"@type\":\"BreadcrumbList\",\"@id\":\"https:\/\/www.encontraaracaju.com.br\/sobre\/edital-n-414-2026\/#breadcrumb\",\"itemListElement\":[{\"@type\":\"ListItem\",\"position\":1,\"name\":\"In\u00edcio\",\"item\":\"https:\/\/www.encontraaracaju.com.br\/sobre\/\"},{\"@type\":\"ListItem\",\"position\":2,\"name\":\"EDITAL N\u00b0 414\/2026\"}]},{\"@type\":\"WebSite\",\"@id\":\"https:\/\/www.encontraaracaju.com.br\/sobre\/#website\",\"url\":\"https:\/\/www.encontraaracaju.com.br\/sobre\/\",\"name\":\"Encontra Aracaju\",\"description\":\"Not\u00edcias, eventos, informa\u00e7\u00f5es e dicas na cidade Aracaju e regi\u00e3o.\",\"potentialAction\":[{\"@type\":\"SearchAction\",\"target\":{\"@type\":\"EntryPoint\",\"urlTemplate\":\"https:\/\/www.encontraaracaju.com.br\/sobre\/?s={search_term_string}\"},\"query-input\":{\"@type\":\"PropertyValueSpecification\",\"valueRequired\":true,\"valueName\":\"search_term_string\"}}],\"inLanguage\":\"pt-BR\"},{\"@type\":\"Person\",\"@id\":\"https:\/\/www.encontraaracaju.com.br\/sobre\/#\/schema\/person\/4ffad47e9e50db5f93e67859b297b0be\",\"name\":\"Encontra Aracaju\",\"image\":{\"@type\":\"ImageObject\",\"inLanguage\":\"pt-BR\",\"@id\":\"https:\/\/www.encontraaracaju.com.br\/sobre\/#\/schema\/person\/image\/\",\"url\":\"https:\/\/secure.gravatar.com\/avatar\/507340682b8270222e1f208e23198b6ae7e2c6a1033ae84e99bc6bce4f82a387?s=96&d=mm&r=g\",\"contentUrl\":\"https:\/\/secure.gravatar.com\/avatar\/507340682b8270222e1f208e23198b6ae7e2c6a1033ae84e99bc6bce4f82a387?s=96&d=mm&r=g\",\"caption\":\"Encontra Aracaju\"},\"sameAs\":[\"http:\/\/www.encontraaracaju.com.br\"]}]}<\/script>\n<!-- \/ Yoast SEO plugin. -->","yoast_head_json":{"title":"EDITAL N\u00b0 414\/2026 - Encontra Aracaju","robots":{"index":"index","follow":"follow","max-snippet":"max-snippet:-1","max-image-preview":"max-image-preview:large","max-video-preview":"max-video-preview:-1"},"canonical":"https:\/\/www.encontraaracaju.com.br\/sobre\/edital-n-414-2026\/","og_locale":"pt_BR","og_type":"article","og_title":"EDITAL N\u00b0 414\/2026 - Encontra Aracaju","og_description":"Edital 414\/2026 traz oportunidades em Aten\u00e7\u00e3o Prim\u00e1ria em Aracaju.","og_url":"https:\/\/www.encontraaracaju.com.br\/sobre\/edital-n-414-2026\/","og_site_name":"Encontra Aracaju","article_published_time":"2026-07-29T07:11:00+00:00","og_image":[{"url":"https:\/\/www.encontraaracaju.com.br\/sobre\/wp-content\/uploads\/2026\/07\/edital-n-414-2026.webp","type":"","width":"","height":""}],"author":"Encontra Aracaju","twitter_card":"summary_large_image","twitter_misc":{"Escrito por":"Encontra Aracaju","Est. tempo de leitura":"4 minutos"},"schema":{"@context":"https:\/\/schema.org","@graph":[{"@type":"WebPage","@id":"https:\/\/www.encontraaracaju.com.br\/sobre\/edital-n-414-2026\/","url":"https:\/\/www.encontraaracaju.com.br\/sobre\/edital-n-414-2026\/","name":"EDITAL N\u00b0 414\/2026 - Encontra Aracaju","isPartOf":{"@id":"https:\/\/www.encontraaracaju.com.br\/sobre\/#website"},"primaryImageOfPage":{"@id":"https:\/\/www.encontraaracaju.com.br\/sobre\/edital-n-414-2026\/#primaryimage"},"image":{"@id":"https:\/\/www.encontraaracaju.com.br\/sobre\/edital-n-414-2026\/#primaryimage"},"thumbnailUrl":"https:\/\/www.encontraaracaju.com.br\/sobre\/wp-content\/uploads\/2026\/07\/edital-n-414-2026.webp","datePublished":"2026-07-29T07:11:00+00:00","author":{"@id":"https:\/\/www.encontraaracaju.com.br\/sobre\/#\/schema\/person\/4ffad47e9e50db5f93e67859b297b0be"},"breadcrumb":{"@id":"https:\/\/www.encontraaracaju.com.br\/sobre\/edital-n-414-2026\/#breadcrumb"},"inLanguage":"pt-BR","potentialAction":[{"@type":"ReadAction","target":["https:\/\/www.encontraaracaju.com.br\/sobre\/edital-n-414-2026\/"]}]},{"@type":"ImageObject","inLanguage":"pt-BR","@id":"https:\/\/www.encontraaracaju.com.br\/sobre\/edital-n-414-2026\/#primaryimage","url":"https:\/\/www.encontraaracaju.com.br\/sobre\/wp-content\/uploads\/2026\/07\/edital-n-414-2026.webp","contentUrl":"https:\/\/www.encontraaracaju.com.br\/sobre\/wp-content\/uploads\/2026\/07\/edital-n-414-2026.webp","width":280,"height":280,"caption":"EDITAL N\u00b0 414\/2026 \u2013 SIMPLIFICADO \u2013 ATEN\u00c7\u00c3O PRIM\u00c1RIA DE ARACAJU \u2013 SE"},{"@type":"BreadcrumbList","@id":"https:\/\/www.encontraaracaju.com.br\/sobre\/edital-n-414-2026\/#breadcrumb","itemListElement":[{"@type":"ListItem","position":1,"name":"In\u00edcio","item":"https:\/\/www.encontraaracaju.com.br\/sobre\/"},{"@type":"ListItem","position":2,"name":"EDITAL N\u00b0 414\/2026"}]},{"@type":"WebSite","@id":"https:\/\/www.encontraaracaju.com.br\/sobre\/#website","url":"https:\/\/www.encontraaracaju.com.br\/sobre\/","name":"Encontra Aracaju","description":"Not\u00edcias, eventos, informa\u00e7\u00f5es e dicas na cidade Aracaju e regi\u00e3o.","potentialAction":[{"@type":"SearchAction","target":{"@type":"EntryPoint","urlTemplate":"https:\/\/www.encontraaracaju.com.br\/sobre\/?s={search_term_string}"},"query-input":{"@type":"PropertyValueSpecification","valueRequired":true,"valueName":"search_term_string"}}],"inLanguage":"pt-BR"},{"@type":"Person","@id":"https:\/\/www.encontraaracaju.com.br\/sobre\/#\/schema\/person\/4ffad47e9e50db5f93e67859b297b0be","name":"Encontra Aracaju","image":{"@type":"ImageObject","inLanguage":"pt-BR","@id":"https:\/\/www.encontraaracaju.com.br\/sobre\/#\/schema\/person\/image\/","url":"https:\/\/secure.gravatar.com\/avatar\/507340682b8270222e1f208e23198b6ae7e2c6a1033ae84e99bc6bce4f82a387?s=96&d=mm&r=g","contentUrl":"https:\/\/secure.gravatar.com\/avatar\/507340682b8270222e1f208e23198b6ae7e2c6a1033ae84e99bc6bce4f82a387?s=96&d=mm&r=g","caption":"Encontra Aracaju"},"sameAs":["http:\/\/www.encontraaracaju.com.br"]}]}},"_links":{"self":[{"href":"https:\/\/www.encontraaracaju.com.br\/sobre\/wp-json\/wp\/v2\/posts\/2346","targetHints":{"allow":["GET"]}}],"collection":[{"href":"https:\/\/www.encontraaracaju.com.br\/sobre\/wp-json\/wp\/v2\/posts"}],"about":[{"href":"https:\/\/www.encontraaracaju.com.br\/sobre\/wp-json\/wp\/v2\/types\/post"}],"author":[{"embeddable":true,"href":"https:\/\/www.encontraaracaju.com.br\/sobre\/wp-json\/wp\/v2\/users\/1"}],"replies":[{"embeddable":true,"href":"https:\/\/www.encontraaracaju.com.br\/sobre\/wp-json\/wp\/v2\/comments?post=2346"}],"version-history":[{"count":0,"href":"https:\/\/www.encontraaracaju.com.br\/sobre\/wp-json\/wp\/v2\/posts\/2346\/revisions"}],"wp:featuredmedia":[{"embeddable":true,"href":"https:\/\/www.encontraaracaju.com.br\/sobre\/wp-json\/wp\/v2\/media\/2345"}],"wp:attachment":[{"href":"https:\/\/www.encontraaracaju.com.br\/sobre\/wp-json\/wp\/v2\/media?parent=2346"}],"wp:term":[{"taxonomy":"category","embeddable":true,"href":"https:\/\/www.encontraaracaju.com.br\/sobre\/wp-json\/wp\/v2\/categories?post=2346"},{"taxonomy":"post_tag","embeddable":true,"href":"https:\/\/www.encontraaracaju.com.br\/sobre\/wp-json\/wp\/v2\/tags?post=2346"}],"curies":[{"name":"wp","href":"https:\/\/api.w.org\/{rel}","templated":true}]}}