{"id":2344,"date":"2026-07-28T04:58:51","date_gmt":"2026-07-28T07:58:51","guid":{"rendered":"https:\/\/www.encontraaracaju.com.br\/sobre\/mais-de-35-mil-alunos-da-rede-publica-de-aracaju-voltaram-as-aulas-nesta-segunda-27\/"},"modified":"2026-07-28T04:58:51","modified_gmt":"2026-07-28T07:58:51","slug":"mais-de-35-mil-alunos-da-rede-publica-de-aracaju-voltaram-as-aulas-nesta-segunda-27","status":"publish","type":"post","link":"https:\/\/www.encontraaracaju.com.br\/sobre\/mais-de-35-mil-alunos-da-rede-publica-de-aracaju-voltaram-as-aulas-nesta-segunda-27\/","title":{"rendered":"Mais de 35 mil alunos da rede p\u00fablica de Aracaju voltaram \u00e0s aulas nesta segunda, 27"},"content":{"rendered":"<div class=\"0de350683d360aa04277a39db0bae410\" data-index=\"1\" style=\"float: none; margin:0px;\">\n<!-- Anuncio display - global -->\r\n<ins class=\"adsbygoogle\"\r\n     style=\"display:block\"\r\n     data-ad-client=\"ca-pub-8585364105181520\"\r\n     data-ad-slot=\"8789329856\"\r\n     data-ad-format=\"auto\"\r\n     data-full-width-responsive=\"true\"><\/ins>\r\n<script>\r\n     (adsbygoogle = window.adsbygoogle || []).push({});\r\n<\/script>\n<\/div>\n<h2>Uma Nova Era na Educa\u00e7\u00e3o de Aracaju<\/h2>\n<p>O in\u00edcio do segundo semestre letivo de 2026 marca um momento significativo no panorama educacional de Aracaju. Com a volta \u00e0s aulas, mais de 35 mil estudantes retomar\u00e3o suas atividades nas 80 escolas e sete anexos da rede p\u00fablica municipal. Essa mobiliza\u00e7\u00e3o representa um compromisso renovado com a educa\u00e7\u00e3o, fomentando um ambiente que favorece o aprendizado e o desenvolvimento integral das crian\u00e7as.<\/p>\n<h2>Preparativos para o Retorno \u00e0s Aulas<\/h2>\n<p>Com a proximidade da data de retorno, as escolas se prepararam com afinco. A equipe da Secretaria Municipal de Educa\u00e7\u00e3o, sob a lideran\u00e7a da Secret\u00e1ria Edna Amorim, coordenou visitas a v\u00e1rias unidades escolares para garantir que tudo estivesse pronto para receber alunos e professores. Essas visitas foram uma oportunidade para verificar as condi\u00e7\u00f5es f\u00edsicas das escolas, realizando ajustes e pequenos reparos que pudessem ser necess\u00e1rios para oferecer um ambiente acolhedor e seguro para todos.<\/p>\n<h2>Boas-vindas Especiais para os Alunos<\/h2>\n<p>No dia do retorno, a acolhida foi um momento especial. A Escola Municipal de Ensino Fundamental em Tempo Integral Jo\u00e3o Oliva Alves, por exemplo, promoveu uma apresenta\u00e7\u00e3o art\u00edstica organizada pelo Projeto Anjos Azuis, da Guarda Municipal. Alunos e professores se sentiram motivados e felizes ao participar de atividades que simbolizavam a uni\u00e3o e o entusiasmo com a reabertura das aulas.<\/p>\n<p><img decoding=\"async\" src=\"https:\/\/www.encontraaracaju.com.br\/sobre\/wp-content\/uploads\/2026\/07\/mais-de-35-mil-alunos-da-rede-publica-de-aracaju-voltaram-as-aulas-nesta-segunda-27.webp\" alt=\"retorno \u00e0s aulas Aracaju\" loading=\"lazy\" \/><\/p>\n<h2>Import\u00e2ncia da Educa\u00e7\u00e3o F\u00edsica na Escola<\/h2>\n<p>Um dos pilares defendidos pela nova gest\u00e3o \u00e9 a valoriza\u00e7\u00e3o da pr\u00e1tica de atividades f\u00edsicas na rotina escolar. A entrega de materiais de Educa\u00e7\u00e3o F\u00edsica nas escolas \u00e9 um exemplo disso. As aulas de Educa\u00e7\u00e3o F\u00edsica s\u00e3o essenciais n\u00e3o s\u00f3 para promover a sa\u00fade, mas tamb\u00e9m para o desenvolvimento social e emocional das crian\u00e7as. O investimento que n\u00e3o era feito h\u00e1 anos agora volta a ser uma prioridade, com a distribui\u00e7\u00e3o de bolas, colchonetes e outros equipamentos.<\/p>\n<h2>Melhorias Estruturais nas Escolas<\/h2>\n<p>Junto ao empenho na instru\u00e7\u00e3o, as melhorias nas infraestruturas das escolas t\u00eam ocupado espa\u00e7o central nas a\u00e7\u00f5es da Prefeitura de Aracaju. As unidades passaram por manuten\u00e7\u00f5es que trouxeram pequenas reformas, garantindo assim melhores condi\u00e7\u00f5es de aprendizado e um ambiente mais confort\u00e1vel tanto para alunos quanto para professores. Essas a\u00e7\u00f5es s\u00e3o parte de um esfor\u00e7o cont\u00ednuo para modernizar o ensino na capital sergipana.<\/p>\n<h2>Refor\u00e7o no Quadro de Professores<\/h2>\n<p>A chegada de novos professores \u00e9 outra mudan\u00e7a significativa. Nos \u00faltimos dias, mais de 60 docentes associados \u00e0 rede p\u00fablica municipal assumiram suas fun\u00e7\u00f5es, desenvolvendo um quadro mais robusto para atender \u00e0 demanda dos alunos. Esse refor\u00e7o \u00e9 essencial, especialmente considerando a necessidade de atender adequadamente todas as turmas e assegurar que os projetos educacionais sejam executados de maneira eficaz.<\/p>\n<h2>Compromisso com a Educa\u00e7\u00e3o P\u00fablica de Qualidade<\/h2>\n<p>Esse momento de retorno \u00e0s aulas \u00e9 tamb\u00e9m uma reafirma\u00e7\u00e3o do compromisso da Prefeitura com a educa\u00e7\u00e3o p\u00fablica de qualidade. A Secret\u00e1ria Edna Amorim enfatizou, durante as visitas \u00e0s escolas, o desejo de que todos os alunos tenham acesso a um ensino de excel\u00eancia. A expectativa \u00e9 que este semestre traga muitas conquistas e um avan\u00e7o significativo na qualidade do aprendizado, refletindo diretamente nas vidas dos estudantes.<\/p>\n<h2>A Implementa\u00e7\u00e3o da Lei de Educa\u00e7\u00e3o F\u00edsica<\/h2>\n<p>Em conson\u00e2ncia com essas melhorias, tamb\u00e9m foi reativada a aplica\u00e7\u00e3o da Lei n\u00ba 4.441\/2013, que garante aulas de Educa\u00e7\u00e3o F\u00edsica para todas as turmas, incluindo aquelas da pr\u00e9-escola. Essa legisla\u00e7\u00e3o, que n\u00e3o estava sendo colocada em pr\u00e1tica h\u00e1 mais de uma d\u00e9cada, volta a integrar o cotidiano escolar, ampliando as oportunidades para que as crian\u00e7as tenham acesso a atividades f\u00edsicas desde os primeiros anos de vida escolar.<\/p>\n<h2>Expectativas para o Segundo Semestre<\/h2>\n<p>Com o novo semestre, as expectativas s\u00e3o altas. A pedagoga Amanda Cristina Nascimento, uma das tantas profissionais que iniciam sua jornada agora, expressou sua empolga\u00e7\u00e3o ao voltar \u00e0s aulas. Para ela, cada momento \u00e9 uma chance de construir um futuro melhor para os alunos. Assim, n\u00e3o s\u00f3 as crian\u00e7as, mas toda a equipe escolar se prepara para um semestre repleto de desafios e aprendizados.<\/p>\n<h2>Iniciativas para o Desenvolvimento Infantil<\/h2>\n<p>Na busca pela excel\u00eancia educacional, a integra\u00e7\u00e3o das fam\u00edlias \u00e0 vida escolar e a promo\u00e7\u00e3o de atividades extracurriculares ser\u00e3o prioridades. Diretores, como Josivanda Santana da Escola \u00c2ngela de Melo, ressaltam a import\u00e2ncia de envolver toda a comunidade nas iniciativas da escola. Essa uni\u00e3o \u00e9 fundamental para criar um ambiente prop\u00edcio ao aprendizado e \u00e0 constru\u00e7\u00e3o de saberes significativos.<\/p>\n<p>No geral, o retorno \u00e0s aulas em Aracaju n\u00e3o \u00e9 apenas um evento que marca a continua\u00e7\u00e3o da educa\u00e7\u00e3o formal; \u00e9 um momento de renova\u00e7\u00e3o, compromisso e esperan\u00e7a por um futuro melhor para todos. As escolas est\u00e3o de portas abertas, prontas para receber seus alunos e garantir que a experi\u00eancia escolar seja enriquecedora e transformadora.<\/p>\n\n<div style=\"font-size: 0px; height: 0px; line-height: 0px; margin: 0; padding: 0; clear: both;\"><\/div>","protected":false},"excerpt":{"rendered":"<p>Mais de 35 mil alunos retornaram \u00e0s aulas em Aracaju com melhorias e novidades no ensino.<\/p>\n","protected":false},"author":1,"featured_media":2343,"comment_status":"closed","ping_status":"closed","sticky":false,"template":"","format":"standard","meta":{"footnotes":""},"categories":[23],"tags":[],"class_list":["post-2344","post","type-post","status-publish","format-standard","has-post-thumbnail","hentry","category-educacao-em-aracaju","has_thumb"],"yoast_head":"<!-- This site is optimized with the Yoast SEO plugin v26.4 - https:\/\/yoast.com\/wordpress\/plugins\/seo\/ -->\n<title>Mais de 35 mil alunos da rede p\u00fablica de Aracaju voltaram \u00e0s aulas nesta segunda, 27 - Encontra Aracaju<\/title>\n<meta name=\"robots\" content=\"index, follow, max-snippet:-1, max-image-preview:large, max-video-preview:-1\" \/>\n<link rel=\"canonical\" href=\"https:\/\/www.encontraaracaju.com.br\/sobre\/mais-de-35-mil-alunos-da-rede-publica-de-aracaju-voltaram-as-aulas-nesta-segunda-27\/\" \/>\n<meta property=\"og:locale\" content=\"pt_BR\" \/>\n<meta property=\"og:type\" content=\"article\" \/>\n<meta property=\"og:title\" content=\"Mais de 35 mil alunos da rede p\u00fablica de Aracaju voltaram \u00e0s aulas nesta segunda, 27 - Encontra Aracaju\" \/>\n<meta property=\"og:description\" content=\"Mais de 35 mil alunos retornaram \u00e0s aulas em Aracaju com melhorias e novidades no ensino.\" \/>\n<meta property=\"og:url\" content=\"https:\/\/www.encontraaracaju.com.br\/sobre\/mais-de-35-mil-alunos-da-rede-publica-de-aracaju-voltaram-as-aulas-nesta-segunda-27\/\" \/>\n<meta property=\"og:site_name\" content=\"Encontra Aracaju\" \/>\n<meta property=\"article:published_time\" content=\"2026-07-28T07:58:51+00:00\" \/>\n<meta property=\"og:image\" content=\"https:\/\/www.encontraaracaju.com.br\/sobre\/wp-content\/uploads\/2026\/07\/mais-de-35-mil-alunos-da-rede-publica-de-aracaju-voltaram-as-aulas-nesta-segunda-27.webp\" \/>\n<meta name=\"author\" content=\"Encontra Aracaju\" \/>\n<meta name=\"twitter:card\" content=\"summary_large_image\" \/>\n<meta name=\"twitter:label1\" content=\"Escrito por\" \/>\n\t<meta name=\"twitter:data1\" content=\"Encontra Aracaju\" \/>\n\t<meta name=\"twitter:label2\" content=\"Est. tempo de leitura\" \/>\n\t<meta name=\"twitter:data2\" content=\"4 minutos\" \/>\n<script type=\"application\/ld+json\" class=\"yoast-schema-graph\">{\"@context\":\"https:\/\/schema.org\",\"@graph\":[{\"@type\":\"WebPage\",\"@id\":\"https:\/\/www.encontraaracaju.com.br\/sobre\/mais-de-35-mil-alunos-da-rede-publica-de-aracaju-voltaram-as-aulas-nesta-segunda-27\/\",\"url\":\"https:\/\/www.encontraaracaju.com.br\/sobre\/mais-de-35-mil-alunos-da-rede-publica-de-aracaju-voltaram-as-aulas-nesta-segunda-27\/\",\"name\":\"Mais de 35 mil alunos da rede p\u00fablica de Aracaju voltaram \u00e0s aulas nesta segunda, 27 - Encontra Aracaju\",\"isPartOf\":{\"@id\":\"https:\/\/www.encontraaracaju.com.br\/sobre\/#website\"},\"primaryImageOfPage\":{\"@id\":\"https:\/\/www.encontraaracaju.com.br\/sobre\/mais-de-35-mil-alunos-da-rede-publica-de-aracaju-voltaram-as-aulas-nesta-segunda-27\/#primaryimage\"},\"image\":{\"@id\":\"https:\/\/www.encontraaracaju.com.br\/sobre\/mais-de-35-mil-alunos-da-rede-publica-de-aracaju-voltaram-as-aulas-nesta-segunda-27\/#primaryimage\"},\"thumbnailUrl\":\"https:\/\/www.encontraaracaju.com.br\/sobre\/wp-content\/uploads\/2026\/07\/mais-de-35-mil-alunos-da-rede-publica-de-aracaju-voltaram-as-aulas-nesta-segunda-27.webp\",\"datePublished\":\"2026-07-28T07:58:51+00:00\",\"author\":{\"@id\":\"https:\/\/www.encontraaracaju.com.br\/sobre\/#\/schema\/person\/4ffad47e9e50db5f93e67859b297b0be\"},\"breadcrumb\":{\"@id\":\"https:\/\/www.encontraaracaju.com.br\/sobre\/mais-de-35-mil-alunos-da-rede-publica-de-aracaju-voltaram-as-aulas-nesta-segunda-27\/#breadcrumb\"},\"inLanguage\":\"pt-BR\",\"potentialAction\":[{\"@type\":\"ReadAction\",\"target\":[\"https:\/\/www.encontraaracaju.com.br\/sobre\/mais-de-35-mil-alunos-da-rede-publica-de-aracaju-voltaram-as-aulas-nesta-segunda-27\/\"]}]},{\"@type\":\"ImageObject\",\"inLanguage\":\"pt-BR\",\"@id\":\"https:\/\/www.encontraaracaju.com.br\/sobre\/mais-de-35-mil-alunos-da-rede-publica-de-aracaju-voltaram-as-aulas-nesta-segunda-27\/#primaryimage\",\"url\":\"https:\/\/www.encontraaracaju.com.br\/sobre\/wp-content\/uploads\/2026\/07\/mais-de-35-mil-alunos-da-rede-publica-de-aracaju-voltaram-as-aulas-nesta-segunda-27.webp\",\"contentUrl\":\"https:\/\/www.encontraaracaju.com.br\/sobre\/wp-content\/uploads\/2026\/07\/mais-de-35-mil-alunos-da-rede-publica-de-aracaju-voltaram-as-aulas-nesta-segunda-27.webp\",\"width\":280,\"height\":280,\"caption\":\"retorno \u00e0s aulas Aracaju\"},{\"@type\":\"BreadcrumbList\",\"@id\":\"https:\/\/www.encontraaracaju.com.br\/sobre\/mais-de-35-mil-alunos-da-rede-publica-de-aracaju-voltaram-as-aulas-nesta-segunda-27\/#breadcrumb\",\"itemListElement\":[{\"@type\":\"ListItem\",\"position\":1,\"name\":\"In\u00edcio\",\"item\":\"https:\/\/www.encontraaracaju.com.br\/sobre\/\"},{\"@type\":\"ListItem\",\"position\":2,\"name\":\"Mais de 35 mil alunos da rede p\u00fablica de Aracaju voltaram \u00e0s aulas nesta segunda, 27\"}]},{\"@type\":\"WebSite\",\"@id\":\"https:\/\/www.encontraaracaju.com.br\/sobre\/#website\",\"url\":\"https:\/\/www.encontraaracaju.com.br\/sobre\/\",\"name\":\"Encontra Aracaju\",\"description\":\"Not\u00edcias, eventos, informa\u00e7\u00f5es e dicas na cidade Aracaju e regi\u00e3o.\",\"potentialAction\":[{\"@type\":\"SearchAction\",\"target\":{\"@type\":\"EntryPoint\",\"urlTemplate\":\"https:\/\/www.encontraaracaju.com.br\/sobre\/?s={search_term_string}\"},\"query-input\":{\"@type\":\"PropertyValueSpecification\",\"valueRequired\":true,\"valueName\":\"search_term_string\"}}],\"inLanguage\":\"pt-BR\"},{\"@type\":\"Person\",\"@id\":\"https:\/\/www.encontraaracaju.com.br\/sobre\/#\/schema\/person\/4ffad47e9e50db5f93e67859b297b0be\",\"name\":\"Encontra Aracaju\",\"image\":{\"@type\":\"ImageObject\",\"inLanguage\":\"pt-BR\",\"@id\":\"https:\/\/www.encontraaracaju.com.br\/sobre\/#\/schema\/person\/image\/\",\"url\":\"https:\/\/secure.gravatar.com\/avatar\/507340682b8270222e1f208e23198b6ae7e2c6a1033ae84e99bc6bce4f82a387?s=96&d=mm&r=g\",\"contentUrl\":\"https:\/\/secure.gravatar.com\/avatar\/507340682b8270222e1f208e23198b6ae7e2c6a1033ae84e99bc6bce4f82a387?s=96&d=mm&r=g\",\"caption\":\"Encontra Aracaju\"},\"sameAs\":[\"http:\/\/www.encontraaracaju.com.br\"]}]}<\/script>\n<!-- \/ Yoast SEO plugin. -->","yoast_head_json":{"title":"Mais de 35 mil alunos da rede p\u00fablica de Aracaju voltaram \u00e0s aulas nesta segunda, 27 - Encontra Aracaju","robots":{"index":"index","follow":"follow","max-snippet":"max-snippet:-1","max-image-preview":"max-image-preview:large","max-video-preview":"max-video-preview:-1"},"canonical":"https:\/\/www.encontraaracaju.com.br\/sobre\/mais-de-35-mil-alunos-da-rede-publica-de-aracaju-voltaram-as-aulas-nesta-segunda-27\/","og_locale":"pt_BR","og_type":"article","og_title":"Mais de 35 mil alunos da rede p\u00fablica de Aracaju voltaram \u00e0s aulas nesta segunda, 27 - Encontra Aracaju","og_description":"Mais de 35 mil alunos retornaram \u00e0s aulas em Aracaju com melhorias e novidades no ensino.","og_url":"https:\/\/www.encontraaracaju.com.br\/sobre\/mais-de-35-mil-alunos-da-rede-publica-de-aracaju-voltaram-as-aulas-nesta-segunda-27\/","og_site_name":"Encontra Aracaju","article_published_time":"2026-07-28T07:58:51+00:00","og_image":[{"url":"https:\/\/www.encontraaracaju.com.br\/sobre\/wp-content\/uploads\/2026\/07\/mais-de-35-mil-alunos-da-rede-publica-de-aracaju-voltaram-as-aulas-nesta-segunda-27.webp","type":"","width":"","height":""}],"author":"Encontra Aracaju","twitter_card":"summary_large_image","twitter_misc":{"Escrito por":"Encontra Aracaju","Est. tempo de leitura":"4 minutos"},"schema":{"@context":"https:\/\/schema.org","@graph":[{"@type":"WebPage","@id":"https:\/\/www.encontraaracaju.com.br\/sobre\/mais-de-35-mil-alunos-da-rede-publica-de-aracaju-voltaram-as-aulas-nesta-segunda-27\/","url":"https:\/\/www.encontraaracaju.com.br\/sobre\/mais-de-35-mil-alunos-da-rede-publica-de-aracaju-voltaram-as-aulas-nesta-segunda-27\/","name":"Mais de 35 mil alunos da rede p\u00fablica de Aracaju voltaram \u00e0s aulas nesta segunda, 27 - Encontra Aracaju","isPartOf":{"@id":"https:\/\/www.encontraaracaju.com.br\/sobre\/#website"},"primaryImageOfPage":{"@id":"https:\/\/www.encontraaracaju.com.br\/sobre\/mais-de-35-mil-alunos-da-rede-publica-de-aracaju-voltaram-as-aulas-nesta-segunda-27\/#primaryimage"},"image":{"@id":"https:\/\/www.encontraaracaju.com.br\/sobre\/mais-de-35-mil-alunos-da-rede-publica-de-aracaju-voltaram-as-aulas-nesta-segunda-27\/#primaryimage"},"thumbnailUrl":"https:\/\/www.encontraaracaju.com.br\/sobre\/wp-content\/uploads\/2026\/07\/mais-de-35-mil-alunos-da-rede-publica-de-aracaju-voltaram-as-aulas-nesta-segunda-27.webp","datePublished":"2026-07-28T07:58:51+00:00","author":{"@id":"https:\/\/www.encontraaracaju.com.br\/sobre\/#\/schema\/person\/4ffad47e9e50db5f93e67859b297b0be"},"breadcrumb":{"@id":"https:\/\/www.encontraaracaju.com.br\/sobre\/mais-de-35-mil-alunos-da-rede-publica-de-aracaju-voltaram-as-aulas-nesta-segunda-27\/#breadcrumb"},"inLanguage":"pt-BR","potentialAction":[{"@type":"ReadAction","target":["https:\/\/www.encontraaracaju.com.br\/sobre\/mais-de-35-mil-alunos-da-rede-publica-de-aracaju-voltaram-as-aulas-nesta-segunda-27\/"]}]},{"@type":"ImageObject","inLanguage":"pt-BR","@id":"https:\/\/www.encontraaracaju.com.br\/sobre\/mais-de-35-mil-alunos-da-rede-publica-de-aracaju-voltaram-as-aulas-nesta-segunda-27\/#primaryimage","url":"https:\/\/www.encontraaracaju.com.br\/sobre\/wp-content\/uploads\/2026\/07\/mais-de-35-mil-alunos-da-rede-publica-de-aracaju-voltaram-as-aulas-nesta-segunda-27.webp","contentUrl":"https:\/\/www.encontraaracaju.com.br\/sobre\/wp-content\/uploads\/2026\/07\/mais-de-35-mil-alunos-da-rede-publica-de-aracaju-voltaram-as-aulas-nesta-segunda-27.webp","width":280,"height":280,"caption":"retorno \u00e0s aulas Aracaju"},{"@type":"BreadcrumbList","@id":"https:\/\/www.encontraaracaju.com.br\/sobre\/mais-de-35-mil-alunos-da-rede-publica-de-aracaju-voltaram-as-aulas-nesta-segunda-27\/#breadcrumb","itemListElement":[{"@type":"ListItem","position":1,"name":"In\u00edcio","item":"https:\/\/www.encontraaracaju.com.br\/sobre\/"},{"@type":"ListItem","position":2,"name":"Mais de 35 mil alunos da rede p\u00fablica de Aracaju voltaram \u00e0s aulas nesta segunda, 27"}]},{"@type":"WebSite","@id":"https:\/\/www.encontraaracaju.com.br\/sobre\/#website","url":"https:\/\/www.encontraaracaju.com.br\/sobre\/","name":"Encontra Aracaju","description":"Not\u00edcias, eventos, informa\u00e7\u00f5es e dicas na cidade Aracaju e regi\u00e3o.","potentialAction":[{"@type":"SearchAction","target":{"@type":"EntryPoint","urlTemplate":"https:\/\/www.encontraaracaju.com.br\/sobre\/?s={search_term_string}"},"query-input":{"@type":"PropertyValueSpecification","valueRequired":true,"valueName":"search_term_string"}}],"inLanguage":"pt-BR"},{"@type":"Person","@id":"https:\/\/www.encontraaracaju.com.br\/sobre\/#\/schema\/person\/4ffad47e9e50db5f93e67859b297b0be","name":"Encontra Aracaju","image":{"@type":"ImageObject","inLanguage":"pt-BR","@id":"https:\/\/www.encontraaracaju.com.br\/sobre\/#\/schema\/person\/image\/","url":"https:\/\/secure.gravatar.com\/avatar\/507340682b8270222e1f208e23198b6ae7e2c6a1033ae84e99bc6bce4f82a387?s=96&d=mm&r=g","contentUrl":"https:\/\/secure.gravatar.com\/avatar\/507340682b8270222e1f208e23198b6ae7e2c6a1033ae84e99bc6bce4f82a387?s=96&d=mm&r=g","caption":"Encontra Aracaju"},"sameAs":["http:\/\/www.encontraaracaju.com.br"]}]}},"_links":{"self":[{"href":"https:\/\/www.encontraaracaju.com.br\/sobre\/wp-json\/wp\/v2\/posts\/2344","targetHints":{"allow":["GET"]}}],"collection":[{"href":"https:\/\/www.encontraaracaju.com.br\/sobre\/wp-json\/wp\/v2\/posts"}],"about":[{"href":"https:\/\/www.encontraaracaju.com.br\/sobre\/wp-json\/wp\/v2\/types\/post"}],"author":[{"embeddable":true,"href":"https:\/\/www.encontraaracaju.com.br\/sobre\/wp-json\/wp\/v2\/users\/1"}],"replies":[{"embeddable":true,"href":"https:\/\/www.encontraaracaju.com.br\/sobre\/wp-json\/wp\/v2\/comments?post=2344"}],"version-history":[{"count":0,"href":"https:\/\/www.encontraaracaju.com.br\/sobre\/wp-json\/wp\/v2\/posts\/2344\/revisions"}],"wp:featuredmedia":[{"embeddable":true,"href":"https:\/\/www.encontraaracaju.com.br\/sobre\/wp-json\/wp\/v2\/media\/2343"}],"wp:attachment":[{"href":"https:\/\/www.encontraaracaju.com.br\/sobre\/wp-json\/wp\/v2\/media?parent=2344"}],"wp:term":[{"taxonomy":"category","embeddable":true,"href":"https:\/\/www.encontraaracaju.com.br\/sobre\/wp-json\/wp\/v2\/categories?post=2344"},{"taxonomy":"post_tag","embeddable":true,"href":"https:\/\/www.encontraaracaju.com.br\/sobre\/wp-json\/wp\/v2\/tags?post=2344"}],"curies":[{"name":"wp","href":"https:\/\/api.w.org\/{rel}","templated":true}]}}