{"id":2340,"date":"2026-07-28T04:56:21","date_gmt":"2026-07-28T07:56:21","guid":{"rendered":"https:\/\/www.encontraaracaju.com.br\/sobre\/prefeita-emilia-entrega-autorizacoes-e-consolida-vitoria-do-transporte-complementar\/"},"modified":"2026-07-28T04:56:21","modified_gmt":"2026-07-28T07:56:21","slug":"prefeita-emilia-entrega-autorizacoes-e-consolida-vitoria-do-transporte-complementar","status":"publish","type":"post","link":"https:\/\/www.encontraaracaju.com.br\/sobre\/prefeita-emilia-entrega-autorizacoes-e-consolida-vitoria-do-transporte-complementar\/","title":{"rendered":"Prefeita Em\u00edlia entrega autoriza\u00e7\u00f5es e consolida vit\u00f3ria do transporte complementar"},"content":{"rendered":"<div class=\"0de350683d360aa04277a39db0bae410\" data-index=\"1\" style=\"float: none; margin:0px;\">\n<!-- Anuncio display - global -->\r\n<ins class=\"adsbygoogle\"\r\n     style=\"display:block\"\r\n     data-ad-client=\"ca-pub-8585364105181520\"\r\n     data-ad-slot=\"8789329856\"\r\n     data-ad-format=\"auto\"\r\n     data-full-width-responsive=\"true\"><\/ins>\r\n<script>\r\n     (adsbygoogle = window.adsbygoogle || []).push({});\r\n<\/script>\n<\/div>\n<h2>Hist\u00f3rico da luta pelo transporte complementar<\/h2>\n<p>A luta pelo transporte complementar em Aracaju remonta a muitos anos, sendo marcada por um anseio cont\u00ednuo dos trabalhadores dessa \u00e1rea por reconhecimento e regulamenta\u00e7\u00e3o. Durante mais de tr\u00eas d\u00e9cadas, motoristas e cooperativas enfrentaram desafios significativos, como a falta de suporte legal e a constante amea\u00e7a de multas e apreens\u00f5es de ve\u00edculos. A resist\u00eancia desses profissionais se baseava na necessidade de oferecer um servi\u00e7o essencial \u00e0 popula\u00e7\u00e3o, especialmente em \u00e1reas que careciam de alternativas de transporte.<\/p>\n<h2>Conquistas da regulamenta\u00e7\u00e3o<\/h2>\n<p>A entrega dos Termos de Autoriza\u00e7\u00e3o e Credenciamento na Superintend\u00eancia Municipal de Transportes e Tr\u00e2nsito (SMTT) simboliza a culmina\u00e7\u00e3o de uma longa luta. Com a san\u00e7\u00e3o da Lei Municipal n\u00ba 6.205\/2025, a gest\u00e3o da prefeita Em\u00edlia Corr\u00eaa trouxe um novo cap\u00edtulo para os trabalhadores do setor, formalizando suas atividades e garantindo um ambiente de trabalho mais seguro e respeit\u00e1vel. Com isso, as cooperativas ganharam um respaldo legal necess\u00e1rio para operar dentro das normas estabelecidas pela SMTT.<\/p>\n<h2>Import\u00e2ncia da lei municipal n\u00ba 6.205\/2025<\/h2>\n<p>A Lei Municipal n\u00ba 6.205\/2025 \u00e9 um marco que n\u00e3o apenas regulamenta a atua\u00e7\u00e3o do transporte complementar, mas tamb\u00e9m reconhece a import\u00e2ncia desse servi\u00e7o para a mobilidade urbana. Essa legisla\u00e7\u00e3o permite \u00e0s cooperativas operar de forma organizada, legalizada, e sob fiscaliza\u00e7\u00e3o, o que aumenta a confian\u00e7a dos usu\u00e1rios e melhora a qualidade do servi\u00e7o prestado. Al\u00e9m disso, serve como uma urgente resposta \u00e0s demandas de potencializa\u00e7\u00e3o do transporte p\u00fablico na capital.<\/p>\n<p><img decoding=\"async\" src=\"https:\/\/www.encontraaracaju.com.br\/sobre\/wp-content\/uploads\/2026\/07\/prefeita-emilia-entrega-autorizacoes-e-consolida-vitoria-do-transporte-complementar.webp\" alt=\"transporte complementar\" loading=\"lazy\" \/><\/p>\n<h2>Impactos positivos para a popula\u00e7\u00e3o<\/h2>\n<p>A nova regulamenta\u00e7\u00e3o traz benef\u00edcios diretos para os cidad\u00e3os de Aracaju. A formaliza\u00e7\u00e3o do transporte complementar amplia a oferta de servi\u00e7os em \u00e1reas carentes, como a Zona de Expans\u00e3o. Com isso, os moradores t\u00eam mais op\u00e7\u00f5es de deslocamento, que s\u00e3o econ\u00f4micas e seguras. A nova estrutura do transporte eleva a qualidade no atendimento ao usu\u00e1rio, aumentando a efici\u00eancia e a disponibilidade de ve\u00edculos nas localidades onde mais se necessita.<\/p>\n<h2>Depoimentos de cooperados sobre a regulamenta\u00e7\u00e3o<\/h2>\n<p>Os cooperados expressaram sua satisfa\u00e7\u00e3o e emo\u00e7\u00e3o com a regulariza\u00e7\u00e3o do transporte complementar. Francisco Corr\u00eaa, presidente da Cooptasmar, ressaltou a import\u00e2ncia de ter um respaldo legal para poder trabalhar dentro das normas estabelecidas. Walliston Leite, da Cooptacaju, enfatizou a realiza\u00e7\u00e3o de um sonho que muitos esperavam h\u00e1 anos, sentindo que finalmente tinha chegado o momento de dignidade e liberdade para todos os cooperados, pois agora t\u00eam identifica\u00e7\u00e3o adequada dos ve\u00edculos e respeitabilidade diante da sociedade.<\/p>\n<h2>Como o transporte complementar melhora a mobilidade urbana<\/h2>\n<p>O transporte complementar se insere como uma solu\u00e7\u00e3o muito importante para a mobilidade urbana de Aracaju. Com a cria\u00e7\u00e3o de novas linhas que atendem bairros e \u00e1reas carentes, a integra\u00e7\u00e3o do transporte complementar \u00e0 rede de mobilidade da cidade melhora significativamente a acessibilidade dos cidad\u00e3os. Isso garante que mais pessoas possam se deslocar com facilidade e seguran\u00e7a, sem depender exclusivamente do transporte p\u00fablico tradicional.<\/p>\n<h2>Desafios enfrentados pelas cooperativas antes da regulamenta\u00e7\u00e3o<\/h2>\n<p>Antes da regulamenta\u00e7\u00e3o, as cooperativas de transporte complementar enfrentaram uma s\u00e9rie de desafios. A inseguran\u00e7a era constante, com muitos motoristas sendo multados e seus ve\u00edculos apreendidos, apesar de prestarem um servi\u00e7o comunit\u00e1rio. Sem um amparo legal, a atividade se tornava prec\u00e1ria, dificultando a sobreviv\u00eancia das cooperativas e o sustento das fam\u00edlias envolvidas no setor. A luta por reconhecimento e regulamenta\u00e7\u00e3o foi, portanto, um imperativo para a pr\u00f3pria subsist\u00eancia desses trabalhadores.<\/p>\n<h2>A fun\u00e7\u00e3o da SMTT na regulariza\u00e7\u00e3o dos servi\u00e7os<\/h2>\n<p>A Superintend\u00eancia Municipal de Transportes e Tr\u00e2nsito (SMTT) desempenha um papel crucial na regulariza\u00e7\u00e3o e fiscaliza\u00e7\u00e3o do transporte complementar em Aracaju. Atrav\u00e9s da cria\u00e7\u00e3o de normas e diretrizes claras, a SMTT garantiu que o transporte complementar se integresse de forma ordenada ao sistema de mobilidade da cidade. Essa atua\u00e7\u00e3o n\u00e3o apenas protege os trabalhadores, mas tamb\u00e9m prioriza a seguran\u00e7a e a qualidade do servi\u00e7o prestado aos cidad\u00e3os.<\/p>\n<h2>Vis\u00e3o da prefeita Em\u00edlia sobre a participa\u00e7\u00e3o da popula\u00e7\u00e3o<\/h2>\n<p>A prefeita Em\u00edlia Corr\u00eaa destaca a import\u00e2ncia do di\u00e1logo e da participa\u00e7\u00e3o da popula\u00e7\u00e3o na constru\u00e7\u00e3o de pol\u00edticas p\u00fablicas eficientes. Ao enfatizar que cada conquista relacionada ao transporte complementar \u00e9 resultado de anos de luta e reivindica\u00e7\u00f5es da pr\u00f3pria popula\u00e7\u00e3o, a prefeita evidencia o compromisso da gest\u00e3o em ouvir e acolher as demandas dos cidad\u00e3os, transformando-as em a\u00e7\u00f5es concretas e ben\u00e9ficas para o bem-estar coletivo.<\/p>\n<h2>O futuro do transporte complementar em Aracaju<\/h2>\n<p>Com a regulamenta\u00e7\u00e3o em curso e a cria\u00e7\u00e3o de um ambiente prop\u00edcio para a opera\u00e7\u00e3o de transporte complementar, o futuro desse segmento apresenta-se promissor. A expectativa \u00e9 de que, com a implementa\u00e7\u00e3o e fiscaliza\u00e7\u00e3o certeira da SMTT, o transporte complementar se consolide como uma op\u00e7\u00e3o indispens\u00e1vel e respeit\u00e1vel na mobilidade urbana de Aracaju. Isso implica em melhorias cont\u00ednuas na qualidade do servi\u00e7o, na satisfa\u00e7\u00e3o dos usu\u00e1rios e no incremento das cooperativas flutuantes.<\/p>\n\n<div style=\"font-size: 0px; height: 0px; line-height: 0px; margin: 0; padding: 0; clear: both;\"><\/div>","protected":false},"excerpt":{"rendered":"<p>Prefeita Em\u00edlia d\u00e1 in\u00edcio \u00e0 regulamenta\u00e7\u00e3o do transporte complementar em Aracaju.<\/p>\n","protected":false},"author":1,"featured_media":2339,"comment_status":"closed","ping_status":"closed","sticky":false,"template":"","format":"standard","meta":{"footnotes":""},"categories":[37],"tags":[],"class_list":["post-2340","post","type-post","status-publish","format-standard","has-post-thumbnail","hentry","category-autorizadas-aracaju","has_thumb"],"yoast_head":"<!-- This site is optimized with the Yoast SEO plugin v26.4 - https:\/\/yoast.com\/wordpress\/plugins\/seo\/ -->\n<title>Prefeita Em\u00edlia entrega autoriza\u00e7\u00f5es e consolida vit\u00f3ria do transporte complementar - Encontra Aracaju<\/title>\n<meta name=\"robots\" content=\"index, follow, max-snippet:-1, max-image-preview:large, max-video-preview:-1\" \/>\n<link rel=\"canonical\" href=\"https:\/\/www.encontraaracaju.com.br\/sobre\/prefeita-emilia-entrega-autorizacoes-e-consolida-vitoria-do-transporte-complementar\/\" \/>\n<meta property=\"og:locale\" content=\"pt_BR\" \/>\n<meta property=\"og:type\" content=\"article\" \/>\n<meta property=\"og:title\" content=\"Prefeita Em\u00edlia entrega autoriza\u00e7\u00f5es e consolida vit\u00f3ria do transporte complementar - Encontra Aracaju\" \/>\n<meta property=\"og:description\" content=\"Prefeita Em\u00edlia d\u00e1 in\u00edcio \u00e0 regulamenta\u00e7\u00e3o do transporte complementar em Aracaju.\" \/>\n<meta property=\"og:url\" content=\"https:\/\/www.encontraaracaju.com.br\/sobre\/prefeita-emilia-entrega-autorizacoes-e-consolida-vitoria-do-transporte-complementar\/\" \/>\n<meta property=\"og:site_name\" content=\"Encontra Aracaju\" \/>\n<meta property=\"article:published_time\" content=\"2026-07-28T07:56:21+00:00\" \/>\n<meta property=\"og:image\" content=\"https:\/\/www.encontraaracaju.com.br\/sobre\/wp-content\/uploads\/2026\/07\/prefeita-emilia-entrega-autorizacoes-e-consolida-vitoria-do-transporte-complementar.webp\" \/>\n<meta name=\"author\" content=\"Encontra Aracaju\" \/>\n<meta name=\"twitter:card\" content=\"summary_large_image\" \/>\n<meta name=\"twitter:label1\" content=\"Escrito por\" \/>\n\t<meta name=\"twitter:data1\" content=\"Encontra Aracaju\" \/>\n\t<meta name=\"twitter:label2\" content=\"Est. tempo de leitura\" \/>\n\t<meta name=\"twitter:data2\" content=\"4 minutos\" \/>\n<script type=\"application\/ld+json\" class=\"yoast-schema-graph\">{\"@context\":\"https:\/\/schema.org\",\"@graph\":[{\"@type\":\"WebPage\",\"@id\":\"https:\/\/www.encontraaracaju.com.br\/sobre\/prefeita-emilia-entrega-autorizacoes-e-consolida-vitoria-do-transporte-complementar\/\",\"url\":\"https:\/\/www.encontraaracaju.com.br\/sobre\/prefeita-emilia-entrega-autorizacoes-e-consolida-vitoria-do-transporte-complementar\/\",\"name\":\"Prefeita Em\u00edlia entrega autoriza\u00e7\u00f5es e consolida vit\u00f3ria do transporte complementar - Encontra Aracaju\",\"isPartOf\":{\"@id\":\"https:\/\/www.encontraaracaju.com.br\/sobre\/#website\"},\"primaryImageOfPage\":{\"@id\":\"https:\/\/www.encontraaracaju.com.br\/sobre\/prefeita-emilia-entrega-autorizacoes-e-consolida-vitoria-do-transporte-complementar\/#primaryimage\"},\"image\":{\"@id\":\"https:\/\/www.encontraaracaju.com.br\/sobre\/prefeita-emilia-entrega-autorizacoes-e-consolida-vitoria-do-transporte-complementar\/#primaryimage\"},\"thumbnailUrl\":\"https:\/\/www.encontraaracaju.com.br\/sobre\/wp-content\/uploads\/2026\/07\/prefeita-emilia-entrega-autorizacoes-e-consolida-vitoria-do-transporte-complementar.webp\",\"datePublished\":\"2026-07-28T07:56:21+00:00\",\"author\":{\"@id\":\"https:\/\/www.encontraaracaju.com.br\/sobre\/#\/schema\/person\/4ffad47e9e50db5f93e67859b297b0be\"},\"breadcrumb\":{\"@id\":\"https:\/\/www.encontraaracaju.com.br\/sobre\/prefeita-emilia-entrega-autorizacoes-e-consolida-vitoria-do-transporte-complementar\/#breadcrumb\"},\"inLanguage\":\"pt-BR\",\"potentialAction\":[{\"@type\":\"ReadAction\",\"target\":[\"https:\/\/www.encontraaracaju.com.br\/sobre\/prefeita-emilia-entrega-autorizacoes-e-consolida-vitoria-do-transporte-complementar\/\"]}]},{\"@type\":\"ImageObject\",\"inLanguage\":\"pt-BR\",\"@id\":\"https:\/\/www.encontraaracaju.com.br\/sobre\/prefeita-emilia-entrega-autorizacoes-e-consolida-vitoria-do-transporte-complementar\/#primaryimage\",\"url\":\"https:\/\/www.encontraaracaju.com.br\/sobre\/wp-content\/uploads\/2026\/07\/prefeita-emilia-entrega-autorizacoes-e-consolida-vitoria-do-transporte-complementar.webp\",\"contentUrl\":\"https:\/\/www.encontraaracaju.com.br\/sobre\/wp-content\/uploads\/2026\/07\/prefeita-emilia-entrega-autorizacoes-e-consolida-vitoria-do-transporte-complementar.webp\",\"width\":280,\"height\":280,\"caption\":\"transporte complementar\"},{\"@type\":\"BreadcrumbList\",\"@id\":\"https:\/\/www.encontraaracaju.com.br\/sobre\/prefeita-emilia-entrega-autorizacoes-e-consolida-vitoria-do-transporte-complementar\/#breadcrumb\",\"itemListElement\":[{\"@type\":\"ListItem\",\"position\":1,\"name\":\"In\u00edcio\",\"item\":\"https:\/\/www.encontraaracaju.com.br\/sobre\/\"},{\"@type\":\"ListItem\",\"position\":2,\"name\":\"Prefeita Em\u00edlia entrega autoriza\u00e7\u00f5es e consolida vit\u00f3ria do transporte complementar\"}]},{\"@type\":\"WebSite\",\"@id\":\"https:\/\/www.encontraaracaju.com.br\/sobre\/#website\",\"url\":\"https:\/\/www.encontraaracaju.com.br\/sobre\/\",\"name\":\"Encontra Aracaju\",\"description\":\"Not\u00edcias, eventos, informa\u00e7\u00f5es e dicas na cidade Aracaju e regi\u00e3o.\",\"potentialAction\":[{\"@type\":\"SearchAction\",\"target\":{\"@type\":\"EntryPoint\",\"urlTemplate\":\"https:\/\/www.encontraaracaju.com.br\/sobre\/?s={search_term_string}\"},\"query-input\":{\"@type\":\"PropertyValueSpecification\",\"valueRequired\":true,\"valueName\":\"search_term_string\"}}],\"inLanguage\":\"pt-BR\"},{\"@type\":\"Person\",\"@id\":\"https:\/\/www.encontraaracaju.com.br\/sobre\/#\/schema\/person\/4ffad47e9e50db5f93e67859b297b0be\",\"name\":\"Encontra Aracaju\",\"image\":{\"@type\":\"ImageObject\",\"inLanguage\":\"pt-BR\",\"@id\":\"https:\/\/www.encontraaracaju.com.br\/sobre\/#\/schema\/person\/image\/\",\"url\":\"https:\/\/secure.gravatar.com\/avatar\/507340682b8270222e1f208e23198b6ae7e2c6a1033ae84e99bc6bce4f82a387?s=96&d=mm&r=g\",\"contentUrl\":\"https:\/\/secure.gravatar.com\/avatar\/507340682b8270222e1f208e23198b6ae7e2c6a1033ae84e99bc6bce4f82a387?s=96&d=mm&r=g\",\"caption\":\"Encontra Aracaju\"},\"sameAs\":[\"http:\/\/www.encontraaracaju.com.br\"]}]}<\/script>\n<!-- \/ Yoast SEO plugin. -->","yoast_head_json":{"title":"Prefeita Em\u00edlia entrega autoriza\u00e7\u00f5es e consolida vit\u00f3ria do transporte complementar - Encontra Aracaju","robots":{"index":"index","follow":"follow","max-snippet":"max-snippet:-1","max-image-preview":"max-image-preview:large","max-video-preview":"max-video-preview:-1"},"canonical":"https:\/\/www.encontraaracaju.com.br\/sobre\/prefeita-emilia-entrega-autorizacoes-e-consolida-vitoria-do-transporte-complementar\/","og_locale":"pt_BR","og_type":"article","og_title":"Prefeita Em\u00edlia entrega autoriza\u00e7\u00f5es e consolida vit\u00f3ria do transporte complementar - Encontra Aracaju","og_description":"Prefeita Em\u00edlia d\u00e1 in\u00edcio \u00e0 regulamenta\u00e7\u00e3o do transporte complementar em Aracaju.","og_url":"https:\/\/www.encontraaracaju.com.br\/sobre\/prefeita-emilia-entrega-autorizacoes-e-consolida-vitoria-do-transporte-complementar\/","og_site_name":"Encontra Aracaju","article_published_time":"2026-07-28T07:56:21+00:00","og_image":[{"url":"https:\/\/www.encontraaracaju.com.br\/sobre\/wp-content\/uploads\/2026\/07\/prefeita-emilia-entrega-autorizacoes-e-consolida-vitoria-do-transporte-complementar.webp","type":"","width":"","height":""}],"author":"Encontra Aracaju","twitter_card":"summary_large_image","twitter_misc":{"Escrito por":"Encontra Aracaju","Est. tempo de leitura":"4 minutos"},"schema":{"@context":"https:\/\/schema.org","@graph":[{"@type":"WebPage","@id":"https:\/\/www.encontraaracaju.com.br\/sobre\/prefeita-emilia-entrega-autorizacoes-e-consolida-vitoria-do-transporte-complementar\/","url":"https:\/\/www.encontraaracaju.com.br\/sobre\/prefeita-emilia-entrega-autorizacoes-e-consolida-vitoria-do-transporte-complementar\/","name":"Prefeita Em\u00edlia entrega autoriza\u00e7\u00f5es e consolida vit\u00f3ria do transporte complementar - Encontra Aracaju","isPartOf":{"@id":"https:\/\/www.encontraaracaju.com.br\/sobre\/#website"},"primaryImageOfPage":{"@id":"https:\/\/www.encontraaracaju.com.br\/sobre\/prefeita-emilia-entrega-autorizacoes-e-consolida-vitoria-do-transporte-complementar\/#primaryimage"},"image":{"@id":"https:\/\/www.encontraaracaju.com.br\/sobre\/prefeita-emilia-entrega-autorizacoes-e-consolida-vitoria-do-transporte-complementar\/#primaryimage"},"thumbnailUrl":"https:\/\/www.encontraaracaju.com.br\/sobre\/wp-content\/uploads\/2026\/07\/prefeita-emilia-entrega-autorizacoes-e-consolida-vitoria-do-transporte-complementar.webp","datePublished":"2026-07-28T07:56:21+00:00","author":{"@id":"https:\/\/www.encontraaracaju.com.br\/sobre\/#\/schema\/person\/4ffad47e9e50db5f93e67859b297b0be"},"breadcrumb":{"@id":"https:\/\/www.encontraaracaju.com.br\/sobre\/prefeita-emilia-entrega-autorizacoes-e-consolida-vitoria-do-transporte-complementar\/#breadcrumb"},"inLanguage":"pt-BR","potentialAction":[{"@type":"ReadAction","target":["https:\/\/www.encontraaracaju.com.br\/sobre\/prefeita-emilia-entrega-autorizacoes-e-consolida-vitoria-do-transporte-complementar\/"]}]},{"@type":"ImageObject","inLanguage":"pt-BR","@id":"https:\/\/www.encontraaracaju.com.br\/sobre\/prefeita-emilia-entrega-autorizacoes-e-consolida-vitoria-do-transporte-complementar\/#primaryimage","url":"https:\/\/www.encontraaracaju.com.br\/sobre\/wp-content\/uploads\/2026\/07\/prefeita-emilia-entrega-autorizacoes-e-consolida-vitoria-do-transporte-complementar.webp","contentUrl":"https:\/\/www.encontraaracaju.com.br\/sobre\/wp-content\/uploads\/2026\/07\/prefeita-emilia-entrega-autorizacoes-e-consolida-vitoria-do-transporte-complementar.webp","width":280,"height":280,"caption":"transporte complementar"},{"@type":"BreadcrumbList","@id":"https:\/\/www.encontraaracaju.com.br\/sobre\/prefeita-emilia-entrega-autorizacoes-e-consolida-vitoria-do-transporte-complementar\/#breadcrumb","itemListElement":[{"@type":"ListItem","position":1,"name":"In\u00edcio","item":"https:\/\/www.encontraaracaju.com.br\/sobre\/"},{"@type":"ListItem","position":2,"name":"Prefeita Em\u00edlia entrega autoriza\u00e7\u00f5es e consolida vit\u00f3ria do transporte complementar"}]},{"@type":"WebSite","@id":"https:\/\/www.encontraaracaju.com.br\/sobre\/#website","url":"https:\/\/www.encontraaracaju.com.br\/sobre\/","name":"Encontra Aracaju","description":"Not\u00edcias, eventos, informa\u00e7\u00f5es e dicas na cidade Aracaju e regi\u00e3o.","potentialAction":[{"@type":"SearchAction","target":{"@type":"EntryPoint","urlTemplate":"https:\/\/www.encontraaracaju.com.br\/sobre\/?s={search_term_string}"},"query-input":{"@type":"PropertyValueSpecification","valueRequired":true,"valueName":"search_term_string"}}],"inLanguage":"pt-BR"},{"@type":"Person","@id":"https:\/\/www.encontraaracaju.com.br\/sobre\/#\/schema\/person\/4ffad47e9e50db5f93e67859b297b0be","name":"Encontra Aracaju","image":{"@type":"ImageObject","inLanguage":"pt-BR","@id":"https:\/\/www.encontraaracaju.com.br\/sobre\/#\/schema\/person\/image\/","url":"https:\/\/secure.gravatar.com\/avatar\/507340682b8270222e1f208e23198b6ae7e2c6a1033ae84e99bc6bce4f82a387?s=96&d=mm&r=g","contentUrl":"https:\/\/secure.gravatar.com\/avatar\/507340682b8270222e1f208e23198b6ae7e2c6a1033ae84e99bc6bce4f82a387?s=96&d=mm&r=g","caption":"Encontra Aracaju"},"sameAs":["http:\/\/www.encontraaracaju.com.br"]}]}},"_links":{"self":[{"href":"https:\/\/www.encontraaracaju.com.br\/sobre\/wp-json\/wp\/v2\/posts\/2340","targetHints":{"allow":["GET"]}}],"collection":[{"href":"https:\/\/www.encontraaracaju.com.br\/sobre\/wp-json\/wp\/v2\/posts"}],"about":[{"href":"https:\/\/www.encontraaracaju.com.br\/sobre\/wp-json\/wp\/v2\/types\/post"}],"author":[{"embeddable":true,"href":"https:\/\/www.encontraaracaju.com.br\/sobre\/wp-json\/wp\/v2\/users\/1"}],"replies":[{"embeddable":true,"href":"https:\/\/www.encontraaracaju.com.br\/sobre\/wp-json\/wp\/v2\/comments?post=2340"}],"version-history":[{"count":0,"href":"https:\/\/www.encontraaracaju.com.br\/sobre\/wp-json\/wp\/v2\/posts\/2340\/revisions"}],"wp:featuredmedia":[{"embeddable":true,"href":"https:\/\/www.encontraaracaju.com.br\/sobre\/wp-json\/wp\/v2\/media\/2339"}],"wp:attachment":[{"href":"https:\/\/www.encontraaracaju.com.br\/sobre\/wp-json\/wp\/v2\/media?parent=2340"}],"wp:term":[{"taxonomy":"category","embeddable":true,"href":"https:\/\/www.encontraaracaju.com.br\/sobre\/wp-json\/wp\/v2\/categories?post=2340"},{"taxonomy":"post_tag","embeddable":true,"href":"https:\/\/www.encontraaracaju.com.br\/sobre\/wp-json\/wp\/v2\/tags?post=2340"}],"curies":[{"name":"wp","href":"https:\/\/api.w.org\/{rel}","templated":true}]}}