{"id":2316,"date":"2026-07-25T20:03:21","date_gmt":"2026-07-25T23:03:21","guid":{"rendered":"https:\/\/www.encontraaracaju.com.br\/sobre\/nota-de-esclarecimento-prefeitura-esclarece-informacoes-sobre-renovacao-da-frota-do-transporte-coletivo\/"},"modified":"2026-07-25T20:03:21","modified_gmt":"2026-07-25T23:03:21","slug":"nota-de-esclarecimento-prefeitura-esclarece-informacoes-sobre-renovacao-da-frota-do-transporte-coletivo","status":"publish","type":"post","link":"https:\/\/www.encontraaracaju.com.br\/sobre\/nota-de-esclarecimento-prefeitura-esclarece-informacoes-sobre-renovacao-da-frota-do-transporte-coletivo\/","title":{"rendered":"Nota de Esclarecimento: Prefeitura esclarece informa\u00e7\u00f5es sobre renova\u00e7\u00e3o da frota do transporte coletivo"},"content":{"rendered":"<div class=\"0de350683d360aa04277a39db0bae410\" data-index=\"1\" style=\"float: none; margin:0px;\">\n<!-- Anuncio display - global -->\r\n<ins class=\"adsbygoogle\"\r\n     style=\"display:block\"\r\n     data-ad-client=\"ca-pub-8585364105181520\"\r\n     data-ad-slot=\"8789329856\"\r\n     data-ad-format=\"auto\"\r\n     data-full-width-responsive=\"true\"><\/ins>\r\n<script>\r\n     (adsbygoogle = window.adsbygoogle || []).push({});\r\n<\/script>\n<\/div>\n<h2>Renova\u00e7\u00e3o da Frota: Um Compromisso da Prefeitura<\/h2>\n<p>A Prefeitura de Aracaju est\u00e1 investindo significativamente na moderniza\u00e7\u00e3o da frota de transporte coletivo da cidade, garantindo um sistema mais eficiente e confort\u00e1vel para os usu\u00e1rios. A renova\u00e7\u00e3o tem como objetivo principal melhorar a qualidade do servi\u00e7o oferecido, com \u00f4nibus mais novos e climatizados, contribuindo para uma melhor experi\u00eancia de viagem.<\/p>\n<h2>Impacto da Moderniza\u00e7\u00e3o no Transporte Coletivo<\/h2>\n<p>A moderniza\u00e7\u00e3o da frota de transporte coletivo n\u00e3o apenas melhora o conforto dos passageiros, mas tamb\u00e9m desempenha um papel crucial na efici\u00eancia do sistema. \u00d4nibus novos s\u00e3o projetados para consumir menos combust\u00edvel e emitir menos poluentes, alinhando-se \u00e0s diretrizes de sustentabilidade e prote\u00e7\u00e3o ao meio ambiente. Essa iniciativa vem se consolidando, especialmente ap\u00f3s a introdu\u00e7\u00e3o de \u00f4nibus el\u00e9tricos, que eliminam a emiss\u00e3o de poluentes nas \u00e1reas urbanas.<\/p>\n<h2>O Papel da Licita\u00e7\u00e3o Anulada<\/h2>\n<p>A mencionada licita\u00e7\u00e3o de transporte coletivo, que foi posteriormente anulada pela Justi\u00e7a e pelo Tribunal de Contas do Estado, n\u00e3o teve efeito pr\u00e1tico na opera\u00e7\u00e3o dos servi\u00e7os de transporte. A anula\u00e7\u00e3o da licita\u00e7\u00e3o, embora significativa, n\u00e3o impediu a gest\u00e3o atual de continuar com a renova\u00e7\u00e3o da frota e a implementa\u00e7\u00e3o de novas tecnologias. A gest\u00e3o da prefeita Em\u00edlia Corr\u00eaa prosseguiu com planos para modernizar o transporte, independentemente da situa\u00e7\u00e3o da referida licita\u00e7\u00e3o.<\/p>\n<p><img decoding=\"async\" src=\"https:\/\/www.encontraaracaju.com.br\/sobre\/wp-content\/uploads\/2026\/07\/nota-de-esclarecimento-prefeitura-esclarece-informacoes-sobre-renovacao-da-frota-do-transporte-colet.webp\" alt=\"renova\u00e7\u00e3o da frota do transporte coletivo\" loading=\"lazy\" \/><\/p>\n<h2>Como a Gest\u00e3o Atual Antecipou Mudan\u00e7as<\/h2>\n<p>Em apenas um ano e meio, a gest\u00e3o atual conseguiu colocar em opera\u00e7\u00e3o 99 \u00f4nibus climatizados, antecipando a moderniza\u00e7\u00e3o que estava prevista para um per\u00edodo muito mais longo. Essa resposta r\u00e1pida \u00e0s necessidades da popula\u00e7\u00e3o \u00e9 um exemplo da capacidade de adapta\u00e7\u00e3o e efici\u00eancia da administra\u00e7\u00e3o municipal, que decidiu agir rapidamente para transformar o sistema de transporte coletivo de Aracaju.<\/p>\n<h2>Resultados Concretos: \u00d4nibus Climatizados<\/h2>\n<p>Al\u00e9m dos 99 \u00f4nibus climatizados, 30 deles s\u00e3o totalmente el\u00e9tricos, contribuindo para a redu\u00e7\u00e3o da idade m\u00e9dia da frota de 10 para 7,8 anos. Essas mudan\u00e7as refletem um compromisso com a efici\u00eancia e a inova\u00e7\u00e3o, proporcionando aos cidad\u00e3os um transporte coletivo que n\u00e3o s\u00f3 \u00e9 confort\u00e1vel, mas tamb\u00e9m sustent\u00e1vel e tecnologicamente avan\u00e7ado.<\/p>\n<h2>A Eletromobilidade em Aracaju<\/h2>\n<p>Aracaju, sob a lideran\u00e7a da atual gest\u00e3o, se tornou a primeira capital do Nordeste a implementar uma frota de transporte urbano el\u00e9trica. Essa mudan\u00e7a n\u00e3o s\u00f3 exemplifica um passo em dire\u00e7\u00e3o \u00e0 sustentabilidade, mas tamb\u00e9m representa um investimento estrat\u00e9gico na infraestrutura do transporte, que promete trazer benef\u00edcios a longo prazo para a popula\u00e7\u00e3o e para o meio ambiente.<\/p>\n<h2>Transpar\u00eancia e Comunica\u00e7\u00e3o com a Popula\u00e7\u00e3o<\/h2>\n<p>A Prefeitura de Aracaju tem se comprometido com a transpar\u00eancia em suas iniciativas. As informa\u00e7\u00f5es sobre a renova\u00e7\u00e3o da frota e demais a\u00e7\u00f5es est\u00e3o dispon\u00edveis \u00e0 popula\u00e7\u00e3o, mostrando a disposi\u00e7\u00e3o da gest\u00e3o em dialogar e prestar contas sobre suas atividades e investimentos em melhorias para a cidade.<\/p>\n<h2>O Futuro do Transporte Coletivo na Capital<\/h2>\n<p>Com as medidas tomadas at\u00e9 agora, espera-se que o transporte coletivo em Aracaju se torne um exemplo de efici\u00eancia e qualidade. As inova\u00e7\u00f5es tecnol\u00f3gicas e a renova\u00e7\u00e3o da frota s\u00e3o apenas os primeiros passos em um plano mais amplo para transformar a mobilidade urbana na capital sergipana, visando sempre a melhoria cont\u00ednua e o atendimento \u00e0s necessidades dos cidad\u00e3os.<\/p>\n<h2>Benef\u00edcios dos Novos Ve\u00edculos para os Usu\u00e1rios<\/h2>\n<p>Os novos \u00f4nibus oferecem uma s\u00e9rie de vantagens para os usu\u00e1rios, incluindo:<\/p>\n<ul>\n<li><strong>Conforto:<\/strong> Com ar-condicionado e mais espa\u00e7o, as viagens se tornam mais agrad\u00e1veis.<\/li>\n<li><strong>Efici\u00eancia:<\/strong> Ve\u00edculos mais novos tendem a apresentar menos falhas, melhorando a pontualidade.<\/li>\n<li><strong>Sustentabilidade:<\/strong> \u00d4nibus el\u00e9tricos ajudam a reduzir a polui\u00e7\u00e3o do ar, melhorando a qualidade de vida.<\/li>\n<li><strong>Acessibilidade:<\/strong> Novos modelos s\u00e3o projetados para serem mais acess\u00edveis para pessoas com defici\u00eancia.<\/li>\n<\/ul>\n<h2>Compromissos da Prefeitura com a Sustentabilidade<\/h2>\n<p>A gest\u00e3o atual reafirma seu compromisso com a sustentabilidade, implementando pol\u00edticas que favorecem a ado\u00e7\u00e3o de tecnologias verdes no transporte p\u00fablico. Com a introdu\u00e7\u00e3o de \u00f4nibus el\u00e9tricos e medidas para reduzir a idade m\u00e9dia da frota, Aracaju se posiciona como uma cidade que valoriza o meio ambiente e busca solu\u00e7\u00f5es inovadoras para seus desafios urbanos.<\/p>\n\n<div style=\"font-size: 0px; height: 0px; line-height: 0px; margin: 0; padding: 0; clear: both;\"><\/div>","protected":false},"excerpt":{"rendered":"<p>Nota de Esclarecimento sobre a renova\u00e7\u00e3o da frota do transporte coletivo em Aracaju.<\/p>\n","protected":false},"author":1,"featured_media":2315,"comment_status":"closed","ping_status":"closed","sticky":false,"template":"","format":"standard","meta":{"footnotes":""},"categories":[33],"tags":[],"class_list":["post-2316","post","type-post","status-publish","format-standard","has-post-thumbnail","hentry","category-veiculos-em-aracaju","has_thumb"],"yoast_head":"<!-- This site is optimized with the Yoast SEO plugin v26.4 - https:\/\/yoast.com\/wordpress\/plugins\/seo\/ -->\n<title>Nota de Esclarecimento: Prefeitura esclarece informa\u00e7\u00f5es sobre renova\u00e7\u00e3o da frota do transporte coletivo - Encontra Aracaju<\/title>\n<meta name=\"robots\" content=\"index, follow, max-snippet:-1, max-image-preview:large, max-video-preview:-1\" \/>\n<link rel=\"canonical\" href=\"https:\/\/www.encontraaracaju.com.br\/sobre\/nota-de-esclarecimento-prefeitura-esclarece-informacoes-sobre-renovacao-da-frota-do-transporte-coletivo\/\" \/>\n<meta property=\"og:locale\" content=\"pt_BR\" \/>\n<meta property=\"og:type\" content=\"article\" \/>\n<meta property=\"og:title\" content=\"Nota de Esclarecimento: Prefeitura esclarece informa\u00e7\u00f5es sobre renova\u00e7\u00e3o da frota do transporte coletivo - Encontra Aracaju\" \/>\n<meta property=\"og:description\" content=\"Nota de Esclarecimento sobre a renova\u00e7\u00e3o da frota do transporte coletivo em Aracaju.\" \/>\n<meta property=\"og:url\" content=\"https:\/\/www.encontraaracaju.com.br\/sobre\/nota-de-esclarecimento-prefeitura-esclarece-informacoes-sobre-renovacao-da-frota-do-transporte-coletivo\/\" \/>\n<meta property=\"og:site_name\" content=\"Encontra Aracaju\" \/>\n<meta property=\"article:published_time\" content=\"2026-07-25T23:03:21+00:00\" \/>\n<meta property=\"og:image\" content=\"https:\/\/www.encontraaracaju.com.br\/sobre\/wp-content\/uploads\/2026\/07\/nota-de-esclarecimento-prefeitura-esclarece-informacoes-sobre-renovacao-da-frota-do-transporte-colet.webp\" \/>\n<meta name=\"author\" content=\"Encontra Aracaju\" \/>\n<meta name=\"twitter:card\" content=\"summary_large_image\" \/>\n<meta name=\"twitter:label1\" content=\"Escrito por\" \/>\n\t<meta name=\"twitter:data1\" content=\"Encontra Aracaju\" \/>\n\t<meta name=\"twitter:label2\" content=\"Est. tempo de leitura\" \/>\n\t<meta name=\"twitter:data2\" content=\"4 minutos\" \/>\n<script type=\"application\/ld+json\" class=\"yoast-schema-graph\">{\"@context\":\"https:\/\/schema.org\",\"@graph\":[{\"@type\":\"WebPage\",\"@id\":\"https:\/\/www.encontraaracaju.com.br\/sobre\/nota-de-esclarecimento-prefeitura-esclarece-informacoes-sobre-renovacao-da-frota-do-transporte-coletivo\/\",\"url\":\"https:\/\/www.encontraaracaju.com.br\/sobre\/nota-de-esclarecimento-prefeitura-esclarece-informacoes-sobre-renovacao-da-frota-do-transporte-coletivo\/\",\"name\":\"Nota de Esclarecimento: Prefeitura esclarece informa\u00e7\u00f5es sobre renova\u00e7\u00e3o da frota do transporte coletivo - Encontra Aracaju\",\"isPartOf\":{\"@id\":\"https:\/\/www.encontraaracaju.com.br\/sobre\/#website\"},\"primaryImageOfPage\":{\"@id\":\"https:\/\/www.encontraaracaju.com.br\/sobre\/nota-de-esclarecimento-prefeitura-esclarece-informacoes-sobre-renovacao-da-frota-do-transporte-coletivo\/#primaryimage\"},\"image\":{\"@id\":\"https:\/\/www.encontraaracaju.com.br\/sobre\/nota-de-esclarecimento-prefeitura-esclarece-informacoes-sobre-renovacao-da-frota-do-transporte-coletivo\/#primaryimage\"},\"thumbnailUrl\":\"https:\/\/www.encontraaracaju.com.br\/sobre\/wp-content\/uploads\/2026\/07\/nota-de-esclarecimento-prefeitura-esclarece-informacoes-sobre-renovacao-da-frota-do-transporte-colet.webp\",\"datePublished\":\"2026-07-25T23:03:21+00:00\",\"author\":{\"@id\":\"https:\/\/www.encontraaracaju.com.br\/sobre\/#\/schema\/person\/4ffad47e9e50db5f93e67859b297b0be\"},\"breadcrumb\":{\"@id\":\"https:\/\/www.encontraaracaju.com.br\/sobre\/nota-de-esclarecimento-prefeitura-esclarece-informacoes-sobre-renovacao-da-frota-do-transporte-coletivo\/#breadcrumb\"},\"inLanguage\":\"pt-BR\",\"potentialAction\":[{\"@type\":\"ReadAction\",\"target\":[\"https:\/\/www.encontraaracaju.com.br\/sobre\/nota-de-esclarecimento-prefeitura-esclarece-informacoes-sobre-renovacao-da-frota-do-transporte-coletivo\/\"]}]},{\"@type\":\"ImageObject\",\"inLanguage\":\"pt-BR\",\"@id\":\"https:\/\/www.encontraaracaju.com.br\/sobre\/nota-de-esclarecimento-prefeitura-esclarece-informacoes-sobre-renovacao-da-frota-do-transporte-coletivo\/#primaryimage\",\"url\":\"https:\/\/www.encontraaracaju.com.br\/sobre\/wp-content\/uploads\/2026\/07\/nota-de-esclarecimento-prefeitura-esclarece-informacoes-sobre-renovacao-da-frota-do-transporte-colet.webp\",\"contentUrl\":\"https:\/\/www.encontraaracaju.com.br\/sobre\/wp-content\/uploads\/2026\/07\/nota-de-esclarecimento-prefeitura-esclarece-informacoes-sobre-renovacao-da-frota-do-transporte-colet.webp\",\"width\":280,\"height\":280,\"caption\":\"renova\u00e7\u00e3o da frota do transporte coletivo\"},{\"@type\":\"BreadcrumbList\",\"@id\":\"https:\/\/www.encontraaracaju.com.br\/sobre\/nota-de-esclarecimento-prefeitura-esclarece-informacoes-sobre-renovacao-da-frota-do-transporte-coletivo\/#breadcrumb\",\"itemListElement\":[{\"@type\":\"ListItem\",\"position\":1,\"name\":\"In\u00edcio\",\"item\":\"https:\/\/www.encontraaracaju.com.br\/sobre\/\"},{\"@type\":\"ListItem\",\"position\":2,\"name\":\"Nota de Esclarecimento: Prefeitura esclarece informa\u00e7\u00f5es sobre renova\u00e7\u00e3o da frota do transporte coletivo\"}]},{\"@type\":\"WebSite\",\"@id\":\"https:\/\/www.encontraaracaju.com.br\/sobre\/#website\",\"url\":\"https:\/\/www.encontraaracaju.com.br\/sobre\/\",\"name\":\"Encontra Aracaju\",\"description\":\"Not\u00edcias, eventos, informa\u00e7\u00f5es e dicas na cidade Aracaju e regi\u00e3o.\",\"potentialAction\":[{\"@type\":\"SearchAction\",\"target\":{\"@type\":\"EntryPoint\",\"urlTemplate\":\"https:\/\/www.encontraaracaju.com.br\/sobre\/?s={search_term_string}\"},\"query-input\":{\"@type\":\"PropertyValueSpecification\",\"valueRequired\":true,\"valueName\":\"search_term_string\"}}],\"inLanguage\":\"pt-BR\"},{\"@type\":\"Person\",\"@id\":\"https:\/\/www.encontraaracaju.com.br\/sobre\/#\/schema\/person\/4ffad47e9e50db5f93e67859b297b0be\",\"name\":\"Encontra Aracaju\",\"image\":{\"@type\":\"ImageObject\",\"inLanguage\":\"pt-BR\",\"@id\":\"https:\/\/www.encontraaracaju.com.br\/sobre\/#\/schema\/person\/image\/\",\"url\":\"https:\/\/secure.gravatar.com\/avatar\/507340682b8270222e1f208e23198b6ae7e2c6a1033ae84e99bc6bce4f82a387?s=96&d=mm&r=g\",\"contentUrl\":\"https:\/\/secure.gravatar.com\/avatar\/507340682b8270222e1f208e23198b6ae7e2c6a1033ae84e99bc6bce4f82a387?s=96&d=mm&r=g\",\"caption\":\"Encontra Aracaju\"},\"sameAs\":[\"http:\/\/www.encontraaracaju.com.br\"]}]}<\/script>\n<!-- \/ Yoast SEO plugin. -->","yoast_head_json":{"title":"Nota de Esclarecimento: Prefeitura esclarece informa\u00e7\u00f5es sobre renova\u00e7\u00e3o da frota do transporte coletivo - Encontra Aracaju","robots":{"index":"index","follow":"follow","max-snippet":"max-snippet:-1","max-image-preview":"max-image-preview:large","max-video-preview":"max-video-preview:-1"},"canonical":"https:\/\/www.encontraaracaju.com.br\/sobre\/nota-de-esclarecimento-prefeitura-esclarece-informacoes-sobre-renovacao-da-frota-do-transporte-coletivo\/","og_locale":"pt_BR","og_type":"article","og_title":"Nota de Esclarecimento: Prefeitura esclarece informa\u00e7\u00f5es sobre renova\u00e7\u00e3o da frota do transporte coletivo - Encontra Aracaju","og_description":"Nota de Esclarecimento sobre a renova\u00e7\u00e3o da frota do transporte coletivo em Aracaju.","og_url":"https:\/\/www.encontraaracaju.com.br\/sobre\/nota-de-esclarecimento-prefeitura-esclarece-informacoes-sobre-renovacao-da-frota-do-transporte-coletivo\/","og_site_name":"Encontra Aracaju","article_published_time":"2026-07-25T23:03:21+00:00","og_image":[{"url":"https:\/\/www.encontraaracaju.com.br\/sobre\/wp-content\/uploads\/2026\/07\/nota-de-esclarecimento-prefeitura-esclarece-informacoes-sobre-renovacao-da-frota-do-transporte-colet.webp","type":"","width":"","height":""}],"author":"Encontra Aracaju","twitter_card":"summary_large_image","twitter_misc":{"Escrito por":"Encontra Aracaju","Est. tempo de leitura":"4 minutos"},"schema":{"@context":"https:\/\/schema.org","@graph":[{"@type":"WebPage","@id":"https:\/\/www.encontraaracaju.com.br\/sobre\/nota-de-esclarecimento-prefeitura-esclarece-informacoes-sobre-renovacao-da-frota-do-transporte-coletivo\/","url":"https:\/\/www.encontraaracaju.com.br\/sobre\/nota-de-esclarecimento-prefeitura-esclarece-informacoes-sobre-renovacao-da-frota-do-transporte-coletivo\/","name":"Nota de Esclarecimento: Prefeitura esclarece informa\u00e7\u00f5es sobre renova\u00e7\u00e3o da frota do transporte coletivo - Encontra Aracaju","isPartOf":{"@id":"https:\/\/www.encontraaracaju.com.br\/sobre\/#website"},"primaryImageOfPage":{"@id":"https:\/\/www.encontraaracaju.com.br\/sobre\/nota-de-esclarecimento-prefeitura-esclarece-informacoes-sobre-renovacao-da-frota-do-transporte-coletivo\/#primaryimage"},"image":{"@id":"https:\/\/www.encontraaracaju.com.br\/sobre\/nota-de-esclarecimento-prefeitura-esclarece-informacoes-sobre-renovacao-da-frota-do-transporte-coletivo\/#primaryimage"},"thumbnailUrl":"https:\/\/www.encontraaracaju.com.br\/sobre\/wp-content\/uploads\/2026\/07\/nota-de-esclarecimento-prefeitura-esclarece-informacoes-sobre-renovacao-da-frota-do-transporte-colet.webp","datePublished":"2026-07-25T23:03:21+00:00","author":{"@id":"https:\/\/www.encontraaracaju.com.br\/sobre\/#\/schema\/person\/4ffad47e9e50db5f93e67859b297b0be"},"breadcrumb":{"@id":"https:\/\/www.encontraaracaju.com.br\/sobre\/nota-de-esclarecimento-prefeitura-esclarece-informacoes-sobre-renovacao-da-frota-do-transporte-coletivo\/#breadcrumb"},"inLanguage":"pt-BR","potentialAction":[{"@type":"ReadAction","target":["https:\/\/www.encontraaracaju.com.br\/sobre\/nota-de-esclarecimento-prefeitura-esclarece-informacoes-sobre-renovacao-da-frota-do-transporte-coletivo\/"]}]},{"@type":"ImageObject","inLanguage":"pt-BR","@id":"https:\/\/www.encontraaracaju.com.br\/sobre\/nota-de-esclarecimento-prefeitura-esclarece-informacoes-sobre-renovacao-da-frota-do-transporte-coletivo\/#primaryimage","url":"https:\/\/www.encontraaracaju.com.br\/sobre\/wp-content\/uploads\/2026\/07\/nota-de-esclarecimento-prefeitura-esclarece-informacoes-sobre-renovacao-da-frota-do-transporte-colet.webp","contentUrl":"https:\/\/www.encontraaracaju.com.br\/sobre\/wp-content\/uploads\/2026\/07\/nota-de-esclarecimento-prefeitura-esclarece-informacoes-sobre-renovacao-da-frota-do-transporte-colet.webp","width":280,"height":280,"caption":"renova\u00e7\u00e3o da frota do transporte coletivo"},{"@type":"BreadcrumbList","@id":"https:\/\/www.encontraaracaju.com.br\/sobre\/nota-de-esclarecimento-prefeitura-esclarece-informacoes-sobre-renovacao-da-frota-do-transporte-coletivo\/#breadcrumb","itemListElement":[{"@type":"ListItem","position":1,"name":"In\u00edcio","item":"https:\/\/www.encontraaracaju.com.br\/sobre\/"},{"@type":"ListItem","position":2,"name":"Nota de Esclarecimento: Prefeitura esclarece informa\u00e7\u00f5es sobre renova\u00e7\u00e3o da frota do transporte coletivo"}]},{"@type":"WebSite","@id":"https:\/\/www.encontraaracaju.com.br\/sobre\/#website","url":"https:\/\/www.encontraaracaju.com.br\/sobre\/","name":"Encontra Aracaju","description":"Not\u00edcias, eventos, informa\u00e7\u00f5es e dicas na cidade Aracaju e regi\u00e3o.","potentialAction":[{"@type":"SearchAction","target":{"@type":"EntryPoint","urlTemplate":"https:\/\/www.encontraaracaju.com.br\/sobre\/?s={search_term_string}"},"query-input":{"@type":"PropertyValueSpecification","valueRequired":true,"valueName":"search_term_string"}}],"inLanguage":"pt-BR"},{"@type":"Person","@id":"https:\/\/www.encontraaracaju.com.br\/sobre\/#\/schema\/person\/4ffad47e9e50db5f93e67859b297b0be","name":"Encontra Aracaju","image":{"@type":"ImageObject","inLanguage":"pt-BR","@id":"https:\/\/www.encontraaracaju.com.br\/sobre\/#\/schema\/person\/image\/","url":"https:\/\/secure.gravatar.com\/avatar\/507340682b8270222e1f208e23198b6ae7e2c6a1033ae84e99bc6bce4f82a387?s=96&d=mm&r=g","contentUrl":"https:\/\/secure.gravatar.com\/avatar\/507340682b8270222e1f208e23198b6ae7e2c6a1033ae84e99bc6bce4f82a387?s=96&d=mm&r=g","caption":"Encontra Aracaju"},"sameAs":["http:\/\/www.encontraaracaju.com.br"]}]}},"_links":{"self":[{"href":"https:\/\/www.encontraaracaju.com.br\/sobre\/wp-json\/wp\/v2\/posts\/2316","targetHints":{"allow":["GET"]}}],"collection":[{"href":"https:\/\/www.encontraaracaju.com.br\/sobre\/wp-json\/wp\/v2\/posts"}],"about":[{"href":"https:\/\/www.encontraaracaju.com.br\/sobre\/wp-json\/wp\/v2\/types\/post"}],"author":[{"embeddable":true,"href":"https:\/\/www.encontraaracaju.com.br\/sobre\/wp-json\/wp\/v2\/users\/1"}],"replies":[{"embeddable":true,"href":"https:\/\/www.encontraaracaju.com.br\/sobre\/wp-json\/wp\/v2\/comments?post=2316"}],"version-history":[{"count":0,"href":"https:\/\/www.encontraaracaju.com.br\/sobre\/wp-json\/wp\/v2\/posts\/2316\/revisions"}],"wp:featuredmedia":[{"embeddable":true,"href":"https:\/\/www.encontraaracaju.com.br\/sobre\/wp-json\/wp\/v2\/media\/2315"}],"wp:attachment":[{"href":"https:\/\/www.encontraaracaju.com.br\/sobre\/wp-json\/wp\/v2\/media?parent=2316"}],"wp:term":[{"taxonomy":"category","embeddable":true,"href":"https:\/\/www.encontraaracaju.com.br\/sobre\/wp-json\/wp\/v2\/categories?post=2316"},{"taxonomy":"post_tag","embeddable":true,"href":"https:\/\/www.encontraaracaju.com.br\/sobre\/wp-json\/wp\/v2\/tags?post=2316"}],"curies":[{"name":"wp","href":"https:\/\/api.w.org\/{rel}","templated":true}]}}