{"id":2314,"date":"2026-07-25T20:02:16","date_gmt":"2026-07-25T23:02:16","guid":{"rendered":"https:\/\/www.encontraaracaju.com.br\/sobre\/prefeitura-inicia-qualificacao-de-agentes-de-transito-para-reforcar-seguranca-viaria-em-aracaju\/"},"modified":"2026-07-25T20:02:16","modified_gmt":"2026-07-25T23:02:16","slug":"prefeitura-inicia-qualificacao-de-agentes-de-transito-para-reforcar-seguranca-viaria-em-aracaju","status":"publish","type":"post","link":"https:\/\/www.encontraaracaju.com.br\/sobre\/prefeitura-inicia-qualificacao-de-agentes-de-transito-para-reforcar-seguranca-viaria-em-aracaju\/","title":{"rendered":"Prefeitura inicia qualifica\u00e7\u00e3o de agentes de tr\u00e2nsito para refor\u00e7ar seguran\u00e7a vi\u00e1ria em Aracaju"},"content":{"rendered":"<div class=\"0de350683d360aa04277a39db0bae410\" data-index=\"1\" style=\"float: none; margin:0px;\">\n<!-- Anuncio display - global -->\r\n<ins class=\"adsbygoogle\"\r\n     style=\"display:block\"\r\n     data-ad-client=\"ca-pub-8585364105181520\"\r\n     data-ad-slot=\"8789329856\"\r\n     data-ad-format=\"auto\"\r\n     data-full-width-responsive=\"true\"><\/ins>\r\n<script>\r\n     (adsbygoogle = window.adsbygoogle || []).push({});\r\n<\/script>\n<\/div>\n<h2>O que \u00e9 o curso de qualifica\u00e7\u00e3o?<\/h2>\n<p>O curso de qualifica\u00e7\u00e3o oferecido pela Prefeitura de Aracaju, atrav\u00e9s da Superintend\u00eancia Municipal de Transportes e Tr\u00e2nsito (SMTT), tem como principal finalidade promover a atualiza\u00e7\u00e3o dos conhecimentos t\u00e9cnicos e operacionais para agentes de tr\u00e2nsito. Este programa de forma\u00e7\u00e3o busca aprimorar as habilidades e a atua\u00e7\u00e3o dos profissionais que desempenham fun\u00e7\u00f5es cruciais na gest\u00e3o da mobilidade urbana e na seguran\u00e7a vi\u00e1ria da capital.<\/p>\n<h2>Quem s\u00e3o os participantes do curso?<\/h2>\n<p>A iniciativa conta com a participa\u00e7\u00e3o de 160 agentes de tr\u00e2nsito, que est\u00e3o distribu\u00eddos em quatro turmas ao longo de um per\u00edodo de quatro meses. O in\u00edcio das aulas ser\u00e1 no pr\u00f3ximo dia 27, com a primeira turma, composta por 42 profissionais. Essa diversidade no grupo garante uma rica troca de experi\u00eancias, o que \u00e9 fundamental para o desenvolvimento da seguran\u00e7a nas vias urbanas.<\/p>\n<h2>Objetivos da forma\u00e7\u00e3o dos agentes de tr\u00e2nsito<\/h2>\n<p>Os objetivos do curso s\u00e3o amplos e incluem: <\/p>\n<p><img decoding=\"async\" src=\"https:\/\/www.encontraaracaju.com.br\/sobre\/wp-content\/uploads\/2026\/07\/prefeitura-inicia-qualificacao-de-agentes-de-transito-para-reforcar-seguranca-viaria-em-aracaju.webp\" alt=\"qualifica\u00e7\u00e3o de agentes de tr\u00e2nsito\" loading=\"lazy\" \/><\/p>\n<ul>\n<li><strong>Atualiza\u00e7\u00e3o de conhecimentos:<\/strong> \u00c9 fundamental que os agentes estejam sempre informados sobre as evolu\u00e7\u00f5es nas normas e presta\u00e7\u00f5es de servi\u00e7o de tr\u00e2nsito.<\/li>\n<li><strong>Aperfei\u00e7oamento da atua\u00e7\u00e3o:<\/strong> O curso visa preparar os profissionais para um desempenho mais eficaz e alinhado \u00e0s diretrizes de fiscaliza\u00e7\u00e3o e seguran\u00e7a vi\u00e1ria.<\/li>\n<li><strong>Uniformiza\u00e7\u00e3o dos procedimentos:<\/strong> O conhecimento padronizado ajuda a criar interven\u00e7\u00f5es e fiscaliza\u00e7\u00e3o mais eficientes e coesas nas ruas de Aracaju.<\/li>\n<\/ul>\n<h2>Import\u00e2ncia da atualiza\u00e7\u00e3o para os profissionais<\/h2>\n<p>A atualiza\u00e7\u00e3o frequente dos agentes de tr\u00e2nsito \u00e9 n\u00e3o apenas uma exig\u00eancia regulat\u00f3ria, conforme estabelecido pela Secretaria Nacional de Tr\u00e2nsito (Senatran), mas tamb\u00e9m um fator essencial para garantir que esses profissionais estejam equipados para lidar com as novas tecnologias e pr\u00e1ticas que emergem no nosso cotidiano. A forma\u00e7\u00e3o cont\u00ednua assegura que os agentes de tr\u00e2nsito mantenham suas compet\u00eancias em n\u00edvel adequado e estejam \u00e0 par de mudan\u00e7as normativas importantes.<\/p>\n<h2>Colabora\u00e7\u00e3o entre \u00f3rg\u00e3os de seguran\u00e7a p\u00fablica<\/h2>\n<p>A integra\u00e7\u00e3o entre diferentes \u00f3rg\u00e3os que atuam na seguran\u00e7a p\u00fablica \u00e9 ressaltada ao longo do curso. Instrutores da SMTT, integrantes da Pol\u00edcia Militar de Sergipe (PM\/SE), representantes da Guarda Municipal de Aracaju (GMA) e da Pol\u00edcia Rodovi\u00e1ria Federal (PRF) ir\u00e3o compartilhar seus conhecimentos e experi\u00eancias, proporcionando uma forma\u00e7\u00e3o mais robusta e diversificada. Essa colabora\u00e7\u00e3o e troca de conhecimentos proporcionam uma maior harmoniza\u00e7\u00e3o nas atividades de fiscaliza\u00e7\u00e3o e seguran\u00e7a no tr\u00e2nsito.<\/p>\n<h2>Metodologia e conte\u00fado do curso<\/h2>\n<p>O conte\u00fado do curso de atualiza\u00e7\u00e3o inclui uma variedade de temas relevantes para a atua\u00e7\u00e3o dos agentes de tr\u00e2nsito, promovendo uma abordagem pr\u00e1tica e te\u00f3rica. Entre os t\u00f3picos abordados, destacam-se: <\/p>\n<ul>\n<li><strong>Legisla\u00e7\u00e3o de Tr\u00e2nsito:<\/strong> Revis\u00e3o das normas que regulam o tr\u00e2nsito e a sua aplica\u00e7\u00e3o na pr\u00e1tica.<\/li>\n<li><strong>Pr\u00e1ticas de Seguran\u00e7a Vi\u00e1ria:<\/strong> Estrat\u00e9gias para promover a seguran\u00e7a no tr\u00e2nsito e conscientiza\u00e7\u00e3o dos usu\u00e1rios.<\/li>\n<li><strong>Atua\u00e7\u00e3o em Emerg\u00eancias:<\/strong> T\u00e9cnicas para o manejo de situa\u00e7\u00f5es de emerg\u00eancia, garantindo a seguran\u00e7a de todos no local.<\/li>\n<li><strong>Atendimento ao Cidad\u00e3o:<\/strong> Melhoria na comunica\u00e7\u00e3o e no entendimento das necessidades dos cidad\u00e3os em rela\u00e7\u00e3o ao tr\u00e2nsito.<\/li>\n<\/ul>\n<h2>Dura\u00e7\u00e3o e cronograma das aulas<\/h2>\n<p>O curso ter\u00e1 a dura\u00e7\u00e3o de quatro meses, com as aulas sendo realizadas no Sest Senat, situado na avenida Tancredo Neves. As classes ocorrer\u00e3o de forma presencial, permitindo a intera\u00e7\u00e3o e o aprendizado colaborativo entre os participantes. As datas e hor\u00e1rios espec\u00edficos ser\u00e3o definidos para cada turma, garantindo que todos os 160 agentes tenham a oportunidade de participar e obter os conhecimentos necess\u00e1rios.<\/p>\n<h2>Impacto na seguran\u00e7a vi\u00e1ria de Aracaju<\/h2>\n<p>A iniciativa de qualifica\u00e7\u00e3o dos agentes de tr\u00e2nsito \u00e9 esperada para contribuir significativamente para a seguran\u00e7a nas vias de Aracaju. Com profissionais mais bem preparados, as opera\u00e7\u00f5es de fiscaliza\u00e7\u00e3o e orienta\u00e7\u00e3o ao tr\u00e2nsito ser\u00e3o mais eficazes, refletindo diretamente na redu\u00e7\u00e3o de acidentes e na promo\u00e7\u00e3o de um tr\u00e2nsito mais seguro para todos. A meta \u00e9 que essa forma\u00e7\u00e3o leve a uma melhora na percep\u00e7\u00e3o de seguran\u00e7a e na organiza\u00e7\u00e3o do tr\u00e1fego na capital.<\/p>\n<h2>Depoimento de autoridades sobre a iniciativa<\/h2>\n<p>Julio C\u00e9sar Zambon, Diretor de Tr\u00e2nsito da SMTT, enfatiza a relev\u00e2ncia do curso, destacando que a atualiza\u00e7\u00e3o dos agentes \u00e9 uma exig\u00eancia da lei e uma necessidade pr\u00e1tica. Ele comenta como a forma\u00e7\u00e3o cont\u00ednua acrescenta valor \u00e0 atua\u00e7\u00e3o dos profissionais: &#8220;O curso \u00e9 uma oportunidade crucial para revisar e expandir conhecimentos, permitindo que os agentes estejam sempre alinhados com as melhores pr\u00e1ticas de seguran\u00e7a vi\u00e1ria.&#8221; <\/p>\n<h2>Pr\u00f3ximos passos e continuidade da forma\u00e7\u00e3o<\/h2>\n<p>Ap\u00f3s a conclus\u00e3o do curso, h\u00e1 a expectativa de que os agentes de tr\u00e2nsito possam aplicar imediatamente o que foi aprendido nas ruas de Aracaju. Al\u00e9m disso, a SMTT dever\u00e1 continuar investindo em novas forma\u00e7\u00f5es e capacita\u00e7\u00f5es para seus profissionais, garantindo que a evolu\u00e7\u00e3o no conhecimento e na pr\u00e1tica seja uma constante. Essa vis\u00e3o de aprendizado cont\u00ednuo \u00e9 fundamental para a adapta\u00e7\u00e3o \u00e0s mudan\u00e7as do ambiente urbano e \u00e0s necessidades da popula\u00e7\u00e3o.<\/p>\n\n<div style=\"font-size: 0px; height: 0px; line-height: 0px; margin: 0; padding: 0; clear: both;\"><\/div>","protected":false},"excerpt":{"rendered":"<p>Curso para agentes de tr\u00e2nsito em Aracaju visa refor\u00e7ar a seguran\u00e7a vi\u00e1ria com qualifica\u00e7\u00e3o t\u00e9cnica e operacional.<\/p>\n","protected":false},"author":1,"featured_media":2313,"comment_status":"closed","ping_status":"closed","sticky":false,"template":"","format":"standard","meta":{"footnotes":""},"categories":[36],"tags":[],"class_list":["post-2314","post","type-post","status-publish","format-standard","has-post-thumbnail","hentry","category-delegacias-aracaju","has_thumb"],"yoast_head":"<!-- This site is optimized with the Yoast SEO plugin v26.4 - https:\/\/yoast.com\/wordpress\/plugins\/seo\/ -->\n<title>Prefeitura inicia qualifica\u00e7\u00e3o de agentes de tr\u00e2nsito para refor\u00e7ar seguran\u00e7a vi\u00e1ria em Aracaju - Encontra Aracaju<\/title>\n<meta name=\"robots\" content=\"index, follow, max-snippet:-1, max-image-preview:large, max-video-preview:-1\" \/>\n<link rel=\"canonical\" href=\"https:\/\/www.encontraaracaju.com.br\/sobre\/prefeitura-inicia-qualificacao-de-agentes-de-transito-para-reforcar-seguranca-viaria-em-aracaju\/\" \/>\n<meta property=\"og:locale\" content=\"pt_BR\" \/>\n<meta property=\"og:type\" content=\"article\" \/>\n<meta property=\"og:title\" content=\"Prefeitura inicia qualifica\u00e7\u00e3o de agentes de tr\u00e2nsito para refor\u00e7ar seguran\u00e7a vi\u00e1ria em Aracaju - Encontra Aracaju\" \/>\n<meta property=\"og:description\" content=\"Curso para agentes de tr\u00e2nsito em Aracaju visa refor\u00e7ar a seguran\u00e7a vi\u00e1ria com qualifica\u00e7\u00e3o t\u00e9cnica e operacional.\" \/>\n<meta property=\"og:url\" content=\"https:\/\/www.encontraaracaju.com.br\/sobre\/prefeitura-inicia-qualificacao-de-agentes-de-transito-para-reforcar-seguranca-viaria-em-aracaju\/\" \/>\n<meta property=\"og:site_name\" content=\"Encontra Aracaju\" \/>\n<meta property=\"article:published_time\" content=\"2026-07-25T23:02:16+00:00\" \/>\n<meta property=\"og:image\" content=\"https:\/\/www.encontraaracaju.com.br\/sobre\/wp-content\/uploads\/2026\/07\/prefeitura-inicia-qualificacao-de-agentes-de-transito-para-reforcar-seguranca-viaria-em-aracaju.webp\" \/>\n<meta name=\"author\" content=\"Encontra Aracaju\" \/>\n<meta name=\"twitter:card\" content=\"summary_large_image\" \/>\n<meta name=\"twitter:label1\" content=\"Escrito por\" \/>\n\t<meta name=\"twitter:data1\" content=\"Encontra Aracaju\" \/>\n\t<meta name=\"twitter:label2\" content=\"Est. tempo de leitura\" \/>\n\t<meta name=\"twitter:data2\" content=\"5 minutos\" \/>\n<script type=\"application\/ld+json\" class=\"yoast-schema-graph\">{\"@context\":\"https:\/\/schema.org\",\"@graph\":[{\"@type\":\"WebPage\",\"@id\":\"https:\/\/www.encontraaracaju.com.br\/sobre\/prefeitura-inicia-qualificacao-de-agentes-de-transito-para-reforcar-seguranca-viaria-em-aracaju\/\",\"url\":\"https:\/\/www.encontraaracaju.com.br\/sobre\/prefeitura-inicia-qualificacao-de-agentes-de-transito-para-reforcar-seguranca-viaria-em-aracaju\/\",\"name\":\"Prefeitura inicia qualifica\u00e7\u00e3o de agentes de tr\u00e2nsito para refor\u00e7ar seguran\u00e7a vi\u00e1ria em Aracaju - Encontra Aracaju\",\"isPartOf\":{\"@id\":\"https:\/\/www.encontraaracaju.com.br\/sobre\/#website\"},\"primaryImageOfPage\":{\"@id\":\"https:\/\/www.encontraaracaju.com.br\/sobre\/prefeitura-inicia-qualificacao-de-agentes-de-transito-para-reforcar-seguranca-viaria-em-aracaju\/#primaryimage\"},\"image\":{\"@id\":\"https:\/\/www.encontraaracaju.com.br\/sobre\/prefeitura-inicia-qualificacao-de-agentes-de-transito-para-reforcar-seguranca-viaria-em-aracaju\/#primaryimage\"},\"thumbnailUrl\":\"https:\/\/www.encontraaracaju.com.br\/sobre\/wp-content\/uploads\/2026\/07\/prefeitura-inicia-qualificacao-de-agentes-de-transito-para-reforcar-seguranca-viaria-em-aracaju.webp\",\"datePublished\":\"2026-07-25T23:02:16+00:00\",\"author\":{\"@id\":\"https:\/\/www.encontraaracaju.com.br\/sobre\/#\/schema\/person\/4ffad47e9e50db5f93e67859b297b0be\"},\"breadcrumb\":{\"@id\":\"https:\/\/www.encontraaracaju.com.br\/sobre\/prefeitura-inicia-qualificacao-de-agentes-de-transito-para-reforcar-seguranca-viaria-em-aracaju\/#breadcrumb\"},\"inLanguage\":\"pt-BR\",\"potentialAction\":[{\"@type\":\"ReadAction\",\"target\":[\"https:\/\/www.encontraaracaju.com.br\/sobre\/prefeitura-inicia-qualificacao-de-agentes-de-transito-para-reforcar-seguranca-viaria-em-aracaju\/\"]}]},{\"@type\":\"ImageObject\",\"inLanguage\":\"pt-BR\",\"@id\":\"https:\/\/www.encontraaracaju.com.br\/sobre\/prefeitura-inicia-qualificacao-de-agentes-de-transito-para-reforcar-seguranca-viaria-em-aracaju\/#primaryimage\",\"url\":\"https:\/\/www.encontraaracaju.com.br\/sobre\/wp-content\/uploads\/2026\/07\/prefeitura-inicia-qualificacao-de-agentes-de-transito-para-reforcar-seguranca-viaria-em-aracaju.webp\",\"contentUrl\":\"https:\/\/www.encontraaracaju.com.br\/sobre\/wp-content\/uploads\/2026\/07\/prefeitura-inicia-qualificacao-de-agentes-de-transito-para-reforcar-seguranca-viaria-em-aracaju.webp\",\"width\":280,\"height\":280,\"caption\":\"qualifica\u00e7\u00e3o de agentes de tr\u00e2nsito\"},{\"@type\":\"BreadcrumbList\",\"@id\":\"https:\/\/www.encontraaracaju.com.br\/sobre\/prefeitura-inicia-qualificacao-de-agentes-de-transito-para-reforcar-seguranca-viaria-em-aracaju\/#breadcrumb\",\"itemListElement\":[{\"@type\":\"ListItem\",\"position\":1,\"name\":\"In\u00edcio\",\"item\":\"https:\/\/www.encontraaracaju.com.br\/sobre\/\"},{\"@type\":\"ListItem\",\"position\":2,\"name\":\"Prefeitura inicia qualifica\u00e7\u00e3o de agentes de tr\u00e2nsito para refor\u00e7ar seguran\u00e7a vi\u00e1ria em Aracaju\"}]},{\"@type\":\"WebSite\",\"@id\":\"https:\/\/www.encontraaracaju.com.br\/sobre\/#website\",\"url\":\"https:\/\/www.encontraaracaju.com.br\/sobre\/\",\"name\":\"Encontra Aracaju\",\"description\":\"Not\u00edcias, eventos, informa\u00e7\u00f5es e dicas na cidade Aracaju e regi\u00e3o.\",\"potentialAction\":[{\"@type\":\"SearchAction\",\"target\":{\"@type\":\"EntryPoint\",\"urlTemplate\":\"https:\/\/www.encontraaracaju.com.br\/sobre\/?s={search_term_string}\"},\"query-input\":{\"@type\":\"PropertyValueSpecification\",\"valueRequired\":true,\"valueName\":\"search_term_string\"}}],\"inLanguage\":\"pt-BR\"},{\"@type\":\"Person\",\"@id\":\"https:\/\/www.encontraaracaju.com.br\/sobre\/#\/schema\/person\/4ffad47e9e50db5f93e67859b297b0be\",\"name\":\"Encontra Aracaju\",\"image\":{\"@type\":\"ImageObject\",\"inLanguage\":\"pt-BR\",\"@id\":\"https:\/\/www.encontraaracaju.com.br\/sobre\/#\/schema\/person\/image\/\",\"url\":\"https:\/\/secure.gravatar.com\/avatar\/507340682b8270222e1f208e23198b6ae7e2c6a1033ae84e99bc6bce4f82a387?s=96&d=mm&r=g\",\"contentUrl\":\"https:\/\/secure.gravatar.com\/avatar\/507340682b8270222e1f208e23198b6ae7e2c6a1033ae84e99bc6bce4f82a387?s=96&d=mm&r=g\",\"caption\":\"Encontra Aracaju\"},\"sameAs\":[\"http:\/\/www.encontraaracaju.com.br\"]}]}<\/script>\n<!-- \/ Yoast SEO plugin. -->","yoast_head_json":{"title":"Prefeitura inicia qualifica\u00e7\u00e3o de agentes de tr\u00e2nsito para refor\u00e7ar seguran\u00e7a vi\u00e1ria em Aracaju - Encontra Aracaju","robots":{"index":"index","follow":"follow","max-snippet":"max-snippet:-1","max-image-preview":"max-image-preview:large","max-video-preview":"max-video-preview:-1"},"canonical":"https:\/\/www.encontraaracaju.com.br\/sobre\/prefeitura-inicia-qualificacao-de-agentes-de-transito-para-reforcar-seguranca-viaria-em-aracaju\/","og_locale":"pt_BR","og_type":"article","og_title":"Prefeitura inicia qualifica\u00e7\u00e3o de agentes de tr\u00e2nsito para refor\u00e7ar seguran\u00e7a vi\u00e1ria em Aracaju - Encontra Aracaju","og_description":"Curso para agentes de tr\u00e2nsito em Aracaju visa refor\u00e7ar a seguran\u00e7a vi\u00e1ria com qualifica\u00e7\u00e3o t\u00e9cnica e operacional.","og_url":"https:\/\/www.encontraaracaju.com.br\/sobre\/prefeitura-inicia-qualificacao-de-agentes-de-transito-para-reforcar-seguranca-viaria-em-aracaju\/","og_site_name":"Encontra Aracaju","article_published_time":"2026-07-25T23:02:16+00:00","og_image":[{"url":"https:\/\/www.encontraaracaju.com.br\/sobre\/wp-content\/uploads\/2026\/07\/prefeitura-inicia-qualificacao-de-agentes-de-transito-para-reforcar-seguranca-viaria-em-aracaju.webp","type":"","width":"","height":""}],"author":"Encontra Aracaju","twitter_card":"summary_large_image","twitter_misc":{"Escrito por":"Encontra Aracaju","Est. tempo de leitura":"5 minutos"},"schema":{"@context":"https:\/\/schema.org","@graph":[{"@type":"WebPage","@id":"https:\/\/www.encontraaracaju.com.br\/sobre\/prefeitura-inicia-qualificacao-de-agentes-de-transito-para-reforcar-seguranca-viaria-em-aracaju\/","url":"https:\/\/www.encontraaracaju.com.br\/sobre\/prefeitura-inicia-qualificacao-de-agentes-de-transito-para-reforcar-seguranca-viaria-em-aracaju\/","name":"Prefeitura inicia qualifica\u00e7\u00e3o de agentes de tr\u00e2nsito para refor\u00e7ar seguran\u00e7a vi\u00e1ria em Aracaju - Encontra Aracaju","isPartOf":{"@id":"https:\/\/www.encontraaracaju.com.br\/sobre\/#website"},"primaryImageOfPage":{"@id":"https:\/\/www.encontraaracaju.com.br\/sobre\/prefeitura-inicia-qualificacao-de-agentes-de-transito-para-reforcar-seguranca-viaria-em-aracaju\/#primaryimage"},"image":{"@id":"https:\/\/www.encontraaracaju.com.br\/sobre\/prefeitura-inicia-qualificacao-de-agentes-de-transito-para-reforcar-seguranca-viaria-em-aracaju\/#primaryimage"},"thumbnailUrl":"https:\/\/www.encontraaracaju.com.br\/sobre\/wp-content\/uploads\/2026\/07\/prefeitura-inicia-qualificacao-de-agentes-de-transito-para-reforcar-seguranca-viaria-em-aracaju.webp","datePublished":"2026-07-25T23:02:16+00:00","author":{"@id":"https:\/\/www.encontraaracaju.com.br\/sobre\/#\/schema\/person\/4ffad47e9e50db5f93e67859b297b0be"},"breadcrumb":{"@id":"https:\/\/www.encontraaracaju.com.br\/sobre\/prefeitura-inicia-qualificacao-de-agentes-de-transito-para-reforcar-seguranca-viaria-em-aracaju\/#breadcrumb"},"inLanguage":"pt-BR","potentialAction":[{"@type":"ReadAction","target":["https:\/\/www.encontraaracaju.com.br\/sobre\/prefeitura-inicia-qualificacao-de-agentes-de-transito-para-reforcar-seguranca-viaria-em-aracaju\/"]}]},{"@type":"ImageObject","inLanguage":"pt-BR","@id":"https:\/\/www.encontraaracaju.com.br\/sobre\/prefeitura-inicia-qualificacao-de-agentes-de-transito-para-reforcar-seguranca-viaria-em-aracaju\/#primaryimage","url":"https:\/\/www.encontraaracaju.com.br\/sobre\/wp-content\/uploads\/2026\/07\/prefeitura-inicia-qualificacao-de-agentes-de-transito-para-reforcar-seguranca-viaria-em-aracaju.webp","contentUrl":"https:\/\/www.encontraaracaju.com.br\/sobre\/wp-content\/uploads\/2026\/07\/prefeitura-inicia-qualificacao-de-agentes-de-transito-para-reforcar-seguranca-viaria-em-aracaju.webp","width":280,"height":280,"caption":"qualifica\u00e7\u00e3o de agentes de tr\u00e2nsito"},{"@type":"BreadcrumbList","@id":"https:\/\/www.encontraaracaju.com.br\/sobre\/prefeitura-inicia-qualificacao-de-agentes-de-transito-para-reforcar-seguranca-viaria-em-aracaju\/#breadcrumb","itemListElement":[{"@type":"ListItem","position":1,"name":"In\u00edcio","item":"https:\/\/www.encontraaracaju.com.br\/sobre\/"},{"@type":"ListItem","position":2,"name":"Prefeitura inicia qualifica\u00e7\u00e3o de agentes de tr\u00e2nsito para refor\u00e7ar seguran\u00e7a vi\u00e1ria em Aracaju"}]},{"@type":"WebSite","@id":"https:\/\/www.encontraaracaju.com.br\/sobre\/#website","url":"https:\/\/www.encontraaracaju.com.br\/sobre\/","name":"Encontra Aracaju","description":"Not\u00edcias, eventos, informa\u00e7\u00f5es e dicas na cidade Aracaju e regi\u00e3o.","potentialAction":[{"@type":"SearchAction","target":{"@type":"EntryPoint","urlTemplate":"https:\/\/www.encontraaracaju.com.br\/sobre\/?s={search_term_string}"},"query-input":{"@type":"PropertyValueSpecification","valueRequired":true,"valueName":"search_term_string"}}],"inLanguage":"pt-BR"},{"@type":"Person","@id":"https:\/\/www.encontraaracaju.com.br\/sobre\/#\/schema\/person\/4ffad47e9e50db5f93e67859b297b0be","name":"Encontra Aracaju","image":{"@type":"ImageObject","inLanguage":"pt-BR","@id":"https:\/\/www.encontraaracaju.com.br\/sobre\/#\/schema\/person\/image\/","url":"https:\/\/secure.gravatar.com\/avatar\/507340682b8270222e1f208e23198b6ae7e2c6a1033ae84e99bc6bce4f82a387?s=96&d=mm&r=g","contentUrl":"https:\/\/secure.gravatar.com\/avatar\/507340682b8270222e1f208e23198b6ae7e2c6a1033ae84e99bc6bce4f82a387?s=96&d=mm&r=g","caption":"Encontra Aracaju"},"sameAs":["http:\/\/www.encontraaracaju.com.br"]}]}},"_links":{"self":[{"href":"https:\/\/www.encontraaracaju.com.br\/sobre\/wp-json\/wp\/v2\/posts\/2314","targetHints":{"allow":["GET"]}}],"collection":[{"href":"https:\/\/www.encontraaracaju.com.br\/sobre\/wp-json\/wp\/v2\/posts"}],"about":[{"href":"https:\/\/www.encontraaracaju.com.br\/sobre\/wp-json\/wp\/v2\/types\/post"}],"author":[{"embeddable":true,"href":"https:\/\/www.encontraaracaju.com.br\/sobre\/wp-json\/wp\/v2\/users\/1"}],"replies":[{"embeddable":true,"href":"https:\/\/www.encontraaracaju.com.br\/sobre\/wp-json\/wp\/v2\/comments?post=2314"}],"version-history":[{"count":0,"href":"https:\/\/www.encontraaracaju.com.br\/sobre\/wp-json\/wp\/v2\/posts\/2314\/revisions"}],"wp:featuredmedia":[{"embeddable":true,"href":"https:\/\/www.encontraaracaju.com.br\/sobre\/wp-json\/wp\/v2\/media\/2313"}],"wp:attachment":[{"href":"https:\/\/www.encontraaracaju.com.br\/sobre\/wp-json\/wp\/v2\/media?parent=2314"}],"wp:term":[{"taxonomy":"category","embeddable":true,"href":"https:\/\/www.encontraaracaju.com.br\/sobre\/wp-json\/wp\/v2\/categories?post=2314"},{"taxonomy":"post_tag","embeddable":true,"href":"https:\/\/www.encontraaracaju.com.br\/sobre\/wp-json\/wp\/v2\/tags?post=2314"}],"curies":[{"name":"wp","href":"https:\/\/api.w.org\/{rel}","templated":true}]}}