{"id":2282,"date":"2026-07-20T01:21:12","date_gmt":"2026-07-20T04:21:12","guid":{"rendered":"https:\/\/www.encontraaracaju.com.br\/sobre\/inscricoes-para-concurso-da-guarda-municipal-de-aracaju-sao-prorrogadas-salario-inicial-e-de-r-4-mil\/"},"modified":"2026-07-20T01:21:12","modified_gmt":"2026-07-20T04:21:12","slug":"inscricoes-para-concurso-da-guarda-municipal-de-aracaju-sao-prorrogadas-salario-inicial-e-de-r-4-mil","status":"publish","type":"post","link":"https:\/\/www.encontraaracaju.com.br\/sobre\/inscricoes-para-concurso-da-guarda-municipal-de-aracaju-sao-prorrogadas-salario-inicial-e-de-r-4-mil\/","title":{"rendered":"Inscri\u00e7\u00f5es para concurso da Guarda Municipal de Aracaju s\u00e3o prorrogadas; sal\u00e1rio inicial \u00e9 de R$ 4 mil"},"content":{"rendered":"<div class=\"0de350683d360aa04277a39db0bae410\" data-index=\"1\" style=\"float: none; margin:0px;\">\n<!-- Anuncio display - global -->\r\n<ins class=\"adsbygoogle\"\r\n     style=\"display:block\"\r\n     data-ad-client=\"ca-pub-8585364105181520\"\r\n     data-ad-slot=\"8789329856\"\r\n     data-ad-format=\"auto\"\r\n     data-full-width-responsive=\"true\"><\/ins>\r\n<script>\r\n     (adsbygoogle = window.adsbygoogle || []).push({});\r\n<\/script>\n<\/div>\n<h2>Vagas Dispon\u00edveis e Sal\u00e1rio Inicial<\/h2>\n<p>O concurso para a Guarda Municipal de Aracaju oferece <strong>100 vagas<\/strong> com um sal\u00e1rio inicial de <strong>R$ 4.055,53<\/strong>. As vagas est\u00e3o distribu\u00eddas entre diferentes categorias, onde <strong>85 delas s\u00e3o para ampla concorr\u00eancia<\/strong>, <strong>10 para cotas raciais<\/strong> e <strong>5 destinadas a pessoas com defici\u00eancia (PcD)<\/strong>. Essa diversidade nas vagas busca promover a inclus\u00e3o e garantir representatividade dentro da corpora\u00e7\u00e3o, algo essencial para o bom funcionamento do servi\u00e7o p\u00fablico.<\/p>\n<h2>Prazo de Inscri\u00e7\u00e3o e Isen\u00e7\u00e3o da Taxa<\/h2>\n<p>Os interessados em participar do concurso t\u00eam at\u00e9 o dia <strong>5 de agosto<\/strong> para se inscrever, pois o prazo foi prorrogado. A taxa de inscri\u00e7\u00e3o \u00e9 de <strong>R$ 160<\/strong>, que deve ser paga at\u00e9 o dia <strong>6 de agosto<\/strong>. Para aqueles que se enquadram no Cadastro \u00danico para Programas Sociais do Governo Federal (Cad\u00danico), o prazo para solicitar a isen\u00e7\u00e3o da taxa foi ampliado e vai de <strong>8 a 10 de julho<\/strong>. Essa medida visa garantir que todos tenham igualdade de oportunidade para concorrer \u00e0s vagas dispon\u00edveis.<\/p>\n<h2>Como se Inscrever no Concurso<\/h2>\n<p>A inscri\u00e7\u00e3o para o concurso deve ser realizada exclusivamente de forma online, atrav\u00e9s do site do <strong>Instituto de Desenvolvimento Educacional, Cultural e Assistencial Nacional (Idecan)<\/strong>. \u00c9 preciso acessar o site, preencher o formul\u00e1rio de inscri\u00e7\u00e3o com os dados solicitados e realizar o pagamento da taxa. \u00c9 importante estar atento \u00e0s instru\u00e7\u00f5es que ser\u00e3o fornecidas no site para evitar problemas durante o processo.<\/p>\n<p><img decoding=\"async\" src=\"https:\/\/www.encontraaracaju.com.br\/sobre\/wp-content\/uploads\/2026\/07\/inscricoes-para-concurso-da-guarda-municipal-de-aracaju-sao-prorrogadas-salario-inicial-e-de-r-4-mil.webp\" alt=\"\" loading=\"lazy\" \/><\/p>\n<h2>Data da Prova e Conte\u00fado Program\u00e1tico<\/h2>\n<p>A <strong>prova objetiva<\/strong> est\u00e1 marcada para o dia <strong>13 de setembro<\/strong>. Nela, ser\u00e3o avaliados diversos conhecimentos, incluindo:<\/p>\n<ul>\n<li><strong>L\u00edngua Portuguesa<\/strong><\/li>\n<li><strong>Racioc\u00ednio L\u00f3gico<\/strong><\/li>\n<li><strong>No\u00e7\u00f5es de Inform\u00e1tica<\/strong><\/li>\n<li><strong>Atualidades<\/strong><\/li>\n<li><strong>Conte\u00fados Espec\u00edficos:<\/strong> Isso abrange no\u00e7\u00f5es de direito administrativo, constitucional e penal, direitos humanos e legisla\u00e7\u00e3o extravagante.<\/li>\n<\/ul>\n<h2>Cotas e Vagas Para Pessoas com Defici\u00eancia<\/h2>\n<p>O concurso tamb\u00e9m assegura a inclus\u00e3o de pessoas com defici\u00eancia, disponibilizando <strong>5 vagas<\/strong> espec\u00edficas para este grupo. Essa a\u00e7\u00e3o \u00e9 parte do esfor\u00e7o para garantir que a Guarda Municipal de Aracaju reflita a diversidade da popula\u00e7\u00e3o servida e cumpra com as diretrizes de acessibilidade e inclus\u00e3o social. Os candidatos que se enquadram nessa categoria devem estar atentos aos requisitos espec\u00edficos exigidos para a comprova\u00e7\u00e3o da defici\u00eancia.<\/p>\n<h2>Import\u00e2ncia do Cadastro \u00danico<\/h2>\n<p>O <strong>Cadastro \u00danico para Programas Sociais<\/strong> \u00e9 uma ferramenta fundamental para garantir que cidad\u00e3os em situa\u00e7\u00e3o de vulnerabilidade social tenham acesso a oportunidades de emprego e benef\u00edcios do governo. Os candidatos que est\u00e3o cadastrados e que solicitarem a isen\u00e7\u00e3o da taxa de inscri\u00e7\u00e3o desempenham um papel significativo, pois est\u00e3o sendo apoiados na busca por dignidade e melhores condi\u00e7\u00f5es de vida. A inclus\u00e3o por meio do Cad\u00danico n\u00e3o apenas \u00e9 uma responsabilidade social, mas tamb\u00e9m uma forma de promover a equidade e justi\u00e7a social.<\/p>\n<h2>Como se Preparar para as Provas<\/h2>\n<p>A prepara\u00e7\u00e3o para a prova deve ser levada a s\u00e9rio. Os candidatos devem estudar o conte\u00fado program\u00e1tico completo, focando em cada uma das disciplinas mencionadas. Aqui est\u00e3o algumas dicas que podem ser \u00fateis:<\/p>\n<ul>\n<li><strong>Monitoramento do Tempo:<\/strong> \u00c9 essencial practice gerenciamento do tempo durante os estudos e os simulados. Isso ajuda a criar uma rotina de aprendizado eficiente.<\/li>\n<li><strong>Materiais de Estudo:<\/strong> Utilize livros, apostilas, videoaulas e cursos online para aprofundar seu conhecimento nas disciplinas requeridas.<\/li>\n<li><strong>Grupos de Estudo:<\/strong> Formar grupos de estudos pode ser altamente ben\u00e9fico. Trocando ideias e esclarecendo d\u00favidas em grupo, os candidatos podem aprender de forma mais din\u00e2mica.<\/li>\n<li><strong>Simulados:<\/strong> Praticar com quest\u00f5es de provas anteriores \u00e9 uma excelente maneira de se familiarizar com o estilo das quest\u00f5es e o formato da prova.<\/li>\n<\/ul>\n<h2>A Estrutura do Processo Seletivo<\/h2>\n<p>O processo seletivo \u00e9 estruturado de maneira a avaliar criteriosamente cada candidato, assegurando que aqueles que forem selecionados estejam capacitados para atuar na seguran\u00e7a p\u00fablica. O concurso incluir\u00e1 as etapas de:<\/p>\n<ul>\n<li><strong>Prova Objetiva<\/strong><\/li>\n<li><strong>Avalia\u00e7\u00e3o de T\u00edtulos:<\/strong> Para aqueles que j\u00e1 possuem forma\u00e7\u00e3o superior, a soma de pontos adicionais nesta fase pode ser um diferencial.<\/li>\n<li><strong>Exame de Aptid\u00e3o F\u00edsica:<\/strong> Uma vez aprovados nas etapas anteriores, os candidatos passar\u00e3o por um teste f\u00edsico, visando avaliar a condi\u00e7\u00e3o f\u00edsica necess\u00e1ria para as atividades da Guarda municipal.<\/li>\n<\/ul>\n<h2>Benef\u00edcios de Trabalhar na Guarda Municipal<\/h2>\n<p>Entrar para a Guarda Municipal de Aracaju traz uma s\u00e9rie de benef\u00edcios, tanto profissionais quanto pessoais. Entre eles, podemos destacar:<\/p>\n<ul>\n<li><strong>Estabilidade:<\/strong> Ser um servidor p\u00fablico geralmente oferece maior estabilidade em compara\u00e7\u00e3o com o setor privado.<\/li>\n<li><strong>Benef\u00edcios e Remunera\u00e7\u00f5es Atraentes:<\/strong> Oferece planos de sa\u00fade, vale-alimenta\u00e7\u00e3o e planos de previd\u00eancia, proporcionando seguran\u00e7a e conforto aos servidores e suas fam\u00edlias.<\/li>\n<li><strong>Oportunidades de Crescimento:<\/strong> Dentro da Guarda Municipal, h\u00e1 v\u00e1rias oportunidades de ascens\u00e3o profissional e especializa\u00e7\u00e3o em diversas \u00e1reas de atua\u00e7\u00e3o na seguran\u00e7a p\u00fablica.<\/li>\n<\/ul>\n<h2>Dicas Para Garantir Sua Vaga<\/h2>\n<p>Al\u00e9m de se preparar adequadamente para as provas, algumas dicas podem aumentar suas chances de sucesso:<\/p>\n<ul>\n<li><strong>Disciplina nos Estudos:<\/strong> Mantenha uma rotina de estudos disciplinada e focada, dividindo o material em partes gerenci\u00e1veis.<\/li>\n<li><strong>Networking:<\/strong> Construa e mantenha uma boa rede de contatos, participando de eventos e cursos na \u00e1rea de seguran\u00e7a p\u00fablica.<\/li>\n<li><strong>Informa\u00e7\u00e3o Atualizada:<\/strong> Esteja sempre por dentro das atualiza\u00e7\u00f5es relacionadas ao concurso e \u00e0 Guarda Municipal, isso mostra interesse e proatividade.<\/li>\n<li><strong>Sa\u00fade Emocional:<\/strong> Mantenha-se equilibrado emocionalmente durante a prepara\u00e7\u00e3o, pois o estresse pode prejudicar seu desempenho nos exames.<\/li>\n<\/ul>\n\n<div style=\"font-size: 0px; height: 0px; line-height: 0px; margin: 0; padding: 0; clear: both;\"><\/div>","protected":false},"excerpt":{"rendered":"<p>Concurso da GMA prorroga inscri\u00e7\u00f5es e oferece 100 vagas com sal\u00e1rio de R$ 4 mil.<\/p>\n","protected":false},"author":1,"featured_media":2281,"comment_status":"closed","ping_status":"closed","sticky":false,"template":"","format":"standard","meta":{"footnotes":""},"categories":[20],"tags":[],"class_list":["post-2282","post","type-post","status-publish","format-standard","has-post-thumbnail","hentry","category-concursos-em-aracaju","has_thumb"],"yoast_head":"<!-- This site is optimized with the Yoast SEO plugin v26.4 - https:\/\/yoast.com\/wordpress\/plugins\/seo\/ -->\n<title>Inscri\u00e7\u00f5es para concurso da Guarda Municipal de Aracaju s\u00e3o prorrogadas; sal\u00e1rio inicial \u00e9 de R$ 4 mil - Encontra Aracaju<\/title>\n<meta name=\"robots\" content=\"index, follow, max-snippet:-1, max-image-preview:large, max-video-preview:-1\" \/>\n<link rel=\"canonical\" href=\"https:\/\/www.encontraaracaju.com.br\/sobre\/inscricoes-para-concurso-da-guarda-municipal-de-aracaju-sao-prorrogadas-salario-inicial-e-de-r-4-mil\/\" \/>\n<meta property=\"og:locale\" content=\"pt_BR\" \/>\n<meta property=\"og:type\" content=\"article\" \/>\n<meta property=\"og:title\" content=\"Inscri\u00e7\u00f5es para concurso da Guarda Municipal de Aracaju s\u00e3o prorrogadas; sal\u00e1rio inicial \u00e9 de R$ 4 mil - Encontra Aracaju\" \/>\n<meta property=\"og:description\" content=\"Concurso da GMA prorroga inscri\u00e7\u00f5es e oferece 100 vagas com sal\u00e1rio de R$ 4 mil.\" \/>\n<meta property=\"og:url\" content=\"https:\/\/www.encontraaracaju.com.br\/sobre\/inscricoes-para-concurso-da-guarda-municipal-de-aracaju-sao-prorrogadas-salario-inicial-e-de-r-4-mil\/\" \/>\n<meta property=\"og:site_name\" content=\"Encontra Aracaju\" \/>\n<meta property=\"article:published_time\" content=\"2026-07-20T04:21:12+00:00\" \/>\n<meta property=\"og:image\" content=\"https:\/\/www.encontraaracaju.com.br\/sobre\/wp-content\/uploads\/2026\/07\/inscricoes-para-concurso-da-guarda-municipal-de-aracaju-sao-prorrogadas-salario-inicial-e-de-r-4-mil.webp\" \/>\n<meta name=\"author\" content=\"Encontra Aracaju\" \/>\n<meta name=\"twitter:card\" content=\"summary_large_image\" \/>\n<meta name=\"twitter:label1\" content=\"Escrito por\" \/>\n\t<meta name=\"twitter:data1\" content=\"Encontra Aracaju\" \/>\n\t<meta name=\"twitter:label2\" content=\"Est. tempo de leitura\" \/>\n\t<meta name=\"twitter:data2\" content=\"5 minutos\" \/>\n<script type=\"application\/ld+json\" class=\"yoast-schema-graph\">{\"@context\":\"https:\/\/schema.org\",\"@graph\":[{\"@type\":\"WebPage\",\"@id\":\"https:\/\/www.encontraaracaju.com.br\/sobre\/inscricoes-para-concurso-da-guarda-municipal-de-aracaju-sao-prorrogadas-salario-inicial-e-de-r-4-mil\/\",\"url\":\"https:\/\/www.encontraaracaju.com.br\/sobre\/inscricoes-para-concurso-da-guarda-municipal-de-aracaju-sao-prorrogadas-salario-inicial-e-de-r-4-mil\/\",\"name\":\"Inscri\u00e7\u00f5es para concurso da Guarda Municipal de Aracaju s\u00e3o prorrogadas; sal\u00e1rio inicial \u00e9 de R$ 4 mil - Encontra Aracaju\",\"isPartOf\":{\"@id\":\"https:\/\/www.encontraaracaju.com.br\/sobre\/#website\"},\"primaryImageOfPage\":{\"@id\":\"https:\/\/www.encontraaracaju.com.br\/sobre\/inscricoes-para-concurso-da-guarda-municipal-de-aracaju-sao-prorrogadas-salario-inicial-e-de-r-4-mil\/#primaryimage\"},\"image\":{\"@id\":\"https:\/\/www.encontraaracaju.com.br\/sobre\/inscricoes-para-concurso-da-guarda-municipal-de-aracaju-sao-prorrogadas-salario-inicial-e-de-r-4-mil\/#primaryimage\"},\"thumbnailUrl\":\"https:\/\/www.encontraaracaju.com.br\/sobre\/wp-content\/uploads\/2026\/07\/inscricoes-para-concurso-da-guarda-municipal-de-aracaju-sao-prorrogadas-salario-inicial-e-de-r-4-mil.webp\",\"datePublished\":\"2026-07-20T04:21:12+00:00\",\"author\":{\"@id\":\"https:\/\/www.encontraaracaju.com.br\/sobre\/#\/schema\/person\/4ffad47e9e50db5f93e67859b297b0be\"},\"breadcrumb\":{\"@id\":\"https:\/\/www.encontraaracaju.com.br\/sobre\/inscricoes-para-concurso-da-guarda-municipal-de-aracaju-sao-prorrogadas-salario-inicial-e-de-r-4-mil\/#breadcrumb\"},\"inLanguage\":\"pt-BR\",\"potentialAction\":[{\"@type\":\"ReadAction\",\"target\":[\"https:\/\/www.encontraaracaju.com.br\/sobre\/inscricoes-para-concurso-da-guarda-municipal-de-aracaju-sao-prorrogadas-salario-inicial-e-de-r-4-mil\/\"]}]},{\"@type\":\"ImageObject\",\"inLanguage\":\"pt-BR\",\"@id\":\"https:\/\/www.encontraaracaju.com.br\/sobre\/inscricoes-para-concurso-da-guarda-municipal-de-aracaju-sao-prorrogadas-salario-inicial-e-de-r-4-mil\/#primaryimage\",\"url\":\"https:\/\/www.encontraaracaju.com.br\/sobre\/wp-content\/uploads\/2026\/07\/inscricoes-para-concurso-da-guarda-municipal-de-aracaju-sao-prorrogadas-salario-inicial-e-de-r-4-mil.webp\",\"contentUrl\":\"https:\/\/www.encontraaracaju.com.br\/sobre\/wp-content\/uploads\/2026\/07\/inscricoes-para-concurso-da-guarda-municipal-de-aracaju-sao-prorrogadas-salario-inicial-e-de-r-4-mil.webp\",\"width\":280,\"height\":280},{\"@type\":\"BreadcrumbList\",\"@id\":\"https:\/\/www.encontraaracaju.com.br\/sobre\/inscricoes-para-concurso-da-guarda-municipal-de-aracaju-sao-prorrogadas-salario-inicial-e-de-r-4-mil\/#breadcrumb\",\"itemListElement\":[{\"@type\":\"ListItem\",\"position\":1,\"name\":\"In\u00edcio\",\"item\":\"https:\/\/www.encontraaracaju.com.br\/sobre\/\"},{\"@type\":\"ListItem\",\"position\":2,\"name\":\"Inscri\u00e7\u00f5es para concurso da Guarda Municipal de Aracaju s\u00e3o prorrogadas; sal\u00e1rio inicial \u00e9 de R$ 4 mil\"}]},{\"@type\":\"WebSite\",\"@id\":\"https:\/\/www.encontraaracaju.com.br\/sobre\/#website\",\"url\":\"https:\/\/www.encontraaracaju.com.br\/sobre\/\",\"name\":\"Encontra Aracaju\",\"description\":\"Not\u00edcias, eventos, informa\u00e7\u00f5es e dicas na cidade Aracaju e regi\u00e3o.\",\"potentialAction\":[{\"@type\":\"SearchAction\",\"target\":{\"@type\":\"EntryPoint\",\"urlTemplate\":\"https:\/\/www.encontraaracaju.com.br\/sobre\/?s={search_term_string}\"},\"query-input\":{\"@type\":\"PropertyValueSpecification\",\"valueRequired\":true,\"valueName\":\"search_term_string\"}}],\"inLanguage\":\"pt-BR\"},{\"@type\":\"Person\",\"@id\":\"https:\/\/www.encontraaracaju.com.br\/sobre\/#\/schema\/person\/4ffad47e9e50db5f93e67859b297b0be\",\"name\":\"Encontra Aracaju\",\"image\":{\"@type\":\"ImageObject\",\"inLanguage\":\"pt-BR\",\"@id\":\"https:\/\/www.encontraaracaju.com.br\/sobre\/#\/schema\/person\/image\/\",\"url\":\"https:\/\/secure.gravatar.com\/avatar\/507340682b8270222e1f208e23198b6ae7e2c6a1033ae84e99bc6bce4f82a387?s=96&d=mm&r=g\",\"contentUrl\":\"https:\/\/secure.gravatar.com\/avatar\/507340682b8270222e1f208e23198b6ae7e2c6a1033ae84e99bc6bce4f82a387?s=96&d=mm&r=g\",\"caption\":\"Encontra Aracaju\"},\"sameAs\":[\"http:\/\/www.encontraaracaju.com.br\"]}]}<\/script>\n<!-- \/ Yoast SEO plugin. -->","yoast_head_json":{"title":"Inscri\u00e7\u00f5es para concurso da Guarda Municipal de Aracaju s\u00e3o prorrogadas; sal\u00e1rio inicial \u00e9 de R$ 4 mil - Encontra Aracaju","robots":{"index":"index","follow":"follow","max-snippet":"max-snippet:-1","max-image-preview":"max-image-preview:large","max-video-preview":"max-video-preview:-1"},"canonical":"https:\/\/www.encontraaracaju.com.br\/sobre\/inscricoes-para-concurso-da-guarda-municipal-de-aracaju-sao-prorrogadas-salario-inicial-e-de-r-4-mil\/","og_locale":"pt_BR","og_type":"article","og_title":"Inscri\u00e7\u00f5es para concurso da Guarda Municipal de Aracaju s\u00e3o prorrogadas; sal\u00e1rio inicial \u00e9 de R$ 4 mil - Encontra Aracaju","og_description":"Concurso da GMA prorroga inscri\u00e7\u00f5es e oferece 100 vagas com sal\u00e1rio de R$ 4 mil.","og_url":"https:\/\/www.encontraaracaju.com.br\/sobre\/inscricoes-para-concurso-da-guarda-municipal-de-aracaju-sao-prorrogadas-salario-inicial-e-de-r-4-mil\/","og_site_name":"Encontra Aracaju","article_published_time":"2026-07-20T04:21:12+00:00","og_image":[{"url":"https:\/\/www.encontraaracaju.com.br\/sobre\/wp-content\/uploads\/2026\/07\/inscricoes-para-concurso-da-guarda-municipal-de-aracaju-sao-prorrogadas-salario-inicial-e-de-r-4-mil.webp","type":"","width":"","height":""}],"author":"Encontra Aracaju","twitter_card":"summary_large_image","twitter_misc":{"Escrito por":"Encontra Aracaju","Est. tempo de leitura":"5 minutos"},"schema":{"@context":"https:\/\/schema.org","@graph":[{"@type":"WebPage","@id":"https:\/\/www.encontraaracaju.com.br\/sobre\/inscricoes-para-concurso-da-guarda-municipal-de-aracaju-sao-prorrogadas-salario-inicial-e-de-r-4-mil\/","url":"https:\/\/www.encontraaracaju.com.br\/sobre\/inscricoes-para-concurso-da-guarda-municipal-de-aracaju-sao-prorrogadas-salario-inicial-e-de-r-4-mil\/","name":"Inscri\u00e7\u00f5es para concurso da Guarda Municipal de Aracaju s\u00e3o prorrogadas; sal\u00e1rio inicial \u00e9 de R$ 4 mil - Encontra Aracaju","isPartOf":{"@id":"https:\/\/www.encontraaracaju.com.br\/sobre\/#website"},"primaryImageOfPage":{"@id":"https:\/\/www.encontraaracaju.com.br\/sobre\/inscricoes-para-concurso-da-guarda-municipal-de-aracaju-sao-prorrogadas-salario-inicial-e-de-r-4-mil\/#primaryimage"},"image":{"@id":"https:\/\/www.encontraaracaju.com.br\/sobre\/inscricoes-para-concurso-da-guarda-municipal-de-aracaju-sao-prorrogadas-salario-inicial-e-de-r-4-mil\/#primaryimage"},"thumbnailUrl":"https:\/\/www.encontraaracaju.com.br\/sobre\/wp-content\/uploads\/2026\/07\/inscricoes-para-concurso-da-guarda-municipal-de-aracaju-sao-prorrogadas-salario-inicial-e-de-r-4-mil.webp","datePublished":"2026-07-20T04:21:12+00:00","author":{"@id":"https:\/\/www.encontraaracaju.com.br\/sobre\/#\/schema\/person\/4ffad47e9e50db5f93e67859b297b0be"},"breadcrumb":{"@id":"https:\/\/www.encontraaracaju.com.br\/sobre\/inscricoes-para-concurso-da-guarda-municipal-de-aracaju-sao-prorrogadas-salario-inicial-e-de-r-4-mil\/#breadcrumb"},"inLanguage":"pt-BR","potentialAction":[{"@type":"ReadAction","target":["https:\/\/www.encontraaracaju.com.br\/sobre\/inscricoes-para-concurso-da-guarda-municipal-de-aracaju-sao-prorrogadas-salario-inicial-e-de-r-4-mil\/"]}]},{"@type":"ImageObject","inLanguage":"pt-BR","@id":"https:\/\/www.encontraaracaju.com.br\/sobre\/inscricoes-para-concurso-da-guarda-municipal-de-aracaju-sao-prorrogadas-salario-inicial-e-de-r-4-mil\/#primaryimage","url":"https:\/\/www.encontraaracaju.com.br\/sobre\/wp-content\/uploads\/2026\/07\/inscricoes-para-concurso-da-guarda-municipal-de-aracaju-sao-prorrogadas-salario-inicial-e-de-r-4-mil.webp","contentUrl":"https:\/\/www.encontraaracaju.com.br\/sobre\/wp-content\/uploads\/2026\/07\/inscricoes-para-concurso-da-guarda-municipal-de-aracaju-sao-prorrogadas-salario-inicial-e-de-r-4-mil.webp","width":280,"height":280},{"@type":"BreadcrumbList","@id":"https:\/\/www.encontraaracaju.com.br\/sobre\/inscricoes-para-concurso-da-guarda-municipal-de-aracaju-sao-prorrogadas-salario-inicial-e-de-r-4-mil\/#breadcrumb","itemListElement":[{"@type":"ListItem","position":1,"name":"In\u00edcio","item":"https:\/\/www.encontraaracaju.com.br\/sobre\/"},{"@type":"ListItem","position":2,"name":"Inscri\u00e7\u00f5es para concurso da Guarda Municipal de Aracaju s\u00e3o prorrogadas; sal\u00e1rio inicial \u00e9 de R$ 4 mil"}]},{"@type":"WebSite","@id":"https:\/\/www.encontraaracaju.com.br\/sobre\/#website","url":"https:\/\/www.encontraaracaju.com.br\/sobre\/","name":"Encontra Aracaju","description":"Not\u00edcias, eventos, informa\u00e7\u00f5es e dicas na cidade Aracaju e regi\u00e3o.","potentialAction":[{"@type":"SearchAction","target":{"@type":"EntryPoint","urlTemplate":"https:\/\/www.encontraaracaju.com.br\/sobre\/?s={search_term_string}"},"query-input":{"@type":"PropertyValueSpecification","valueRequired":true,"valueName":"search_term_string"}}],"inLanguage":"pt-BR"},{"@type":"Person","@id":"https:\/\/www.encontraaracaju.com.br\/sobre\/#\/schema\/person\/4ffad47e9e50db5f93e67859b297b0be","name":"Encontra Aracaju","image":{"@type":"ImageObject","inLanguage":"pt-BR","@id":"https:\/\/www.encontraaracaju.com.br\/sobre\/#\/schema\/person\/image\/","url":"https:\/\/secure.gravatar.com\/avatar\/507340682b8270222e1f208e23198b6ae7e2c6a1033ae84e99bc6bce4f82a387?s=96&d=mm&r=g","contentUrl":"https:\/\/secure.gravatar.com\/avatar\/507340682b8270222e1f208e23198b6ae7e2c6a1033ae84e99bc6bce4f82a387?s=96&d=mm&r=g","caption":"Encontra Aracaju"},"sameAs":["http:\/\/www.encontraaracaju.com.br"]}]}},"_links":{"self":[{"href":"https:\/\/www.encontraaracaju.com.br\/sobre\/wp-json\/wp\/v2\/posts\/2282","targetHints":{"allow":["GET"]}}],"collection":[{"href":"https:\/\/www.encontraaracaju.com.br\/sobre\/wp-json\/wp\/v2\/posts"}],"about":[{"href":"https:\/\/www.encontraaracaju.com.br\/sobre\/wp-json\/wp\/v2\/types\/post"}],"author":[{"embeddable":true,"href":"https:\/\/www.encontraaracaju.com.br\/sobre\/wp-json\/wp\/v2\/users\/1"}],"replies":[{"embeddable":true,"href":"https:\/\/www.encontraaracaju.com.br\/sobre\/wp-json\/wp\/v2\/comments?post=2282"}],"version-history":[{"count":0,"href":"https:\/\/www.encontraaracaju.com.br\/sobre\/wp-json\/wp\/v2\/posts\/2282\/revisions"}],"wp:featuredmedia":[{"embeddable":true,"href":"https:\/\/www.encontraaracaju.com.br\/sobre\/wp-json\/wp\/v2\/media\/2281"}],"wp:attachment":[{"href":"https:\/\/www.encontraaracaju.com.br\/sobre\/wp-json\/wp\/v2\/media?parent=2282"}],"wp:term":[{"taxonomy":"category","embeddable":true,"href":"https:\/\/www.encontraaracaju.com.br\/sobre\/wp-json\/wp\/v2\/categories?post=2282"},{"taxonomy":"post_tag","embeddable":true,"href":"https:\/\/www.encontraaracaju.com.br\/sobre\/wp-json\/wp\/v2\/tags?post=2282"}],"curies":[{"name":"wp","href":"https:\/\/api.w.org\/{rel}","templated":true}]}}