{"id":2258,"date":"2026-07-16T05:38:47","date_gmt":"2026-07-16T08:38:47","guid":{"rendered":"https:\/\/www.encontraaracaju.com.br\/sobre\/emancipacao-politica-de-sergipe-confira-o-funcionamento-dos-servicos-municipais-nesta-quarta-8\/"},"modified":"2026-07-16T05:38:47","modified_gmt":"2026-07-16T08:38:47","slug":"emancipacao-politica-de-sergipe-confira-o-funcionamento-dos-servicos-municipais-nesta-quarta-8","status":"publish","type":"post","link":"https:\/\/www.encontraaracaju.com.br\/sobre\/emancipacao-politica-de-sergipe-confira-o-funcionamento-dos-servicos-municipais-nesta-quarta-8\/","title":{"rendered":"Emancipa\u00e7\u00e3o pol\u00edtica de Sergipe: confira o funcionamento dos servi\u00e7os municipais nesta quarta, 8"},"content":{"rendered":"<div class=\"0de350683d360aa04277a39db0bae410\" data-index=\"1\" style=\"float: none; margin:0px;\">\n<!-- Anuncio display - global -->\r\n<ins class=\"adsbygoogle\"\r\n     style=\"display:block\"\r\n     data-ad-client=\"ca-pub-8585364105181520\"\r\n     data-ad-slot=\"8789329856\"\r\n     data-ad-format=\"auto\"\r\n     data-full-width-responsive=\"true\"><\/ins>\r\n<script>\r\n     (adsbygoogle = window.adsbygoogle || []).push({});\r\n<\/script>\n<\/div>\n<h2>Servi\u00e7os de Sa\u00fade durante o feriado<\/h2>\n<p>No feriado de emancipa\u00e7\u00e3o pol\u00edtica de Sergipe, celebrado no dia 8 de julho, o funcionamento dos servi\u00e7os de sa\u00fade em Aracaju ter\u00e1 algumas especificidades. As emerg\u00eancias dos hospitais Fernando Franco e Nestor Piva, que operam ininterruptamente, atender\u00e3o as demandas normalmente. A Maternidade Municipal Lourdes Nogueira (MMLN) tamb\u00e9m estar\u00e1 \u00e0 disposi\u00e7\u00e3o, garantindo assist\u00eancia requisitada.<\/p>\n<p>O Projeto Novo Olhar, localizado no estacionamento do Aracaju Parque Shopping, funcionar\u00e1 sem interrup\u00e7\u00e3o, assim como a urg\u00eancia odontol\u00f3gica no Hospital Municipal Desembargador Fernando Franco. Entretanto, os Centros de Aten\u00e7\u00e3o Psicossocial (Caps) estar\u00e3o dispon\u00edveis somente para acolhimento noturno, enquanto as Unidades de Sa\u00fade da Fam\u00edlia (USFs) e a sede administrativa da Secretaria Municipal da Sa\u00fade (SMS) permanecer\u00e3o fechadas. Outros servi\u00e7os como o Centro Especializado em Reabilita\u00e7\u00e3o II (CER II) e a Vigil\u00e2ncia de Zoonoses n\u00e3o estar\u00e3o operacionais no feriado, assim como o Centro de Especialidades Odontol\u00f3gicas.<\/p>\n<h2>Funcionamento dos Mercados e Feiras<\/h2>\n<p>No dia do feriado, a atividade nos mercados e feiras ter\u00e1 um cronograma reduzido. O Mercado Central Maria Virg\u00ednia Leite Franco funcionar\u00e1 at\u00e9 \u00e0s 12h, enquanto os Mercados Ant\u00f4nio Franco e Thales Ferraz atender\u00e3o at\u00e9 as 13h. Al\u00e9m disso, os mercados setoriais dos bairros operar\u00e3o at\u00e9 o meio-dia. As feiras livres est\u00e3o confirmadas e acontecer\u00e3o sem mudan\u00e7as, incluindo aquelas nos conjuntos Dom Pedro, Augusto Franco e Orlando Dantas.<\/p>\n<p><img decoding=\"async\" src=\"https:\/\/www.encontraaracaju.com.br\/sobre\/wp-content\/uploads\/2026\/07\/emancipacao-politica-de-sergipe-confira-o-funcionamento-dos-servicos-municipais-nesta-quarta-8.webp\" alt=\"emancipa\u00e7\u00e3o pol\u00edtica de Sergipe\" loading=\"lazy\" \/><\/p>\n<h2>Coleta de Lixo e Limpeza P\u00fablica<\/h2>\n<p>A coleta de lixo domiciliar permanecer\u00e1 conforme o cronograma habitual, sem altera\u00e7\u00f5es. Contudo, a limpeza p\u00fablica contar\u00e1 com equipes reduzidas trabalhando durante o feriado. Os ecopontos estar\u00e3o fechados temporariamente, reabrindo no dia seguinte em seu hor\u00e1rio regular. As iniciativas como Cata-Treco, Cata-Pneu e a coleta seletiva n\u00e3o estar\u00e3o dispon\u00edveis no feriado.<\/p>\n<h2>Atendimento nos Parques e Centro de Artesanato<\/h2>\n<p>Os parques da cidade tamb\u00e9m ter\u00e3o hor\u00e1rios distintos. O Parque Governador Augusto Franco, conhecido como Sementeira, funcionar\u00e1 das 5h \u00e0s 21h30. O Parque Ecol\u00f3gico Poxim abrir\u00e1 das 6h \u00e0s 18h. O Centro de Artesanato Chica Chaves, por sua vez, acolher\u00e1 visitantes das 8h \u00e0s 16h, proporcionando uma oportunidade para aqueles que desejam apreciar a cultura local.<\/p>\n<h2>Acesso \u00e0 Orla P\u00f4r do Sol<\/h2>\n<p>Os servi\u00e7os de embarque e desembarque na Orla P\u00f4r do Sol, localizada em Mosqueiro, estar\u00e3o dispon\u00edveis normalmente, funcionando das 8h \u00e0s 17h. Isso garante que a popula\u00e7\u00e3o possa desfrutar das belezas naturais da regi\u00e3o sem interrup\u00e7\u00f5es.<\/p>\n<h2>Servi\u00e7os de Assist\u00eancia Social dispon\u00edveis<\/h2>\n<p>No que diz respeito \u00e0 assist\u00eancia social, as unidades de Prote\u00e7\u00e3o Social Especial estar\u00e3o em funcionamento 24 horas, garantindo suporte para aqueles que necessitam. O Servi\u00e7o de Acolhimento Institucional Ca\u00e7ula Barreto, os Abrigos Sorriso e N\u00fabia Marques, bem como as Casas de Passagem Municipal Freitas Brand\u00e3o e Acolher, manter\u00e3o seus servi\u00e7os operacionais. O Aux\u00edlio Funeral estar\u00e1 dispon\u00edvel entre 8h e 22h, podendo ser solicitado por meio do telefone (79) 99179-4670.<\/p>\n<h2>Atua\u00e7\u00e3o da Guarda Municipal no feriado<\/h2>\n<p>Durante o feriado de emancipa\u00e7\u00e3o pol\u00edtica, a Guarda Municipal de Aracaju estar\u00e1 em regime de plant\u00e3o. Os profissionais atuar\u00e3o em regime de 24 horas, prontos para atender ocorr\u00eancias de urg\u00eancia e emerg\u00eancia. O contato pode ser feito pelo telefone 153 ou pelo WhatsApp (79) 98166-7790, assegurando assim a seguran\u00e7a da popula\u00e7\u00e3o.<\/p>\n<h2>Opera\u00e7\u00e3o da SMTT durante o feriado<\/h2>\n<p>Os servi\u00e7os do Centro de Controle Operacional (CCO) da SMTT funcionar\u00e3o normalmente 24 horas. Essa estrutura permite atender \u00e0s demandas emergenciais no tr\u00e2nsito. Para que a popula\u00e7\u00e3o possa reportar irregularidades ou requerer apoio, est\u00e1 dispon\u00edvel o n\u00famero 118. Entretanto, os servi\u00e7os do Programa Atende e o N\u00facleo de Per\u00edcia M\u00e9dica n\u00e3o estar\u00e3o em opera\u00e7\u00e3o durante o feriado, voltando a normalidade na quinta-feira, 9, das 7h \u00e0s 17h.<\/p>\n<h2>Funcionamento do SerMulher<\/h2>\n<p>A sede da SerMulher e o Centro de Refer\u00eancia de Atendimento \u00e0 Mulher (CRAM) estar\u00e3o fechados em respeito ao feriado, assim como diversos outros servi\u00e7os que comp\u00f5em as estruturas de suporte social.<\/p>\n<h2>Atividades da Defesa Civil<\/h2>\n<p>A Defesa Civil manter\u00e1 equipes em regime de plant\u00e3o para responder a eventuais emerg\u00eancias. Para acionar esses servi\u00e7os, a popula\u00e7\u00e3o pode usar o n\u00famero de emerg\u00eancia 199, onde profissionais estar\u00e3o prontos para atender locais que necessitem de assist\u00eancia.<\/p>\n\n<div style=\"font-size: 0px; height: 0px; line-height: 0px; margin: 0; padding: 0; clear: both;\"><\/div>","protected":false},"excerpt":{"rendered":"<p>Emancipa\u00e7\u00e3o pol\u00edtica de Sergipe: servi\u00e7os municipais abertos ou fechados hoje.<\/p>\n","protected":false},"author":1,"featured_media":2257,"comment_status":"closed","ping_status":"closed","sticky":false,"template":"","format":"standard","meta":{"footnotes":""},"categories":[7],"tags":[],"class_list":["post-2258","post","type-post","status-publish","format-standard","has-post-thumbnail","hentry","category-servicos-em-aracaju","has_thumb"],"yoast_head":"<!-- This site is optimized with the Yoast SEO plugin v26.4 - https:\/\/yoast.com\/wordpress\/plugins\/seo\/ -->\n<title>Emancipa\u00e7\u00e3o pol\u00edtica de Sergipe: confira o funcionamento dos servi\u00e7os municipais nesta quarta, 8 - Encontra Aracaju<\/title>\n<meta name=\"robots\" content=\"index, follow, max-snippet:-1, max-image-preview:large, max-video-preview:-1\" \/>\n<link rel=\"canonical\" href=\"https:\/\/www.encontraaracaju.com.br\/sobre\/emancipacao-politica-de-sergipe-confira-o-funcionamento-dos-servicos-municipais-nesta-quarta-8\/\" \/>\n<meta property=\"og:locale\" content=\"pt_BR\" \/>\n<meta property=\"og:type\" content=\"article\" \/>\n<meta property=\"og:title\" content=\"Emancipa\u00e7\u00e3o pol\u00edtica de Sergipe: confira o funcionamento dos servi\u00e7os municipais nesta quarta, 8 - Encontra Aracaju\" \/>\n<meta property=\"og:description\" content=\"Emancipa\u00e7\u00e3o pol\u00edtica de Sergipe: servi\u00e7os municipais abertos ou fechados hoje.\" \/>\n<meta property=\"og:url\" content=\"https:\/\/www.encontraaracaju.com.br\/sobre\/emancipacao-politica-de-sergipe-confira-o-funcionamento-dos-servicos-municipais-nesta-quarta-8\/\" \/>\n<meta property=\"og:site_name\" content=\"Encontra Aracaju\" \/>\n<meta property=\"article:published_time\" content=\"2026-07-16T08:38:47+00:00\" \/>\n<meta property=\"og:image\" content=\"https:\/\/www.encontraaracaju.com.br\/sobre\/wp-content\/uploads\/2026\/07\/emancipacao-politica-de-sergipe-confira-o-funcionamento-dos-servicos-municipais-nesta-quarta-8.webp\" \/>\n<meta name=\"author\" content=\"Encontra Aracaju\" \/>\n<meta name=\"twitter:card\" content=\"summary_large_image\" \/>\n<meta name=\"twitter:label1\" content=\"Escrito por\" \/>\n\t<meta name=\"twitter:data1\" content=\"Encontra Aracaju\" \/>\n\t<meta name=\"twitter:label2\" content=\"Est. tempo de leitura\" \/>\n\t<meta name=\"twitter:data2\" content=\"4 minutos\" \/>\n<script type=\"application\/ld+json\" class=\"yoast-schema-graph\">{\"@context\":\"https:\/\/schema.org\",\"@graph\":[{\"@type\":\"WebPage\",\"@id\":\"https:\/\/www.encontraaracaju.com.br\/sobre\/emancipacao-politica-de-sergipe-confira-o-funcionamento-dos-servicos-municipais-nesta-quarta-8\/\",\"url\":\"https:\/\/www.encontraaracaju.com.br\/sobre\/emancipacao-politica-de-sergipe-confira-o-funcionamento-dos-servicos-municipais-nesta-quarta-8\/\",\"name\":\"Emancipa\u00e7\u00e3o pol\u00edtica de Sergipe: confira o funcionamento dos servi\u00e7os municipais nesta quarta, 8 - Encontra Aracaju\",\"isPartOf\":{\"@id\":\"https:\/\/www.encontraaracaju.com.br\/sobre\/#website\"},\"primaryImageOfPage\":{\"@id\":\"https:\/\/www.encontraaracaju.com.br\/sobre\/emancipacao-politica-de-sergipe-confira-o-funcionamento-dos-servicos-municipais-nesta-quarta-8\/#primaryimage\"},\"image\":{\"@id\":\"https:\/\/www.encontraaracaju.com.br\/sobre\/emancipacao-politica-de-sergipe-confira-o-funcionamento-dos-servicos-municipais-nesta-quarta-8\/#primaryimage\"},\"thumbnailUrl\":\"https:\/\/www.encontraaracaju.com.br\/sobre\/wp-content\/uploads\/2026\/07\/emancipacao-politica-de-sergipe-confira-o-funcionamento-dos-servicos-municipais-nesta-quarta-8.webp\",\"datePublished\":\"2026-07-16T08:38:47+00:00\",\"author\":{\"@id\":\"https:\/\/www.encontraaracaju.com.br\/sobre\/#\/schema\/person\/4ffad47e9e50db5f93e67859b297b0be\"},\"breadcrumb\":{\"@id\":\"https:\/\/www.encontraaracaju.com.br\/sobre\/emancipacao-politica-de-sergipe-confira-o-funcionamento-dos-servicos-municipais-nesta-quarta-8\/#breadcrumb\"},\"inLanguage\":\"pt-BR\",\"potentialAction\":[{\"@type\":\"ReadAction\",\"target\":[\"https:\/\/www.encontraaracaju.com.br\/sobre\/emancipacao-politica-de-sergipe-confira-o-funcionamento-dos-servicos-municipais-nesta-quarta-8\/\"]}]},{\"@type\":\"ImageObject\",\"inLanguage\":\"pt-BR\",\"@id\":\"https:\/\/www.encontraaracaju.com.br\/sobre\/emancipacao-politica-de-sergipe-confira-o-funcionamento-dos-servicos-municipais-nesta-quarta-8\/#primaryimage\",\"url\":\"https:\/\/www.encontraaracaju.com.br\/sobre\/wp-content\/uploads\/2026\/07\/emancipacao-politica-de-sergipe-confira-o-funcionamento-dos-servicos-municipais-nesta-quarta-8.webp\",\"contentUrl\":\"https:\/\/www.encontraaracaju.com.br\/sobre\/wp-content\/uploads\/2026\/07\/emancipacao-politica-de-sergipe-confira-o-funcionamento-dos-servicos-municipais-nesta-quarta-8.webp\",\"width\":280,\"height\":280,\"caption\":\"emancipa\u00e7\u00e3o pol\u00edtica de Sergipe\"},{\"@type\":\"BreadcrumbList\",\"@id\":\"https:\/\/www.encontraaracaju.com.br\/sobre\/emancipacao-politica-de-sergipe-confira-o-funcionamento-dos-servicos-municipais-nesta-quarta-8\/#breadcrumb\",\"itemListElement\":[{\"@type\":\"ListItem\",\"position\":1,\"name\":\"In\u00edcio\",\"item\":\"https:\/\/www.encontraaracaju.com.br\/sobre\/\"},{\"@type\":\"ListItem\",\"position\":2,\"name\":\"Emancipa\u00e7\u00e3o pol\u00edtica de Sergipe: confira o funcionamento dos servi\u00e7os municipais nesta quarta, 8\"}]},{\"@type\":\"WebSite\",\"@id\":\"https:\/\/www.encontraaracaju.com.br\/sobre\/#website\",\"url\":\"https:\/\/www.encontraaracaju.com.br\/sobre\/\",\"name\":\"Encontra Aracaju\",\"description\":\"Not\u00edcias, eventos, informa\u00e7\u00f5es e dicas na cidade Aracaju e regi\u00e3o.\",\"potentialAction\":[{\"@type\":\"SearchAction\",\"target\":{\"@type\":\"EntryPoint\",\"urlTemplate\":\"https:\/\/www.encontraaracaju.com.br\/sobre\/?s={search_term_string}\"},\"query-input\":{\"@type\":\"PropertyValueSpecification\",\"valueRequired\":true,\"valueName\":\"search_term_string\"}}],\"inLanguage\":\"pt-BR\"},{\"@type\":\"Person\",\"@id\":\"https:\/\/www.encontraaracaju.com.br\/sobre\/#\/schema\/person\/4ffad47e9e50db5f93e67859b297b0be\",\"name\":\"Encontra Aracaju\",\"image\":{\"@type\":\"ImageObject\",\"inLanguage\":\"pt-BR\",\"@id\":\"https:\/\/www.encontraaracaju.com.br\/sobre\/#\/schema\/person\/image\/\",\"url\":\"https:\/\/secure.gravatar.com\/avatar\/507340682b8270222e1f208e23198b6ae7e2c6a1033ae84e99bc6bce4f82a387?s=96&d=mm&r=g\",\"contentUrl\":\"https:\/\/secure.gravatar.com\/avatar\/507340682b8270222e1f208e23198b6ae7e2c6a1033ae84e99bc6bce4f82a387?s=96&d=mm&r=g\",\"caption\":\"Encontra Aracaju\"},\"sameAs\":[\"http:\/\/www.encontraaracaju.com.br\"]}]}<\/script>\n<!-- \/ Yoast SEO plugin. -->","yoast_head_json":{"title":"Emancipa\u00e7\u00e3o pol\u00edtica de Sergipe: confira o funcionamento dos servi\u00e7os municipais nesta quarta, 8 - Encontra Aracaju","robots":{"index":"index","follow":"follow","max-snippet":"max-snippet:-1","max-image-preview":"max-image-preview:large","max-video-preview":"max-video-preview:-1"},"canonical":"https:\/\/www.encontraaracaju.com.br\/sobre\/emancipacao-politica-de-sergipe-confira-o-funcionamento-dos-servicos-municipais-nesta-quarta-8\/","og_locale":"pt_BR","og_type":"article","og_title":"Emancipa\u00e7\u00e3o pol\u00edtica de Sergipe: confira o funcionamento dos servi\u00e7os municipais nesta quarta, 8 - Encontra Aracaju","og_description":"Emancipa\u00e7\u00e3o pol\u00edtica de Sergipe: servi\u00e7os municipais abertos ou fechados hoje.","og_url":"https:\/\/www.encontraaracaju.com.br\/sobre\/emancipacao-politica-de-sergipe-confira-o-funcionamento-dos-servicos-municipais-nesta-quarta-8\/","og_site_name":"Encontra Aracaju","article_published_time":"2026-07-16T08:38:47+00:00","og_image":[{"url":"https:\/\/www.encontraaracaju.com.br\/sobre\/wp-content\/uploads\/2026\/07\/emancipacao-politica-de-sergipe-confira-o-funcionamento-dos-servicos-municipais-nesta-quarta-8.webp","type":"","width":"","height":""}],"author":"Encontra Aracaju","twitter_card":"summary_large_image","twitter_misc":{"Escrito por":"Encontra Aracaju","Est. tempo de leitura":"4 minutos"},"schema":{"@context":"https:\/\/schema.org","@graph":[{"@type":"WebPage","@id":"https:\/\/www.encontraaracaju.com.br\/sobre\/emancipacao-politica-de-sergipe-confira-o-funcionamento-dos-servicos-municipais-nesta-quarta-8\/","url":"https:\/\/www.encontraaracaju.com.br\/sobre\/emancipacao-politica-de-sergipe-confira-o-funcionamento-dos-servicos-municipais-nesta-quarta-8\/","name":"Emancipa\u00e7\u00e3o pol\u00edtica de Sergipe: confira o funcionamento dos servi\u00e7os municipais nesta quarta, 8 - Encontra Aracaju","isPartOf":{"@id":"https:\/\/www.encontraaracaju.com.br\/sobre\/#website"},"primaryImageOfPage":{"@id":"https:\/\/www.encontraaracaju.com.br\/sobre\/emancipacao-politica-de-sergipe-confira-o-funcionamento-dos-servicos-municipais-nesta-quarta-8\/#primaryimage"},"image":{"@id":"https:\/\/www.encontraaracaju.com.br\/sobre\/emancipacao-politica-de-sergipe-confira-o-funcionamento-dos-servicos-municipais-nesta-quarta-8\/#primaryimage"},"thumbnailUrl":"https:\/\/www.encontraaracaju.com.br\/sobre\/wp-content\/uploads\/2026\/07\/emancipacao-politica-de-sergipe-confira-o-funcionamento-dos-servicos-municipais-nesta-quarta-8.webp","datePublished":"2026-07-16T08:38:47+00:00","author":{"@id":"https:\/\/www.encontraaracaju.com.br\/sobre\/#\/schema\/person\/4ffad47e9e50db5f93e67859b297b0be"},"breadcrumb":{"@id":"https:\/\/www.encontraaracaju.com.br\/sobre\/emancipacao-politica-de-sergipe-confira-o-funcionamento-dos-servicos-municipais-nesta-quarta-8\/#breadcrumb"},"inLanguage":"pt-BR","potentialAction":[{"@type":"ReadAction","target":["https:\/\/www.encontraaracaju.com.br\/sobre\/emancipacao-politica-de-sergipe-confira-o-funcionamento-dos-servicos-municipais-nesta-quarta-8\/"]}]},{"@type":"ImageObject","inLanguage":"pt-BR","@id":"https:\/\/www.encontraaracaju.com.br\/sobre\/emancipacao-politica-de-sergipe-confira-o-funcionamento-dos-servicos-municipais-nesta-quarta-8\/#primaryimage","url":"https:\/\/www.encontraaracaju.com.br\/sobre\/wp-content\/uploads\/2026\/07\/emancipacao-politica-de-sergipe-confira-o-funcionamento-dos-servicos-municipais-nesta-quarta-8.webp","contentUrl":"https:\/\/www.encontraaracaju.com.br\/sobre\/wp-content\/uploads\/2026\/07\/emancipacao-politica-de-sergipe-confira-o-funcionamento-dos-servicos-municipais-nesta-quarta-8.webp","width":280,"height":280,"caption":"emancipa\u00e7\u00e3o pol\u00edtica de Sergipe"},{"@type":"BreadcrumbList","@id":"https:\/\/www.encontraaracaju.com.br\/sobre\/emancipacao-politica-de-sergipe-confira-o-funcionamento-dos-servicos-municipais-nesta-quarta-8\/#breadcrumb","itemListElement":[{"@type":"ListItem","position":1,"name":"In\u00edcio","item":"https:\/\/www.encontraaracaju.com.br\/sobre\/"},{"@type":"ListItem","position":2,"name":"Emancipa\u00e7\u00e3o pol\u00edtica de Sergipe: confira o funcionamento dos servi\u00e7os municipais nesta quarta, 8"}]},{"@type":"WebSite","@id":"https:\/\/www.encontraaracaju.com.br\/sobre\/#website","url":"https:\/\/www.encontraaracaju.com.br\/sobre\/","name":"Encontra Aracaju","description":"Not\u00edcias, eventos, informa\u00e7\u00f5es e dicas na cidade Aracaju e regi\u00e3o.","potentialAction":[{"@type":"SearchAction","target":{"@type":"EntryPoint","urlTemplate":"https:\/\/www.encontraaracaju.com.br\/sobre\/?s={search_term_string}"},"query-input":{"@type":"PropertyValueSpecification","valueRequired":true,"valueName":"search_term_string"}}],"inLanguage":"pt-BR"},{"@type":"Person","@id":"https:\/\/www.encontraaracaju.com.br\/sobre\/#\/schema\/person\/4ffad47e9e50db5f93e67859b297b0be","name":"Encontra Aracaju","image":{"@type":"ImageObject","inLanguage":"pt-BR","@id":"https:\/\/www.encontraaracaju.com.br\/sobre\/#\/schema\/person\/image\/","url":"https:\/\/secure.gravatar.com\/avatar\/507340682b8270222e1f208e23198b6ae7e2c6a1033ae84e99bc6bce4f82a387?s=96&d=mm&r=g","contentUrl":"https:\/\/secure.gravatar.com\/avatar\/507340682b8270222e1f208e23198b6ae7e2c6a1033ae84e99bc6bce4f82a387?s=96&d=mm&r=g","caption":"Encontra Aracaju"},"sameAs":["http:\/\/www.encontraaracaju.com.br"]}]}},"_links":{"self":[{"href":"https:\/\/www.encontraaracaju.com.br\/sobre\/wp-json\/wp\/v2\/posts\/2258","targetHints":{"allow":["GET"]}}],"collection":[{"href":"https:\/\/www.encontraaracaju.com.br\/sobre\/wp-json\/wp\/v2\/posts"}],"about":[{"href":"https:\/\/www.encontraaracaju.com.br\/sobre\/wp-json\/wp\/v2\/types\/post"}],"author":[{"embeddable":true,"href":"https:\/\/www.encontraaracaju.com.br\/sobre\/wp-json\/wp\/v2\/users\/1"}],"replies":[{"embeddable":true,"href":"https:\/\/www.encontraaracaju.com.br\/sobre\/wp-json\/wp\/v2\/comments?post=2258"}],"version-history":[{"count":0,"href":"https:\/\/www.encontraaracaju.com.br\/sobre\/wp-json\/wp\/v2\/posts\/2258\/revisions"}],"wp:featuredmedia":[{"embeddable":true,"href":"https:\/\/www.encontraaracaju.com.br\/sobre\/wp-json\/wp\/v2\/media\/2257"}],"wp:attachment":[{"href":"https:\/\/www.encontraaracaju.com.br\/sobre\/wp-json\/wp\/v2\/media?parent=2258"}],"wp:term":[{"taxonomy":"category","embeddable":true,"href":"https:\/\/www.encontraaracaju.com.br\/sobre\/wp-json\/wp\/v2\/categories?post=2258"},{"taxonomy":"post_tag","embeddable":true,"href":"https:\/\/www.encontraaracaju.com.br\/sobre\/wp-json\/wp\/v2\/tags?post=2258"}],"curies":[{"name":"wp","href":"https:\/\/api.w.org\/{rel}","templated":true}]}}