{"id":214,"date":"2013-06-13T00:01:03","date_gmt":"2013-06-13T03:01:03","guid":{"rendered":"http:\/\/www.encontraaracaju.com.br\/noticias\/?p=214"},"modified":"2019-05-15T10:52:17","modified_gmt":"2019-05-15T13:52:17","slug":"cubos-companhia-de-danca-apresenta-espetaculos-em-aracaju","status":"publish","type":"post","link":"https:\/\/www.encontraaracaju.com.br\/sobre\/cubos-companhia-de-danca-apresenta-espetaculos-em-aracaju\/","title":{"rendered":"Cubos Companhia de Dan\u00e7a apresenta espet\u00e1culos em Aracaju"},"content":{"rendered":"<div class=\"0de350683d360aa04277a39db0bae410\" data-index=\"1\" style=\"float: none; margin:0px;\">\n<!-- Anuncio display - global -->\r\n<ins class=\"adsbygoogle\"\r\n     style=\"display:block\"\r\n     data-ad-client=\"ca-pub-8585364105181520\"\r\n     data-ad-slot=\"8789329856\"\r\n     data-ad-format=\"auto\"\r\n     data-full-width-responsive=\"true\"><\/ins>\r\n<script>\r\n     (adsbygoogle = window.adsbygoogle || []).push({});\r\n<\/script>\n<\/div>\n<p>A Cubos Companhia de Dan\u00e7a comemora seis anos e vai celebrar a data apresentando dois espet\u00e1culos no s\u00e1bado (15), a partir das 20h, no Teatro Atheneu, em\u00a0Aracaju. Os espet\u00e1culos escolhidos pela companhia foram \u2018Reverso\u2019 e \u2018Particular\u2019.<\/p>\n<p>Os ingressos est\u00e3o sendo vendidos pro R$ 20 (inteira) e R$ 10 (meia) na sede da Cubos, localizada na Rua Jovino Silva, 492, Bairro Luzia, e tamb\u00e9m na bilheteria do teatro.<\/p>\n<p>\u2018Particular\u2019 \u00e9 um espet\u00e1culo que rompe com a est\u00e9tica anterior da Companhia Cubos de Dan\u00e7a e mostra de uma forma intensa a passagem muito particular do grupo para a emancipa\u00e7\u00e3o da vida onde o eu demonstra toda a sua for\u00e7a pelos movimentos e o corpo age e se manifesta de outra forma. Traz para o p\u00fablico, a viv\u00eancia de uma impress\u00e3o sensorial, da dor e tamb\u00e9m da alegria dessa passagem como elemento aut\u00f4nomo sem limita\u00e7\u00f5es de tempo e espa\u00e7o, sem ponderar as consequ\u00eancias de um ato.<\/p>\n<p>Em \u2018Reverso\u2019, uma estrada \u00e9 um simples caminho que leva a algum lugar. Ela separa, divide a terra em dois lados: norte e sul ou leste e oeste. Para os viajantes que sa\u00fadam o nascimento do sol ou para aqueles que saboreiam o sol se p\u00f4r e v\u00eaem a lua nascer, tudo \u00e9 sublime. A for\u00e7a da natureza faz brotar a energia que conduz a vida. Mas, as imagens s\u00e3o m\u00faltiplas, ora maravilhosamente fant\u00e1sticas, ora melancolicamente tristes. Tudo passa como um turbilh\u00e3o de flashes. \u00c9 o ch\u00e3o rachado, a seca, a chuva, uma prociss\u00e3o (ou um funeral?). As \u00e1guas do rio correndo em dire\u00e7\u00e3o ao mar. As lavadeiras, os pescadores, as crian\u00e7as brincando por entre as pedras. Tudo \u00e9 divino, por\u00e9m nem tudo \u00e9 maravilhoso nessa luta pela sobreviv\u00eancia.<\/p>\n<p>Os corpos torcem e retorcem, construindo os seus versos. A polifonia dos sons invade a passagem, permitindo que a solid\u00e3o tenha a companhia sagrada da sombra. A vida \u00e9 desvendada ao nascer de cada dia. E assim, sutilmente, os passos seguem o tra\u00e7ado do destino, arquitetando o mosaico da cena, agora exposta aos olhos.<\/p>\n<p><em>Fonte: G1<\/em><\/p>\n\n<div style=\"font-size: 0px; height: 0px; line-height: 0px; margin: 0; padding: 0; clear: both;\"><\/div>","protected":false},"excerpt":{"rendered":"<p>A Cubos Companhia de Dan\u00e7a comemora seis anos e vai celebrar a data apresentando dois espet\u00e1culos no s\u00e1bado (15), a partir das 20h, no Teatro Atheneu, em\u00a0Aracaju. Os espet\u00e1culos escolhidos pela companhia foram \u2018Reverso\u2019 e \u2018Particular\u2019. Os ingressos est\u00e3o sendo vendidos pro R$ 20 (inteira) e R$ 10 (meia) na sede da Cubos, localizada na Rua Jovino Silva, 492, Bairro Luzia, e tamb\u00e9m na bilheteria do teatro. \u2018Particular\u2019 \u00e9 um espet\u00e1culo que rompe com a est\u00e9tica anterior da Companhia Cubos de Dan\u00e7a e mostra de uma forma intensa a passagem muito particular do grupo para a emancipa\u00e7\u00e3o da vida onde <\/p>\n","protected":false},"author":1,"featured_media":0,"comment_status":"open","ping_status":"open","sticky":false,"template":"","format":"standard","meta":{"footnotes":""},"categories":[1,7],"tags":[10],"class_list":["post-214","post","type-post","status-publish","format-standard","hentry","category-noticias-em-aracaju","category-servicos-em-aracaju","tag-aracaju"],"yoast_head":"<!-- This site is optimized with the Yoast SEO plugin v26.4 - https:\/\/yoast.com\/wordpress\/plugins\/seo\/ -->\n<title>Cubos Companhia de Dan\u00e7a apresenta espet\u00e1culos em Aracaju - Encontra Aracaju<\/title>\n<meta name=\"robots\" content=\"index, follow, max-snippet:-1, max-image-preview:large, max-video-preview:-1\" \/>\n<link rel=\"canonical\" href=\"https:\/\/www.encontraaracaju.com.br\/sobre\/cubos-companhia-de-danca-apresenta-espetaculos-em-aracaju\/\" \/>\n<meta property=\"og:locale\" content=\"pt_BR\" \/>\n<meta property=\"og:type\" content=\"article\" \/>\n<meta property=\"og:title\" content=\"Cubos Companhia de Dan\u00e7a apresenta espet\u00e1culos em Aracaju - Encontra Aracaju\" \/>\n<meta property=\"og:description\" content=\"A Cubos Companhia de Dan\u00e7a comemora seis anos e vai celebrar a data apresentando dois espet\u00e1culos no s\u00e1bado (15), a partir das 20h, no Teatro Atheneu, em\u00a0Aracaju. Os espet\u00e1culos escolhidos pela companhia foram \u2018Reverso\u2019 e \u2018Particular\u2019. Os ingressos est\u00e3o sendo vendidos pro R$ 20 (inteira) e R$ 10 (meia) na sede da Cubos, localizada na Rua Jovino Silva, 492, Bairro Luzia, e tamb\u00e9m na bilheteria do teatro. \u2018Particular\u2019 \u00e9 um espet\u00e1culo que rompe com a est\u00e9tica anterior da Companhia Cubos de Dan\u00e7a e mostra de uma forma intensa a passagem muito particular do grupo para a emancipa\u00e7\u00e3o da vida onde\" \/>\n<meta property=\"og:url\" content=\"https:\/\/www.encontraaracaju.com.br\/sobre\/cubos-companhia-de-danca-apresenta-espetaculos-em-aracaju\/\" \/>\n<meta property=\"og:site_name\" content=\"Encontra Aracaju\" \/>\n<meta property=\"article:published_time\" content=\"2013-06-13T03:01:03+00:00\" \/>\n<meta property=\"article:modified_time\" content=\"2019-05-15T13:52:17+00:00\" \/>\n<meta name=\"author\" content=\"Encontra Aracaju\" \/>\n<meta name=\"twitter:card\" content=\"summary_large_image\" \/>\n<meta name=\"twitter:label1\" content=\"Escrito por\" \/>\n\t<meta name=\"twitter:data1\" content=\"Encontra Aracaju\" \/>\n\t<meta name=\"twitter:label2\" content=\"Est. tempo de leitura\" \/>\n\t<meta name=\"twitter:data2\" content=\"2 minutos\" \/>\n<script type=\"application\/ld+json\" class=\"yoast-schema-graph\">{\"@context\":\"https:\/\/schema.org\",\"@graph\":[{\"@type\":\"WebPage\",\"@id\":\"https:\/\/www.encontraaracaju.com.br\/sobre\/cubos-companhia-de-danca-apresenta-espetaculos-em-aracaju\/\",\"url\":\"https:\/\/www.encontraaracaju.com.br\/sobre\/cubos-companhia-de-danca-apresenta-espetaculos-em-aracaju\/\",\"name\":\"Cubos Companhia de Dan\u00e7a apresenta espet\u00e1culos em Aracaju - Encontra Aracaju\",\"isPartOf\":{\"@id\":\"https:\/\/www.encontraaracaju.com.br\/sobre\/#website\"},\"datePublished\":\"2013-06-13T03:01:03+00:00\",\"dateModified\":\"2019-05-15T13:52:17+00:00\",\"author\":{\"@id\":\"https:\/\/www.encontraaracaju.com.br\/sobre\/#\/schema\/person\/4ffad47e9e50db5f93e67859b297b0be\"},\"breadcrumb\":{\"@id\":\"https:\/\/www.encontraaracaju.com.br\/sobre\/cubos-companhia-de-danca-apresenta-espetaculos-em-aracaju\/#breadcrumb\"},\"inLanguage\":\"pt-BR\",\"potentialAction\":[{\"@type\":\"ReadAction\",\"target\":[\"https:\/\/www.encontraaracaju.com.br\/sobre\/cubos-companhia-de-danca-apresenta-espetaculos-em-aracaju\/\"]}]},{\"@type\":\"BreadcrumbList\",\"@id\":\"https:\/\/www.encontraaracaju.com.br\/sobre\/cubos-companhia-de-danca-apresenta-espetaculos-em-aracaju\/#breadcrumb\",\"itemListElement\":[{\"@type\":\"ListItem\",\"position\":1,\"name\":\"In\u00edcio\",\"item\":\"https:\/\/www.encontraaracaju.com.br\/sobre\/\"},{\"@type\":\"ListItem\",\"position\":2,\"name\":\"Cubos Companhia de Dan\u00e7a apresenta espet\u00e1culos em Aracaju\"}]},{\"@type\":\"WebSite\",\"@id\":\"https:\/\/www.encontraaracaju.com.br\/sobre\/#website\",\"url\":\"https:\/\/www.encontraaracaju.com.br\/sobre\/\",\"name\":\"Encontra Aracaju\",\"description\":\"Not\u00edcias, eventos, informa\u00e7\u00f5es e dicas na cidade Aracaju e regi\u00e3o.\",\"potentialAction\":[{\"@type\":\"SearchAction\",\"target\":{\"@type\":\"EntryPoint\",\"urlTemplate\":\"https:\/\/www.encontraaracaju.com.br\/sobre\/?s={search_term_string}\"},\"query-input\":{\"@type\":\"PropertyValueSpecification\",\"valueRequired\":true,\"valueName\":\"search_term_string\"}}],\"inLanguage\":\"pt-BR\"},{\"@type\":\"Person\",\"@id\":\"https:\/\/www.encontraaracaju.com.br\/sobre\/#\/schema\/person\/4ffad47e9e50db5f93e67859b297b0be\",\"name\":\"Encontra Aracaju\",\"image\":{\"@type\":\"ImageObject\",\"inLanguage\":\"pt-BR\",\"@id\":\"https:\/\/www.encontraaracaju.com.br\/sobre\/#\/schema\/person\/image\/\",\"url\":\"https:\/\/secure.gravatar.com\/avatar\/507340682b8270222e1f208e23198b6ae7e2c6a1033ae84e99bc6bce4f82a387?s=96&d=mm&r=g\",\"contentUrl\":\"https:\/\/secure.gravatar.com\/avatar\/507340682b8270222e1f208e23198b6ae7e2c6a1033ae84e99bc6bce4f82a387?s=96&d=mm&r=g\",\"caption\":\"Encontra Aracaju\"},\"sameAs\":[\"http:\/\/www.encontraaracaju.com.br\"]}]}<\/script>\n<!-- \/ Yoast SEO plugin. -->","yoast_head_json":{"title":"Cubos Companhia de Dan\u00e7a apresenta espet\u00e1culos em Aracaju - Encontra Aracaju","robots":{"index":"index","follow":"follow","max-snippet":"max-snippet:-1","max-image-preview":"max-image-preview:large","max-video-preview":"max-video-preview:-1"},"canonical":"https:\/\/www.encontraaracaju.com.br\/sobre\/cubos-companhia-de-danca-apresenta-espetaculos-em-aracaju\/","og_locale":"pt_BR","og_type":"article","og_title":"Cubos Companhia de Dan\u00e7a apresenta espet\u00e1culos em Aracaju - Encontra Aracaju","og_description":"A Cubos Companhia de Dan\u00e7a comemora seis anos e vai celebrar a data apresentando dois espet\u00e1culos no s\u00e1bado (15), a partir das 20h, no Teatro Atheneu, em\u00a0Aracaju. Os espet\u00e1culos escolhidos pela companhia foram \u2018Reverso\u2019 e \u2018Particular\u2019. Os ingressos est\u00e3o sendo vendidos pro R$ 20 (inteira) e R$ 10 (meia) na sede da Cubos, localizada na Rua Jovino Silva, 492, Bairro Luzia, e tamb\u00e9m na bilheteria do teatro. \u2018Particular\u2019 \u00e9 um espet\u00e1culo que rompe com a est\u00e9tica anterior da Companhia Cubos de Dan\u00e7a e mostra de uma forma intensa a passagem muito particular do grupo para a emancipa\u00e7\u00e3o da vida onde","og_url":"https:\/\/www.encontraaracaju.com.br\/sobre\/cubos-companhia-de-danca-apresenta-espetaculos-em-aracaju\/","og_site_name":"Encontra Aracaju","article_published_time":"2013-06-13T03:01:03+00:00","article_modified_time":"2019-05-15T13:52:17+00:00","author":"Encontra Aracaju","twitter_card":"summary_large_image","twitter_misc":{"Escrito por":"Encontra Aracaju","Est. tempo de leitura":"2 minutos"},"schema":{"@context":"https:\/\/schema.org","@graph":[{"@type":"WebPage","@id":"https:\/\/www.encontraaracaju.com.br\/sobre\/cubos-companhia-de-danca-apresenta-espetaculos-em-aracaju\/","url":"https:\/\/www.encontraaracaju.com.br\/sobre\/cubos-companhia-de-danca-apresenta-espetaculos-em-aracaju\/","name":"Cubos Companhia de Dan\u00e7a apresenta espet\u00e1culos em Aracaju - Encontra Aracaju","isPartOf":{"@id":"https:\/\/www.encontraaracaju.com.br\/sobre\/#website"},"datePublished":"2013-06-13T03:01:03+00:00","dateModified":"2019-05-15T13:52:17+00:00","author":{"@id":"https:\/\/www.encontraaracaju.com.br\/sobre\/#\/schema\/person\/4ffad47e9e50db5f93e67859b297b0be"},"breadcrumb":{"@id":"https:\/\/www.encontraaracaju.com.br\/sobre\/cubos-companhia-de-danca-apresenta-espetaculos-em-aracaju\/#breadcrumb"},"inLanguage":"pt-BR","potentialAction":[{"@type":"ReadAction","target":["https:\/\/www.encontraaracaju.com.br\/sobre\/cubos-companhia-de-danca-apresenta-espetaculos-em-aracaju\/"]}]},{"@type":"BreadcrumbList","@id":"https:\/\/www.encontraaracaju.com.br\/sobre\/cubos-companhia-de-danca-apresenta-espetaculos-em-aracaju\/#breadcrumb","itemListElement":[{"@type":"ListItem","position":1,"name":"In\u00edcio","item":"https:\/\/www.encontraaracaju.com.br\/sobre\/"},{"@type":"ListItem","position":2,"name":"Cubos Companhia de Dan\u00e7a apresenta espet\u00e1culos em Aracaju"}]},{"@type":"WebSite","@id":"https:\/\/www.encontraaracaju.com.br\/sobre\/#website","url":"https:\/\/www.encontraaracaju.com.br\/sobre\/","name":"Encontra Aracaju","description":"Not\u00edcias, eventos, informa\u00e7\u00f5es e dicas na cidade Aracaju e regi\u00e3o.","potentialAction":[{"@type":"SearchAction","target":{"@type":"EntryPoint","urlTemplate":"https:\/\/www.encontraaracaju.com.br\/sobre\/?s={search_term_string}"},"query-input":{"@type":"PropertyValueSpecification","valueRequired":true,"valueName":"search_term_string"}}],"inLanguage":"pt-BR"},{"@type":"Person","@id":"https:\/\/www.encontraaracaju.com.br\/sobre\/#\/schema\/person\/4ffad47e9e50db5f93e67859b297b0be","name":"Encontra Aracaju","image":{"@type":"ImageObject","inLanguage":"pt-BR","@id":"https:\/\/www.encontraaracaju.com.br\/sobre\/#\/schema\/person\/image\/","url":"https:\/\/secure.gravatar.com\/avatar\/507340682b8270222e1f208e23198b6ae7e2c6a1033ae84e99bc6bce4f82a387?s=96&d=mm&r=g","contentUrl":"https:\/\/secure.gravatar.com\/avatar\/507340682b8270222e1f208e23198b6ae7e2c6a1033ae84e99bc6bce4f82a387?s=96&d=mm&r=g","caption":"Encontra Aracaju"},"sameAs":["http:\/\/www.encontraaracaju.com.br"]}]}},"_links":{"self":[{"href":"https:\/\/www.encontraaracaju.com.br\/sobre\/wp-json\/wp\/v2\/posts\/214","targetHints":{"allow":["GET"]}}],"collection":[{"href":"https:\/\/www.encontraaracaju.com.br\/sobre\/wp-json\/wp\/v2\/posts"}],"about":[{"href":"https:\/\/www.encontraaracaju.com.br\/sobre\/wp-json\/wp\/v2\/types\/post"}],"author":[{"embeddable":true,"href":"https:\/\/www.encontraaracaju.com.br\/sobre\/wp-json\/wp\/v2\/users\/1"}],"replies":[{"embeddable":true,"href":"https:\/\/www.encontraaracaju.com.br\/sobre\/wp-json\/wp\/v2\/comments?post=214"}],"version-history":[{"count":0,"href":"https:\/\/www.encontraaracaju.com.br\/sobre\/wp-json\/wp\/v2\/posts\/214\/revisions"}],"wp:attachment":[{"href":"https:\/\/www.encontraaracaju.com.br\/sobre\/wp-json\/wp\/v2\/media?parent=214"}],"wp:term":[{"taxonomy":"category","embeddable":true,"href":"https:\/\/www.encontraaracaju.com.br\/sobre\/wp-json\/wp\/v2\/categories?post=214"},{"taxonomy":"post_tag","embeddable":true,"href":"https:\/\/www.encontraaracaju.com.br\/sobre\/wp-json\/wp\/v2\/tags?post=214"}],"curies":[{"name":"wp","href":"https:\/\/api.w.org\/{rel}","templated":true}]}}