{"id":1868,"date":"2026-05-01T14:22:02","date_gmt":"2026-05-01T17:22:02","guid":{"rendered":"https:\/\/www.encontraaracaju.com.br\/sobre\/prefeitura-de-aracaju-realiza-xix-forum-do-forro-com-participacao-de-luizinho-calixto\/"},"modified":"2026-05-01T14:22:02","modified_gmt":"2026-05-01T17:22:02","slug":"prefeitura-de-aracaju-realiza-xix-forum-do-forro-com-participacao-de-luizinho-calixto","status":"publish","type":"post","link":"https:\/\/www.encontraaracaju.com.br\/sobre\/prefeitura-de-aracaju-realiza-xix-forum-do-forro-com-participacao-de-luizinho-calixto\/","title":{"rendered":"Prefeitura de Aracaju realiza XIX F\u00f3rum do Forr\u00f3 com participa\u00e7\u00e3o de Luizinho Calixto"},"content":{"rendered":"<div class=\"0de350683d360aa04277a39db0bae410\" data-index=\"1\" style=\"float: none; margin:0px;\">\n<!-- Anuncio display - global -->\r\n<ins class=\"adsbygoogle\"\r\n     style=\"display:block\"\r\n     data-ad-client=\"ca-pub-8585364105181520\"\r\n     data-ad-slot=\"8789329856\"\r\n     data-ad-format=\"auto\"\r\n     data-full-width-responsive=\"true\"><\/ins>\r\n<script>\r\n     (adsbygoogle = window.adsbygoogle || []).push({});\r\n<\/script>\n<\/div>\n<h2>A Import\u00e2ncia do XIX F\u00f3rum do Forr\u00f3<\/h2>\n<p>O XIX F\u00f3rum do Forr\u00f3 \u00e9 um evento significativo que acontece na cidade de Aracaju, promovido pela Prefeitura Municipal atrav\u00e9s de sua Secretaria de Cultura, a Secult Aju. Este f\u00f3rum, que ocorrer\u00e1 nos dias 11 e 12 de maio, \u00e9 uma oportunidade valiosa para celebrar e preservar as tradi\u00e7\u00f5es do forr\u00f3, um estilo musical que \u00e9 um verdadeiro patrim\u00f4nio cultural brasileiro. As atividades do evento incluem debates, homenagens e apresenta\u00e7\u00f5es, todas direcionadas \u00e0 valoriza\u00e7\u00e3o do forr\u00f3 tradicional e ao fortalecimento de sua relev\u00e2ncia na cultura nordestina e brasileira.<\/p>\n<p>Um dos principais objetivos do XIX F\u00f3rum \u00e9 propiciar um espa\u00e7o de troca e aprendizado sobre as ra\u00edzes do forr\u00f3, al\u00e9m de promover a integra\u00e7\u00e3o entre artistas, pesquisadores e entusiastas dessa forma musical. Este evento serve para destacar a import\u00e2ncia da sanfona e de figuras ic\u00f4nicas do forr\u00f3, mantendo viva a chama dessa tradi\u00e7\u00e3o que \u00e9 t\u00e3o rica e diversificada.<\/p>\n<h2>Luizinho Calixto: A Lenda da Sanfona<\/h2>\n<p>Entre os destaques do f\u00f3rum, encontra-se Luizinho Calixto, um renomado sanfoneiro que representa a ess\u00eancia da sanfona de oito baixos no Brasil. Nascido em Campina Grande, na Para\u00edba, em 1956, Luizinho desde pequeno seguiu as influ\u00eancias de sua fam\u00edlia musical, sendo eles sanfoneiros de renome. Ao longo de uma carreira que se estende por mais de cinquenta anos, Luizinho consolidou sua posi\u00e7\u00e3o como um dos maiores representantes do forr\u00f3, inovando e preservando suas ra\u00edzes ao mesmo tempo.<\/p>\n<p><img decoding=\"async\" src=\"https:\/\/www.encontraaracaju.com.br\/sobre\/wp-content\/uploads\/2026\/05\/prefeitura-de-aracaju-realiza-xix-forum-do-forro-com-participacao-de-luizinho-calixto.webp\" alt=\"F\u00f3rum do Forr\u00f3\" loading=\"lazy\" \/><\/p>\n<p>A presen\u00e7a de Luizinho no XIX F\u00f3rum do Forr\u00f3 \u00e9 uma homenagem n\u00e3o apenas a sua carreira, mas tamb\u00e9m a todos os m\u00fasicos que trabalham para manter viva a tradi\u00e7\u00e3o do forr\u00f3. Ele \u00e9 reconhecido por suas contribui\u00e7\u00f5es significativas, incluindo a cria\u00e7\u00e3o de m\u00e9todos de ensino para a sanfona de oito baixos, que se tornaram refer\u00eancia para novos m\u00fasicos.<\/p>\n<h2>Programa\u00e7\u00e3o do Evento: O que Esperar<\/h2>\n<p>A programa\u00e7\u00e3o do evento \u00e9 rica e diversificada, oferecendo uma variedade de atividades que prometeram enriquecer a experi\u00eancia dos participantes. As sess\u00f5es do 11 e 12 de maio est\u00e3o organizadas para abordar temas relevantes relacionados \u00e0 hist\u00f3ria e \u00e0 evolu\u00e7\u00e3o do forr\u00f3. <\/p>\n<ul>\n<li>**11\/05 &#8211; Teatro Atheneu**\n<ul>\n<li>19h &#8211; Homenagem a Fl\u00e1vio Jos\u00e9 com a discuss\u00e3o intitulada \u201cCancioneiro de Resist\u00eancia: a obra de Fl\u00e1vio Jos\u00e9 como pilar do forr\u00f3 tradicional nordestino\u201d.<\/li>\n<\/ul>\n<\/li>\n<li>**12\/05 &#8211; Unit Farol\u00e2ndia &#8211; Audit\u00f3rio Bloco D**\n<ul>\n<li>15h &#8211; Tema 1: &#8220;8 Baixos: A Origem do Forr\u00f3&#8221; com debatedores Luizinho Calixto e Robertinho dos 8 Baixos, mediado por Paulo Corr\u00eaa.<\/li>\n<li>16h30 &#8211; Tema 2: &#8220;Sergival e as Coisas do Ca\u00e7u\u00e1&#8221; apresentado por Sergival, mediado novamente por Paulo Corr\u00eaa.<\/li>\n<li>19h &#8211; Apresenta\u00e7\u00f5es art\u00edsticas com a participa\u00e7\u00e3o de Robertinho dos 8 Baixos, Orquestra Sanf\u00f4nica de 8 Baixos de Santa Cruz do Capibaribe e Sergival.<\/li>\n<\/ul>\n<\/li>\n<\/ul>\n<p>Esses momentos foram pensados para n\u00e3o apenas celebrar o forr\u00f3, mas tamb\u00e9m para promover um estudo mais profundo sobre seus aspectos hist\u00f3ricos e culturais.<\/p>\n<h2>Preserva\u00e7\u00e3o do Forr\u00f3 Tradicional<\/h2>\n<p>A preserva\u00e7\u00e3o do forr\u00f3 tradicional \u00e9 uma quest\u00e3o crucial que ser\u00e1 debatida durante o f\u00f3rum. O cen\u00e1rio musical atual apresenta desafios que afetam a continuidade deste estilo. O fortalecimento de iniciativas como o F\u00f3rum do Forr\u00f3 ajuda a conscientizar e educar novas gera\u00e7\u00f5es sobre a import\u00e2ncia cultural e hist\u00f3rica do forr\u00f3, garantindo que essa tradi\u00e7\u00e3o n\u00e3o seja apenas lembrada, mas vivida e praticada.<\/p>\n<p>Luizinho Calixto enfoca a relev\u00e2ncia dessas a\u00e7\u00f5es, sublinhando que, com a aus\u00eancia de grandes nomes como Luiz Gonzaga e Jackson do Pandeiro, \u00e9 imprescind\u00edvel que novos artistas e as novas gera\u00e7\u00f5es se unam para defender e promover essa rica cultura. As discuss\u00f5es e eventos do f\u00f3rum s\u00e3o fundamentais para refor\u00e7ar essa tradi\u00e7\u00e3o entre os jovens, incentivando seus conhecimentos e aptid\u00f5es com a sanfona e outros instrumentos.<\/p>\n<h2>Depoimentos de Luizinho sobre o Forr\u00f3<\/h2>\n<p>Luizinho Calixto compartilha suas reflex\u00f5es sobre o papel do XIX F\u00f3rum na cultura musical brasileira. Para ele, iniciativas que visam promover o forr\u00f3 s\u00e3o essenciais, especialmente em tempos onde a tradi\u00e7\u00e3o est\u00e1 sendo desafiada. Ele menciona que \u201co F\u00f3rum \u00e9 um espa\u00e7o onde podemos n\u00e3o apenas celebrar nossa cultura, mas tamb\u00e9m educar e inspirar as novas gera\u00e7\u00f5es a continuar o legado do forr\u00f3\u201d.<\/p>\n<p>O sanfoneiro expressa ainda que a presen\u00e7a de artistas consagrados no f\u00f3rum agrega valor e credibilidade ao evento, refor\u00e7ando a mensagem de que o forr\u00f3 \u00e9 uma parte vital da identidade cultural nordestina. Para Luizinho, honra e reconhecimento no contexto do f\u00f3rum n\u00e3o diz respeito apenas \u00e0 sua trajet\u00f3ria, mas sim \u00e0 import\u00e2ncia coletiva de todos que se dedicam \u00e0 preserva\u00e7\u00e3o do forr\u00f3.<\/p>\n<h2>Debates e Homenagens no F\u00f3rum<\/h2>\n<p>Os debates programados para o XIX F\u00f3rum do Forr\u00f3 oferecem um espa\u00e7o de reflex\u00e3o profunda sobre a musicalidade do forr\u00f3 e suas influ\u00eancias. As homenagens s\u00e3o uma parte essencial do evento, reconhecendo aqueles que contribu\u00edram significativamente para a hist\u00f3ria do forr\u00f3 e da m\u00fasica nordestina. Figuras como Fl\u00e1vio Jos\u00e9, que ser\u00e1 homenageado, s\u00e3o exemplos de influ\u00eancias que moldaram a cena do forr\u00f3 atual.<\/p>\n<p>Essas homenagens s\u00e3o consideradas fundamentais n\u00e3o apenas para celebrar conquistas individuais, mas tamb\u00e9m para fortalecer o comunitarismo que caracteriza a tradi\u00e7\u00e3o do forr\u00f3. Ao honrar m\u00fasicos e artistas, o f\u00f3rum cria uma conex\u00e3o emocional entre o p\u00fablico e suas ra\u00edzes culturais, promovendo um sentimento de pertencimento e identidade.<\/p>\n<h2>Inscri\u00e7\u00f5es e Acesso Gratuito<\/h2>\n<p>A participa\u00e7\u00e3o no XIX F\u00f3rum do Forr\u00f3 \u00e9 gratuita, oferecendo uma oportunidade acess\u00edvel para todos os interessados. As inscri\u00e7\u00f5es podem ser feitas atrav\u00e9s de um formul\u00e1rio disponibilizado pela Secult Aju, e os interessados devem se apressar, j\u00e1 que as vagas s\u00e3o limitadas e sujeitas \u00e0 capacidade dos locais onde as atividades ser\u00e3o realizadas.<\/p>\n<p>O acesso livre \u00e9 uma maneira de garantir que tanto os apaixonados pelo forr\u00f3 quanto aqueles que desejam aprender mais sobre esse estilo musical possam se juntar a essa celebra\u00e7\u00e3o da cultura nordestina. A promo\u00e7\u00e3o deste tipo de evento demonstra um compromisso com a democratiza\u00e7\u00e3o do conhecimento e com a valoriza\u00e7\u00e3o da cultura local.<\/p>\n<h2>Por Que Celebrar o Forr\u00f3 Agora?<\/h2>\n<p>A escolha do momento atual para celebrar o forr\u00f3 \u00e9 estrat\u00e9gica. Apesar dos desafios enfrentados pelo g\u00eanero musical, \u00e9 uma oportunidade para reafirmar sua import\u00e2ncia cultural e sua relev\u00e2ncia nas novas gera\u00e7\u00f5es. O forr\u00f3 possui a capacidade de unir pessoas por meio da m\u00fasica, e eventos como o F\u00f3rum refor\u00e7am essa uni\u00e3o ao destacar as contribui\u00e7\u00f5es de artistas e ao envolver a comunidade na celebra\u00e7\u00e3o de sua cultura.<\/p>\n<p>Al\u00e9m disso, a crescente popularidade do forr\u00f3 em diferentes contextos, como nas festas juninas e em eventos culturais, torna o momento ideal para discutir sua evolu\u00e7\u00e3o e suas perspectivas futuras. O f\u00f3rum \u00e9, portanto, uma plataforma para propagar e revitalizar a paix\u00e3o pelo forr\u00f3, incentivando mais pessoas a se envolverem nessa tradi\u00e7\u00e3o.<\/p>\n<h2>Impacto Cultural do F\u00f3rum em Aracaju<\/h2>\n<p>O impacto cultural do XIX F\u00f3rum do Forr\u00f3 em Aracaju pode ser sentido em v\u00e1rias dimens\u00f5es. A promo\u00e7\u00e3o da cultura local, a valoriza\u00e7\u00e3o da m\u00fasica tradicional e a educa\u00e7\u00e3o p\u00fablica s\u00e3o alguns dos benef\u00edcios decorrentes do evento. Al\u00e9m disso, o f\u00f3rum proporciona uma excelente oportunidade para a economia local ao atrair visitantes e fomentar o com\u00e9rcio na regi\u00e3o.<\/p>\n<p>O di\u00e1logo gerado durante os debates e as apresenta\u00e7\u00f5es art\u00edsticas enriquece o cen\u00e1rio cultural da cidade, possibilitando a reflex\u00e3o sobre a import\u00e2ncia do forr\u00f3 e refor\u00e7ando a identidade Sergipana e Nordestina. Atrav\u00e9s deste evento, Aracaju se posiciona como um n\u00facleo pulsante de cultura e tradi\u00e7\u00e3o, onde a m\u00fasica traz consigo a for\u00e7a da hist\u00f3ria e da identidade local.<\/p>\n<h2>O Legado de Luizinho Calixto para as Novas Gera\u00e7\u00f5es<\/h2>\n<p>O legado de Luizinho Calixto n\u00e3o se limita a sua carreira individual. Ele representa uma liga\u00e7\u00e3o importante entre o passado e o futuro do forr\u00f3. Ao ensinar e inspirar novos m\u00fasicos, Luizinho desempenha um papel vital na continuidade da tradi\u00e7\u00e3o da sanfona de oito baixos e na preserva\u00e7\u00e3o das m\u00fasicas que marcaram gera\u00e7\u00f5es. A hist\u00f3ria e as experi\u00eancias pessoais compartilham um senso de urg\u00eancia na defesa do forr\u00f3 em tempos contempor\u00e2neos.<\/p>\n<p>Seu modo de inovar, respeitando as tradi\u00e7\u00f5es, serve de exemplo para tantos que almejam seguir uma carreira art\u00edstica. Luizinho tem promovido o forr\u00f3 n\u00e3o apenas em palcos, mas tamb\u00e9m por meio de projetos educacionais, garantindo que o conhecimento do forr\u00f3 continue a ser transmitido de gera\u00e7\u00e3o para gera\u00e7\u00e3o. O envolvimento em f\u00f3runs como este \u00e9 um reflexo de seu compromisso com essa miss\u00e3o.<\\\/p><\/p>\n\n<div style=\"font-size: 0px; height: 0px; line-height: 0px; margin: 0; padding: 0; clear: both;\"><\/div>","protected":false},"excerpt":{"rendered":"<p>Descubra como o XIX F\u00f3rum do Forr\u00f3 valoriza a cultura nordestina com Luizinho Calixto.<\/p>\n","protected":false},"author":1,"featured_media":1867,"comment_status":"closed","ping_status":"closed","sticky":false,"template":"","format":"standard","meta":{"footnotes":""},"categories":[1],"tags":[],"class_list":["post-1868","post","type-post","status-publish","format-standard","has-post-thumbnail","hentry","category-noticias-em-aracaju","has_thumb"],"yoast_head":"<!-- This site is optimized with the Yoast SEO plugin v26.4 - https:\/\/yoast.com\/wordpress\/plugins\/seo\/ -->\n<title>Prefeitura de Aracaju realiza XIX F\u00f3rum do Forr\u00f3 com participa\u00e7\u00e3o de Luizinho Calixto - Encontra Aracaju<\/title>\n<meta name=\"robots\" content=\"index, follow, max-snippet:-1, max-image-preview:large, max-video-preview:-1\" \/>\n<link rel=\"canonical\" href=\"https:\/\/www.encontraaracaju.com.br\/sobre\/prefeitura-de-aracaju-realiza-xix-forum-do-forro-com-participacao-de-luizinho-calixto\/\" \/>\n<meta property=\"og:locale\" content=\"pt_BR\" \/>\n<meta property=\"og:type\" content=\"article\" \/>\n<meta property=\"og:title\" content=\"Prefeitura de Aracaju realiza XIX F\u00f3rum do Forr\u00f3 com participa\u00e7\u00e3o de Luizinho Calixto - Encontra Aracaju\" \/>\n<meta property=\"og:description\" content=\"Descubra como o XIX F\u00f3rum do Forr\u00f3 valoriza a cultura nordestina com Luizinho Calixto.\" \/>\n<meta property=\"og:url\" content=\"https:\/\/www.encontraaracaju.com.br\/sobre\/prefeitura-de-aracaju-realiza-xix-forum-do-forro-com-participacao-de-luizinho-calixto\/\" \/>\n<meta property=\"og:site_name\" content=\"Encontra Aracaju\" \/>\n<meta property=\"article:published_time\" content=\"2026-05-01T17:22:02+00:00\" \/>\n<meta property=\"og:image\" content=\"https:\/\/www.encontraaracaju.com.br\/sobre\/wp-content\/uploads\/2026\/05\/prefeitura-de-aracaju-realiza-xix-forum-do-forro-com-participacao-de-luizinho-calixto.webp\" \/>\n<meta name=\"author\" content=\"Encontra Aracaju\" \/>\n<meta name=\"twitter:card\" content=\"summary_large_image\" \/>\n<meta name=\"twitter:label1\" content=\"Escrito por\" \/>\n\t<meta name=\"twitter:data1\" content=\"Encontra Aracaju\" \/>\n\t<meta name=\"twitter:label2\" content=\"Est. tempo de leitura\" \/>\n\t<meta name=\"twitter:data2\" content=\"8 minutos\" \/>\n<script type=\"application\/ld+json\" class=\"yoast-schema-graph\">{\"@context\":\"https:\/\/schema.org\",\"@graph\":[{\"@type\":\"WebPage\",\"@id\":\"https:\/\/www.encontraaracaju.com.br\/sobre\/prefeitura-de-aracaju-realiza-xix-forum-do-forro-com-participacao-de-luizinho-calixto\/\",\"url\":\"https:\/\/www.encontraaracaju.com.br\/sobre\/prefeitura-de-aracaju-realiza-xix-forum-do-forro-com-participacao-de-luizinho-calixto\/\",\"name\":\"Prefeitura de Aracaju realiza XIX F\u00f3rum do Forr\u00f3 com participa\u00e7\u00e3o de Luizinho Calixto - Encontra Aracaju\",\"isPartOf\":{\"@id\":\"https:\/\/www.encontraaracaju.com.br\/sobre\/#website\"},\"primaryImageOfPage\":{\"@id\":\"https:\/\/www.encontraaracaju.com.br\/sobre\/prefeitura-de-aracaju-realiza-xix-forum-do-forro-com-participacao-de-luizinho-calixto\/#primaryimage\"},\"image\":{\"@id\":\"https:\/\/www.encontraaracaju.com.br\/sobre\/prefeitura-de-aracaju-realiza-xix-forum-do-forro-com-participacao-de-luizinho-calixto\/#primaryimage\"},\"thumbnailUrl\":\"https:\/\/www.encontraaracaju.com.br\/sobre\/wp-content\/uploads\/2026\/05\/prefeitura-de-aracaju-realiza-xix-forum-do-forro-com-participacao-de-luizinho-calixto.webp\",\"datePublished\":\"2026-05-01T17:22:02+00:00\",\"author\":{\"@id\":\"https:\/\/www.encontraaracaju.com.br\/sobre\/#\/schema\/person\/4ffad47e9e50db5f93e67859b297b0be\"},\"breadcrumb\":{\"@id\":\"https:\/\/www.encontraaracaju.com.br\/sobre\/prefeitura-de-aracaju-realiza-xix-forum-do-forro-com-participacao-de-luizinho-calixto\/#breadcrumb\"},\"inLanguage\":\"pt-BR\",\"potentialAction\":[{\"@type\":\"ReadAction\",\"target\":[\"https:\/\/www.encontraaracaju.com.br\/sobre\/prefeitura-de-aracaju-realiza-xix-forum-do-forro-com-participacao-de-luizinho-calixto\/\"]}]},{\"@type\":\"ImageObject\",\"inLanguage\":\"pt-BR\",\"@id\":\"https:\/\/www.encontraaracaju.com.br\/sobre\/prefeitura-de-aracaju-realiza-xix-forum-do-forro-com-participacao-de-luizinho-calixto\/#primaryimage\",\"url\":\"https:\/\/www.encontraaracaju.com.br\/sobre\/wp-content\/uploads\/2026\/05\/prefeitura-de-aracaju-realiza-xix-forum-do-forro-com-participacao-de-luizinho-calixto.webp\",\"contentUrl\":\"https:\/\/www.encontraaracaju.com.br\/sobre\/wp-content\/uploads\/2026\/05\/prefeitura-de-aracaju-realiza-xix-forum-do-forro-com-participacao-de-luizinho-calixto.webp\",\"width\":280,\"height\":280,\"caption\":\"F\u00f3rum do Forr\u00f3\"},{\"@type\":\"BreadcrumbList\",\"@id\":\"https:\/\/www.encontraaracaju.com.br\/sobre\/prefeitura-de-aracaju-realiza-xix-forum-do-forro-com-participacao-de-luizinho-calixto\/#breadcrumb\",\"itemListElement\":[{\"@type\":\"ListItem\",\"position\":1,\"name\":\"In\u00edcio\",\"item\":\"https:\/\/www.encontraaracaju.com.br\/sobre\/\"},{\"@type\":\"ListItem\",\"position\":2,\"name\":\"Prefeitura de Aracaju realiza XIX F\u00f3rum do Forr\u00f3 com participa\u00e7\u00e3o de Luizinho Calixto\"}]},{\"@type\":\"WebSite\",\"@id\":\"https:\/\/www.encontraaracaju.com.br\/sobre\/#website\",\"url\":\"https:\/\/www.encontraaracaju.com.br\/sobre\/\",\"name\":\"Encontra Aracaju\",\"description\":\"Not\u00edcias, eventos, informa\u00e7\u00f5es e dicas na cidade Aracaju e regi\u00e3o.\",\"potentialAction\":[{\"@type\":\"SearchAction\",\"target\":{\"@type\":\"EntryPoint\",\"urlTemplate\":\"https:\/\/www.encontraaracaju.com.br\/sobre\/?s={search_term_string}\"},\"query-input\":{\"@type\":\"PropertyValueSpecification\",\"valueRequired\":true,\"valueName\":\"search_term_string\"}}],\"inLanguage\":\"pt-BR\"},{\"@type\":\"Person\",\"@id\":\"https:\/\/www.encontraaracaju.com.br\/sobre\/#\/schema\/person\/4ffad47e9e50db5f93e67859b297b0be\",\"name\":\"Encontra Aracaju\",\"image\":{\"@type\":\"ImageObject\",\"inLanguage\":\"pt-BR\",\"@id\":\"https:\/\/www.encontraaracaju.com.br\/sobre\/#\/schema\/person\/image\/\",\"url\":\"https:\/\/secure.gravatar.com\/avatar\/507340682b8270222e1f208e23198b6ae7e2c6a1033ae84e99bc6bce4f82a387?s=96&d=mm&r=g\",\"contentUrl\":\"https:\/\/secure.gravatar.com\/avatar\/507340682b8270222e1f208e23198b6ae7e2c6a1033ae84e99bc6bce4f82a387?s=96&d=mm&r=g\",\"caption\":\"Encontra Aracaju\"},\"sameAs\":[\"http:\/\/www.encontraaracaju.com.br\"]}]}<\/script>\n<!-- \/ Yoast SEO plugin. -->","yoast_head_json":{"title":"Prefeitura de Aracaju realiza XIX F\u00f3rum do Forr\u00f3 com participa\u00e7\u00e3o de Luizinho Calixto - Encontra Aracaju","robots":{"index":"index","follow":"follow","max-snippet":"max-snippet:-1","max-image-preview":"max-image-preview:large","max-video-preview":"max-video-preview:-1"},"canonical":"https:\/\/www.encontraaracaju.com.br\/sobre\/prefeitura-de-aracaju-realiza-xix-forum-do-forro-com-participacao-de-luizinho-calixto\/","og_locale":"pt_BR","og_type":"article","og_title":"Prefeitura de Aracaju realiza XIX F\u00f3rum do Forr\u00f3 com participa\u00e7\u00e3o de Luizinho Calixto - Encontra Aracaju","og_description":"Descubra como o XIX F\u00f3rum do Forr\u00f3 valoriza a cultura nordestina com Luizinho Calixto.","og_url":"https:\/\/www.encontraaracaju.com.br\/sobre\/prefeitura-de-aracaju-realiza-xix-forum-do-forro-com-participacao-de-luizinho-calixto\/","og_site_name":"Encontra Aracaju","article_published_time":"2026-05-01T17:22:02+00:00","og_image":[{"url":"https:\/\/www.encontraaracaju.com.br\/sobre\/wp-content\/uploads\/2026\/05\/prefeitura-de-aracaju-realiza-xix-forum-do-forro-com-participacao-de-luizinho-calixto.webp","type":"","width":"","height":""}],"author":"Encontra Aracaju","twitter_card":"summary_large_image","twitter_misc":{"Escrito por":"Encontra Aracaju","Est. tempo de leitura":"8 minutos"},"schema":{"@context":"https:\/\/schema.org","@graph":[{"@type":"WebPage","@id":"https:\/\/www.encontraaracaju.com.br\/sobre\/prefeitura-de-aracaju-realiza-xix-forum-do-forro-com-participacao-de-luizinho-calixto\/","url":"https:\/\/www.encontraaracaju.com.br\/sobre\/prefeitura-de-aracaju-realiza-xix-forum-do-forro-com-participacao-de-luizinho-calixto\/","name":"Prefeitura de Aracaju realiza XIX F\u00f3rum do Forr\u00f3 com participa\u00e7\u00e3o de Luizinho Calixto - Encontra Aracaju","isPartOf":{"@id":"https:\/\/www.encontraaracaju.com.br\/sobre\/#website"},"primaryImageOfPage":{"@id":"https:\/\/www.encontraaracaju.com.br\/sobre\/prefeitura-de-aracaju-realiza-xix-forum-do-forro-com-participacao-de-luizinho-calixto\/#primaryimage"},"image":{"@id":"https:\/\/www.encontraaracaju.com.br\/sobre\/prefeitura-de-aracaju-realiza-xix-forum-do-forro-com-participacao-de-luizinho-calixto\/#primaryimage"},"thumbnailUrl":"https:\/\/www.encontraaracaju.com.br\/sobre\/wp-content\/uploads\/2026\/05\/prefeitura-de-aracaju-realiza-xix-forum-do-forro-com-participacao-de-luizinho-calixto.webp","datePublished":"2026-05-01T17:22:02+00:00","author":{"@id":"https:\/\/www.encontraaracaju.com.br\/sobre\/#\/schema\/person\/4ffad47e9e50db5f93e67859b297b0be"},"breadcrumb":{"@id":"https:\/\/www.encontraaracaju.com.br\/sobre\/prefeitura-de-aracaju-realiza-xix-forum-do-forro-com-participacao-de-luizinho-calixto\/#breadcrumb"},"inLanguage":"pt-BR","potentialAction":[{"@type":"ReadAction","target":["https:\/\/www.encontraaracaju.com.br\/sobre\/prefeitura-de-aracaju-realiza-xix-forum-do-forro-com-participacao-de-luizinho-calixto\/"]}]},{"@type":"ImageObject","inLanguage":"pt-BR","@id":"https:\/\/www.encontraaracaju.com.br\/sobre\/prefeitura-de-aracaju-realiza-xix-forum-do-forro-com-participacao-de-luizinho-calixto\/#primaryimage","url":"https:\/\/www.encontraaracaju.com.br\/sobre\/wp-content\/uploads\/2026\/05\/prefeitura-de-aracaju-realiza-xix-forum-do-forro-com-participacao-de-luizinho-calixto.webp","contentUrl":"https:\/\/www.encontraaracaju.com.br\/sobre\/wp-content\/uploads\/2026\/05\/prefeitura-de-aracaju-realiza-xix-forum-do-forro-com-participacao-de-luizinho-calixto.webp","width":280,"height":280,"caption":"F\u00f3rum do Forr\u00f3"},{"@type":"BreadcrumbList","@id":"https:\/\/www.encontraaracaju.com.br\/sobre\/prefeitura-de-aracaju-realiza-xix-forum-do-forro-com-participacao-de-luizinho-calixto\/#breadcrumb","itemListElement":[{"@type":"ListItem","position":1,"name":"In\u00edcio","item":"https:\/\/www.encontraaracaju.com.br\/sobre\/"},{"@type":"ListItem","position":2,"name":"Prefeitura de Aracaju realiza XIX F\u00f3rum do Forr\u00f3 com participa\u00e7\u00e3o de Luizinho Calixto"}]},{"@type":"WebSite","@id":"https:\/\/www.encontraaracaju.com.br\/sobre\/#website","url":"https:\/\/www.encontraaracaju.com.br\/sobre\/","name":"Encontra Aracaju","description":"Not\u00edcias, eventos, informa\u00e7\u00f5es e dicas na cidade Aracaju e regi\u00e3o.","potentialAction":[{"@type":"SearchAction","target":{"@type":"EntryPoint","urlTemplate":"https:\/\/www.encontraaracaju.com.br\/sobre\/?s={search_term_string}"},"query-input":{"@type":"PropertyValueSpecification","valueRequired":true,"valueName":"search_term_string"}}],"inLanguage":"pt-BR"},{"@type":"Person","@id":"https:\/\/www.encontraaracaju.com.br\/sobre\/#\/schema\/person\/4ffad47e9e50db5f93e67859b297b0be","name":"Encontra Aracaju","image":{"@type":"ImageObject","inLanguage":"pt-BR","@id":"https:\/\/www.encontraaracaju.com.br\/sobre\/#\/schema\/person\/image\/","url":"https:\/\/secure.gravatar.com\/avatar\/507340682b8270222e1f208e23198b6ae7e2c6a1033ae84e99bc6bce4f82a387?s=96&d=mm&r=g","contentUrl":"https:\/\/secure.gravatar.com\/avatar\/507340682b8270222e1f208e23198b6ae7e2c6a1033ae84e99bc6bce4f82a387?s=96&d=mm&r=g","caption":"Encontra Aracaju"},"sameAs":["http:\/\/www.encontraaracaju.com.br"]}]}},"_links":{"self":[{"href":"https:\/\/www.encontraaracaju.com.br\/sobre\/wp-json\/wp\/v2\/posts\/1868","targetHints":{"allow":["GET"]}}],"collection":[{"href":"https:\/\/www.encontraaracaju.com.br\/sobre\/wp-json\/wp\/v2\/posts"}],"about":[{"href":"https:\/\/www.encontraaracaju.com.br\/sobre\/wp-json\/wp\/v2\/types\/post"}],"author":[{"embeddable":true,"href":"https:\/\/www.encontraaracaju.com.br\/sobre\/wp-json\/wp\/v2\/users\/1"}],"replies":[{"embeddable":true,"href":"https:\/\/www.encontraaracaju.com.br\/sobre\/wp-json\/wp\/v2\/comments?post=1868"}],"version-history":[{"count":0,"href":"https:\/\/www.encontraaracaju.com.br\/sobre\/wp-json\/wp\/v2\/posts\/1868\/revisions"}],"wp:featuredmedia":[{"embeddable":true,"href":"https:\/\/www.encontraaracaju.com.br\/sobre\/wp-json\/wp\/v2\/media\/1867"}],"wp:attachment":[{"href":"https:\/\/www.encontraaracaju.com.br\/sobre\/wp-json\/wp\/v2\/media?parent=1868"}],"wp:term":[{"taxonomy":"category","embeddable":true,"href":"https:\/\/www.encontraaracaju.com.br\/sobre\/wp-json\/wp\/v2\/categories?post=1868"},{"taxonomy":"post_tag","embeddable":true,"href":"https:\/\/www.encontraaracaju.com.br\/sobre\/wp-json\/wp\/v2\/tags?post=1868"}],"curies":[{"name":"wp","href":"https:\/\/api.w.org\/{rel}","templated":true}]}}