{"id":1862,"date":"2026-04-29T14:56:30","date_gmt":"2026-04-29T17:56:30","guid":{"rendered":"https:\/\/www.encontraaracaju.com.br\/sobre\/tribuna-livre-da-camara-municipal-de-aracaju-recebe-presidente-do-conselho-regional-de-contabilidade-de-sergipe\/"},"modified":"2026-04-29T14:56:30","modified_gmt":"2026-04-29T17:56:30","slug":"tribuna-livre-da-camara-municipal-de-aracaju-recebe-presidente-do-conselho-regional-de-contabilidade-de-sergipe","status":"publish","type":"post","link":"https:\/\/www.encontraaracaju.com.br\/sobre\/tribuna-livre-da-camara-municipal-de-aracaju-recebe-presidente-do-conselho-regional-de-contabilidade-de-sergipe\/","title":{"rendered":"Tribuna Livre da C\u00e2mara Municipal de Aracaju recebe presidente do Conselho Regional de Contabilidade de Sergipe"},"content":{"rendered":"<div class=\"0de350683d360aa04277a39db0bae410\" data-index=\"1\" style=\"float: none; margin:0px;\">\n<!-- Anuncio display - global -->\r\n<ins class=\"adsbygoogle\"\r\n     style=\"display:block\"\r\n     data-ad-client=\"ca-pub-8585364105181520\"\r\n     data-ad-slot=\"8789329856\"\r\n     data-ad-format=\"auto\"\r\n     data-full-width-responsive=\"true\"><\/ins>\r\n<script>\r\n     (adsbygoogle = window.adsbygoogle || []).push({});\r\n<\/script>\n<\/div>\n<h2>O Papel do Conselho Regional de Contabilidade<\/h2>\n<p>O Conselho Regional de Contabilidade (CRC) desempenha uma fun\u00e7\u00e3o vital na regulamenta\u00e7\u00e3o e supervis\u00e3o da profiss\u00e3o cont\u00e1bil. Atrav\u00e9s de suas diretrizes e fiscaliza\u00e7\u00f5es, o conselho assegura que os contadores atuem dentro dos padr\u00f5es \u00e9ticos e legais, promovendo uma contabilidade respons\u00e1vel e transparente. O CRC tamb\u00e9m se esfor\u00e7a para manter a qualidade das forma\u00e7\u00f5es acad\u00eamicas dos profissionais, assegurando que apenas aqueles com forma\u00e7\u00e3o adequada e comprometidos com a \u00e9tica possam exercer a fun\u00e7\u00e3o.<\/p>\n<h2>Import\u00e2ncia da Contabilidade na Gest\u00e3o P\u00fablica<\/h2>\n<p>A contabilidade \u00e9 um pilar fundamental para a boa gest\u00e3o p\u00fablica. Por meio da legisla\u00e7\u00e3o vigente, a contabilidade p\u00fablica promove a transpar\u00eancia nas contas, uma vez que permite que a popula\u00e7\u00e3o compreenda como os recursos p\u00fablicos est\u00e3o sendo utilizados. Os profissionais de contabilidade garantem que as informa\u00e7\u00f5es financeiras sejam precisas e acess\u00edveis, contribuindo para a confian\u00e7a da sociedade nas institui\u00e7\u00f5es p\u00fablicas.<\/p>\n<h2>Reconhecimento dos Profissionais da Contabilidade<\/h2>\n<p>Os profissionais da contabilidade, frequentemente, atuam em diversos setores \u2014 desde o p\u00fablico at\u00e9 o privado. O dia 25 de abril, dedicado ao profissional da contabilidade, \u00e9 uma data que celebra o esfor\u00e7o e a compet\u00eancia desses indiv\u00edduos. As contribui\u00e7\u00f5es que eles oferecem \u00e0 economia, ao garantir a conformidade fiscal e a \u00e9tica nas rela\u00e7\u00f5es comerciais, s\u00e3o o reconhecimento mais tang\u00edvel do valor dessa profiss\u00e3o.<\/p>\n<p><img decoding=\"async\" src=\"https:\/\/www.encontraaracaju.com.br\/sobre\/wp-content\/uploads\/2026\/04\/tribuna-livre-da-camara-municipal-de-aracaju-recebe-presidente-do-conselho-regional-de-contabilidade.webp\" alt=\"Tribuna Livre\" loading=\"lazy\" \/><\/p>\n<h2>Impacto da Lei Municipal n\u00ba 5.796\/2024<\/h2>\n<p>A Lei Municipal n\u00ba 5.796\/2024, que assegura atendimento priorit\u00e1rio a profissionais da contabilidade nas esferas p\u00fablicas municipais, \u00e9 um avan\u00e7o significativo para a categoria. Essa legisla\u00e7\u00e3o reconhece a import\u00e2ncia dos contadores na administra\u00e7\u00e3o p\u00fablica, facilitando seu acesso aos servi\u00e7os p\u00fablicos e promovendo um ambiente mais colaborativo entre os profissionais e a gest\u00e3o municipal.<\/p>\n<h2>Atribui\u00e7\u00f5es dos Profissionais Cont\u00e1beis<\/h2>\n<p>Os contadores s\u00e3o respons\u00e1veis por uma variedade de fun\u00e7\u00f5es, que incluem, mas n\u00e3o se limitam a:<\/p>\n<ul>\n<li><strong>Elabora\u00e7\u00e3o de relat\u00f3rios financeiros:<\/strong> Produzindo documentos que refletem a realidade econ\u00f4mica de uma entidade.<\/li>\n<li><strong>Auditoria:<\/strong> Garantindo que as pr\u00e1ticas cont\u00e1beis sejam seguidas e que os dados estejam corretos.<\/li>\n<li><strong>Planejamento tribut\u00e1rio:<\/strong> Ajudando empresas e indiv\u00edduos a otimizar sua carga tribut\u00e1ria dentro da legalidade.<\/li>\n<li><strong>Consultoria:<\/strong> Orientando sobre pr\u00e1ticas financeiras e de conformidade.<\/li>\n<\/ul>\n<p>Essas atribui\u00e7\u00f5es destacam a relev\u00e2ncia da contabilidade para a sa\u00fade financeira de qualquer organiza\u00e7\u00e3o.<\/p>\n<h2>Desafios e Oportunidades na Contabilidade<\/h2>\n<p>A profiss\u00e3o cont\u00e1bil enfrenta desafios como as constantes mudan\u00e7as na legisla\u00e7\u00e3o, a necessidade de atualiza\u00e7\u00e3o tecnol\u00f3gica e a press\u00e3o por maior transpar\u00eancia. Entretanto, esses desafios tamb\u00e9m trazem oportunidades. A transforma\u00e7\u00e3o digital permite que os contadores adotem novas ferramentas e tecnologias, melhorando a efici\u00eancia dos processos cont\u00e1beis. Al\u00e9m disso, a demanda por servi\u00e7os de consultoria e auditoria continua a crescer, refletindo a necessidade de compliance em um mundo de neg\u00f3cios cada vez mais complexo.<\/p>\n<h2>A Contribui\u00e7\u00e3o da Contabilidade na Responsabilidade Fiscal<\/h2>\n<p>A contabilidade \u00e9 essencial para garantir a responsabilidade fiscal nas esferas p\u00fablica e privada. Os contadores precisam assegurar que as institui\u00e7\u00f5es respons\u00e1veis pelo uso de recursos p\u00fablicos fa\u00e7am relat\u00f3rios que reflitam a real situa\u00e7\u00e3o financeira. Isso \u00e9 crucial para evitar desvio de verbas e garantir que os fundos sejam usados de maneira apropriada.<\/p>\n<h2>O Registro de Contabilidade e a Sa\u00fade Financeira<\/h2>\n<p>O registro cont\u00e1bil \u00e9 uma representa\u00e7\u00e3o da sa\u00fade financeira de uma entidade. Uma boa contabilidade permite que as organiza\u00e7\u00f5es identifiquem problemas financeiros antes que se tornem cr\u00edticos, possibilitando a tomada de decis\u00f5es informadas que garantam a sustentabilidade a longo prazo.<\/p>\n<h2>Perspectivas para os Profissionais de Contabilidade em Sergipe<\/h2>\n<p>No estado de Sergipe, com cerca de 3.700 contadores registrados, as perspectivas s\u00e3o otimistas. O fortalecimento das v\u00ednculos entre os profissionais e o CRC\/SE, a promo\u00e7\u00e3o de eventos de capacita\u00e7\u00e3o e a sensibiliza\u00e7\u00e3o sobre a import\u00e2ncia da contabilidade para a sociedade, evidenciam um futuro promissor. A presen\u00e7a dele pode contribuir significativamente para o desenvolvimento econ\u00f4mico da regi\u00e3o.<\/p>\n<h2>A Contabilidade como Pilar da Transpar\u00eancia<\/h2>\n<p>A contabilidade n\u00e3o \u00e9 apenas uma ferramenta, mas sim, um mecanismo fundamental para a promo\u00e7\u00e3o da transpar\u00eancia. As pr\u00e1ticas cont\u00e1beis garantem que os dados financeiros sejam apresentados de forma clara e precisa, permitindo que a sociedade civil atinja um entendimento completo sobre como seus recursos est\u00e3o sendo geridos. Um contador honesto e \u00e9tico \u00e9 essencial para a constru\u00e7\u00e3o de uma sociedade mais justa, onde todos possam entender e fiscalizar os atos dos gestores p\u00fablicos.<\/p>\n\n<div style=\"font-size: 0px; height: 0px; line-height: 0px; margin: 0; padding: 0; clear: both;\"><\/div>","protected":false},"excerpt":{"rendered":"<p>Transpar\u00eancia na gest\u00e3o fiscal \u00e9 vital para o servi\u00e7o p\u00fablico.<\/p>\n","protected":false},"author":1,"featured_media":1861,"comment_status":"closed","ping_status":"closed","sticky":false,"template":"","format":"standard","meta":{"footnotes":""},"categories":[1],"tags":[],"class_list":["post-1862","post","type-post","status-publish","format-standard","has-post-thumbnail","hentry","category-noticias-em-aracaju","has_thumb"],"yoast_head":"<!-- This site is optimized with the Yoast SEO plugin v26.4 - https:\/\/yoast.com\/wordpress\/plugins\/seo\/ -->\n<title>Tribuna Livre da C\u00e2mara Municipal de Aracaju recebe presidente do Conselho Regional de Contabilidade de Sergipe - Encontra Aracaju<\/title>\n<meta name=\"robots\" content=\"index, follow, max-snippet:-1, max-image-preview:large, max-video-preview:-1\" \/>\n<link rel=\"canonical\" href=\"https:\/\/www.encontraaracaju.com.br\/sobre\/tribuna-livre-da-camara-municipal-de-aracaju-recebe-presidente-do-conselho-regional-de-contabilidade-de-sergipe\/\" \/>\n<meta property=\"og:locale\" content=\"pt_BR\" \/>\n<meta property=\"og:type\" content=\"article\" \/>\n<meta property=\"og:title\" content=\"Tribuna Livre da C\u00e2mara Municipal de Aracaju recebe presidente do Conselho Regional de Contabilidade de Sergipe - Encontra Aracaju\" \/>\n<meta property=\"og:description\" content=\"Transpar\u00eancia na gest\u00e3o fiscal \u00e9 vital para o servi\u00e7o p\u00fablico.\" \/>\n<meta property=\"og:url\" content=\"https:\/\/www.encontraaracaju.com.br\/sobre\/tribuna-livre-da-camara-municipal-de-aracaju-recebe-presidente-do-conselho-regional-de-contabilidade-de-sergipe\/\" \/>\n<meta property=\"og:site_name\" content=\"Encontra Aracaju\" \/>\n<meta property=\"article:published_time\" content=\"2026-04-29T17:56:30+00:00\" \/>\n<meta property=\"og:image\" content=\"https:\/\/www.encontraaracaju.com.br\/sobre\/wp-content\/uploads\/2026\/04\/tribuna-livre-da-camara-municipal-de-aracaju-recebe-presidente-do-conselho-regional-de-contabilidade.webp\" \/>\n<meta name=\"author\" content=\"Encontra Aracaju\" \/>\n<meta name=\"twitter:card\" content=\"summary_large_image\" \/>\n<meta name=\"twitter:label1\" content=\"Escrito por\" \/>\n\t<meta name=\"twitter:data1\" content=\"Encontra Aracaju\" \/>\n\t<meta name=\"twitter:label2\" content=\"Est. tempo de leitura\" \/>\n\t<meta name=\"twitter:data2\" content=\"4 minutos\" \/>\n<script type=\"application\/ld+json\" class=\"yoast-schema-graph\">{\"@context\":\"https:\/\/schema.org\",\"@graph\":[{\"@type\":\"WebPage\",\"@id\":\"https:\/\/www.encontraaracaju.com.br\/sobre\/tribuna-livre-da-camara-municipal-de-aracaju-recebe-presidente-do-conselho-regional-de-contabilidade-de-sergipe\/\",\"url\":\"https:\/\/www.encontraaracaju.com.br\/sobre\/tribuna-livre-da-camara-municipal-de-aracaju-recebe-presidente-do-conselho-regional-de-contabilidade-de-sergipe\/\",\"name\":\"Tribuna Livre da C\u00e2mara Municipal de Aracaju recebe presidente do Conselho Regional de Contabilidade de Sergipe - Encontra Aracaju\",\"isPartOf\":{\"@id\":\"https:\/\/www.encontraaracaju.com.br\/sobre\/#website\"},\"primaryImageOfPage\":{\"@id\":\"https:\/\/www.encontraaracaju.com.br\/sobre\/tribuna-livre-da-camara-municipal-de-aracaju-recebe-presidente-do-conselho-regional-de-contabilidade-de-sergipe\/#primaryimage\"},\"image\":{\"@id\":\"https:\/\/www.encontraaracaju.com.br\/sobre\/tribuna-livre-da-camara-municipal-de-aracaju-recebe-presidente-do-conselho-regional-de-contabilidade-de-sergipe\/#primaryimage\"},\"thumbnailUrl\":\"https:\/\/www.encontraaracaju.com.br\/sobre\/wp-content\/uploads\/2026\/04\/tribuna-livre-da-camara-municipal-de-aracaju-recebe-presidente-do-conselho-regional-de-contabilidade.webp\",\"datePublished\":\"2026-04-29T17:56:30+00:00\",\"author\":{\"@id\":\"https:\/\/www.encontraaracaju.com.br\/sobre\/#\/schema\/person\/4ffad47e9e50db5f93e67859b297b0be\"},\"breadcrumb\":{\"@id\":\"https:\/\/www.encontraaracaju.com.br\/sobre\/tribuna-livre-da-camara-municipal-de-aracaju-recebe-presidente-do-conselho-regional-de-contabilidade-de-sergipe\/#breadcrumb\"},\"inLanguage\":\"pt-BR\",\"potentialAction\":[{\"@type\":\"ReadAction\",\"target\":[\"https:\/\/www.encontraaracaju.com.br\/sobre\/tribuna-livre-da-camara-municipal-de-aracaju-recebe-presidente-do-conselho-regional-de-contabilidade-de-sergipe\/\"]}]},{\"@type\":\"ImageObject\",\"inLanguage\":\"pt-BR\",\"@id\":\"https:\/\/www.encontraaracaju.com.br\/sobre\/tribuna-livre-da-camara-municipal-de-aracaju-recebe-presidente-do-conselho-regional-de-contabilidade-de-sergipe\/#primaryimage\",\"url\":\"https:\/\/www.encontraaracaju.com.br\/sobre\/wp-content\/uploads\/2026\/04\/tribuna-livre-da-camara-municipal-de-aracaju-recebe-presidente-do-conselho-regional-de-contabilidade.webp\",\"contentUrl\":\"https:\/\/www.encontraaracaju.com.br\/sobre\/wp-content\/uploads\/2026\/04\/tribuna-livre-da-camara-municipal-de-aracaju-recebe-presidente-do-conselho-regional-de-contabilidade.webp\",\"width\":280,\"height\":280,\"caption\":\"Tribuna Livre\"},{\"@type\":\"BreadcrumbList\",\"@id\":\"https:\/\/www.encontraaracaju.com.br\/sobre\/tribuna-livre-da-camara-municipal-de-aracaju-recebe-presidente-do-conselho-regional-de-contabilidade-de-sergipe\/#breadcrumb\",\"itemListElement\":[{\"@type\":\"ListItem\",\"position\":1,\"name\":\"In\u00edcio\",\"item\":\"https:\/\/www.encontraaracaju.com.br\/sobre\/\"},{\"@type\":\"ListItem\",\"position\":2,\"name\":\"Tribuna Livre da C\u00e2mara Municipal de Aracaju recebe presidente do Conselho Regional de Contabilidade de Sergipe\"}]},{\"@type\":\"WebSite\",\"@id\":\"https:\/\/www.encontraaracaju.com.br\/sobre\/#website\",\"url\":\"https:\/\/www.encontraaracaju.com.br\/sobre\/\",\"name\":\"Encontra Aracaju\",\"description\":\"Not\u00edcias, eventos, informa\u00e7\u00f5es e dicas na cidade Aracaju e regi\u00e3o.\",\"potentialAction\":[{\"@type\":\"SearchAction\",\"target\":{\"@type\":\"EntryPoint\",\"urlTemplate\":\"https:\/\/www.encontraaracaju.com.br\/sobre\/?s={search_term_string}\"},\"query-input\":{\"@type\":\"PropertyValueSpecification\",\"valueRequired\":true,\"valueName\":\"search_term_string\"}}],\"inLanguage\":\"pt-BR\"},{\"@type\":\"Person\",\"@id\":\"https:\/\/www.encontraaracaju.com.br\/sobre\/#\/schema\/person\/4ffad47e9e50db5f93e67859b297b0be\",\"name\":\"Encontra Aracaju\",\"image\":{\"@type\":\"ImageObject\",\"inLanguage\":\"pt-BR\",\"@id\":\"https:\/\/www.encontraaracaju.com.br\/sobre\/#\/schema\/person\/image\/\",\"url\":\"https:\/\/secure.gravatar.com\/avatar\/507340682b8270222e1f208e23198b6ae7e2c6a1033ae84e99bc6bce4f82a387?s=96&d=mm&r=g\",\"contentUrl\":\"https:\/\/secure.gravatar.com\/avatar\/507340682b8270222e1f208e23198b6ae7e2c6a1033ae84e99bc6bce4f82a387?s=96&d=mm&r=g\",\"caption\":\"Encontra Aracaju\"},\"sameAs\":[\"http:\/\/www.encontraaracaju.com.br\"]}]}<\/script>\n<!-- \/ Yoast SEO plugin. -->","yoast_head_json":{"title":"Tribuna Livre da C\u00e2mara Municipal de Aracaju recebe presidente do Conselho Regional de Contabilidade de Sergipe - Encontra Aracaju","robots":{"index":"index","follow":"follow","max-snippet":"max-snippet:-1","max-image-preview":"max-image-preview:large","max-video-preview":"max-video-preview:-1"},"canonical":"https:\/\/www.encontraaracaju.com.br\/sobre\/tribuna-livre-da-camara-municipal-de-aracaju-recebe-presidente-do-conselho-regional-de-contabilidade-de-sergipe\/","og_locale":"pt_BR","og_type":"article","og_title":"Tribuna Livre da C\u00e2mara Municipal de Aracaju recebe presidente do Conselho Regional de Contabilidade de Sergipe - Encontra Aracaju","og_description":"Transpar\u00eancia na gest\u00e3o fiscal \u00e9 vital para o servi\u00e7o p\u00fablico.","og_url":"https:\/\/www.encontraaracaju.com.br\/sobre\/tribuna-livre-da-camara-municipal-de-aracaju-recebe-presidente-do-conselho-regional-de-contabilidade-de-sergipe\/","og_site_name":"Encontra Aracaju","article_published_time":"2026-04-29T17:56:30+00:00","og_image":[{"url":"https:\/\/www.encontraaracaju.com.br\/sobre\/wp-content\/uploads\/2026\/04\/tribuna-livre-da-camara-municipal-de-aracaju-recebe-presidente-do-conselho-regional-de-contabilidade.webp","type":"","width":"","height":""}],"author":"Encontra Aracaju","twitter_card":"summary_large_image","twitter_misc":{"Escrito por":"Encontra Aracaju","Est. tempo de leitura":"4 minutos"},"schema":{"@context":"https:\/\/schema.org","@graph":[{"@type":"WebPage","@id":"https:\/\/www.encontraaracaju.com.br\/sobre\/tribuna-livre-da-camara-municipal-de-aracaju-recebe-presidente-do-conselho-regional-de-contabilidade-de-sergipe\/","url":"https:\/\/www.encontraaracaju.com.br\/sobre\/tribuna-livre-da-camara-municipal-de-aracaju-recebe-presidente-do-conselho-regional-de-contabilidade-de-sergipe\/","name":"Tribuna Livre da C\u00e2mara Municipal de Aracaju recebe presidente do Conselho Regional de Contabilidade de Sergipe - Encontra Aracaju","isPartOf":{"@id":"https:\/\/www.encontraaracaju.com.br\/sobre\/#website"},"primaryImageOfPage":{"@id":"https:\/\/www.encontraaracaju.com.br\/sobre\/tribuna-livre-da-camara-municipal-de-aracaju-recebe-presidente-do-conselho-regional-de-contabilidade-de-sergipe\/#primaryimage"},"image":{"@id":"https:\/\/www.encontraaracaju.com.br\/sobre\/tribuna-livre-da-camara-municipal-de-aracaju-recebe-presidente-do-conselho-regional-de-contabilidade-de-sergipe\/#primaryimage"},"thumbnailUrl":"https:\/\/www.encontraaracaju.com.br\/sobre\/wp-content\/uploads\/2026\/04\/tribuna-livre-da-camara-municipal-de-aracaju-recebe-presidente-do-conselho-regional-de-contabilidade.webp","datePublished":"2026-04-29T17:56:30+00:00","author":{"@id":"https:\/\/www.encontraaracaju.com.br\/sobre\/#\/schema\/person\/4ffad47e9e50db5f93e67859b297b0be"},"breadcrumb":{"@id":"https:\/\/www.encontraaracaju.com.br\/sobre\/tribuna-livre-da-camara-municipal-de-aracaju-recebe-presidente-do-conselho-regional-de-contabilidade-de-sergipe\/#breadcrumb"},"inLanguage":"pt-BR","potentialAction":[{"@type":"ReadAction","target":["https:\/\/www.encontraaracaju.com.br\/sobre\/tribuna-livre-da-camara-municipal-de-aracaju-recebe-presidente-do-conselho-regional-de-contabilidade-de-sergipe\/"]}]},{"@type":"ImageObject","inLanguage":"pt-BR","@id":"https:\/\/www.encontraaracaju.com.br\/sobre\/tribuna-livre-da-camara-municipal-de-aracaju-recebe-presidente-do-conselho-regional-de-contabilidade-de-sergipe\/#primaryimage","url":"https:\/\/www.encontraaracaju.com.br\/sobre\/wp-content\/uploads\/2026\/04\/tribuna-livre-da-camara-municipal-de-aracaju-recebe-presidente-do-conselho-regional-de-contabilidade.webp","contentUrl":"https:\/\/www.encontraaracaju.com.br\/sobre\/wp-content\/uploads\/2026\/04\/tribuna-livre-da-camara-municipal-de-aracaju-recebe-presidente-do-conselho-regional-de-contabilidade.webp","width":280,"height":280,"caption":"Tribuna Livre"},{"@type":"BreadcrumbList","@id":"https:\/\/www.encontraaracaju.com.br\/sobre\/tribuna-livre-da-camara-municipal-de-aracaju-recebe-presidente-do-conselho-regional-de-contabilidade-de-sergipe\/#breadcrumb","itemListElement":[{"@type":"ListItem","position":1,"name":"In\u00edcio","item":"https:\/\/www.encontraaracaju.com.br\/sobre\/"},{"@type":"ListItem","position":2,"name":"Tribuna Livre da C\u00e2mara Municipal de Aracaju recebe presidente do Conselho Regional de Contabilidade de Sergipe"}]},{"@type":"WebSite","@id":"https:\/\/www.encontraaracaju.com.br\/sobre\/#website","url":"https:\/\/www.encontraaracaju.com.br\/sobre\/","name":"Encontra Aracaju","description":"Not\u00edcias, eventos, informa\u00e7\u00f5es e dicas na cidade Aracaju e regi\u00e3o.","potentialAction":[{"@type":"SearchAction","target":{"@type":"EntryPoint","urlTemplate":"https:\/\/www.encontraaracaju.com.br\/sobre\/?s={search_term_string}"},"query-input":{"@type":"PropertyValueSpecification","valueRequired":true,"valueName":"search_term_string"}}],"inLanguage":"pt-BR"},{"@type":"Person","@id":"https:\/\/www.encontraaracaju.com.br\/sobre\/#\/schema\/person\/4ffad47e9e50db5f93e67859b297b0be","name":"Encontra Aracaju","image":{"@type":"ImageObject","inLanguage":"pt-BR","@id":"https:\/\/www.encontraaracaju.com.br\/sobre\/#\/schema\/person\/image\/","url":"https:\/\/secure.gravatar.com\/avatar\/507340682b8270222e1f208e23198b6ae7e2c6a1033ae84e99bc6bce4f82a387?s=96&d=mm&r=g","contentUrl":"https:\/\/secure.gravatar.com\/avatar\/507340682b8270222e1f208e23198b6ae7e2c6a1033ae84e99bc6bce4f82a387?s=96&d=mm&r=g","caption":"Encontra Aracaju"},"sameAs":["http:\/\/www.encontraaracaju.com.br"]}]}},"_links":{"self":[{"href":"https:\/\/www.encontraaracaju.com.br\/sobre\/wp-json\/wp\/v2\/posts\/1862","targetHints":{"allow":["GET"]}}],"collection":[{"href":"https:\/\/www.encontraaracaju.com.br\/sobre\/wp-json\/wp\/v2\/posts"}],"about":[{"href":"https:\/\/www.encontraaracaju.com.br\/sobre\/wp-json\/wp\/v2\/types\/post"}],"author":[{"embeddable":true,"href":"https:\/\/www.encontraaracaju.com.br\/sobre\/wp-json\/wp\/v2\/users\/1"}],"replies":[{"embeddable":true,"href":"https:\/\/www.encontraaracaju.com.br\/sobre\/wp-json\/wp\/v2\/comments?post=1862"}],"version-history":[{"count":0,"href":"https:\/\/www.encontraaracaju.com.br\/sobre\/wp-json\/wp\/v2\/posts\/1862\/revisions"}],"wp:featuredmedia":[{"embeddable":true,"href":"https:\/\/www.encontraaracaju.com.br\/sobre\/wp-json\/wp\/v2\/media\/1861"}],"wp:attachment":[{"href":"https:\/\/www.encontraaracaju.com.br\/sobre\/wp-json\/wp\/v2\/media?parent=1862"}],"wp:term":[{"taxonomy":"category","embeddable":true,"href":"https:\/\/www.encontraaracaju.com.br\/sobre\/wp-json\/wp\/v2\/categories?post=1862"},{"taxonomy":"post_tag","embeddable":true,"href":"https:\/\/www.encontraaracaju.com.br\/sobre\/wp-json\/wp\/v2\/tags?post=1862"}],"curies":[{"name":"wp","href":"https:\/\/api.w.org\/{rel}","templated":true}]}}