{"id":1858,"date":"2026-04-28T14:06:47","date_gmt":"2026-04-28T17:06:47","guid":{"rendered":"https:\/\/www.encontraaracaju.com.br\/sobre\/previsao-indica-semana-com-chuvas-frequentes-em-aracaju\/"},"modified":"2026-04-28T14:06:47","modified_gmt":"2026-04-28T17:06:47","slug":"previsao-indica-semana-com-chuvas-frequentes-em-aracaju","status":"publish","type":"post","link":"https:\/\/www.encontraaracaju.com.br\/sobre\/previsao-indica-semana-com-chuvas-frequentes-em-aracaju\/","title":{"rendered":"Previs\u00e3o indica semana com chuvas frequentes em Aracaju"},"content":{"rendered":"<div class=\"0de350683d360aa04277a39db0bae410\" data-index=\"1\" style=\"float: none; margin:0px;\">\n<!-- Anuncio display - global -->\r\n<ins class=\"adsbygoogle\"\r\n     style=\"display:block\"\r\n     data-ad-client=\"ca-pub-8585364105181520\"\r\n     data-ad-slot=\"8789329856\"\r\n     data-ad-format=\"auto\"\r\n     data-full-width-responsive=\"true\"><\/ins>\r\n<script>\r\n     (adsbygoogle = window.adsbygoogle || []).push({});\r\n<\/script>\n<\/div>\n<h2>Previs\u00e3o do Clima para Aracaju<\/h2>\n<p>A cidade de Aracaju, capital de Sergipe, est\u00e1 se preparando para uma semana com intensas chuvas, que ocorrer\u00e3o entre os dias 30 de mar\u00e7o e 5 de abril de 2026. As previs\u00f5es apontam que a precipita\u00e7\u00e3o ser\u00e1 uma constante durante este per\u00edodo, acompanhada por temperaturas variando de 25\u00b0C a 31\u00b0C. Essa combina\u00e7\u00e3o de fatores poder\u00e1 impactar o cotidiano da popula\u00e7\u00e3o, exigindo que os moradores estejam atentos \u00e0s condi\u00e7\u00f5es clim\u00e1ticas.<\/p>\n<h2>Temperaturas em Aracaju<\/h2>\n<p>A seguir, encontramos uma tabela detalhada com as temperaturas esperadas para cada dia da semana:<\/p>\n<table>\n<thead>\n<tr>\n<th>Dia<\/th>\n<th>Temperatura M\u00ednima (\u00b0C)<\/th>\n<th>Temperatura M\u00e1xima (\u00b0C)<\/th>\n<\/tr>\n<\/thead>\n<tbody>\n<tr>\n<td>Segunda-feira, 30 de mar\u00e7o<\/td>\n<td>25<\/td>\n<td>31<\/td>\n<\/tr>\n<tr>\n<td>Ter\u00e7a-feira, 31 de mar\u00e7o<\/td>\n<td>25<\/td>\n<td>29<\/td>\n<\/tr>\n<tr>\n<td>Quarta-feira, 1 de abril<\/td>\n<td>25<\/td>\n<td>30<\/td>\n<\/tr>\n<tr>\n<td>Quinta-feira, 2 de abril<\/td>\n<td>25<\/td>\n<td>30<\/td>\n<\/tr>\n<tr>\n<td>Sexta-feira, 3 de abril<\/td>\n<td>25<\/td>\n<td>31<\/td>\n<\/tr>\n<tr>\n<td>S\u00e1bado, 4 de abril<\/td>\n<td>26<\/td>\n<td>30<\/td>\n<\/tr>\n<tr>\n<td>Domingo, 5 de abril<\/td>\n<td>25<\/td>\n<td>30<\/td>\n<\/tr>\n<\/tbody>\n<\/table>\n<h2>Chance de Precipita\u00e7\u00e3o<\/h2>\n<p>As chances de chuva durante a semana s\u00e3o bastante elevadas, conforme detalhado a seguir:<\/p>\n<p><img decoding=\"async\" src=\"https:\/\/www.encontraaracaju.com.br\/sobre\/wp-content\/uploads\/2026\/04\/previsao-indica-semana-com-chuvas-frequentes-em-aracaju.webp\" alt=\"chuvas frequentes em Aracaju\" loading=\"lazy\" \/><\/p>\n<ul>\n<li>**Segunda-feira, 30 de mar\u00e7o:** Precipita\u00e7\u00e3o leve, com 98% de chance, volume estimado em 4mm.<\/li>\n<li>**Ter\u00e7a-feira, 31 de mar\u00e7o:** Espera-se chuva moderada, probabilidade de 93%, volume previsto de 4mm.<\/li>\n<li>**Quarta-feira, 1 de abril:** A previs\u00e3o \u00e9 de chuva leve, com 100% de possibilidade e um volume de 5,6mm.<\/li>\n<li>**Quinta-feira, 2 de abril:** Chance de 99% para precipita\u00e7\u00e3o leve, com 2,3mm estimados.<\/li>\n<li>**Sexta-feira, 3 de abril:** Probabilidade de 100% para chuva leve, com expectativa de 5,2mm.<\/li>\n<li>**S\u00e1bado, 4 de abril:** A chance cai para 35%, com previs\u00e3o de apenas 0,2mm de chuva.<\/li>\n<li>**Domingo, 5 de abril:** Retorna a alta probabilidade de 100% com volume de 4,7mm.<\/li>\n<\/ul>\n<h2>N\u00edveis de Umidade Relativa<\/h2>\n<p>A umidade relativa do ar est\u00e1 prevista para variar ao longo da semana, afetando a sensa\u00e7\u00e3o t\u00e9rmica dos habitantes. Veja como ser\u00e1:<\/p>\n<ul>\n<li>**Segunda-feira:** 64%<\/li>\n<li>**Ter\u00e7a-feira:** 65%<\/li>\n<li>**Quarta-feira:** 62%<\/li>\n<li>**Quinta-feira:** 53%<\/li>\n<li>**Sexta-feira:** 59%<\/li>\n<li>**S\u00e1bado:** 59%<\/li>\n<li>**Domingo:** 61%<\/li>\n<\/ul>\n<h2>Sensa\u00e7\u00e3o T\u00e9rmica<\/h2>\n<p>Embora as temperaturas m\u00e1ximas sejam amenas, a sensa\u00e7\u00e3o t\u00e9rmica poder\u00e1 ser significativamente mais alta devido \u00e0 umidade e \u00e0 exposi\u00e7\u00e3o solar. As sensa\u00e7\u00f5es t\u00e9rmicas previstas s\u00e3o:<\/p>\n<ul>\n<li>**Segunda-feira:** at\u00e9 35\u00b0C<\/li>\n<li>**Ter\u00e7a-feira:** at\u00e9 32\u00b0C<\/li>\n<li>**Quarta-feira:** at\u00e9 33\u00b0C<\/li>\n<li>**Quinta-feira:** at\u00e9 32\u00b0C<\/li>\n<li>**Sexta-feira:** at\u00e9 34\u00b0C<\/li>\n<li>**S\u00e1bado:** at\u00e9 33\u00b0C<\/li>\n<li>**Domingo:** at\u00e9 34\u00b0C<\/li>\n<\/ul>\n<h2>Impactos no Cotidiano<\/h2>\n<p>As chuvas frequentes e a alta umidade podem acarretar diversos desafios, especialmente para aqueles que dependem de atividades ao ar livre. A popula\u00e7\u00e3o deve estar ciente dos riscos de alagamentos em \u00e1reas vulner\u00e1veis e das mudan\u00e7as nas condi\u00e7\u00f5es de tr\u00e1fego. \u00c9 essencial que todos tomem precau\u00e7\u00f5es ao sair de casa, como utilizar guarda-chuvas e estar preparados para poss\u00edveis mudan\u00e7as nos planos devido ao clima.<\/p>\n<h2>Cuidados com a Exposi\u00e7\u00e3o Solar<\/h2>\n<p>Mesmo com a previs\u00e3o de chuvas, os \u00edndices de radia\u00e7\u00e3o ultravioleta (UV) permanecer\u00e3o elevados, o que pode trazer riscos \u00e0 sa\u00fade. As classifica\u00e7\u00f5es de UV durante a semana variar\u00e3o entre 7 e 12, indicando a necessidade de prote\u00e7\u00e3o adequada. Recomenda-se o uso de protetor solar, roupas que ofere\u00e7am cobertura e evitar a exposi\u00e7\u00e3o solar nos hor\u00e1rios de pico, geralmente entre 10h e 16h.<\/p>\n<h2>Orienta\u00e7\u00f5es para a Popula\u00e7\u00e3o<\/h2>\n<p>Com as previs\u00f5es de chuva e as temperaturas vari\u00e1veis, \u00e9 importante que a popula\u00e7\u00e3o siga algumas orienta\u00e7\u00f5es:<\/p>\n<ul>\n<li>Mantenha sempre um guarda-chuva ou capa de chuva \u00e0 m\u00e3o.<\/li>\n<li>Verifique as condi\u00e7\u00f5es das vias antes de se deslocar, especialmente em \u00e1reas propensas a alagamentos.<\/li>\n<li>Utilize roupas leves e confort\u00e1veis, mas que cubram a pele para prote\u00e7\u00e3o solar quando necess\u00e1rio.<\/li>\n<li>Hidrate-se adequadamente, bebendo \u00e1gua regularmente, para evitar a desidrata\u00e7\u00e3o devido \u00e0 umidade e calor.<\/li>\n<li>Esteja atento \u00e0s atualiza\u00e7\u00f5es meteorol\u00f3gicas para se programar melhor no dia a dia.<\/li>\n<\/ul>\n<h2>A Import\u00e2ncia da \u00c1gua<\/h2>\n<p>A \u00e1gua \u00e9 fundamental para a sa\u00fade humana. Com as temperaturas elevadas e a umidade alta, a ingest\u00e3o adequada de l\u00edquidos \u00e9 ainda mais crucial. Recomenda-se que os adultos consumam pelo menos 2 litros de \u00e1gua por dia, e as necessidades podem aumentar em climas quentes e \u00famidos. A desidrata\u00e7\u00e3o pode ocorrer rapidamente, especialmente entre crian\u00e7as e idosos, portanto, monitorar a ingest\u00e3o de \u00e1gua \u00e9 vital.<\/p>\n<h2>Vis\u00e3o Geral da Semana em Aracaju<\/h2>\n<p>Em suma, a semana em Aracaju se caracteriza por condi\u00e7\u00f5es clim\u00e1ticas inst\u00e1veis, misturando chuvas frequentes e eleva\u00e7\u00f5es nas temperaturas. Embora haja a expectativa de um dia de menor precipita\u00e7\u00e3o no s\u00e1bado, os moradores devem estar preparados para uma atmosfera molhada e quente no restante da semana. Estar bem informado e tomar precau\u00e7\u00f5es pode ajudar a mitigar os impactos das condi\u00e7\u00f5es clim\u00e1ticas adversas.<\/p>\n\n<div style=\"font-size: 0px; height: 0px; line-height: 0px; margin: 0; padding: 0; clear: both;\"><\/div>","protected":false},"excerpt":{"rendered":"<p>Aracaju ter\u00e1 chuvas frequentes e temperaturas elevadas esta semana.<\/p>\n","protected":false},"author":1,"featured_media":1857,"comment_status":"closed","ping_status":"closed","sticky":false,"template":"","format":"standard","meta":{"footnotes":""},"categories":[1],"tags":[],"class_list":["post-1858","post","type-post","status-publish","format-standard","has-post-thumbnail","hentry","category-noticias-em-aracaju","has_thumb"],"yoast_head":"<!-- This site is optimized with the Yoast SEO plugin v26.4 - https:\/\/yoast.com\/wordpress\/plugins\/seo\/ -->\n<title>Previs\u00e3o indica semana com chuvas frequentes em Aracaju - Encontra Aracaju<\/title>\n<meta name=\"robots\" content=\"index, follow, max-snippet:-1, max-image-preview:large, max-video-preview:-1\" \/>\n<link rel=\"canonical\" href=\"https:\/\/www.encontraaracaju.com.br\/sobre\/previsao-indica-semana-com-chuvas-frequentes-em-aracaju\/\" \/>\n<meta property=\"og:locale\" content=\"pt_BR\" \/>\n<meta property=\"og:type\" content=\"article\" \/>\n<meta property=\"og:title\" content=\"Previs\u00e3o indica semana com chuvas frequentes em Aracaju - Encontra Aracaju\" \/>\n<meta property=\"og:description\" content=\"Aracaju ter\u00e1 chuvas frequentes e temperaturas elevadas esta semana.\" \/>\n<meta property=\"og:url\" content=\"https:\/\/www.encontraaracaju.com.br\/sobre\/previsao-indica-semana-com-chuvas-frequentes-em-aracaju\/\" \/>\n<meta property=\"og:site_name\" content=\"Encontra Aracaju\" \/>\n<meta property=\"article:published_time\" content=\"2026-04-28T17:06:47+00:00\" \/>\n<meta property=\"og:image\" content=\"https:\/\/www.encontraaracaju.com.br\/sobre\/wp-content\/uploads\/2026\/04\/previsao-indica-semana-com-chuvas-frequentes-em-aracaju.webp\" \/>\n<meta name=\"author\" content=\"Encontra Aracaju\" \/>\n<meta name=\"twitter:card\" content=\"summary_large_image\" \/>\n<meta name=\"twitter:label1\" content=\"Escrito por\" \/>\n\t<meta name=\"twitter:data1\" content=\"Encontra Aracaju\" \/>\n\t<meta name=\"twitter:label2\" content=\"Est. tempo de leitura\" \/>\n\t<meta name=\"twitter:data2\" content=\"4 minutos\" \/>\n<script type=\"application\/ld+json\" class=\"yoast-schema-graph\">{\"@context\":\"https:\/\/schema.org\",\"@graph\":[{\"@type\":\"WebPage\",\"@id\":\"https:\/\/www.encontraaracaju.com.br\/sobre\/previsao-indica-semana-com-chuvas-frequentes-em-aracaju\/\",\"url\":\"https:\/\/www.encontraaracaju.com.br\/sobre\/previsao-indica-semana-com-chuvas-frequentes-em-aracaju\/\",\"name\":\"Previs\u00e3o indica semana com chuvas frequentes em Aracaju - Encontra Aracaju\",\"isPartOf\":{\"@id\":\"https:\/\/www.encontraaracaju.com.br\/sobre\/#website\"},\"primaryImageOfPage\":{\"@id\":\"https:\/\/www.encontraaracaju.com.br\/sobre\/previsao-indica-semana-com-chuvas-frequentes-em-aracaju\/#primaryimage\"},\"image\":{\"@id\":\"https:\/\/www.encontraaracaju.com.br\/sobre\/previsao-indica-semana-com-chuvas-frequentes-em-aracaju\/#primaryimage\"},\"thumbnailUrl\":\"https:\/\/www.encontraaracaju.com.br\/sobre\/wp-content\/uploads\/2026\/04\/previsao-indica-semana-com-chuvas-frequentes-em-aracaju.webp\",\"datePublished\":\"2026-04-28T17:06:47+00:00\",\"author\":{\"@id\":\"https:\/\/www.encontraaracaju.com.br\/sobre\/#\/schema\/person\/4ffad47e9e50db5f93e67859b297b0be\"},\"breadcrumb\":{\"@id\":\"https:\/\/www.encontraaracaju.com.br\/sobre\/previsao-indica-semana-com-chuvas-frequentes-em-aracaju\/#breadcrumb\"},\"inLanguage\":\"pt-BR\",\"potentialAction\":[{\"@type\":\"ReadAction\",\"target\":[\"https:\/\/www.encontraaracaju.com.br\/sobre\/previsao-indica-semana-com-chuvas-frequentes-em-aracaju\/\"]}]},{\"@type\":\"ImageObject\",\"inLanguage\":\"pt-BR\",\"@id\":\"https:\/\/www.encontraaracaju.com.br\/sobre\/previsao-indica-semana-com-chuvas-frequentes-em-aracaju\/#primaryimage\",\"url\":\"https:\/\/www.encontraaracaju.com.br\/sobre\/wp-content\/uploads\/2026\/04\/previsao-indica-semana-com-chuvas-frequentes-em-aracaju.webp\",\"contentUrl\":\"https:\/\/www.encontraaracaju.com.br\/sobre\/wp-content\/uploads\/2026\/04\/previsao-indica-semana-com-chuvas-frequentes-em-aracaju.webp\",\"width\":280,\"height\":280,\"caption\":\"chuvas frequentes em Aracaju\"},{\"@type\":\"BreadcrumbList\",\"@id\":\"https:\/\/www.encontraaracaju.com.br\/sobre\/previsao-indica-semana-com-chuvas-frequentes-em-aracaju\/#breadcrumb\",\"itemListElement\":[{\"@type\":\"ListItem\",\"position\":1,\"name\":\"In\u00edcio\",\"item\":\"https:\/\/www.encontraaracaju.com.br\/sobre\/\"},{\"@type\":\"ListItem\",\"position\":2,\"name\":\"Previs\u00e3o indica semana com chuvas frequentes em Aracaju\"}]},{\"@type\":\"WebSite\",\"@id\":\"https:\/\/www.encontraaracaju.com.br\/sobre\/#website\",\"url\":\"https:\/\/www.encontraaracaju.com.br\/sobre\/\",\"name\":\"Encontra Aracaju\",\"description\":\"Not\u00edcias, eventos, informa\u00e7\u00f5es e dicas na cidade Aracaju e regi\u00e3o.\",\"potentialAction\":[{\"@type\":\"SearchAction\",\"target\":{\"@type\":\"EntryPoint\",\"urlTemplate\":\"https:\/\/www.encontraaracaju.com.br\/sobre\/?s={search_term_string}\"},\"query-input\":{\"@type\":\"PropertyValueSpecification\",\"valueRequired\":true,\"valueName\":\"search_term_string\"}}],\"inLanguage\":\"pt-BR\"},{\"@type\":\"Person\",\"@id\":\"https:\/\/www.encontraaracaju.com.br\/sobre\/#\/schema\/person\/4ffad47e9e50db5f93e67859b297b0be\",\"name\":\"Encontra Aracaju\",\"image\":{\"@type\":\"ImageObject\",\"inLanguage\":\"pt-BR\",\"@id\":\"https:\/\/www.encontraaracaju.com.br\/sobre\/#\/schema\/person\/image\/\",\"url\":\"https:\/\/secure.gravatar.com\/avatar\/507340682b8270222e1f208e23198b6ae7e2c6a1033ae84e99bc6bce4f82a387?s=96&d=mm&r=g\",\"contentUrl\":\"https:\/\/secure.gravatar.com\/avatar\/507340682b8270222e1f208e23198b6ae7e2c6a1033ae84e99bc6bce4f82a387?s=96&d=mm&r=g\",\"caption\":\"Encontra Aracaju\"},\"sameAs\":[\"http:\/\/www.encontraaracaju.com.br\"]}]}<\/script>\n<!-- \/ Yoast SEO plugin. -->","yoast_head_json":{"title":"Previs\u00e3o indica semana com chuvas frequentes em Aracaju - Encontra Aracaju","robots":{"index":"index","follow":"follow","max-snippet":"max-snippet:-1","max-image-preview":"max-image-preview:large","max-video-preview":"max-video-preview:-1"},"canonical":"https:\/\/www.encontraaracaju.com.br\/sobre\/previsao-indica-semana-com-chuvas-frequentes-em-aracaju\/","og_locale":"pt_BR","og_type":"article","og_title":"Previs\u00e3o indica semana com chuvas frequentes em Aracaju - Encontra Aracaju","og_description":"Aracaju ter\u00e1 chuvas frequentes e temperaturas elevadas esta semana.","og_url":"https:\/\/www.encontraaracaju.com.br\/sobre\/previsao-indica-semana-com-chuvas-frequentes-em-aracaju\/","og_site_name":"Encontra Aracaju","article_published_time":"2026-04-28T17:06:47+00:00","og_image":[{"url":"https:\/\/www.encontraaracaju.com.br\/sobre\/wp-content\/uploads\/2026\/04\/previsao-indica-semana-com-chuvas-frequentes-em-aracaju.webp","type":"","width":"","height":""}],"author":"Encontra Aracaju","twitter_card":"summary_large_image","twitter_misc":{"Escrito por":"Encontra Aracaju","Est. tempo de leitura":"4 minutos"},"schema":{"@context":"https:\/\/schema.org","@graph":[{"@type":"WebPage","@id":"https:\/\/www.encontraaracaju.com.br\/sobre\/previsao-indica-semana-com-chuvas-frequentes-em-aracaju\/","url":"https:\/\/www.encontraaracaju.com.br\/sobre\/previsao-indica-semana-com-chuvas-frequentes-em-aracaju\/","name":"Previs\u00e3o indica semana com chuvas frequentes em Aracaju - Encontra Aracaju","isPartOf":{"@id":"https:\/\/www.encontraaracaju.com.br\/sobre\/#website"},"primaryImageOfPage":{"@id":"https:\/\/www.encontraaracaju.com.br\/sobre\/previsao-indica-semana-com-chuvas-frequentes-em-aracaju\/#primaryimage"},"image":{"@id":"https:\/\/www.encontraaracaju.com.br\/sobre\/previsao-indica-semana-com-chuvas-frequentes-em-aracaju\/#primaryimage"},"thumbnailUrl":"https:\/\/www.encontraaracaju.com.br\/sobre\/wp-content\/uploads\/2026\/04\/previsao-indica-semana-com-chuvas-frequentes-em-aracaju.webp","datePublished":"2026-04-28T17:06:47+00:00","author":{"@id":"https:\/\/www.encontraaracaju.com.br\/sobre\/#\/schema\/person\/4ffad47e9e50db5f93e67859b297b0be"},"breadcrumb":{"@id":"https:\/\/www.encontraaracaju.com.br\/sobre\/previsao-indica-semana-com-chuvas-frequentes-em-aracaju\/#breadcrumb"},"inLanguage":"pt-BR","potentialAction":[{"@type":"ReadAction","target":["https:\/\/www.encontraaracaju.com.br\/sobre\/previsao-indica-semana-com-chuvas-frequentes-em-aracaju\/"]}]},{"@type":"ImageObject","inLanguage":"pt-BR","@id":"https:\/\/www.encontraaracaju.com.br\/sobre\/previsao-indica-semana-com-chuvas-frequentes-em-aracaju\/#primaryimage","url":"https:\/\/www.encontraaracaju.com.br\/sobre\/wp-content\/uploads\/2026\/04\/previsao-indica-semana-com-chuvas-frequentes-em-aracaju.webp","contentUrl":"https:\/\/www.encontraaracaju.com.br\/sobre\/wp-content\/uploads\/2026\/04\/previsao-indica-semana-com-chuvas-frequentes-em-aracaju.webp","width":280,"height":280,"caption":"chuvas frequentes em Aracaju"},{"@type":"BreadcrumbList","@id":"https:\/\/www.encontraaracaju.com.br\/sobre\/previsao-indica-semana-com-chuvas-frequentes-em-aracaju\/#breadcrumb","itemListElement":[{"@type":"ListItem","position":1,"name":"In\u00edcio","item":"https:\/\/www.encontraaracaju.com.br\/sobre\/"},{"@type":"ListItem","position":2,"name":"Previs\u00e3o indica semana com chuvas frequentes em Aracaju"}]},{"@type":"WebSite","@id":"https:\/\/www.encontraaracaju.com.br\/sobre\/#website","url":"https:\/\/www.encontraaracaju.com.br\/sobre\/","name":"Encontra Aracaju","description":"Not\u00edcias, eventos, informa\u00e7\u00f5es e dicas na cidade Aracaju e regi\u00e3o.","potentialAction":[{"@type":"SearchAction","target":{"@type":"EntryPoint","urlTemplate":"https:\/\/www.encontraaracaju.com.br\/sobre\/?s={search_term_string}"},"query-input":{"@type":"PropertyValueSpecification","valueRequired":true,"valueName":"search_term_string"}}],"inLanguage":"pt-BR"},{"@type":"Person","@id":"https:\/\/www.encontraaracaju.com.br\/sobre\/#\/schema\/person\/4ffad47e9e50db5f93e67859b297b0be","name":"Encontra Aracaju","image":{"@type":"ImageObject","inLanguage":"pt-BR","@id":"https:\/\/www.encontraaracaju.com.br\/sobre\/#\/schema\/person\/image\/","url":"https:\/\/secure.gravatar.com\/avatar\/507340682b8270222e1f208e23198b6ae7e2c6a1033ae84e99bc6bce4f82a387?s=96&d=mm&r=g","contentUrl":"https:\/\/secure.gravatar.com\/avatar\/507340682b8270222e1f208e23198b6ae7e2c6a1033ae84e99bc6bce4f82a387?s=96&d=mm&r=g","caption":"Encontra Aracaju"},"sameAs":["http:\/\/www.encontraaracaju.com.br"]}]}},"_links":{"self":[{"href":"https:\/\/www.encontraaracaju.com.br\/sobre\/wp-json\/wp\/v2\/posts\/1858","targetHints":{"allow":["GET"]}}],"collection":[{"href":"https:\/\/www.encontraaracaju.com.br\/sobre\/wp-json\/wp\/v2\/posts"}],"about":[{"href":"https:\/\/www.encontraaracaju.com.br\/sobre\/wp-json\/wp\/v2\/types\/post"}],"author":[{"embeddable":true,"href":"https:\/\/www.encontraaracaju.com.br\/sobre\/wp-json\/wp\/v2\/users\/1"}],"replies":[{"embeddable":true,"href":"https:\/\/www.encontraaracaju.com.br\/sobre\/wp-json\/wp\/v2\/comments?post=1858"}],"version-history":[{"count":0,"href":"https:\/\/www.encontraaracaju.com.br\/sobre\/wp-json\/wp\/v2\/posts\/1858\/revisions"}],"wp:featuredmedia":[{"embeddable":true,"href":"https:\/\/www.encontraaracaju.com.br\/sobre\/wp-json\/wp\/v2\/media\/1857"}],"wp:attachment":[{"href":"https:\/\/www.encontraaracaju.com.br\/sobre\/wp-json\/wp\/v2\/media?parent=1858"}],"wp:term":[{"taxonomy":"category","embeddable":true,"href":"https:\/\/www.encontraaracaju.com.br\/sobre\/wp-json\/wp\/v2\/categories?post=1858"},{"taxonomy":"post_tag","embeddable":true,"href":"https:\/\/www.encontraaracaju.com.br\/sobre\/wp-json\/wp\/v2\/tags?post=1858"}],"curies":[{"name":"wp","href":"https:\/\/api.w.org\/{rel}","templated":true}]}}