{"id":1852,"date":"2026-04-27T14:20:02","date_gmt":"2026-04-27T17:20:02","guid":{"rendered":"https:\/\/www.encontraaracaju.com.br\/sobre\/defesa-civil-de-aracaju-reforca-orientacoes-para-o-periodo-chuvoso\/"},"modified":"2026-04-27T14:20:02","modified_gmt":"2026-04-27T17:20:02","slug":"defesa-civil-de-aracaju-reforca-orientacoes-para-o-periodo-chuvoso","status":"publish","type":"post","link":"https:\/\/www.encontraaracaju.com.br\/sobre\/defesa-civil-de-aracaju-reforca-orientacoes-para-o-periodo-chuvoso\/","title":{"rendered":"Defesa Civil de Aracaju refor\u00e7a orienta\u00e7\u00f5es para o per\u00edodo chuvoso"},"content":{"rendered":"<div class=\"0de350683d360aa04277a39db0bae410\" data-index=\"1\" style=\"float: none; margin:0px;\">\n<!-- Anuncio display - global -->\r\n<ins class=\"adsbygoogle\"\r\n     style=\"display:block\"\r\n     data-ad-client=\"ca-pub-8585364105181520\"\r\n     data-ad-slot=\"8789329856\"\r\n     data-ad-format=\"auto\"\r\n     data-full-width-responsive=\"true\"><\/ins>\r\n<script>\r\n     (adsbygoogle = window.adsbygoogle || []).push({});\r\n<\/script>\n<\/div>\n<h2>Prepara\u00e7\u00e3o para o Per\u00edodo Chuvoso<\/h2>\n<p>A Defesa Civil de Aracaju, vinculada \u00e0 Secretaria Municipal de Infraestrutura (Seminfra), permanece vigilante em rela\u00e7\u00e3o \u00e0s condi\u00e7\u00f5es clim\u00e1ticas e promove orienta\u00e7\u00f5es \u00e0 popula\u00e7\u00e3o para garantir uma passagem segura pelo per\u00edodo de chuvas. A esta\u00e7\u00e3o chuvosa tradicionalmente se estender\u00e1 at\u00e9 julho, e a prepara\u00e7\u00e3o \u00e9 fundamental para minimizar os riscos associados.<\/p>\n<h2>Orienta\u00e7\u00f5es da Defesa Civil<\/h2>\n<p>Desde setembro do ano anterior, diversas a\u00e7\u00f5es preventivas est\u00e3o em curso, incluindo a limpeza de canais e a vigil\u00e2ncia em \u00e1reas suscet\u00edveis a desastres. Em um esfor\u00e7o para educar a popula\u00e7\u00e3o, a Defesa Civil tem realizado visitas a comunidades, como no bairro Cidade Nova, na Zona Norte, onde foram dadas orienta\u00e7\u00f5es sobre comportamentos adequados durante as chuvas.<\/p>\n<p>Val\u00e9ria Bispo, engenheira e coordenadora geral da Defesa Civil, destacou a import\u00e2ncia das informa\u00e7\u00f5es disseminadas. &#8220;Nossos profissionais instruem sobre como agir em situa\u00e7\u00f5es de chuvas intensas, raios, alagamentos e deslizamentos&#8221;, afirmou.<\/p>\n<p><img decoding=\"async\" src=\"https:\/\/www.encontraaracaju.com.br\/sobre\/wp-content\/uploads\/2026\/04\/defesa-civil-de-aracaju-reforca-orientacoes-para-o-periodo-chuvoso.webp\" alt=\"Defesa Civil de Aracaju\" loading=\"lazy\" \/><\/p>\n<h2>Como Identificar \u00c1reas de Risco<\/h2>\n<p>Identificar \u00e1reas de risco \u00e9 crucial para a seguran\u00e7a. Os cidad\u00e3os devem ficar atentos a sinais como:  <\/p>\n<ul>\n<li>Rachaduras nas paredes de casas.<\/li>\n<li>Inclinamento de \u00e1rvores e postes.<\/li>\n<li>Inunda\u00e7\u00f5es recorrentes em determinadas regi\u00f5es.<\/li>\n<li>Altera\u00e7\u00f5es na forma como a \u00e1gua escoa, indicando obstru\u00e7\u00f5es.<\/li>\n<\/ul>\n<h2>A Import\u00e2ncia da Limpeza de Canais<\/h2>\n<p>A manuten\u00e7\u00e3o dos canais \u00e9 uma tarefa essencial realizada pela Defesa Civil. A limpeza regular dos canais reduz o risco de alagamentos e assegura que a \u00e1gua flua adequadamente durante as chuvas. A popula\u00e7\u00e3o deve colaborar, evitando jogar lixo nos canais e mantendo as margens limpas.<\/p>\n<h2>A\u00e7\u00f5es Preventivas em Aracaju<\/h2>\n<p>As a\u00e7\u00f5es da Defesa Civil visam prevenir situa\u00e7\u00f5es de emerg\u00eancia. Algumas das iniciativas incluem:<\/p>\n<ul>\n<li>Limpeza e desobstru\u00e7\u00e3o de canais de drenagem.<\/li>\n<li>Monitoramento frequente de \u00e1reas vulner\u00e1veis.<\/li>\n<li>Campanhas educativas dirigidas \u00e0 comunidade sobre como se proteger.<\/li>\n<\/ul>\n<h2>O que Fazer Durante as Chuvas<\/h2>\n<p>Durante per\u00edodos de chuvas intensas, \u00e9 vital seguir algumas orienta\u00e7\u00f5es para garantir a prote\u00e7\u00e3o pessoal e dos outros:<\/p>\n<ul>\n<li>Evitar transitar por regi\u00f5es alagadas.<\/li>\n<li>Manter dist\u00e2ncia de fia\u00e7\u00f5es el\u00e9tricas e \u00e1gua.<\/li>\n<li>Se a \u00e1gua subir rapidamente, procure um local seguro e elevado.<\/li>\n<\/ul>\n<h2>Cadastro no Sistema de Alerta<\/h2>\n<p>Os cidad\u00e3os s\u00e3o incentivados a se registrar no Sistema de Alerta da Defesa Civil. Para isso, basta enviar uma mensagem SMS com o CEP residencial para o n\u00famero 40199. Este servi\u00e7o \u00e9 fundamental para que a popula\u00e7\u00e3o receba informa\u00e7\u00f5es em tempo real sobre chuvas fortes, ventanias e outras eventualidades.<\/p>\n<h2>Contato em Situa\u00e7\u00f5es de Emerg\u00eancia<\/h2>\n<p>Em casos de emerg\u00eancias, como risco de deslizamento ou alagamentos, a Defesa Civil solicita que a popula\u00e7\u00e3o entre em contato pelo n\u00famero 199. \u00c9 crucial que as pessoas n\u00e3o hesitem em reportar situa\u00e7\u00f5es de risco para obter a assist\u00eancia necess\u00e1ria.<\/p>\n<h2>Recomenda\u00e7\u00f5es para a Popula\u00e7\u00e3o<\/h2>\n<p>Algumas recomenda\u00e7\u00f5es adicionais incluem:<\/p>\n<ul>\n<li>Mantenha o lixo corretamente acondicionado para evitar entupimentos de bueiros.<\/li>\n<li>Observe e relate qualquer altera\u00e7\u00e3o estrutural em edifica\u00e7\u00f5es ou na vizinhan\u00e7a.<\/li>\n<li>Participe das a\u00e7\u00f5es educativas promovidas pela Defesa Civil.<\/li>\n<\/ul>\n<h2>Como Manter a Seguran\u00e7a em Casa<\/h2>\n<p>Para assegurar a seguran\u00e7a domiciliar durante o per\u00edodo chuvoso, as seguintes a\u00e7\u00f5es s\u00e3o sugeridas:<\/p>\n<ul>\n<li>Verifique regularmente a estrutura da casa, especialmente telhados e calhas.<\/li>\n<li>Ajuste o armazenamento de m\u00f3veis ou pertences em \u00e1reas suscet\u00edveis a alagamento.<\/li>\n<li>Tenha sempre uma lanterna e um kit de emerg\u00eancia \u00e0 m\u00e3o, para imprevistos.<\/li>\n<\/ul>\n<p>Manter-se informado e preparado pode fazer toda a diferen\u00e7a para a seguran\u00e7a de todos. As a\u00e7\u00f5es proativas e a comunica\u00e7\u00e3o efetiva s\u00e3o fundamentais para enfrentar os desafios que o clima chuvoso pode trazer. A Defesa Civil de Aracaju est\u00e1 trabalhando para proteger a vida e os bens da popula\u00e7\u00e3o, e a colabora\u00e7\u00e3o de todos \u00e9 essencial.<\/p>\n\n<div style=\"font-size: 0px; height: 0px; line-height: 0px; margin: 0; padding: 0; clear: both;\"><\/div>","protected":false},"excerpt":{"rendered":"<p>Defesa Civil de Aracaju alerta sobre riscos durante o per\u00edodo chuvoso.<\/p>\n","protected":false},"author":1,"featured_media":1851,"comment_status":"closed","ping_status":"closed","sticky":false,"template":"","format":"standard","meta":{"footnotes":""},"categories":[1],"tags":[],"class_list":["post-1852","post","type-post","status-publish","format-standard","has-post-thumbnail","hentry","category-noticias-em-aracaju","has_thumb"],"yoast_head":"<!-- This site is optimized with the Yoast SEO plugin v26.4 - https:\/\/yoast.com\/wordpress\/plugins\/seo\/ -->\n<title>Defesa Civil de Aracaju refor\u00e7a orienta\u00e7\u00f5es para o per\u00edodo chuvoso - Encontra Aracaju<\/title>\n<meta name=\"robots\" content=\"index, follow, max-snippet:-1, max-image-preview:large, max-video-preview:-1\" \/>\n<link rel=\"canonical\" href=\"https:\/\/www.encontraaracaju.com.br\/sobre\/defesa-civil-de-aracaju-reforca-orientacoes-para-o-periodo-chuvoso\/\" \/>\n<meta property=\"og:locale\" content=\"pt_BR\" \/>\n<meta property=\"og:type\" content=\"article\" \/>\n<meta property=\"og:title\" content=\"Defesa Civil de Aracaju refor\u00e7a orienta\u00e7\u00f5es para o per\u00edodo chuvoso - Encontra Aracaju\" \/>\n<meta property=\"og:description\" content=\"Defesa Civil de Aracaju alerta sobre riscos durante o per\u00edodo chuvoso.\" \/>\n<meta property=\"og:url\" content=\"https:\/\/www.encontraaracaju.com.br\/sobre\/defesa-civil-de-aracaju-reforca-orientacoes-para-o-periodo-chuvoso\/\" \/>\n<meta property=\"og:site_name\" content=\"Encontra Aracaju\" \/>\n<meta property=\"article:published_time\" content=\"2026-04-27T17:20:02+00:00\" \/>\n<meta property=\"og:image\" content=\"https:\/\/www.encontraaracaju.com.br\/sobre\/wp-content\/uploads\/2026\/04\/defesa-civil-de-aracaju-reforca-orientacoes-para-o-periodo-chuvoso.webp\" \/>\n<meta name=\"author\" content=\"Encontra Aracaju\" \/>\n<meta name=\"twitter:card\" content=\"summary_large_image\" \/>\n<meta name=\"twitter:label1\" content=\"Escrito por\" \/>\n\t<meta name=\"twitter:data1\" content=\"Encontra Aracaju\" \/>\n\t<meta name=\"twitter:label2\" content=\"Est. tempo de leitura\" \/>\n\t<meta name=\"twitter:data2\" content=\"3 minutos\" \/>\n<script type=\"application\/ld+json\" class=\"yoast-schema-graph\">{\"@context\":\"https:\/\/schema.org\",\"@graph\":[{\"@type\":\"WebPage\",\"@id\":\"https:\/\/www.encontraaracaju.com.br\/sobre\/defesa-civil-de-aracaju-reforca-orientacoes-para-o-periodo-chuvoso\/\",\"url\":\"https:\/\/www.encontraaracaju.com.br\/sobre\/defesa-civil-de-aracaju-reforca-orientacoes-para-o-periodo-chuvoso\/\",\"name\":\"Defesa Civil de Aracaju refor\u00e7a orienta\u00e7\u00f5es para o per\u00edodo chuvoso - Encontra Aracaju\",\"isPartOf\":{\"@id\":\"https:\/\/www.encontraaracaju.com.br\/sobre\/#website\"},\"primaryImageOfPage\":{\"@id\":\"https:\/\/www.encontraaracaju.com.br\/sobre\/defesa-civil-de-aracaju-reforca-orientacoes-para-o-periodo-chuvoso\/#primaryimage\"},\"image\":{\"@id\":\"https:\/\/www.encontraaracaju.com.br\/sobre\/defesa-civil-de-aracaju-reforca-orientacoes-para-o-periodo-chuvoso\/#primaryimage\"},\"thumbnailUrl\":\"https:\/\/www.encontraaracaju.com.br\/sobre\/wp-content\/uploads\/2026\/04\/defesa-civil-de-aracaju-reforca-orientacoes-para-o-periodo-chuvoso.webp\",\"datePublished\":\"2026-04-27T17:20:02+00:00\",\"author\":{\"@id\":\"https:\/\/www.encontraaracaju.com.br\/sobre\/#\/schema\/person\/4ffad47e9e50db5f93e67859b297b0be\"},\"breadcrumb\":{\"@id\":\"https:\/\/www.encontraaracaju.com.br\/sobre\/defesa-civil-de-aracaju-reforca-orientacoes-para-o-periodo-chuvoso\/#breadcrumb\"},\"inLanguage\":\"pt-BR\",\"potentialAction\":[{\"@type\":\"ReadAction\",\"target\":[\"https:\/\/www.encontraaracaju.com.br\/sobre\/defesa-civil-de-aracaju-reforca-orientacoes-para-o-periodo-chuvoso\/\"]}]},{\"@type\":\"ImageObject\",\"inLanguage\":\"pt-BR\",\"@id\":\"https:\/\/www.encontraaracaju.com.br\/sobre\/defesa-civil-de-aracaju-reforca-orientacoes-para-o-periodo-chuvoso\/#primaryimage\",\"url\":\"https:\/\/www.encontraaracaju.com.br\/sobre\/wp-content\/uploads\/2026\/04\/defesa-civil-de-aracaju-reforca-orientacoes-para-o-periodo-chuvoso.webp\",\"contentUrl\":\"https:\/\/www.encontraaracaju.com.br\/sobre\/wp-content\/uploads\/2026\/04\/defesa-civil-de-aracaju-reforca-orientacoes-para-o-periodo-chuvoso.webp\",\"width\":280,\"height\":280,\"caption\":\"Defesa Civil de Aracaju\"},{\"@type\":\"BreadcrumbList\",\"@id\":\"https:\/\/www.encontraaracaju.com.br\/sobre\/defesa-civil-de-aracaju-reforca-orientacoes-para-o-periodo-chuvoso\/#breadcrumb\",\"itemListElement\":[{\"@type\":\"ListItem\",\"position\":1,\"name\":\"In\u00edcio\",\"item\":\"https:\/\/www.encontraaracaju.com.br\/sobre\/\"},{\"@type\":\"ListItem\",\"position\":2,\"name\":\"Defesa Civil de Aracaju refor\u00e7a orienta\u00e7\u00f5es para o per\u00edodo chuvoso\"}]},{\"@type\":\"WebSite\",\"@id\":\"https:\/\/www.encontraaracaju.com.br\/sobre\/#website\",\"url\":\"https:\/\/www.encontraaracaju.com.br\/sobre\/\",\"name\":\"Encontra Aracaju\",\"description\":\"Not\u00edcias, eventos, informa\u00e7\u00f5es e dicas na cidade Aracaju e regi\u00e3o.\",\"potentialAction\":[{\"@type\":\"SearchAction\",\"target\":{\"@type\":\"EntryPoint\",\"urlTemplate\":\"https:\/\/www.encontraaracaju.com.br\/sobre\/?s={search_term_string}\"},\"query-input\":{\"@type\":\"PropertyValueSpecification\",\"valueRequired\":true,\"valueName\":\"search_term_string\"}}],\"inLanguage\":\"pt-BR\"},{\"@type\":\"Person\",\"@id\":\"https:\/\/www.encontraaracaju.com.br\/sobre\/#\/schema\/person\/4ffad47e9e50db5f93e67859b297b0be\",\"name\":\"Encontra Aracaju\",\"image\":{\"@type\":\"ImageObject\",\"inLanguage\":\"pt-BR\",\"@id\":\"https:\/\/www.encontraaracaju.com.br\/sobre\/#\/schema\/person\/image\/\",\"url\":\"https:\/\/secure.gravatar.com\/avatar\/507340682b8270222e1f208e23198b6ae7e2c6a1033ae84e99bc6bce4f82a387?s=96&d=mm&r=g\",\"contentUrl\":\"https:\/\/secure.gravatar.com\/avatar\/507340682b8270222e1f208e23198b6ae7e2c6a1033ae84e99bc6bce4f82a387?s=96&d=mm&r=g\",\"caption\":\"Encontra Aracaju\"},\"sameAs\":[\"http:\/\/www.encontraaracaju.com.br\"]}]}<\/script>\n<!-- \/ Yoast SEO plugin. -->","yoast_head_json":{"title":"Defesa Civil de Aracaju refor\u00e7a orienta\u00e7\u00f5es para o per\u00edodo chuvoso - Encontra Aracaju","robots":{"index":"index","follow":"follow","max-snippet":"max-snippet:-1","max-image-preview":"max-image-preview:large","max-video-preview":"max-video-preview:-1"},"canonical":"https:\/\/www.encontraaracaju.com.br\/sobre\/defesa-civil-de-aracaju-reforca-orientacoes-para-o-periodo-chuvoso\/","og_locale":"pt_BR","og_type":"article","og_title":"Defesa Civil de Aracaju refor\u00e7a orienta\u00e7\u00f5es para o per\u00edodo chuvoso - Encontra Aracaju","og_description":"Defesa Civil de Aracaju alerta sobre riscos durante o per\u00edodo chuvoso.","og_url":"https:\/\/www.encontraaracaju.com.br\/sobre\/defesa-civil-de-aracaju-reforca-orientacoes-para-o-periodo-chuvoso\/","og_site_name":"Encontra Aracaju","article_published_time":"2026-04-27T17:20:02+00:00","og_image":[{"url":"https:\/\/www.encontraaracaju.com.br\/sobre\/wp-content\/uploads\/2026\/04\/defesa-civil-de-aracaju-reforca-orientacoes-para-o-periodo-chuvoso.webp","type":"","width":"","height":""}],"author":"Encontra Aracaju","twitter_card":"summary_large_image","twitter_misc":{"Escrito por":"Encontra Aracaju","Est. tempo de leitura":"3 minutos"},"schema":{"@context":"https:\/\/schema.org","@graph":[{"@type":"WebPage","@id":"https:\/\/www.encontraaracaju.com.br\/sobre\/defesa-civil-de-aracaju-reforca-orientacoes-para-o-periodo-chuvoso\/","url":"https:\/\/www.encontraaracaju.com.br\/sobre\/defesa-civil-de-aracaju-reforca-orientacoes-para-o-periodo-chuvoso\/","name":"Defesa Civil de Aracaju refor\u00e7a orienta\u00e7\u00f5es para o per\u00edodo chuvoso - Encontra Aracaju","isPartOf":{"@id":"https:\/\/www.encontraaracaju.com.br\/sobre\/#website"},"primaryImageOfPage":{"@id":"https:\/\/www.encontraaracaju.com.br\/sobre\/defesa-civil-de-aracaju-reforca-orientacoes-para-o-periodo-chuvoso\/#primaryimage"},"image":{"@id":"https:\/\/www.encontraaracaju.com.br\/sobre\/defesa-civil-de-aracaju-reforca-orientacoes-para-o-periodo-chuvoso\/#primaryimage"},"thumbnailUrl":"https:\/\/www.encontraaracaju.com.br\/sobre\/wp-content\/uploads\/2026\/04\/defesa-civil-de-aracaju-reforca-orientacoes-para-o-periodo-chuvoso.webp","datePublished":"2026-04-27T17:20:02+00:00","author":{"@id":"https:\/\/www.encontraaracaju.com.br\/sobre\/#\/schema\/person\/4ffad47e9e50db5f93e67859b297b0be"},"breadcrumb":{"@id":"https:\/\/www.encontraaracaju.com.br\/sobre\/defesa-civil-de-aracaju-reforca-orientacoes-para-o-periodo-chuvoso\/#breadcrumb"},"inLanguage":"pt-BR","potentialAction":[{"@type":"ReadAction","target":["https:\/\/www.encontraaracaju.com.br\/sobre\/defesa-civil-de-aracaju-reforca-orientacoes-para-o-periodo-chuvoso\/"]}]},{"@type":"ImageObject","inLanguage":"pt-BR","@id":"https:\/\/www.encontraaracaju.com.br\/sobre\/defesa-civil-de-aracaju-reforca-orientacoes-para-o-periodo-chuvoso\/#primaryimage","url":"https:\/\/www.encontraaracaju.com.br\/sobre\/wp-content\/uploads\/2026\/04\/defesa-civil-de-aracaju-reforca-orientacoes-para-o-periodo-chuvoso.webp","contentUrl":"https:\/\/www.encontraaracaju.com.br\/sobre\/wp-content\/uploads\/2026\/04\/defesa-civil-de-aracaju-reforca-orientacoes-para-o-periodo-chuvoso.webp","width":280,"height":280,"caption":"Defesa Civil de Aracaju"},{"@type":"BreadcrumbList","@id":"https:\/\/www.encontraaracaju.com.br\/sobre\/defesa-civil-de-aracaju-reforca-orientacoes-para-o-periodo-chuvoso\/#breadcrumb","itemListElement":[{"@type":"ListItem","position":1,"name":"In\u00edcio","item":"https:\/\/www.encontraaracaju.com.br\/sobre\/"},{"@type":"ListItem","position":2,"name":"Defesa Civil de Aracaju refor\u00e7a orienta\u00e7\u00f5es para o per\u00edodo chuvoso"}]},{"@type":"WebSite","@id":"https:\/\/www.encontraaracaju.com.br\/sobre\/#website","url":"https:\/\/www.encontraaracaju.com.br\/sobre\/","name":"Encontra Aracaju","description":"Not\u00edcias, eventos, informa\u00e7\u00f5es e dicas na cidade Aracaju e regi\u00e3o.","potentialAction":[{"@type":"SearchAction","target":{"@type":"EntryPoint","urlTemplate":"https:\/\/www.encontraaracaju.com.br\/sobre\/?s={search_term_string}"},"query-input":{"@type":"PropertyValueSpecification","valueRequired":true,"valueName":"search_term_string"}}],"inLanguage":"pt-BR"},{"@type":"Person","@id":"https:\/\/www.encontraaracaju.com.br\/sobre\/#\/schema\/person\/4ffad47e9e50db5f93e67859b297b0be","name":"Encontra Aracaju","image":{"@type":"ImageObject","inLanguage":"pt-BR","@id":"https:\/\/www.encontraaracaju.com.br\/sobre\/#\/schema\/person\/image\/","url":"https:\/\/secure.gravatar.com\/avatar\/507340682b8270222e1f208e23198b6ae7e2c6a1033ae84e99bc6bce4f82a387?s=96&d=mm&r=g","contentUrl":"https:\/\/secure.gravatar.com\/avatar\/507340682b8270222e1f208e23198b6ae7e2c6a1033ae84e99bc6bce4f82a387?s=96&d=mm&r=g","caption":"Encontra Aracaju"},"sameAs":["http:\/\/www.encontraaracaju.com.br"]}]}},"_links":{"self":[{"href":"https:\/\/www.encontraaracaju.com.br\/sobre\/wp-json\/wp\/v2\/posts\/1852","targetHints":{"allow":["GET"]}}],"collection":[{"href":"https:\/\/www.encontraaracaju.com.br\/sobre\/wp-json\/wp\/v2\/posts"}],"about":[{"href":"https:\/\/www.encontraaracaju.com.br\/sobre\/wp-json\/wp\/v2\/types\/post"}],"author":[{"embeddable":true,"href":"https:\/\/www.encontraaracaju.com.br\/sobre\/wp-json\/wp\/v2\/users\/1"}],"replies":[{"embeddable":true,"href":"https:\/\/www.encontraaracaju.com.br\/sobre\/wp-json\/wp\/v2\/comments?post=1852"}],"version-history":[{"count":0,"href":"https:\/\/www.encontraaracaju.com.br\/sobre\/wp-json\/wp\/v2\/posts\/1852\/revisions"}],"wp:featuredmedia":[{"embeddable":true,"href":"https:\/\/www.encontraaracaju.com.br\/sobre\/wp-json\/wp\/v2\/media\/1851"}],"wp:attachment":[{"href":"https:\/\/www.encontraaracaju.com.br\/sobre\/wp-json\/wp\/v2\/media?parent=1852"}],"wp:term":[{"taxonomy":"category","embeddable":true,"href":"https:\/\/www.encontraaracaju.com.br\/sobre\/wp-json\/wp\/v2\/categories?post=1852"},{"taxonomy":"post_tag","embeddable":true,"href":"https:\/\/www.encontraaracaju.com.br\/sobre\/wp-json\/wp\/v2\/tags?post=1852"}],"curies":[{"name":"wp","href":"https:\/\/api.w.org\/{rel}","templated":true}]}}