{"id":1846,"date":"2026-04-26T14:46:43","date_gmt":"2026-04-26T17:46:43","guid":{"rendered":"https:\/\/www.encontraaracaju.com.br\/sobre\/secretaria-da-assistencia-social-fortalece-protecao-social-na-7a-edicao-do-tamo-junto-em-aracaju\/"},"modified":"2026-04-26T14:46:43","modified_gmt":"2026-04-26T17:46:43","slug":"secretaria-da-assistencia-social-fortalece-protecao-social-na-7a-edicao-do-tamo-junto-em-aracaju","status":"publish","type":"post","link":"https:\/\/www.encontraaracaju.com.br\/sobre\/secretaria-da-assistencia-social-fortalece-protecao-social-na-7a-edicao-do-tamo-junto-em-aracaju\/","title":{"rendered":"Secretaria da Assist\u00eancia Social fortalece prote\u00e7\u00e3o social na 7\u00aa edi\u00e7\u00e3o do Tamo Junto em Aracaju"},"content":{"rendered":"<div class=\"0de350683d360aa04277a39db0bae410\" data-index=\"1\" style=\"float: none; margin:0px;\">\n<!-- Anuncio display - global -->\r\n<ins class=\"adsbygoogle\"\r\n     style=\"display:block\"\r\n     data-ad-client=\"ca-pub-8585364105181520\"\r\n     data-ad-slot=\"8789329856\"\r\n     data-ad-format=\"auto\"\r\n     data-full-width-responsive=\"true\"><\/ins>\r\n<script>\r\n     (adsbygoogle = window.adsbygoogle || []).push({});\r\n<\/script>\n<\/div>\n<h2>O que \u00e9 o Tamo Junto?<\/h2>\n<p>O Tamo Junto \u00e9 uma iniciativa promovida pela Prefeitura de Aracaju, que visa oferecer uma gama de servi\u00e7os e apoio \u00e0s popula\u00e7\u00f5es em situa\u00e7\u00e3o de vulnerabilidade social. Essa a\u00e7\u00e3o, organizada pela Secretaria Municipal da Fam\u00edlia e da Assist\u00eancia Social (Semfas), busca integrar e facilitar o acesso a servi\u00e7os socioassistenciais em um ambiente acolhedor e acess\u00edvel.<\/p>\n<h2>Servi\u00e7os Oferecidos no Mutir\u00e3o<\/h2>\n<p>Durante a s\u00e9tima edi\u00e7\u00e3o do Tamo Junto, realizada em Aracaju, uma variedade de servi\u00e7os estar\u00e1 dispon\u00edvel, incluindo:<\/p>\n<ul>\n<li><strong>Emiss\u00e3o da Carteira de Identifica\u00e7\u00e3o da Pessoa com Transtorno do Espectro Autista (CIPTEA):<\/strong> Um documento importante que ajuda a proporcionar acesso a benef\u00edcios e servi\u00e7os especializados.<\/li>\n<li><strong>Atualiza\u00e7\u00e3o do Cadastro \u00danico:<\/strong> Esta ferramenta \u00e9 fundamental para identificar e integrar fam\u00edlias em situa\u00e7\u00e3o de vulnerabilidade a programas sociais.<\/li>\n<li><strong>Orienta\u00e7\u00f5es sobre benef\u00edcios eventuais:<\/strong> Informa\u00e7\u00f5es claras sobre como acessar recursos financeiros e assistenciais tempor\u00e1rios.<\/li>\n<li><strong>Atendimentos do Servi\u00e7o de Prote\u00e7\u00e3o e Atendimento Integral \u00e0 Fam\u00edlia (PAIF):<\/strong> Servi\u00e7os dedicados ao fortalecimento das rela\u00e7\u00f5es familiares e promo\u00e7\u00e3o do bem-estar social.<\/li>\n<li><strong>Servi\u00e7o de Prote\u00e7\u00e3o e Atendimento Especializado a Fam\u00edlias e Indiv\u00edduos (PAEF):<\/strong> Focado em analisar e atuar em casos de viola\u00e7\u00e3o de direitos.<\/li>\n<li><strong>Consultoria social:<\/strong> Profissionais estar\u00e3o dispon\u00edveis para fornecer orienta\u00e7\u00f5es e tirar d\u00favidas relacionadas ao acesso a servi\u00e7os p\u00fablicos.<\/li>\n<\/ul>\n<h2>Import\u00e2ncia da Prote\u00e7\u00e3o Social<\/h2>\n<p>A prote\u00e7\u00e3o social \u00e9 essencial para garantir dignidade e oportunidades \u00e0s pessoas em situa\u00e7\u00e3o de vulnerabilidade. Eventos como o Tamo Junto contribuem para:<\/p>\n<p><img decoding=\"async\" src=\"https:\/\/www.encontraaracaju.com.br\/sobre\/wp-content\/uploads\/2026\/04\/secretaria-da-assistencia-social-fortalece-protecao-social-na-7-edicao-do-tamo-junto-em-aracaju.webp\" alt=\"Tamo Junto Aracaju\" loading=\"lazy\" \/><\/p>\n<ul>\n<li><strong>Reduzir a desigualdade:<\/strong> Ao facilitar o acesso a servi\u00e7os e benef\u00edcios, promove-se uma maior equidade social.<\/li>\n<li><strong>Fortalecer v\u00ednculos familiares:<\/strong> As a\u00e7\u00f5es realizadas ajudam a oferecer apoio emocional e pr\u00e1tico para fortalecer a estrutura familiar.<\/li>\n<li><strong>Aumentar a conscientiza\u00e7\u00e3o:<\/strong> Sensibiliza a popula\u00e7\u00e3o sobre seus direitos e a import\u00e2ncia de buscar ajuda em situa\u00e7\u00f5es cr\u00edticas.<\/li>\n<\/ul>\n<h2>Como Participar da Edi\u00e7\u00e3o em Aracaju<\/h2>\n<p>A participa\u00e7\u00e3o no evento Tamo Junto \u00e9 aberta a todos. Os cidad\u00e3os s\u00e3o convidados a comparecer e usufruir dos servi\u00e7os oferecidos:<\/p>\n<ul>\n<li>Data: 25 de abril, das 8h \u00e0s 13h.<\/li>\n<li>Local: Escola Municipal Florentino Menezes, Rua Ar\u00edcio Guimar\u00e3es Fortes, 51, bairro Areia Branca, Aracaju\/SE.<\/li>\n<\/ul>\n<p>N\u00e3o \u00e9 necess\u00e1rio realizar inscri\u00e7\u00e3o pr\u00e9via, apenas comparecer ao local durante o hor\u00e1rio estipulado.<\/p>\n<h2>Localiza\u00e7\u00e3o do Evento<\/h2>\n<p>A Escola Municipal Florentino Menezes \u00e9 um espa\u00e7o central e acess\u00edvel, localizado no bairro Areia Branca. A escolha desse local tem a inten\u00e7\u00e3o de facilitar o acesso da popula\u00e7\u00e3o aos servi\u00e7os propostos, garantindo que todos possam participar das a\u00e7\u00f5es de apoio e assist\u00eancia.<\/p>\n<h2>Hist\u00f3rico do Tamo Junto<\/h2>\n<p>A primeira edi\u00e7\u00e3o do Tamo Junto ocorreu como uma resposta \u00e0 necessidade de assist\u00eancia social em comunidades vulner\u00e1veis. Desde ent\u00e3o, o evento tem crescido, incorporando cada vez mais servi\u00e7os e oportunidades de acesso a benef\u00edcios sociais, refletindo o compromisso da Prefeitura de Aracaju com a prote\u00e7\u00e3o social.<\/p>\n<h2>Atendimentos Humanizados em Foco<\/h2>\n<p>Um dos princ\u00edpios fundamentais do Tamo Junto \u00e9 a humaniza\u00e7\u00e3o no atendimento. Isso significa:<\/p>\n<ul>\n<li><strong>Acolhimento:<\/strong> Todos os participantes s\u00e3o recebidos de forma calorosa e respeitosa, sem preconceitos.<\/li>\n<li><strong>Escuta ativa:<\/strong> Profissionais capacitados est\u00e3o preparados para ouvir as demandas e necessidades de cada cidad\u00e3o.<\/li>\n<li><strong>Solucionar problemas:<\/strong> O foco n\u00e3o \u00e9 apenas prestar servi\u00e7os, mas resolver as quest\u00f5es apresentadas de forma efetiva.<\/li>\n<\/ul>\n<h2>Benef\u00edcios para a Popula\u00e7\u00e3o Vulner\u00e1vel<\/h2>\n<p>A realiza\u00e7\u00e3o do Tamo Junto traz in\u00fameros benef\u00edcios para a popula\u00e7\u00e3o em situa\u00e7\u00e3o de vulnerabilidade, tais como:<\/p>\n<ul>\n<li><strong>Acesso facilitado a servi\u00e7os:<\/strong> A quantidade de servi\u00e7os dispon\u00edveis em um \u00fanico evento reduz a necessidade de deslocamento e tempo de espera.<\/li>\n<li><strong>Integra\u00e7\u00e3o entre servi\u00e7os:<\/strong> Facilita a coordena\u00e7\u00e3o entre diferentes \u00f3rg\u00e3os e institui\u00e7\u00f5es, promovendo uma abordagem mais integrada das pol\u00edticas p\u00fablicas.<\/li>\n<li><strong>Aumento da visibilidade:<\/strong> Ajuda a informar a popula\u00e7\u00e3o sobre seus direitos e servi\u00e7os dispon\u00edveis, encorajando o uso desses recursos.<\/li>\n<\/ul>\n<h2>Apoio da Secretaria da Assist\u00eancia Social<\/h2>\n<p>A Secretaria Municipal da Fam\u00edlia e da Assist\u00eancia Social desempenha um papel crucial na organiza\u00e7\u00e3o do Tamo Junto. Sua atua\u00e7\u00e3o inclui:<\/p>\n<ul>\n<li><strong>Planejamento e execu\u00e7\u00e3o:<\/strong> Respons\u00e1veis pela estrutura\u00e7\u00e3o e log\u00edstica do evento para melhor atender a popula\u00e7\u00e3o.<\/li>\n<li><strong>Capacita\u00e7\u00e3o de profissionais:<\/strong> Investimento na forma\u00e7\u00e3o de equipes que atuam diretamente no atendimento \u00e0s demandas sociais.<\/li>\n<li><strong>Parcerias estrat\u00e9gicas:<\/strong> Colabora\u00e7\u00e3o com outras secretarias e entidades para otimizar recursos e servi\u00e7os dispon\u00edveis.<\/li>\n<\/ul>\n<h2>Depoimentos de Participantes<\/h2>\n<p>Depoimentos de pessoas que j\u00e1 participaram do Tamo Junto destacam a import\u00e2ncia do evento e a qualidade do atendimento:<\/p>\n<ul>\n<li>\u201cFoi uma experi\u00eancia muito boa, consegui tirar minhas d\u00favidas e receber a ajuda que precisava.\u201d<\/li>\n<li>\u201cO atendimento foi acolhedor, me senti em casa. A ajuda chegou na hora certa.\u201d<\/li>\n<li>\u201cAgrade\u00e7o a todos os profissionais que estavam l\u00e1, eles realmente se importam com a gente.\u201d<\/li>\n<\/ul>\n<p>A continuidade do Tamo Junto demonstra o compromisso da Prefeitura de Aracaju em promover a inclus\u00e3o social e garantir o acesso a servi\u00e7os essenciais para todos os cidad\u00e3os. Cada evento \u00e9 uma oportunidade valiosa de transformar a vida de pessoas que necessitam de apoio e orienta\u00e7\u00e3o. Assim, a Prefeitura reafirma sua miss\u00e3o de cuidar da popula\u00e7\u00e3o e lutar por uma sociedade mais justa e igualit\u00e1ria.<\/p>\n\n<div style=\"font-size: 0px; height: 0px; line-height: 0px; margin: 0; padding: 0; clear: both;\"><\/div>","protected":false},"excerpt":{"rendered":"<p>Tamo Junto traz atendimento humanizado e servi\u00e7os para a popula\u00e7\u00e3o em Aracaju.<\/p>\n","protected":false},"author":1,"featured_media":1845,"comment_status":"closed","ping_status":"closed","sticky":false,"template":"","format":"standard","meta":{"footnotes":""},"categories":[1],"tags":[],"class_list":["post-1846","post","type-post","status-publish","format-standard","has-post-thumbnail","hentry","category-noticias-em-aracaju","has_thumb"],"yoast_head":"<!-- This site is optimized with the Yoast SEO plugin v26.4 - https:\/\/yoast.com\/wordpress\/plugins\/seo\/ -->\n<title>Secretaria da Assist\u00eancia Social fortalece prote\u00e7\u00e3o social na 7\u00aa edi\u00e7\u00e3o do Tamo Junto em Aracaju - Encontra Aracaju<\/title>\n<meta name=\"robots\" content=\"index, follow, max-snippet:-1, max-image-preview:large, max-video-preview:-1\" \/>\n<link rel=\"canonical\" href=\"https:\/\/www.encontraaracaju.com.br\/sobre\/secretaria-da-assistencia-social-fortalece-protecao-social-na-7a-edicao-do-tamo-junto-em-aracaju\/\" \/>\n<meta property=\"og:locale\" content=\"pt_BR\" \/>\n<meta property=\"og:type\" content=\"article\" \/>\n<meta property=\"og:title\" content=\"Secretaria da Assist\u00eancia Social fortalece prote\u00e7\u00e3o social na 7\u00aa edi\u00e7\u00e3o do Tamo Junto em Aracaju - Encontra Aracaju\" \/>\n<meta property=\"og:description\" content=\"Tamo Junto traz atendimento humanizado e servi\u00e7os para a popula\u00e7\u00e3o em Aracaju.\" \/>\n<meta property=\"og:url\" content=\"https:\/\/www.encontraaracaju.com.br\/sobre\/secretaria-da-assistencia-social-fortalece-protecao-social-na-7a-edicao-do-tamo-junto-em-aracaju\/\" \/>\n<meta property=\"og:site_name\" content=\"Encontra Aracaju\" \/>\n<meta property=\"article:published_time\" content=\"2026-04-26T17:46:43+00:00\" \/>\n<meta property=\"og:image\" content=\"https:\/\/www.encontraaracaju.com.br\/sobre\/wp-content\/uploads\/2026\/04\/secretaria-da-assistencia-social-fortalece-protecao-social-na-7-edicao-do-tamo-junto-em-aracaju.webp\" \/>\n<meta name=\"author\" content=\"Encontra Aracaju\" \/>\n<meta name=\"twitter:card\" content=\"summary_large_image\" \/>\n<meta name=\"twitter:label1\" content=\"Escrito por\" \/>\n\t<meta name=\"twitter:data1\" content=\"Encontra Aracaju\" \/>\n\t<meta name=\"twitter:label2\" content=\"Est. tempo de leitura\" \/>\n\t<meta name=\"twitter:data2\" content=\"5 minutos\" \/>\n<script type=\"application\/ld+json\" class=\"yoast-schema-graph\">{\"@context\":\"https:\/\/schema.org\",\"@graph\":[{\"@type\":\"WebPage\",\"@id\":\"https:\/\/www.encontraaracaju.com.br\/sobre\/secretaria-da-assistencia-social-fortalece-protecao-social-na-7a-edicao-do-tamo-junto-em-aracaju\/\",\"url\":\"https:\/\/www.encontraaracaju.com.br\/sobre\/secretaria-da-assistencia-social-fortalece-protecao-social-na-7a-edicao-do-tamo-junto-em-aracaju\/\",\"name\":\"Secretaria da Assist\u00eancia Social fortalece prote\u00e7\u00e3o social na 7\u00aa edi\u00e7\u00e3o do Tamo Junto em Aracaju - Encontra Aracaju\",\"isPartOf\":{\"@id\":\"https:\/\/www.encontraaracaju.com.br\/sobre\/#website\"},\"primaryImageOfPage\":{\"@id\":\"https:\/\/www.encontraaracaju.com.br\/sobre\/secretaria-da-assistencia-social-fortalece-protecao-social-na-7a-edicao-do-tamo-junto-em-aracaju\/#primaryimage\"},\"image\":{\"@id\":\"https:\/\/www.encontraaracaju.com.br\/sobre\/secretaria-da-assistencia-social-fortalece-protecao-social-na-7a-edicao-do-tamo-junto-em-aracaju\/#primaryimage\"},\"thumbnailUrl\":\"https:\/\/www.encontraaracaju.com.br\/sobre\/wp-content\/uploads\/2026\/04\/secretaria-da-assistencia-social-fortalece-protecao-social-na-7-edicao-do-tamo-junto-em-aracaju.webp\",\"datePublished\":\"2026-04-26T17:46:43+00:00\",\"author\":{\"@id\":\"https:\/\/www.encontraaracaju.com.br\/sobre\/#\/schema\/person\/4ffad47e9e50db5f93e67859b297b0be\"},\"breadcrumb\":{\"@id\":\"https:\/\/www.encontraaracaju.com.br\/sobre\/secretaria-da-assistencia-social-fortalece-protecao-social-na-7a-edicao-do-tamo-junto-em-aracaju\/#breadcrumb\"},\"inLanguage\":\"pt-BR\",\"potentialAction\":[{\"@type\":\"ReadAction\",\"target\":[\"https:\/\/www.encontraaracaju.com.br\/sobre\/secretaria-da-assistencia-social-fortalece-protecao-social-na-7a-edicao-do-tamo-junto-em-aracaju\/\"]}]},{\"@type\":\"ImageObject\",\"inLanguage\":\"pt-BR\",\"@id\":\"https:\/\/www.encontraaracaju.com.br\/sobre\/secretaria-da-assistencia-social-fortalece-protecao-social-na-7a-edicao-do-tamo-junto-em-aracaju\/#primaryimage\",\"url\":\"https:\/\/www.encontraaracaju.com.br\/sobre\/wp-content\/uploads\/2026\/04\/secretaria-da-assistencia-social-fortalece-protecao-social-na-7-edicao-do-tamo-junto-em-aracaju.webp\",\"contentUrl\":\"https:\/\/www.encontraaracaju.com.br\/sobre\/wp-content\/uploads\/2026\/04\/secretaria-da-assistencia-social-fortalece-protecao-social-na-7-edicao-do-tamo-junto-em-aracaju.webp\",\"width\":280,\"height\":280,\"caption\":\"Tamo Junto Aracaju\"},{\"@type\":\"BreadcrumbList\",\"@id\":\"https:\/\/www.encontraaracaju.com.br\/sobre\/secretaria-da-assistencia-social-fortalece-protecao-social-na-7a-edicao-do-tamo-junto-em-aracaju\/#breadcrumb\",\"itemListElement\":[{\"@type\":\"ListItem\",\"position\":1,\"name\":\"In\u00edcio\",\"item\":\"https:\/\/www.encontraaracaju.com.br\/sobre\/\"},{\"@type\":\"ListItem\",\"position\":2,\"name\":\"Secretaria da Assist\u00eancia Social fortalece prote\u00e7\u00e3o social na 7\u00aa edi\u00e7\u00e3o do Tamo Junto em Aracaju\"}]},{\"@type\":\"WebSite\",\"@id\":\"https:\/\/www.encontraaracaju.com.br\/sobre\/#website\",\"url\":\"https:\/\/www.encontraaracaju.com.br\/sobre\/\",\"name\":\"Encontra Aracaju\",\"description\":\"Not\u00edcias, eventos, informa\u00e7\u00f5es e dicas na cidade Aracaju e regi\u00e3o.\",\"potentialAction\":[{\"@type\":\"SearchAction\",\"target\":{\"@type\":\"EntryPoint\",\"urlTemplate\":\"https:\/\/www.encontraaracaju.com.br\/sobre\/?s={search_term_string}\"},\"query-input\":{\"@type\":\"PropertyValueSpecification\",\"valueRequired\":true,\"valueName\":\"search_term_string\"}}],\"inLanguage\":\"pt-BR\"},{\"@type\":\"Person\",\"@id\":\"https:\/\/www.encontraaracaju.com.br\/sobre\/#\/schema\/person\/4ffad47e9e50db5f93e67859b297b0be\",\"name\":\"Encontra Aracaju\",\"image\":{\"@type\":\"ImageObject\",\"inLanguage\":\"pt-BR\",\"@id\":\"https:\/\/www.encontraaracaju.com.br\/sobre\/#\/schema\/person\/image\/\",\"url\":\"https:\/\/secure.gravatar.com\/avatar\/507340682b8270222e1f208e23198b6ae7e2c6a1033ae84e99bc6bce4f82a387?s=96&d=mm&r=g\",\"contentUrl\":\"https:\/\/secure.gravatar.com\/avatar\/507340682b8270222e1f208e23198b6ae7e2c6a1033ae84e99bc6bce4f82a387?s=96&d=mm&r=g\",\"caption\":\"Encontra Aracaju\"},\"sameAs\":[\"http:\/\/www.encontraaracaju.com.br\"]}]}<\/script>\n<!-- \/ Yoast SEO plugin. -->","yoast_head_json":{"title":"Secretaria da Assist\u00eancia Social fortalece prote\u00e7\u00e3o social na 7\u00aa edi\u00e7\u00e3o do Tamo Junto em Aracaju - Encontra Aracaju","robots":{"index":"index","follow":"follow","max-snippet":"max-snippet:-1","max-image-preview":"max-image-preview:large","max-video-preview":"max-video-preview:-1"},"canonical":"https:\/\/www.encontraaracaju.com.br\/sobre\/secretaria-da-assistencia-social-fortalece-protecao-social-na-7a-edicao-do-tamo-junto-em-aracaju\/","og_locale":"pt_BR","og_type":"article","og_title":"Secretaria da Assist\u00eancia Social fortalece prote\u00e7\u00e3o social na 7\u00aa edi\u00e7\u00e3o do Tamo Junto em Aracaju - Encontra Aracaju","og_description":"Tamo Junto traz atendimento humanizado e servi\u00e7os para a popula\u00e7\u00e3o em Aracaju.","og_url":"https:\/\/www.encontraaracaju.com.br\/sobre\/secretaria-da-assistencia-social-fortalece-protecao-social-na-7a-edicao-do-tamo-junto-em-aracaju\/","og_site_name":"Encontra Aracaju","article_published_time":"2026-04-26T17:46:43+00:00","og_image":[{"url":"https:\/\/www.encontraaracaju.com.br\/sobre\/wp-content\/uploads\/2026\/04\/secretaria-da-assistencia-social-fortalece-protecao-social-na-7-edicao-do-tamo-junto-em-aracaju.webp","type":"","width":"","height":""}],"author":"Encontra Aracaju","twitter_card":"summary_large_image","twitter_misc":{"Escrito por":"Encontra Aracaju","Est. tempo de leitura":"5 minutos"},"schema":{"@context":"https:\/\/schema.org","@graph":[{"@type":"WebPage","@id":"https:\/\/www.encontraaracaju.com.br\/sobre\/secretaria-da-assistencia-social-fortalece-protecao-social-na-7a-edicao-do-tamo-junto-em-aracaju\/","url":"https:\/\/www.encontraaracaju.com.br\/sobre\/secretaria-da-assistencia-social-fortalece-protecao-social-na-7a-edicao-do-tamo-junto-em-aracaju\/","name":"Secretaria da Assist\u00eancia Social fortalece prote\u00e7\u00e3o social na 7\u00aa edi\u00e7\u00e3o do Tamo Junto em Aracaju - Encontra Aracaju","isPartOf":{"@id":"https:\/\/www.encontraaracaju.com.br\/sobre\/#website"},"primaryImageOfPage":{"@id":"https:\/\/www.encontraaracaju.com.br\/sobre\/secretaria-da-assistencia-social-fortalece-protecao-social-na-7a-edicao-do-tamo-junto-em-aracaju\/#primaryimage"},"image":{"@id":"https:\/\/www.encontraaracaju.com.br\/sobre\/secretaria-da-assistencia-social-fortalece-protecao-social-na-7a-edicao-do-tamo-junto-em-aracaju\/#primaryimage"},"thumbnailUrl":"https:\/\/www.encontraaracaju.com.br\/sobre\/wp-content\/uploads\/2026\/04\/secretaria-da-assistencia-social-fortalece-protecao-social-na-7-edicao-do-tamo-junto-em-aracaju.webp","datePublished":"2026-04-26T17:46:43+00:00","author":{"@id":"https:\/\/www.encontraaracaju.com.br\/sobre\/#\/schema\/person\/4ffad47e9e50db5f93e67859b297b0be"},"breadcrumb":{"@id":"https:\/\/www.encontraaracaju.com.br\/sobre\/secretaria-da-assistencia-social-fortalece-protecao-social-na-7a-edicao-do-tamo-junto-em-aracaju\/#breadcrumb"},"inLanguage":"pt-BR","potentialAction":[{"@type":"ReadAction","target":["https:\/\/www.encontraaracaju.com.br\/sobre\/secretaria-da-assistencia-social-fortalece-protecao-social-na-7a-edicao-do-tamo-junto-em-aracaju\/"]}]},{"@type":"ImageObject","inLanguage":"pt-BR","@id":"https:\/\/www.encontraaracaju.com.br\/sobre\/secretaria-da-assistencia-social-fortalece-protecao-social-na-7a-edicao-do-tamo-junto-em-aracaju\/#primaryimage","url":"https:\/\/www.encontraaracaju.com.br\/sobre\/wp-content\/uploads\/2026\/04\/secretaria-da-assistencia-social-fortalece-protecao-social-na-7-edicao-do-tamo-junto-em-aracaju.webp","contentUrl":"https:\/\/www.encontraaracaju.com.br\/sobre\/wp-content\/uploads\/2026\/04\/secretaria-da-assistencia-social-fortalece-protecao-social-na-7-edicao-do-tamo-junto-em-aracaju.webp","width":280,"height":280,"caption":"Tamo Junto Aracaju"},{"@type":"BreadcrumbList","@id":"https:\/\/www.encontraaracaju.com.br\/sobre\/secretaria-da-assistencia-social-fortalece-protecao-social-na-7a-edicao-do-tamo-junto-em-aracaju\/#breadcrumb","itemListElement":[{"@type":"ListItem","position":1,"name":"In\u00edcio","item":"https:\/\/www.encontraaracaju.com.br\/sobre\/"},{"@type":"ListItem","position":2,"name":"Secretaria da Assist\u00eancia Social fortalece prote\u00e7\u00e3o social na 7\u00aa edi\u00e7\u00e3o do Tamo Junto em Aracaju"}]},{"@type":"WebSite","@id":"https:\/\/www.encontraaracaju.com.br\/sobre\/#website","url":"https:\/\/www.encontraaracaju.com.br\/sobre\/","name":"Encontra Aracaju","description":"Not\u00edcias, eventos, informa\u00e7\u00f5es e dicas na cidade Aracaju e regi\u00e3o.","potentialAction":[{"@type":"SearchAction","target":{"@type":"EntryPoint","urlTemplate":"https:\/\/www.encontraaracaju.com.br\/sobre\/?s={search_term_string}"},"query-input":{"@type":"PropertyValueSpecification","valueRequired":true,"valueName":"search_term_string"}}],"inLanguage":"pt-BR"},{"@type":"Person","@id":"https:\/\/www.encontraaracaju.com.br\/sobre\/#\/schema\/person\/4ffad47e9e50db5f93e67859b297b0be","name":"Encontra Aracaju","image":{"@type":"ImageObject","inLanguage":"pt-BR","@id":"https:\/\/www.encontraaracaju.com.br\/sobre\/#\/schema\/person\/image\/","url":"https:\/\/secure.gravatar.com\/avatar\/507340682b8270222e1f208e23198b6ae7e2c6a1033ae84e99bc6bce4f82a387?s=96&d=mm&r=g","contentUrl":"https:\/\/secure.gravatar.com\/avatar\/507340682b8270222e1f208e23198b6ae7e2c6a1033ae84e99bc6bce4f82a387?s=96&d=mm&r=g","caption":"Encontra Aracaju"},"sameAs":["http:\/\/www.encontraaracaju.com.br"]}]}},"_links":{"self":[{"href":"https:\/\/www.encontraaracaju.com.br\/sobre\/wp-json\/wp\/v2\/posts\/1846","targetHints":{"allow":["GET"]}}],"collection":[{"href":"https:\/\/www.encontraaracaju.com.br\/sobre\/wp-json\/wp\/v2\/posts"}],"about":[{"href":"https:\/\/www.encontraaracaju.com.br\/sobre\/wp-json\/wp\/v2\/types\/post"}],"author":[{"embeddable":true,"href":"https:\/\/www.encontraaracaju.com.br\/sobre\/wp-json\/wp\/v2\/users\/1"}],"replies":[{"embeddable":true,"href":"https:\/\/www.encontraaracaju.com.br\/sobre\/wp-json\/wp\/v2\/comments?post=1846"}],"version-history":[{"count":0,"href":"https:\/\/www.encontraaracaju.com.br\/sobre\/wp-json\/wp\/v2\/posts\/1846\/revisions"}],"wp:featuredmedia":[{"embeddable":true,"href":"https:\/\/www.encontraaracaju.com.br\/sobre\/wp-json\/wp\/v2\/media\/1845"}],"wp:attachment":[{"href":"https:\/\/www.encontraaracaju.com.br\/sobre\/wp-json\/wp\/v2\/media?parent=1846"}],"wp:term":[{"taxonomy":"category","embeddable":true,"href":"https:\/\/www.encontraaracaju.com.br\/sobre\/wp-json\/wp\/v2\/categories?post=1846"},{"taxonomy":"post_tag","embeddable":true,"href":"https:\/\/www.encontraaracaju.com.br\/sobre\/wp-json\/wp\/v2\/tags?post=1846"}],"curies":[{"name":"wp","href":"https:\/\/api.w.org\/{rel}","templated":true}]}}