{"id":1840,"date":"2026-04-25T14:45:55","date_gmt":"2026-04-25T17:45:55","guid":{"rendered":"https:\/\/www.encontraaracaju.com.br\/sobre\/diretor-da-funjope-leva-experiencia-da-prefeitura-de-joao-pessoa-para-secretaria-de-cultura-de-aracaju\/"},"modified":"2026-04-25T14:45:55","modified_gmt":"2026-04-25T17:45:55","slug":"diretor-da-funjope-leva-experiencia-da-prefeitura-de-joao-pessoa-para-secretaria-de-cultura-de-aracaju","status":"publish","type":"post","link":"https:\/\/www.encontraaracaju.com.br\/sobre\/diretor-da-funjope-leva-experiencia-da-prefeitura-de-joao-pessoa-para-secretaria-de-cultura-de-aracaju\/","title":{"rendered":"Diretor da Funjope leva experi\u00eancia da Prefeitura de Jo\u00e3o Pessoa para Secretaria de Cultura de Aracaju"},"content":{"rendered":"<div class=\"0de350683d360aa04277a39db0bae410\" data-index=\"1\" style=\"float: none; margin:0px;\">\n<!-- Anuncio display - global -->\r\n<ins class=\"adsbygoogle\"\r\n     style=\"display:block\"\r\n     data-ad-client=\"ca-pub-8585364105181520\"\r\n     data-ad-slot=\"8789329856\"\r\n     data-ad-format=\"auto\"\r\n     data-full-width-responsive=\"true\"><\/ins>\r\n<script>\r\n     (adsbygoogle = window.adsbygoogle || []).push({});\r\n<\/script>\n<\/div>\n<h2>Visita de Marcus Alves a Aracaju<\/h2>\n<p>No dia 8 de abril de 2026, Marcus Alves, o diretor executivo da Funda\u00e7\u00e3o Cultural de Jo\u00e3o Pessoa (Funjope) e presidente do F\u00f3rum Nacional de Secret\u00e1rios e Gestores de Cultura das Capitais e Munic\u00edpios Associados, visitou a Secretaria Municipal de Cultura de Aracaju, na Universidade Federal de Sergipe (UFS). Esse encontro teve como objetivo principal a troca de experi\u00eancias e a busca de parcerias que possam enriquecer as pol\u00edticas culturais locais. Durante a visita, ele compartilhou pr\u00e1ticas bem-sucedidas implementadas em Jo\u00e3o Pessoa, como parte do esfor\u00e7o para fomentar uma cultura ativa e inclusiva.<\/p>\n<h2>As boas pr\u00e1ticas da Funjope em destaque<\/h2>\n<p>Na sua apresenta\u00e7\u00e3o, Marcus Alves destacou v\u00e1rias iniciativas implementadas pela Funjope, que incluem:<\/p>\n<ul>\n<li><strong>Sistema Municipal de Cultura:<\/strong> Uma estrutura que integra diversas a\u00e7\u00f5es culturais, facilitando a colabora\u00e7\u00e3o entre artistas e a administra\u00e7\u00e3o municipal.<\/li>\n<li><strong>Festivais de Quadrilhas Juninas:<\/strong> Eventos que celebram a cultura nordestina e promovem a participa\u00e7\u00e3o comunit\u00e1ria.<\/li>\n<li><strong>Festival Forr\u00f3 Ver\u00e3o:<\/strong> Uma festividade que atrai turistas e valoriza a m\u00fasica local.<\/li>\n<li><strong>Cria\u00e7\u00e3o da Companhia Municipal de Dan\u00e7a:<\/strong> Um projeto que visa formar e capacitar jovens talentos na \u00e1rea da dan\u00e7a.<\/li>\n<li><strong>Trabalho de Inclus\u00e3o Social:<\/strong> Um programa voltado para o atendimento de crian\u00e7as autistas, promovendo sua inclus\u00e3o na sociedade por meio da arte.<\/li>\n<\/ul>\n<p>Essas a\u00e7\u00f5es demonstram que a Funjope est\u00e1 comprometida n\u00e3o apenas com o fortalecimento da cultura local, mas tamb\u00e9m com a inclus\u00e3o social e a promo\u00e7\u00e3o da diversidade.<\/p>\n<p><img decoding=\"async\" src=\"https:\/\/www.encontraaracaju.com.br\/sobre\/wp-content\/uploads\/2026\/04\/diretor-da-funjope-leva-experiencia-da-prefeitura-de-joao-pessoa-para-secretaria-de-cultura-de-araca.webp\" alt=\"Funjope\" loading=\"lazy\" \/><\/p>\n<h2>Reuni\u00e3o com a Secretaria de Cultura de Aracaju<\/h2>\n<p>Nessa reuni\u00e3o, realizada com a presen\u00e7a do secret\u00e1rio de Cultura de Aracaju, Paulo Correia, e outros representantes do Minist\u00e9rio da Cultura, foi poss\u00edvel discutir tamb\u00e9m o desenvolvimento da economia criativa. As trocas de experi\u00eancias n\u00e3o se limitaram somente \u00e0s pr\u00e1ticas culturais, mas tamb\u00e9m englobaram estrat\u00e9gias para o fortalecimento do setor cultural na cidade sergipana. A colabora\u00e7\u00e3o m\u00fatua entre as institui\u00e7\u00f5es foi vista como um passo importante para a constru\u00e7\u00e3o de uma rede cultural mais robusta.<\/p>\n<h2>Estrat\u00e9gias culturais que fazem a diferen\u00e7a<\/h2>\n<p>Durante a discuss\u00e3o, foram levantadas v\u00e1rias estrat\u00e9gias que podem ser adotadas por Aracaju, como o fortalecimento da divulga\u00e7\u00e3o de eventos culturais e a cria\u00e7\u00e3o de programas de forma\u00e7\u00e3o e capacita\u00e7\u00e3o para a equipe da Secretaria de Cultura. Isso poder\u00e1 trazer um impacto duradouro e positivo na cena cultural da cidade, permitindo que os artistas locais tenham mais oportunidades e visibilidade.<\/p>\n<h2>Desenvolvimento de parcerias entre munic\u00edpios<\/h2>\n<p>Uma das principais metas da visita foi estimular o desenvolvimento de parcerias entre Jo\u00e3o Pessoa e Aracaju. Isso envolve n\u00e3o apenas a troca de boas pr\u00e1ticas, mas tamb\u00e9m a realiza\u00e7\u00e3o de eventos conjuntos que podem potencializar a presen\u00e7a cultural de ambas as cidades. O fortalecimento dessas conex\u00f5es pode resultar em projetos melhores estruturados e com maior alcance, beneficiando a popula\u00e7\u00e3o local.<\/p>\n<h2>Experi\u00eancias exitosas em gest\u00e3o cultural<\/h2>\n<p>Marcus Alves compartilhou sua vis\u00e3o sobre a import\u00e2ncia da gest\u00e3o cultural eficaz. Ele enfatizou que uma boa gest\u00e3o envolve n\u00e3o apenas a implementa\u00e7\u00e3o de projetos culturais, mas tamb\u00e9m a avalia\u00e7\u00e3o constante das iniciativas, pensando sempre no que pode ser melhorado. A troca de relatos de experi\u00eancias bem-sucedidas aumenta o aprendizado e proporciona insights valiosos para gestores de cultura de outras localidades.<\/p>\n<h2>Impacto da troca de experi\u00eancias<\/h2>\n<p>A troca de experi\u00eancias entre as cidades almeja criar um impacto significativo. Com o compartilhamento de pr\u00e1ticas que j\u00e1 se mostraram eficazes em Jo\u00e3o Pessoa, Aracaju poder\u00e1 adaptar essas ideias \u00e0 sua realidade, desenvolvendo uma cultura pr\u00f3pria que respeite suas singularidades, ao mesmo tempo em que se beneficia de experi\u00eancias bem-sucedidas de outros locais.<\/p>\n<h2>Planejamento de eventos nacionais em Sergipe<\/h2>\n<p>Tamb\u00e9m foi pauta da reuni\u00e3o o planejamento do Encontro Nacional de Gestores de Cultura dos Estados e o Encontro Nacional de Secret\u00e1rios e Secretarias de Cultura, que ocorrer\u00e3o em Sergipe no m\u00eas de novembro. Esses encontros s\u00e3o importantes para a forma\u00e7\u00e3o de uma rede forte entre os gestores culturais, al\u00e9m de ser uma oportunidade para discutir diretrizes comuns e formas eficazes de a\u00e7\u00e3o.<\/p>\n<h2>O papel da economia criativa na cultura<\/h2>\n<p>A economia criativa \u00e9 uma ferramenta fundamental para o desenvolvimento cultural e econ\u00f4mico das cidades. Durante os debates, destacou-se que investir em iniciativas culturais pode levar a um aumento no turismo, na gera\u00e7\u00e3o de empregos e no fortalecimento da identidade cultural local. Portanto, a integra\u00e7\u00e3o de a\u00e7\u00f5es culturais \u00e0 economia criativa pode resultar em benef\u00edcios tang\u00edveis para a sociedade.<\/p>\n<h2>Futuro das iniciativas culturais em Aracaju<\/h2>\n<p>O envolvimento da Funjope na Secretaria de Cultura de Aracaju \u00e9 apenas o come\u00e7o de um caminho promissor. Com a inten\u00e7\u00e3o de unir for\u00e7as e compartilhar conhecimentos, espera-se que as iniciativas culturais na cidade se tornem cada vez mais robusteadas. Isso permitir\u00e1 n\u00e3o apenas a valoriza\u00e7\u00e3o da cultura local, mas tamb\u00e9m a promo\u00e7\u00e3o de um ambiente cultural din\u00e2mico e inclusivo para todos os cidad\u00e3os.<\/p>\n\n<div style=\"font-size: 0px; height: 0px; line-height: 0px; margin: 0; padding: 0; clear: both;\"><\/div>","protected":false},"excerpt":{"rendered":"<p>Funjope leva experi\u00eancias culturais de Jo\u00e3o Pessoa para Aracaju com pr\u00e1ticas inovadoras.<\/p>\n","protected":false},"author":1,"featured_media":1839,"comment_status":"closed","ping_status":"closed","sticky":false,"template":"","format":"standard","meta":{"footnotes":""},"categories":[1],"tags":[],"class_list":["post-1840","post","type-post","status-publish","format-standard","has-post-thumbnail","hentry","category-noticias-em-aracaju","has_thumb"],"yoast_head":"<!-- This site is optimized with the Yoast SEO plugin v26.4 - https:\/\/yoast.com\/wordpress\/plugins\/seo\/ -->\n<title>Diretor da Funjope leva experi\u00eancia da Prefeitura de Jo\u00e3o Pessoa para Secretaria de Cultura de Aracaju - Encontra Aracaju<\/title>\n<meta name=\"robots\" content=\"index, follow, max-snippet:-1, max-image-preview:large, max-video-preview:-1\" \/>\n<link rel=\"canonical\" href=\"https:\/\/www.encontraaracaju.com.br\/sobre\/diretor-da-funjope-leva-experiencia-da-prefeitura-de-joao-pessoa-para-secretaria-de-cultura-de-aracaju\/\" \/>\n<meta property=\"og:locale\" content=\"pt_BR\" \/>\n<meta property=\"og:type\" content=\"article\" \/>\n<meta property=\"og:title\" content=\"Diretor da Funjope leva experi\u00eancia da Prefeitura de Jo\u00e3o Pessoa para Secretaria de Cultura de Aracaju - Encontra Aracaju\" \/>\n<meta property=\"og:description\" content=\"Funjope leva experi\u00eancias culturais de Jo\u00e3o Pessoa para Aracaju com pr\u00e1ticas inovadoras.\" \/>\n<meta property=\"og:url\" content=\"https:\/\/www.encontraaracaju.com.br\/sobre\/diretor-da-funjope-leva-experiencia-da-prefeitura-de-joao-pessoa-para-secretaria-de-cultura-de-aracaju\/\" \/>\n<meta property=\"og:site_name\" content=\"Encontra Aracaju\" \/>\n<meta property=\"article:published_time\" content=\"2026-04-25T17:45:55+00:00\" \/>\n<meta property=\"og:image\" content=\"https:\/\/www.encontraaracaju.com.br\/sobre\/wp-content\/uploads\/2026\/04\/diretor-da-funjope-leva-experiencia-da-prefeitura-de-joao-pessoa-para-secretaria-de-cultura-de-araca.webp\" \/>\n<meta name=\"author\" content=\"Encontra Aracaju\" \/>\n<meta name=\"twitter:card\" content=\"summary_large_image\" \/>\n<meta name=\"twitter:label1\" content=\"Escrito por\" \/>\n\t<meta name=\"twitter:data1\" content=\"Encontra Aracaju\" \/>\n\t<meta name=\"twitter:label2\" content=\"Est. tempo de leitura\" \/>\n\t<meta name=\"twitter:data2\" content=\"4 minutos\" \/>\n<script type=\"application\/ld+json\" class=\"yoast-schema-graph\">{\"@context\":\"https:\/\/schema.org\",\"@graph\":[{\"@type\":\"WebPage\",\"@id\":\"https:\/\/www.encontraaracaju.com.br\/sobre\/diretor-da-funjope-leva-experiencia-da-prefeitura-de-joao-pessoa-para-secretaria-de-cultura-de-aracaju\/\",\"url\":\"https:\/\/www.encontraaracaju.com.br\/sobre\/diretor-da-funjope-leva-experiencia-da-prefeitura-de-joao-pessoa-para-secretaria-de-cultura-de-aracaju\/\",\"name\":\"Diretor da Funjope leva experi\u00eancia da Prefeitura de Jo\u00e3o Pessoa para Secretaria de Cultura de Aracaju - Encontra Aracaju\",\"isPartOf\":{\"@id\":\"https:\/\/www.encontraaracaju.com.br\/sobre\/#website\"},\"primaryImageOfPage\":{\"@id\":\"https:\/\/www.encontraaracaju.com.br\/sobre\/diretor-da-funjope-leva-experiencia-da-prefeitura-de-joao-pessoa-para-secretaria-de-cultura-de-aracaju\/#primaryimage\"},\"image\":{\"@id\":\"https:\/\/www.encontraaracaju.com.br\/sobre\/diretor-da-funjope-leva-experiencia-da-prefeitura-de-joao-pessoa-para-secretaria-de-cultura-de-aracaju\/#primaryimage\"},\"thumbnailUrl\":\"https:\/\/www.encontraaracaju.com.br\/sobre\/wp-content\/uploads\/2026\/04\/diretor-da-funjope-leva-experiencia-da-prefeitura-de-joao-pessoa-para-secretaria-de-cultura-de-araca.webp\",\"datePublished\":\"2026-04-25T17:45:55+00:00\",\"author\":{\"@id\":\"https:\/\/www.encontraaracaju.com.br\/sobre\/#\/schema\/person\/4ffad47e9e50db5f93e67859b297b0be\"},\"breadcrumb\":{\"@id\":\"https:\/\/www.encontraaracaju.com.br\/sobre\/diretor-da-funjope-leva-experiencia-da-prefeitura-de-joao-pessoa-para-secretaria-de-cultura-de-aracaju\/#breadcrumb\"},\"inLanguage\":\"pt-BR\",\"potentialAction\":[{\"@type\":\"ReadAction\",\"target\":[\"https:\/\/www.encontraaracaju.com.br\/sobre\/diretor-da-funjope-leva-experiencia-da-prefeitura-de-joao-pessoa-para-secretaria-de-cultura-de-aracaju\/\"]}]},{\"@type\":\"ImageObject\",\"inLanguage\":\"pt-BR\",\"@id\":\"https:\/\/www.encontraaracaju.com.br\/sobre\/diretor-da-funjope-leva-experiencia-da-prefeitura-de-joao-pessoa-para-secretaria-de-cultura-de-aracaju\/#primaryimage\",\"url\":\"https:\/\/www.encontraaracaju.com.br\/sobre\/wp-content\/uploads\/2026\/04\/diretor-da-funjope-leva-experiencia-da-prefeitura-de-joao-pessoa-para-secretaria-de-cultura-de-araca.webp\",\"contentUrl\":\"https:\/\/www.encontraaracaju.com.br\/sobre\/wp-content\/uploads\/2026\/04\/diretor-da-funjope-leva-experiencia-da-prefeitura-de-joao-pessoa-para-secretaria-de-cultura-de-araca.webp\",\"width\":280,\"height\":280,\"caption\":\"Funjope\"},{\"@type\":\"BreadcrumbList\",\"@id\":\"https:\/\/www.encontraaracaju.com.br\/sobre\/diretor-da-funjope-leva-experiencia-da-prefeitura-de-joao-pessoa-para-secretaria-de-cultura-de-aracaju\/#breadcrumb\",\"itemListElement\":[{\"@type\":\"ListItem\",\"position\":1,\"name\":\"In\u00edcio\",\"item\":\"https:\/\/www.encontraaracaju.com.br\/sobre\/\"},{\"@type\":\"ListItem\",\"position\":2,\"name\":\"Diretor da Funjope leva experi\u00eancia da Prefeitura de Jo\u00e3o Pessoa para Secretaria de Cultura de Aracaju\"}]},{\"@type\":\"WebSite\",\"@id\":\"https:\/\/www.encontraaracaju.com.br\/sobre\/#website\",\"url\":\"https:\/\/www.encontraaracaju.com.br\/sobre\/\",\"name\":\"Encontra Aracaju\",\"description\":\"Not\u00edcias, eventos, informa\u00e7\u00f5es e dicas na cidade Aracaju e regi\u00e3o.\",\"potentialAction\":[{\"@type\":\"SearchAction\",\"target\":{\"@type\":\"EntryPoint\",\"urlTemplate\":\"https:\/\/www.encontraaracaju.com.br\/sobre\/?s={search_term_string}\"},\"query-input\":{\"@type\":\"PropertyValueSpecification\",\"valueRequired\":true,\"valueName\":\"search_term_string\"}}],\"inLanguage\":\"pt-BR\"},{\"@type\":\"Person\",\"@id\":\"https:\/\/www.encontraaracaju.com.br\/sobre\/#\/schema\/person\/4ffad47e9e50db5f93e67859b297b0be\",\"name\":\"Encontra Aracaju\",\"image\":{\"@type\":\"ImageObject\",\"inLanguage\":\"pt-BR\",\"@id\":\"https:\/\/www.encontraaracaju.com.br\/sobre\/#\/schema\/person\/image\/\",\"url\":\"https:\/\/secure.gravatar.com\/avatar\/507340682b8270222e1f208e23198b6ae7e2c6a1033ae84e99bc6bce4f82a387?s=96&d=mm&r=g\",\"contentUrl\":\"https:\/\/secure.gravatar.com\/avatar\/507340682b8270222e1f208e23198b6ae7e2c6a1033ae84e99bc6bce4f82a387?s=96&d=mm&r=g\",\"caption\":\"Encontra Aracaju\"},\"sameAs\":[\"http:\/\/www.encontraaracaju.com.br\"]}]}<\/script>\n<!-- \/ Yoast SEO plugin. -->","yoast_head_json":{"title":"Diretor da Funjope leva experi\u00eancia da Prefeitura de Jo\u00e3o Pessoa para Secretaria de Cultura de Aracaju - Encontra Aracaju","robots":{"index":"index","follow":"follow","max-snippet":"max-snippet:-1","max-image-preview":"max-image-preview:large","max-video-preview":"max-video-preview:-1"},"canonical":"https:\/\/www.encontraaracaju.com.br\/sobre\/diretor-da-funjope-leva-experiencia-da-prefeitura-de-joao-pessoa-para-secretaria-de-cultura-de-aracaju\/","og_locale":"pt_BR","og_type":"article","og_title":"Diretor da Funjope leva experi\u00eancia da Prefeitura de Jo\u00e3o Pessoa para Secretaria de Cultura de Aracaju - Encontra Aracaju","og_description":"Funjope leva experi\u00eancias culturais de Jo\u00e3o Pessoa para Aracaju com pr\u00e1ticas inovadoras.","og_url":"https:\/\/www.encontraaracaju.com.br\/sobre\/diretor-da-funjope-leva-experiencia-da-prefeitura-de-joao-pessoa-para-secretaria-de-cultura-de-aracaju\/","og_site_name":"Encontra Aracaju","article_published_time":"2026-04-25T17:45:55+00:00","og_image":[{"url":"https:\/\/www.encontraaracaju.com.br\/sobre\/wp-content\/uploads\/2026\/04\/diretor-da-funjope-leva-experiencia-da-prefeitura-de-joao-pessoa-para-secretaria-de-cultura-de-araca.webp","type":"","width":"","height":""}],"author":"Encontra Aracaju","twitter_card":"summary_large_image","twitter_misc":{"Escrito por":"Encontra Aracaju","Est. tempo de leitura":"4 minutos"},"schema":{"@context":"https:\/\/schema.org","@graph":[{"@type":"WebPage","@id":"https:\/\/www.encontraaracaju.com.br\/sobre\/diretor-da-funjope-leva-experiencia-da-prefeitura-de-joao-pessoa-para-secretaria-de-cultura-de-aracaju\/","url":"https:\/\/www.encontraaracaju.com.br\/sobre\/diretor-da-funjope-leva-experiencia-da-prefeitura-de-joao-pessoa-para-secretaria-de-cultura-de-aracaju\/","name":"Diretor da Funjope leva experi\u00eancia da Prefeitura de Jo\u00e3o Pessoa para Secretaria de Cultura de Aracaju - Encontra Aracaju","isPartOf":{"@id":"https:\/\/www.encontraaracaju.com.br\/sobre\/#website"},"primaryImageOfPage":{"@id":"https:\/\/www.encontraaracaju.com.br\/sobre\/diretor-da-funjope-leva-experiencia-da-prefeitura-de-joao-pessoa-para-secretaria-de-cultura-de-aracaju\/#primaryimage"},"image":{"@id":"https:\/\/www.encontraaracaju.com.br\/sobre\/diretor-da-funjope-leva-experiencia-da-prefeitura-de-joao-pessoa-para-secretaria-de-cultura-de-aracaju\/#primaryimage"},"thumbnailUrl":"https:\/\/www.encontraaracaju.com.br\/sobre\/wp-content\/uploads\/2026\/04\/diretor-da-funjope-leva-experiencia-da-prefeitura-de-joao-pessoa-para-secretaria-de-cultura-de-araca.webp","datePublished":"2026-04-25T17:45:55+00:00","author":{"@id":"https:\/\/www.encontraaracaju.com.br\/sobre\/#\/schema\/person\/4ffad47e9e50db5f93e67859b297b0be"},"breadcrumb":{"@id":"https:\/\/www.encontraaracaju.com.br\/sobre\/diretor-da-funjope-leva-experiencia-da-prefeitura-de-joao-pessoa-para-secretaria-de-cultura-de-aracaju\/#breadcrumb"},"inLanguage":"pt-BR","potentialAction":[{"@type":"ReadAction","target":["https:\/\/www.encontraaracaju.com.br\/sobre\/diretor-da-funjope-leva-experiencia-da-prefeitura-de-joao-pessoa-para-secretaria-de-cultura-de-aracaju\/"]}]},{"@type":"ImageObject","inLanguage":"pt-BR","@id":"https:\/\/www.encontraaracaju.com.br\/sobre\/diretor-da-funjope-leva-experiencia-da-prefeitura-de-joao-pessoa-para-secretaria-de-cultura-de-aracaju\/#primaryimage","url":"https:\/\/www.encontraaracaju.com.br\/sobre\/wp-content\/uploads\/2026\/04\/diretor-da-funjope-leva-experiencia-da-prefeitura-de-joao-pessoa-para-secretaria-de-cultura-de-araca.webp","contentUrl":"https:\/\/www.encontraaracaju.com.br\/sobre\/wp-content\/uploads\/2026\/04\/diretor-da-funjope-leva-experiencia-da-prefeitura-de-joao-pessoa-para-secretaria-de-cultura-de-araca.webp","width":280,"height":280,"caption":"Funjope"},{"@type":"BreadcrumbList","@id":"https:\/\/www.encontraaracaju.com.br\/sobre\/diretor-da-funjope-leva-experiencia-da-prefeitura-de-joao-pessoa-para-secretaria-de-cultura-de-aracaju\/#breadcrumb","itemListElement":[{"@type":"ListItem","position":1,"name":"In\u00edcio","item":"https:\/\/www.encontraaracaju.com.br\/sobre\/"},{"@type":"ListItem","position":2,"name":"Diretor da Funjope leva experi\u00eancia da Prefeitura de Jo\u00e3o Pessoa para Secretaria de Cultura de Aracaju"}]},{"@type":"WebSite","@id":"https:\/\/www.encontraaracaju.com.br\/sobre\/#website","url":"https:\/\/www.encontraaracaju.com.br\/sobre\/","name":"Encontra Aracaju","description":"Not\u00edcias, eventos, informa\u00e7\u00f5es e dicas na cidade Aracaju e regi\u00e3o.","potentialAction":[{"@type":"SearchAction","target":{"@type":"EntryPoint","urlTemplate":"https:\/\/www.encontraaracaju.com.br\/sobre\/?s={search_term_string}"},"query-input":{"@type":"PropertyValueSpecification","valueRequired":true,"valueName":"search_term_string"}}],"inLanguage":"pt-BR"},{"@type":"Person","@id":"https:\/\/www.encontraaracaju.com.br\/sobre\/#\/schema\/person\/4ffad47e9e50db5f93e67859b297b0be","name":"Encontra Aracaju","image":{"@type":"ImageObject","inLanguage":"pt-BR","@id":"https:\/\/www.encontraaracaju.com.br\/sobre\/#\/schema\/person\/image\/","url":"https:\/\/secure.gravatar.com\/avatar\/507340682b8270222e1f208e23198b6ae7e2c6a1033ae84e99bc6bce4f82a387?s=96&d=mm&r=g","contentUrl":"https:\/\/secure.gravatar.com\/avatar\/507340682b8270222e1f208e23198b6ae7e2c6a1033ae84e99bc6bce4f82a387?s=96&d=mm&r=g","caption":"Encontra Aracaju"},"sameAs":["http:\/\/www.encontraaracaju.com.br"]}]}},"_links":{"self":[{"href":"https:\/\/www.encontraaracaju.com.br\/sobre\/wp-json\/wp\/v2\/posts\/1840","targetHints":{"allow":["GET"]}}],"collection":[{"href":"https:\/\/www.encontraaracaju.com.br\/sobre\/wp-json\/wp\/v2\/posts"}],"about":[{"href":"https:\/\/www.encontraaracaju.com.br\/sobre\/wp-json\/wp\/v2\/types\/post"}],"author":[{"embeddable":true,"href":"https:\/\/www.encontraaracaju.com.br\/sobre\/wp-json\/wp\/v2\/users\/1"}],"replies":[{"embeddable":true,"href":"https:\/\/www.encontraaracaju.com.br\/sobre\/wp-json\/wp\/v2\/comments?post=1840"}],"version-history":[{"count":0,"href":"https:\/\/www.encontraaracaju.com.br\/sobre\/wp-json\/wp\/v2\/posts\/1840\/revisions"}],"wp:featuredmedia":[{"embeddable":true,"href":"https:\/\/www.encontraaracaju.com.br\/sobre\/wp-json\/wp\/v2\/media\/1839"}],"wp:attachment":[{"href":"https:\/\/www.encontraaracaju.com.br\/sobre\/wp-json\/wp\/v2\/media?parent=1840"}],"wp:term":[{"taxonomy":"category","embeddable":true,"href":"https:\/\/www.encontraaracaju.com.br\/sobre\/wp-json\/wp\/v2\/categories?post=1840"},{"taxonomy":"post_tag","embeddable":true,"href":"https:\/\/www.encontraaracaju.com.br\/sobre\/wp-json\/wp\/v2\/tags?post=1840"}],"curies":[{"name":"wp","href":"https:\/\/api.w.org\/{rel}","templated":true}]}}